{"id":39702,"date":"2024-04-24T19:02:07","date_gmt":"2024-04-24T19:02:07","guid":{"rendered":"https:\/\/kibrisdakik.com\/index.php\/2024\/04\/24\/daggul-baskanliga-aday\/"},"modified":"2024-04-24T19:02:07","modified_gmt":"2024-04-24T19:02:07","slug":"daggul-baskanliga-aday","status":"publish","type":"post","link":"https:\/\/kibrisdakik.com\/?p=39702","title":{"rendered":"Da\u011fg\u00fcl Ba\u015fkanl\u0131\u011fa aday"},"content":{"rendered":"<p><img decoding=\"async\" src=\"https:\/\/www.kibristurk.com\/images\/haberler\/2024\/04\/daggul-baskanliga-aday-1713981460.webp\" \/><\/p>\n<p>18 Nisan tarihinde yap\u0131lan toplant\u0131da al\u0131nan ola\u011fan\u00fcst\u00fc genel kurul sonras\u0131nda 26 Nisan Cuma g\u00fcn\u00fc yap\u0131lacak olan genel kurulda Mustafa Da\u011fg\u00fcl Kar\u015f\u0131yaka spor kul\u00fcb\u00fcne ba\u015fkan aday\u0131 olacak. Ge\u00e7mi\u015f d\u00f6nemde yine Kar\u015f\u0131yaka kul\u00fcb\u00fcnde ba\u015fkanl\u0131k yapan Mustafa Da\u011fg\u00fcl\u2019\u00fcn k\u00f6yl\u00fcn\u00fcn ve camian\u0131n da kendisini ba\u015fkanl\u0131kta g\u00f6rmek istedi\u011fi ve kendisine bu g\u00f6revi almas\u0131 i\u00e7in bask\u0131 yap\u0131l\u0131rken, Da\u011fg\u00fcl\u2019\u00fcn de g\u00f6revi devralmak istedi\u011fi g\u00fc\u00e7l\u00fc bir y\u00f6netim kurulu ile Kar\u015f\u0131yaka kul\u00fcb\u00fcn\u00fcn ba\u015fkanl\u0131\u011f\u0131 i\u00e7in kollar\u0131 s\u0131vad\u0131\u011f\u0131 belirtildi.<\/p>\n<p>Kar\u015f\u0131yaka Spor Kul\u00fcb\u00fcn\u00fcn Ola\u011fan\u00fcst\u00fc genel kurul toplant\u0131s\u0131 26 Nisan Cuma g\u00fcn\u00fc saat 19:00\u2019da Kar\u015f\u0131yaka D\u00f6rtyol kahvesinde yap\u0131lacak.<\/p>\n","protected":false},"excerpt":{"rendered":"<p>18 Nisan tarihinde yap\u0131lan toplant\u0131da al\u0131nan ola\u011fan\u00fcst\u00fc genel kurul sonras\u0131nda 26 Nisan Cuma g\u00fcn\u00fc yap\u0131lacak olan genel kurulda Mustafa Da\u011fg\u00fcl Kar\u015f\u0131yaka spor kul\u00fcb\u00fcne ba\u015fkan aday\u0131 olacak. Ge\u00e7mi\u015f d\u00f6nemde yine Kar\u015f\u0131yaka kul\u00fcb\u00fcnde ba\u015fkanl\u0131k yapan Mustafa Da\u011fg\u00fcl\u2019\u00fcn k\u00f6yl\u00fcn\u00fcn ve camian\u0131n da kendisini ba\u015fkanl\u0131kta g\u00f6rmek istedi\u011fi ve kendisine bu g\u00f6revi almas\u0131 i\u00e7in bask\u0131 yap\u0131l\u0131rken, Da\u011fg\u00fcl\u2019\u00fcn de g\u00f6revi devralmak<\/p>\n","protected":false},"author":1,"featured_media":39703,"comment_status":"open","ping_status":"open","sticky":false,"template":"","format":"standard","meta":{"footnotes":""},"categories":[85],"tags":[],"class_list":["post-39702","post","type-post","status-publish","format-standard","has-post-thumbnail","hentry","category-spor"],"yoast_head":"<!-- This site is optimized with the Yoast SEO plugin v27.5 - https:\/\/yoast.com\/product\/yoast-seo-wordpress\/ -->\n<title>Da\u011fg\u00fcl Ba\u015fkanl\u0131\u011fa aday -<\/title>\n<meta name=\"robots\" content=\"index, follow, max-snippet:-1, max-image-preview:large, max-video-preview:-1\" \/>\n<link rel=\"canonical\" href=\"https:\/\/kibrisdakik.com\/?p=39702\" \/>\n<meta property=\"og:locale\" content=\"tr_TR\" \/>\n<meta property=\"og:type\" content=\"article\" \/>\n<meta property=\"og:title\" content=\"Da\u011fg\u00fcl Ba\u015fkanl\u0131\u011fa aday -\" \/>\n<meta property=\"og:description\" content=\"18 Nisan tarihinde yap\u0131lan toplant\u0131da al\u0131nan ola\u011fan\u00fcst\u00fc genel kurul sonras\u0131nda 26 Nisan Cuma g\u00fcn\u00fc yap\u0131lacak olan genel kurulda Mustafa Da\u011fg\u00fcl Kar\u015f\u0131yaka spor kul\u00fcb\u00fcne ba\u015fkan aday\u0131 olacak. Ge\u00e7mi\u015f d\u00f6nemde yine Kar\u015f\u0131yaka kul\u00fcb\u00fcnde ba\u015fkanl\u0131k yapan Mustafa Da\u011fg\u00fcl\u2019\u00fcn k\u00f6yl\u00fcn\u00fcn ve camian\u0131n da kendisini ba\u015fkanl\u0131kta g\u00f6rmek istedi\u011fi ve kendisine bu g\u00f6revi almas\u0131 i\u00e7in bask\u0131 yap\u0131l\u0131rken, Da\u011fg\u00fcl\u2019\u00fcn de g\u00f6revi devralmak\" \/>\n<meta property=\"og:url\" content=\"https:\/\/kibrisdakik.com\/?p=39702\" \/>\n<meta property=\"article:published_time\" content=\"2024-04-24T19:02:07+00:00\" \/>\n<meta property=\"og:image\" content=\"https:\/\/kibrisdakik.com\/wp-content\/uploads\/2024\/04\/daggul-baskanliga-aday-1713981460.webp.webp\" \/>\n\t<meta property=\"og:image:width\" content=\"710\" \/>\n\t<meta property=\"og:image:height\" content=\"370\" \/>\n\t<meta property=\"og:image:type\" content=\"image\/webp\" \/>\n<meta name=\"author\" content=\"admin\" \/>\n<meta name=\"twitter:card\" content=\"summary_large_image\" \/>\n<meta name=\"twitter:label1\" content=\"Yazan:\" \/>\n\t<meta name=\"twitter:data1\" content=\"admin\" \/>\n\t<meta name=\"twitter:label2\" content=\"Tahmini okuma s\u00fcresi\" \/>\n\t<meta name=\"twitter:data2\" content=\"1 dakika\" \/>\n<script type=\"application\/ld+json\" class=\"yoast-schema-graph\">{\"@context\":\"https:\\\/\\\/schema.org\",\"@graph\":[{\"@type\":\"Article\",\"@id\":\"https:\\\/\\\/kibrisdakik.com\\\/?p=39702#article\",\"isPartOf\":{\"@id\":\"https:\\\/\\\/kibrisdakik.com\\\/?p=39702\"},\"author\":{\"name\":\"admin\",\"@id\":\"https:\\\/\\\/kibrisdakik.com\\\/#\\\/schema\\\/person\\\/9cd9d437bbb44f72b73ba127e06d8e79\"},\"headline\":\"Da\u011fg\u00fcl Ba\u015fkanl\u0131\u011fa aday\",\"datePublished\":\"2024-04-24T19:02:07+00:00\",\"mainEntityOfPage\":{\"@id\":\"https:\\\/\\\/kibrisdakik.com\\\/?p=39702\"},\"wordCount\":150,\"commentCount\":0,\"image\":{\"@id\":\"https:\\\/\\\/kibrisdakik.com\\\/?p=39702#primaryimage\"},\"thumbnailUrl\":\"https:\\\/\\\/kibrisdakik.com\\\/wp-content\\\/uploads\\\/2024\\\/04\\\/daggul-baskanliga-aday-1713981460.webp.webp\",\"articleSection\":[\"Spor\"],\"inLanguage\":\"tr\",\"potentialAction\":[{\"@type\":\"CommentAction\",\"name\":\"Comment\",\"target\":[\"https:\\\/\\\/kibrisdakik.com\\\/?p=39702#respond\"]}]},{\"@type\":\"WebPage\",\"@id\":\"https:\\\/\\\/kibrisdakik.com\\\/?p=39702\",\"url\":\"https:\\\/\\\/kibrisdakik.com\\\/?p=39702\",\"name\":\"Da\u011fg\u00fcl Ba\u015fkanl\u0131\u011fa aday -\",\"isPartOf\":{\"@id\":\"https:\\\/\\\/kibrisdakik.com\\\/#website\"},\"primaryImageOfPage\":{\"@id\":\"https:\\\/\\\/kibrisdakik.com\\\/?p=39702#primaryimage\"},\"image\":{\"@id\":\"https:\\\/\\\/kibrisdakik.com\\\/?p=39702#primaryimage\"},\"thumbnailUrl\":\"https:\\\/\\\/kibrisdakik.com\\\/wp-content\\\/uploads\\\/2024\\\/04\\\/daggul-baskanliga-aday-1713981460.webp.webp\",\"datePublished\":\"2024-04-24T19:02:07+00:00\",\"author\":{\"@id\":\"https:\\\/\\\/kibrisdakik.com\\\/#\\\/schema\\\/person\\\/9cd9d437bbb44f72b73ba127e06d8e79\"},\"breadcrumb\":{\"@id\":\"https:\\\/\\\/kibrisdakik.com\\\/?p=39702#breadcrumb\"},\"inLanguage\":\"tr\",\"potentialAction\":[{\"@type\":\"ReadAction\",\"target\":[\"https:\\\/\\\/kibrisdakik.com\\\/?p=39702\"]}]},{\"@type\":\"ImageObject\",\"inLanguage\":\"tr\",\"@id\":\"https:\\\/\\\/kibrisdakik.com\\\/?p=39702#primaryimage\",\"url\":\"https:\\\/\\\/kibrisdakik.com\\\/wp-content\\\/uploads\\\/2024\\\/04\\\/daggul-baskanliga-aday-1713981460.webp.webp\",\"contentUrl\":\"https:\\\/\\\/kibrisdakik.com\\\/wp-content\\\/uploads\\\/2024\\\/04\\\/daggul-baskanliga-aday-1713981460.webp.webp\",\"width\":710,\"height\":370},{\"@type\":\"BreadcrumbList\",\"@id\":\"https:\\\/\\\/kibrisdakik.com\\\/?p=39702#breadcrumb\",\"itemListElement\":[{\"@type\":\"ListItem\",\"position\":1,\"name\":\"Home\",\"item\":\"https:\\\/\\\/kibrisdakik.com\\\/\"},{\"@type\":\"ListItem\",\"position\":2,\"name\":\"Da\u011fg\u00fcl Ba\u015fkanl\u0131\u011fa aday\"}]},{\"@type\":\"WebSite\",\"@id\":\"https:\\\/\\\/kibrisdakik.com\\\/#website\",\"url\":\"https:\\\/\\\/kibrisdakik.com\\\/\",\"name\":\"\",\"description\":\"Tam vaktinde haber\",\"potentialAction\":[{\"@type\":\"SearchAction\",\"target\":{\"@type\":\"EntryPoint\",\"urlTemplate\":\"https:\\\/\\\/kibrisdakik.com\\\/?s={search_term_string}\"},\"query-input\":{\"@type\":\"PropertyValueSpecification\",\"valueRequired\":true,\"valueName\":\"search_term_string\"}}],\"inLanguage\":\"tr\"},{\"@type\":\"Person\",\"@id\":\"https:\\\/\\\/kibrisdakik.com\\\/#\\\/schema\\\/person\\\/9cd9d437bbb44f72b73ba127e06d8e79\",\"name\":\"admin\",\"image\":{\"@type\":\"ImageObject\",\"inLanguage\":\"tr\",\"@id\":\"https:\\\/\\\/secure.gravatar.com\\\/avatar\\\/ccc17943b9d660506c869530f897617f7cb1c21a4bf30023f252596d83e1f007?s=96&d=mm&r=g\",\"url\":\"https:\\\/\\\/secure.gravatar.com\\\/avatar\\\/ccc17943b9d660506c869530f897617f7cb1c21a4bf30023f252596d83e1f007?s=96&d=mm&r=g\",\"contentUrl\":\"https:\\\/\\\/secure.gravatar.com\\\/avatar\\\/ccc17943b9d660506c869530f897617f7cb1c21a4bf30023f252596d83e1f007?s=96&d=mm&r=g\",\"caption\":\"admin\"},\"sameAs\":[\"https:\\\/\\\/kibrisdakik.com\"],\"url\":\"https:\\\/\\\/kibrisdakik.com\\\/?author=1\"}]}<\/script>\n<!-- \/ Yoast SEO plugin. -->","yoast_head_json":{"title":"Da\u011fg\u00fcl Ba\u015fkanl\u0131\u011fa aday -","robots":{"index":"index","follow":"follow","max-snippet":"max-snippet:-1","max-image-preview":"max-image-preview:large","max-video-preview":"max-video-preview:-1"},"canonical":"https:\/\/kibrisdakik.com\/?p=39702","og_locale":"tr_TR","og_type":"article","og_title":"Da\u011fg\u00fcl Ba\u015fkanl\u0131\u011fa aday -","og_description":"18 Nisan tarihinde yap\u0131lan toplant\u0131da al\u0131nan ola\u011fan\u00fcst\u00fc genel kurul sonras\u0131nda 26 Nisan Cuma g\u00fcn\u00fc yap\u0131lacak olan genel kurulda Mustafa Da\u011fg\u00fcl Kar\u015f\u0131yaka spor kul\u00fcb\u00fcne ba\u015fkan aday\u0131 olacak. Ge\u00e7mi\u015f d\u00f6nemde yine Kar\u015f\u0131yaka kul\u00fcb\u00fcnde ba\u015fkanl\u0131k yapan Mustafa Da\u011fg\u00fcl\u2019\u00fcn k\u00f6yl\u00fcn\u00fcn ve camian\u0131n da kendisini ba\u015fkanl\u0131kta g\u00f6rmek istedi\u011fi ve kendisine bu g\u00f6revi almas\u0131 i\u00e7in bask\u0131 yap\u0131l\u0131rken, Da\u011fg\u00fcl\u2019\u00fcn de g\u00f6revi devralmak","og_url":"https:\/\/kibrisdakik.com\/?p=39702","article_published_time":"2024-04-24T19:02:07+00:00","og_image":[{"width":710,"height":370,"url":"https:\/\/kibrisdakik.com\/wp-content\/uploads\/2024\/04\/daggul-baskanliga-aday-1713981460.webp.webp","type":"image\/webp"}],"author":"admin","twitter_card":"summary_large_image","twitter_misc":{"Yazan:":"admin","Tahmini okuma s\u00fcresi":"1 dakika"},"schema":{"@context":"https:\/\/schema.org","@graph":[{"@type":"Article","@id":"https:\/\/kibrisdakik.com\/?p=39702#article","isPartOf":{"@id":"https:\/\/kibrisdakik.com\/?p=39702"},"author":{"name":"admin","@id":"https:\/\/kibrisdakik.com\/#\/schema\/person\/9cd9d437bbb44f72b73ba127e06d8e79"},"headline":"Da\u011fg\u00fcl Ba\u015fkanl\u0131\u011fa aday","datePublished":"2024-04-24T19:02:07+00:00","mainEntityOfPage":{"@id":"https:\/\/kibrisdakik.com\/?p=39702"},"wordCount":150,"commentCount":0,"image":{"@id":"https:\/\/kibrisdakik.com\/?p=39702#primaryimage"},"thumbnailUrl":"https:\/\/kibrisdakik.com\/wp-content\/uploads\/2024\/04\/daggul-baskanliga-aday-1713981460.webp.webp","articleSection":["Spor"],"inLanguage":"tr","potentialAction":[{"@type":"CommentAction","name":"Comment","target":["https:\/\/kibrisdakik.com\/?p=39702#respond"]}]},{"@type":"WebPage","@id":"https:\/\/kibrisdakik.com\/?p=39702","url":"https:\/\/kibrisdakik.com\/?p=39702","name":"Da\u011fg\u00fcl Ba\u015fkanl\u0131\u011fa aday -","isPartOf":{"@id":"https:\/\/kibrisdakik.com\/#website"},"primaryImageOfPage":{"@id":"https:\/\/kibrisdakik.com\/?p=39702#primaryimage"},"image":{"@id":"https:\/\/kibrisdakik.com\/?p=39702#primaryimage"},"thumbnailUrl":"https:\/\/kibrisdakik.com\/wp-content\/uploads\/2024\/04\/daggul-baskanliga-aday-1713981460.webp.webp","datePublished":"2024-04-24T19:02:07+00:00","author":{"@id":"https:\/\/kibrisdakik.com\/#\/schema\/person\/9cd9d437bbb44f72b73ba127e06d8e79"},"breadcrumb":{"@id":"https:\/\/kibrisdakik.com\/?p=39702#breadcrumb"},"inLanguage":"tr","potentialAction":[{"@type":"ReadAction","target":["https:\/\/kibrisdakik.com\/?p=39702"]}]},{"@type":"ImageObject","inLanguage":"tr","@id":"https:\/\/kibrisdakik.com\/?p=39702#primaryimage","url":"https:\/\/kibrisdakik.com\/wp-content\/uploads\/2024\/04\/daggul-baskanliga-aday-1713981460.webp.webp","contentUrl":"https:\/\/kibrisdakik.com\/wp-content\/uploads\/2024\/04\/daggul-baskanliga-aday-1713981460.webp.webp","width":710,"height":370},{"@type":"BreadcrumbList","@id":"https:\/\/kibrisdakik.com\/?p=39702#breadcrumb","itemListElement":[{"@type":"ListItem","position":1,"name":"Home","item":"https:\/\/kibrisdakik.com\/"},{"@type":"ListItem","position":2,"name":"Da\u011fg\u00fcl Ba\u015fkanl\u0131\u011fa aday"}]},{"@type":"WebSite","@id":"https:\/\/kibrisdakik.com\/#website","url":"https:\/\/kibrisdakik.com\/","name":"","description":"Tam vaktinde haber","potentialAction":[{"@type":"SearchAction","target":{"@type":"EntryPoint","urlTemplate":"https:\/\/kibrisdakik.com\/?s={search_term_string}"},"query-input":{"@type":"PropertyValueSpecification","valueRequired":true,"valueName":"search_term_string"}}],"inLanguage":"tr"},{"@type":"Person","@id":"https:\/\/kibrisdakik.com\/#\/schema\/person\/9cd9d437bbb44f72b73ba127e06d8e79","name":"admin","image":{"@type":"ImageObject","inLanguage":"tr","@id":"https:\/\/secure.gravatar.com\/avatar\/ccc17943b9d660506c869530f897617f7cb1c21a4bf30023f252596d83e1f007?s=96&d=mm&r=g","url":"https:\/\/secure.gravatar.com\/avatar\/ccc17943b9d660506c869530f897617f7cb1c21a4bf30023f252596d83e1f007?s=96&d=mm&r=g","contentUrl":"https:\/\/secure.gravatar.com\/avatar\/ccc17943b9d660506c869530f897617f7cb1c21a4bf30023f252596d83e1f007?s=96&d=mm&r=g","caption":"admin"},"sameAs":["https:\/\/kibrisdakik.com"],"url":"https:\/\/kibrisdakik.com\/?author=1"}]}},"_links":{"self":[{"href":"https:\/\/kibrisdakik.com\/index.php?rest_route=\/wp\/v2\/posts\/39702","targetHints":{"allow":["GET"]}}],"collection":[{"href":"https:\/\/kibrisdakik.com\/index.php?rest_route=\/wp\/v2\/posts"}],"about":[{"href":"https:\/\/kibrisdakik.com\/index.php?rest_route=\/wp\/v2\/types\/post"}],"author":[{"embeddable":true,"href":"https:\/\/kibrisdakik.com\/index.php?rest_route=\/wp\/v2\/users\/1"}],"replies":[{"embeddable":true,"href":"https:\/\/kibrisdakik.com\/index.php?rest_route=%2Fwp%2Fv2%2Fcomments&post=39702"}],"version-history":[{"count":0,"href":"https:\/\/kibrisdakik.com\/index.php?rest_route=\/wp\/v2\/posts\/39702\/revisions"}],"wp:featuredmedia":[{"embeddable":true,"href":"https:\/\/kibrisdakik.com\/index.php?rest_route=\/wp\/v2\/media\/39703"}],"wp:attachment":[{"href":"https:\/\/kibrisdakik.com\/index.php?rest_route=%2Fwp%2Fv2%2Fmedia&parent=39702"}],"wp:term":[{"taxonomy":"category","embeddable":true,"href":"https:\/\/kibrisdakik.com\/index.php?rest_route=%2Fwp%2Fv2%2Fcategories&post=39702"},{"taxonomy":"post_tag","embeddable":true,"href":"https:\/\/kibrisdakik.com\/index.php?rest_route=%2Fwp%2Fv2%2Ftags&post=39702"}],"curies":[{"name":"wp","href":"https:\/\/api.w.org\/{rel}","templated":true}]}}