{"id":39736,"date":"2024-04-25T00:10:04","date_gmt":"2024-04-25T00:10:04","guid":{"rendered":"https:\/\/kibrisdakik.com\/index.php\/2024\/04\/25\/ulucay-gulseren-halk-plaji-olarak-hizmet-verecek-2\/"},"modified":"2024-04-25T00:10:04","modified_gmt":"2024-04-25T00:10:04","slug":"ulucay-gulseren-halk-plaji-olarak-hizmet-verecek-2","status":"publish","type":"post","link":"https:\/\/kibrisdakik.com\/?p=39736","title":{"rendered":"Ulu\u00e7ay: \u201cG\u00fclseren, Halk Plaj\u0131 olarak hizmet verecek\u201d"},"content":{"rendered":"<p><img decoding=\"async\" src=\"https:\/\/www.kibristurk.com\/images\/haberler\/2024\/04\/ulucay-gulseren-halk-plaji-olarak-hizmet-verecek-1713970903.webp\" \/><\/p>\n<p style=\"text-align:left\"><span style=\"font-size:16px\"><span style=\"font-family:Merriweather,serif !important\"><span style=\"color:#000000\"><span style=\"background-color:#ffffff\">Ulu\u00e7ay, yapt\u0131\u011f\u0131 a\u00e7\u0131klamada, bir\u00e7ok Ma\u011fusal\u0131&#8217;n\u0131n \u00e7ocuklu\u011funda ilk kez denize girdi\u011fi b\u00f6lge olan G\u00fclseren Plaj\u0131\u2019n\u0131n Karakol B\u00f6lgesi&#8217;ne yak\u0131n olan k\u0131sm\u0131nda belediye taraf\u0131ndan haz\u0131rlanacak halk plaj\u0131 ile \u015fehrin denizle daha fazla noktada bulu\u015fabilmesi ad\u0131na \u00f6nemli ve sevindirici bir geli\u015fme olarak niteledi.<\/span><\/span><\/span><\/span><\/p>\n<p style=\"text-align:left\"><span style=\"font-size:16px\"><span style=\"font-family:Merriweather,serif !important\"><span style=\"color:#000000\"><span style=\"background-color:#ffffff\">Ulu\u00e7ay, \u201cDenizlerimizin t\u00fcm halk\u0131m\u0131z i\u00e7in eri\u015filebilir olmas\u0131 ad\u0131na \u00e7al\u0131\u015fmaya devam edece\u011fiz\u201d dedi.<\/span><\/span><\/span><\/span><\/p>\n","protected":false},"excerpt":{"rendered":"<p>Ulu\u00e7ay, yapt\u0131\u011f\u0131 a\u00e7\u0131klamada, bir\u00e7ok Ma\u011fusal\u0131&#8217;n\u0131n \u00e7ocuklu\u011funda ilk kez denize girdi\u011fi b\u00f6lge olan G\u00fclseren Plaj\u0131\u2019n\u0131n Karakol B\u00f6lgesi&#8217;ne yak\u0131n olan k\u0131sm\u0131nda belediye taraf\u0131ndan haz\u0131rlanacak halk plaj\u0131 ile \u015fehrin denizle daha fazla noktada bulu\u015fabilmesi ad\u0131na \u00f6nemli ve sevindirici bir geli\u015fme olarak niteledi. Ulu\u00e7ay, \u201cDenizlerimizin t\u00fcm halk\u0131m\u0131z i\u00e7in eri\u015filebilir olmas\u0131 ad\u0131na \u00e7al\u0131\u015fmaya devam edece\u011fiz\u201d dedi.<\/p>\n","protected":false},"author":1,"featured_media":39737,"comment_status":"open","ping_status":"open","sticky":false,"template":"","format":"standard","meta":{"footnotes":""},"categories":[79],"tags":[],"class_list":["post-39736","post","type-post","status-publish","format-standard","has-post-thumbnail","hentry","category-ekonomi"],"yoast_head":"<!-- This site is optimized with the Yoast SEO plugin v27.5 - https:\/\/yoast.com\/product\/yoast-seo-wordpress\/ -->\n<title>Ulu\u00e7ay: \u201cG\u00fclseren, Halk Plaj\u0131 olarak hizmet verecek\u201d -<\/title>\n<meta name=\"robots\" content=\"index, follow, max-snippet:-1, max-image-preview:large, max-video-preview:-1\" \/>\n<link rel=\"canonical\" href=\"https:\/\/kibrisdakik.com\/?p=39736\" \/>\n<meta property=\"og:locale\" content=\"tr_TR\" \/>\n<meta property=\"og:type\" content=\"article\" \/>\n<meta property=\"og:title\" content=\"Ulu\u00e7ay: \u201cG\u00fclseren, Halk Plaj\u0131 olarak hizmet verecek\u201d -\" \/>\n<meta property=\"og:description\" content=\"Ulu\u00e7ay, yapt\u0131\u011f\u0131 a\u00e7\u0131klamada, bir\u00e7ok Ma\u011fusal\u0131&#8217;n\u0131n \u00e7ocuklu\u011funda ilk kez denize girdi\u011fi b\u00f6lge olan G\u00fclseren Plaj\u0131\u2019n\u0131n Karakol B\u00f6lgesi&#8217;ne yak\u0131n olan k\u0131sm\u0131nda belediye taraf\u0131ndan haz\u0131rlanacak halk plaj\u0131 ile \u015fehrin denizle daha fazla noktada bulu\u015fabilmesi ad\u0131na \u00f6nemli ve sevindirici bir geli\u015fme olarak niteledi. Ulu\u00e7ay, \u201cDenizlerimizin t\u00fcm halk\u0131m\u0131z i\u00e7in eri\u015filebilir olmas\u0131 ad\u0131na \u00e7al\u0131\u015fmaya devam edece\u011fiz\u201d dedi.\" \/>\n<meta property=\"og:url\" content=\"https:\/\/kibrisdakik.com\/?p=39736\" \/>\n<meta property=\"article:published_time\" content=\"2024-04-25T00:10:04+00:00\" \/>\n<meta property=\"og:image\" content=\"https:\/\/kibrisdakik.com\/wp-content\/uploads\/2024\/04\/ulucay-gulseren-halk-plaji-olarak-hizmet-verecek-1713970903.webp.webp\" \/>\n\t<meta property=\"og:image:width\" content=\"710\" \/>\n\t<meta property=\"og:image:height\" content=\"370\" \/>\n\t<meta property=\"og:image:type\" content=\"image\/webp\" \/>\n<meta name=\"author\" content=\"admin\" \/>\n<meta name=\"twitter:card\" content=\"summary_large_image\" \/>\n<meta name=\"twitter:label1\" content=\"Yazan:\" \/>\n\t<meta name=\"twitter:data1\" content=\"admin\" \/>\n<script type=\"application\/ld+json\" class=\"yoast-schema-graph\">{\"@context\":\"https:\\\/\\\/schema.org\",\"@graph\":[{\"@type\":\"Article\",\"@id\":\"https:\\\/\\\/kibrisdakik.com\\\/?p=39736#article\",\"isPartOf\":{\"@id\":\"https:\\\/\\\/kibrisdakik.com\\\/?p=39736\"},\"author\":{\"name\":\"admin\",\"@id\":\"https:\\\/\\\/kibrisdakik.com\\\/#\\\/schema\\\/person\\\/9cd9d437bbb44f72b73ba127e06d8e79\"},\"headline\":\"Ulu\u00e7ay: \u201cG\u00fclseren, Halk Plaj\u0131 olarak hizmet verecek\u201d\",\"datePublished\":\"2024-04-25T00:10:04+00:00\",\"mainEntityOfPage\":{\"@id\":\"https:\\\/\\\/kibrisdakik.com\\\/?p=39736\"},\"wordCount\":90,\"commentCount\":0,\"image\":{\"@id\":\"https:\\\/\\\/kibrisdakik.com\\\/?p=39736#primaryimage\"},\"thumbnailUrl\":\"https:\\\/\\\/kibrisdakik.com\\\/wp-content\\\/uploads\\\/2024\\\/04\\\/ulucay-gulseren-halk-plaji-olarak-hizmet-verecek-1713970903.webp.webp\",\"articleSection\":[\"Ekonomi\"],\"inLanguage\":\"tr\",\"potentialAction\":[{\"@type\":\"CommentAction\",\"name\":\"Comment\",\"target\":[\"https:\\\/\\\/kibrisdakik.com\\\/?p=39736#respond\"]}]},{\"@type\":\"WebPage\",\"@id\":\"https:\\\/\\\/kibrisdakik.com\\\/?p=39736\",\"url\":\"https:\\\/\\\/kibrisdakik.com\\\/?p=39736\",\"name\":\"Ulu\u00e7ay: \u201cG\u00fclseren, Halk Plaj\u0131 olarak hizmet verecek\u201d -\",\"isPartOf\":{\"@id\":\"https:\\\/\\\/kibrisdakik.com\\\/#website\"},\"primaryImageOfPage\":{\"@id\":\"https:\\\/\\\/kibrisdakik.com\\\/?p=39736#primaryimage\"},\"image\":{\"@id\":\"https:\\\/\\\/kibrisdakik.com\\\/?p=39736#primaryimage\"},\"thumbnailUrl\":\"https:\\\/\\\/kibrisdakik.com\\\/wp-content\\\/uploads\\\/2024\\\/04\\\/ulucay-gulseren-halk-plaji-olarak-hizmet-verecek-1713970903.webp.webp\",\"datePublished\":\"2024-04-25T00:10:04+00:00\",\"author\":{\"@id\":\"https:\\\/\\\/kibrisdakik.com\\\/#\\\/schema\\\/person\\\/9cd9d437bbb44f72b73ba127e06d8e79\"},\"breadcrumb\":{\"@id\":\"https:\\\/\\\/kibrisdakik.com\\\/?p=39736#breadcrumb\"},\"inLanguage\":\"tr\",\"potentialAction\":[{\"@type\":\"ReadAction\",\"target\":[\"https:\\\/\\\/kibrisdakik.com\\\/?p=39736\"]}]},{\"@type\":\"ImageObject\",\"inLanguage\":\"tr\",\"@id\":\"https:\\\/\\\/kibrisdakik.com\\\/?p=39736#primaryimage\",\"url\":\"https:\\\/\\\/kibrisdakik.com\\\/wp-content\\\/uploads\\\/2024\\\/04\\\/ulucay-gulseren-halk-plaji-olarak-hizmet-verecek-1713970903.webp.webp\",\"contentUrl\":\"https:\\\/\\\/kibrisdakik.com\\\/wp-content\\\/uploads\\\/2024\\\/04\\\/ulucay-gulseren-halk-plaji-olarak-hizmet-verecek-1713970903.webp.webp\",\"width\":710,\"height\":370},{\"@type\":\"BreadcrumbList\",\"@id\":\"https:\\\/\\\/kibrisdakik.com\\\/?p=39736#breadcrumb\",\"itemListElement\":[{\"@type\":\"ListItem\",\"position\":1,\"name\":\"Home\",\"item\":\"https:\\\/\\\/kibrisdakik.com\\\/\"},{\"@type\":\"ListItem\",\"position\":2,\"name\":\"Ulu\u00e7ay: \u201cG\u00fclseren, Halk Plaj\u0131 olarak hizmet verecek\u201d\"}]},{\"@type\":\"WebSite\",\"@id\":\"https:\\\/\\\/kibrisdakik.com\\\/#website\",\"url\":\"https:\\\/\\\/kibrisdakik.com\\\/\",\"name\":\"\",\"description\":\"Tam vaktinde haber\",\"potentialAction\":[{\"@type\":\"SearchAction\",\"target\":{\"@type\":\"EntryPoint\",\"urlTemplate\":\"https:\\\/\\\/kibrisdakik.com\\\/?s={search_term_string}\"},\"query-input\":{\"@type\":\"PropertyValueSpecification\",\"valueRequired\":true,\"valueName\":\"search_term_string\"}}],\"inLanguage\":\"tr\"},{\"@type\":\"Person\",\"@id\":\"https:\\\/\\\/kibrisdakik.com\\\/#\\\/schema\\\/person\\\/9cd9d437bbb44f72b73ba127e06d8e79\",\"name\":\"admin\",\"image\":{\"@type\":\"ImageObject\",\"inLanguage\":\"tr\",\"@id\":\"https:\\\/\\\/secure.gravatar.com\\\/avatar\\\/ccc17943b9d660506c869530f897617f7cb1c21a4bf30023f252596d83e1f007?s=96&d=mm&r=g\",\"url\":\"https:\\\/\\\/secure.gravatar.com\\\/avatar\\\/ccc17943b9d660506c869530f897617f7cb1c21a4bf30023f252596d83e1f007?s=96&d=mm&r=g\",\"contentUrl\":\"https:\\\/\\\/secure.gravatar.com\\\/avatar\\\/ccc17943b9d660506c869530f897617f7cb1c21a4bf30023f252596d83e1f007?s=96&d=mm&r=g\",\"caption\":\"admin\"},\"sameAs\":[\"https:\\\/\\\/kibrisdakik.com\"],\"url\":\"https:\\\/\\\/kibrisdakik.com\\\/?author=1\"}]}<\/script>\n<!-- \/ Yoast SEO plugin. -->","yoast_head_json":{"title":"Ulu\u00e7ay: \u201cG\u00fclseren, Halk Plaj\u0131 olarak hizmet verecek\u201d -","robots":{"index":"index","follow":"follow","max-snippet":"max-snippet:-1","max-image-preview":"max-image-preview:large","max-video-preview":"max-video-preview:-1"},"canonical":"https:\/\/kibrisdakik.com\/?p=39736","og_locale":"tr_TR","og_type":"article","og_title":"Ulu\u00e7ay: \u201cG\u00fclseren, Halk Plaj\u0131 olarak hizmet verecek\u201d -","og_description":"Ulu\u00e7ay, yapt\u0131\u011f\u0131 a\u00e7\u0131klamada, bir\u00e7ok Ma\u011fusal\u0131&#8217;n\u0131n \u00e7ocuklu\u011funda ilk kez denize girdi\u011fi b\u00f6lge olan G\u00fclseren Plaj\u0131\u2019n\u0131n Karakol B\u00f6lgesi&#8217;ne yak\u0131n olan k\u0131sm\u0131nda belediye taraf\u0131ndan haz\u0131rlanacak halk plaj\u0131 ile \u015fehrin denizle daha fazla noktada bulu\u015fabilmesi ad\u0131na \u00f6nemli ve sevindirici bir geli\u015fme olarak niteledi. Ulu\u00e7ay, \u201cDenizlerimizin t\u00fcm halk\u0131m\u0131z i\u00e7in eri\u015filebilir olmas\u0131 ad\u0131na \u00e7al\u0131\u015fmaya devam edece\u011fiz\u201d dedi.","og_url":"https:\/\/kibrisdakik.com\/?p=39736","article_published_time":"2024-04-25T00:10:04+00:00","og_image":[{"width":710,"height":370,"url":"https:\/\/kibrisdakik.com\/wp-content\/uploads\/2024\/04\/ulucay-gulseren-halk-plaji-olarak-hizmet-verecek-1713970903.webp.webp","type":"image\/webp"}],"author":"admin","twitter_card":"summary_large_image","twitter_misc":{"Yazan:":"admin"},"schema":{"@context":"https:\/\/schema.org","@graph":[{"@type":"Article","@id":"https:\/\/kibrisdakik.com\/?p=39736#article","isPartOf":{"@id":"https:\/\/kibrisdakik.com\/?p=39736"},"author":{"name":"admin","@id":"https:\/\/kibrisdakik.com\/#\/schema\/person\/9cd9d437bbb44f72b73ba127e06d8e79"},"headline":"Ulu\u00e7ay: \u201cG\u00fclseren, Halk Plaj\u0131 olarak hizmet verecek\u201d","datePublished":"2024-04-25T00:10:04+00:00","mainEntityOfPage":{"@id":"https:\/\/kibrisdakik.com\/?p=39736"},"wordCount":90,"commentCount":0,"image":{"@id":"https:\/\/kibrisdakik.com\/?p=39736#primaryimage"},"thumbnailUrl":"https:\/\/kibrisdakik.com\/wp-content\/uploads\/2024\/04\/ulucay-gulseren-halk-plaji-olarak-hizmet-verecek-1713970903.webp.webp","articleSection":["Ekonomi"],"inLanguage":"tr","potentialAction":[{"@type":"CommentAction","name":"Comment","target":["https:\/\/kibrisdakik.com\/?p=39736#respond"]}]},{"@type":"WebPage","@id":"https:\/\/kibrisdakik.com\/?p=39736","url":"https:\/\/kibrisdakik.com\/?p=39736","name":"Ulu\u00e7ay: \u201cG\u00fclseren, Halk Plaj\u0131 olarak hizmet verecek\u201d -","isPartOf":{"@id":"https:\/\/kibrisdakik.com\/#website"},"primaryImageOfPage":{"@id":"https:\/\/kibrisdakik.com\/?p=39736#primaryimage"},"image":{"@id":"https:\/\/kibrisdakik.com\/?p=39736#primaryimage"},"thumbnailUrl":"https:\/\/kibrisdakik.com\/wp-content\/uploads\/2024\/04\/ulucay-gulseren-halk-plaji-olarak-hizmet-verecek-1713970903.webp.webp","datePublished":"2024-04-25T00:10:04+00:00","author":{"@id":"https:\/\/kibrisdakik.com\/#\/schema\/person\/9cd9d437bbb44f72b73ba127e06d8e79"},"breadcrumb":{"@id":"https:\/\/kibrisdakik.com\/?p=39736#breadcrumb"},"inLanguage":"tr","potentialAction":[{"@type":"ReadAction","target":["https:\/\/kibrisdakik.com\/?p=39736"]}]},{"@type":"ImageObject","inLanguage":"tr","@id":"https:\/\/kibrisdakik.com\/?p=39736#primaryimage","url":"https:\/\/kibrisdakik.com\/wp-content\/uploads\/2024\/04\/ulucay-gulseren-halk-plaji-olarak-hizmet-verecek-1713970903.webp.webp","contentUrl":"https:\/\/kibrisdakik.com\/wp-content\/uploads\/2024\/04\/ulucay-gulseren-halk-plaji-olarak-hizmet-verecek-1713970903.webp.webp","width":710,"height":370},{"@type":"BreadcrumbList","@id":"https:\/\/kibrisdakik.com\/?p=39736#breadcrumb","itemListElement":[{"@type":"ListItem","position":1,"name":"Home","item":"https:\/\/kibrisdakik.com\/"},{"@type":"ListItem","position":2,"name":"Ulu\u00e7ay: \u201cG\u00fclseren, Halk Plaj\u0131 olarak hizmet verecek\u201d"}]},{"@type":"WebSite","@id":"https:\/\/kibrisdakik.com\/#website","url":"https:\/\/kibrisdakik.com\/","name":"","description":"Tam vaktinde haber","potentialAction":[{"@type":"SearchAction","target":{"@type":"EntryPoint","urlTemplate":"https:\/\/kibrisdakik.com\/?s={search_term_string}"},"query-input":{"@type":"PropertyValueSpecification","valueRequired":true,"valueName":"search_term_string"}}],"inLanguage":"tr"},{"@type":"Person","@id":"https:\/\/kibrisdakik.com\/#\/schema\/person\/9cd9d437bbb44f72b73ba127e06d8e79","name":"admin","image":{"@type":"ImageObject","inLanguage":"tr","@id":"https:\/\/secure.gravatar.com\/avatar\/ccc17943b9d660506c869530f897617f7cb1c21a4bf30023f252596d83e1f007?s=96&d=mm&r=g","url":"https:\/\/secure.gravatar.com\/avatar\/ccc17943b9d660506c869530f897617f7cb1c21a4bf30023f252596d83e1f007?s=96&d=mm&r=g","contentUrl":"https:\/\/secure.gravatar.com\/avatar\/ccc17943b9d660506c869530f897617f7cb1c21a4bf30023f252596d83e1f007?s=96&d=mm&r=g","caption":"admin"},"sameAs":["https:\/\/kibrisdakik.com"],"url":"https:\/\/kibrisdakik.com\/?author=1"}]}},"_links":{"self":[{"href":"https:\/\/kibrisdakik.com\/index.php?rest_route=\/wp\/v2\/posts\/39736","targetHints":{"allow":["GET"]}}],"collection":[{"href":"https:\/\/kibrisdakik.com\/index.php?rest_route=\/wp\/v2\/posts"}],"about":[{"href":"https:\/\/kibrisdakik.com\/index.php?rest_route=\/wp\/v2\/types\/post"}],"author":[{"embeddable":true,"href":"https:\/\/kibrisdakik.com\/index.php?rest_route=\/wp\/v2\/users\/1"}],"replies":[{"embeddable":true,"href":"https:\/\/kibrisdakik.com\/index.php?rest_route=%2Fwp%2Fv2%2Fcomments&post=39736"}],"version-history":[{"count":0,"href":"https:\/\/kibrisdakik.com\/index.php?rest_route=\/wp\/v2\/posts\/39736\/revisions"}],"wp:featuredmedia":[{"embeddable":true,"href":"https:\/\/kibrisdakik.com\/index.php?rest_route=\/wp\/v2\/media\/39737"}],"wp:attachment":[{"href":"https:\/\/kibrisdakik.com\/index.php?rest_route=%2Fwp%2Fv2%2Fmedia&parent=39736"}],"wp:term":[{"taxonomy":"category","embeddable":true,"href":"https:\/\/kibrisdakik.com\/index.php?rest_route=%2Fwp%2Fv2%2Fcategories&post=39736"},{"taxonomy":"post_tag","embeddable":true,"href":"https:\/\/kibrisdakik.com\/index.php?rest_route=%2Fwp%2Fv2%2Ftags&post=39736"}],"curies":[{"name":"wp","href":"https:\/\/api.w.org\/{rel}","templated":true}]}}