{"id":39847,"date":"2024-05-01T19:31:07","date_gmt":"2024-05-01T19:31:07","guid":{"rendered":"https:\/\/kibrisdakik.com\/index.php\/2024\/05\/01\/meteoroloji-dairesinden-yarin-icin-karada-ve-denizde-firtinamsi-ruzgar-uyarisi\/"},"modified":"2024-05-01T19:31:07","modified_gmt":"2024-05-01T19:31:07","slug":"meteoroloji-dairesinden-yarin-icin-karada-ve-denizde-firtinamsi-ruzgar-uyarisi","status":"publish","type":"post","link":"https:\/\/kibrisdakik.com\/?p=39847","title":{"rendered":"Meteoroloji Dairesi\u2019nden yar\u0131n i\u00e7in karada ve denizde \u201cf\u0131rt\u0131nams\u0131 r\u00fczgar\u201d uyar\u0131s\u0131"},"content":{"rendered":"<p><\/p>\n<div>\n<div class=\"mariselle-image-container none\">\n                <img loading=\"lazy\" decoding=\"async\" width=\"864\" height=\"486\" class=\"lazy-image\" alt=\"\" sizes=\"auto, (max-width: 864px) 100vw, 864px\" src=\"https:\/\/brtk.net\/wp-content\/uploads\/2024\/05\/01\/firtina7.jpg?ver=8aab6bc3f46305a29ef4c19d53031e1b\" srcset=\"https:\/\/brtk.net\/wp-content\/uploads\/2024\/05\/01\/firtina7.jpg?ver=8aab6bc3f46305a29ef4c19d53031e1b 864w, https:\/\/brtk.net\/wp-content\/uploads\/2024\/05\/01\/firtina7-300x169.jpg?ver=e003d82acba97274a629865fc51299c2 300w, https:\/\/brtk.net\/wp-content\/uploads\/2024\/05\/01\/firtina7-768x432.jpg?ver=e003d82acba97274a629865fc51299c2 768w\"\/>                            <\/div>\n<p>Meteoroloji Dairesi, yar\u0131n saat 14.00\u2019ten yar\u0131n geceyar\u0131s\u0131na kadar karada ve denizde f\u0131rt\u0131nams\u0131 r\u00fczgar beklendi\u011fi uyars\u0131nda bulundu.<\/p>\n<p>Meteoroloji Dairesi\u2019ndden yap\u0131lan a\u00e7\u0131klamada, \u201cB\u00f6lgemiz denizlerinde g\u00fcney ve bat\u0131 y\u00f6nlerden esmekte olan r\u00fczgar\u0131n zamanla kuvvetlenerek \u201c7 kuvvetinde\u201d ve f\u0131rt\u0131nams\u0131 r\u00fczgar \u015feklinde esmesi beklenmektedir\u201d ifadesi kullan\u0131ld\u0131.<\/p>\n<p>A\u00e7\u0131klamada, karada da g\u00fcney ve bat\u0131 y\u00f6nlerden esmekte olan r\u00fczgar\u0131n zamanla kuvvetlenerek f\u0131rt\u0131nams\u0131 r\u00fczgar \u015feklinde esmesinin beklendi\u011fi kaydedildi.<\/p>\n<p>Meteoroloji Dairesi, uyar\u0131n\u0131n 2 May\u0131s 2024, 14.00 ila 23.59 aras\u0131n\u0131 kapsad\u0131\u011f\u0131n\u0131 da bildirdi.<\/p>\n<\/p><\/div>\n<p><script async\n                    defer\n                    crossorigin=\"anonymous\"\n                    src=\"https:\/\/connect.facebook.net\/tr_TR\/sdk.js#xfbml=1&#038;version=v3.3\"\n            ><\/script><\/p>\n","protected":false},"excerpt":{"rendered":"<p>Meteoroloji Dairesi, yar\u0131n saat 14.00\u2019ten yar\u0131n geceyar\u0131s\u0131na kadar karada ve denizde f\u0131rt\u0131nams\u0131 r\u00fczgar beklendi\u011fi uyars\u0131nda bulundu. Meteoroloji Dairesi\u2019ndden yap\u0131lan a\u00e7\u0131klamada, \u201cB\u00f6lgemiz denizlerinde g\u00fcney ve bat\u0131 y\u00f6nlerden esmekte olan r\u00fczgar\u0131n zamanla kuvvetlenerek \u201c7 kuvvetinde\u201d ve f\u0131rt\u0131nams\u0131 r\u00fczgar \u015feklinde esmesi beklenmektedir\u201d ifadesi kullan\u0131ld\u0131. A\u00e7\u0131klamada, karada da g\u00fcney ve bat\u0131 y\u00f6nlerden esmekte olan r\u00fczgar\u0131n zamanla kuvvetlenerek f\u0131rt\u0131nams\u0131 r\u00fczgar<\/p>\n","protected":false},"author":1,"featured_media":39848,"comment_status":"open","ping_status":"open","sticky":false,"template":"","format":"standard","meta":{"footnotes":""},"categories":[1],"tags":[],"class_list":["post-39847","post","type-post","status-publish","format-standard","has-post-thumbnail","hentry","category-gundem"],"yoast_head":"<!-- This site is optimized with the Yoast SEO plugin v27.4 - https:\/\/yoast.com\/product\/yoast-seo-wordpress\/ -->\n<title>Meteoroloji Dairesi\u2019nden yar\u0131n i\u00e7in karada ve denizde \u201cf\u0131rt\u0131nams\u0131 r\u00fczgar\u201d uyar\u0131s\u0131 -<\/title>\n<meta name=\"robots\" content=\"index, follow, max-snippet:-1, max-image-preview:large, max-video-preview:-1\" \/>\n<link rel=\"canonical\" href=\"https:\/\/kibrisdakik.com\/?p=39847\" \/>\n<meta property=\"og:locale\" content=\"tr_TR\" \/>\n<meta property=\"og:type\" content=\"article\" \/>\n<meta property=\"og:title\" content=\"Meteoroloji Dairesi\u2019nden yar\u0131n i\u00e7in karada ve denizde \u201cf\u0131rt\u0131nams\u0131 r\u00fczgar\u201d uyar\u0131s\u0131 -\" \/>\n<meta property=\"og:description\" content=\"Meteoroloji Dairesi, yar\u0131n saat 14.00\u2019ten yar\u0131n geceyar\u0131s\u0131na kadar karada ve denizde f\u0131rt\u0131nams\u0131 r\u00fczgar beklendi\u011fi uyars\u0131nda bulundu. Meteoroloji Dairesi\u2019ndden yap\u0131lan a\u00e7\u0131klamada, \u201cB\u00f6lgemiz denizlerinde g\u00fcney ve bat\u0131 y\u00f6nlerden esmekte olan r\u00fczgar\u0131n zamanla kuvvetlenerek \u201c7 kuvvetinde\u201d ve f\u0131rt\u0131nams\u0131 r\u00fczgar \u015feklinde esmesi beklenmektedir\u201d ifadesi kullan\u0131ld\u0131. A\u00e7\u0131klamada, karada da g\u00fcney ve bat\u0131 y\u00f6nlerden esmekte olan r\u00fczgar\u0131n zamanla kuvvetlenerek f\u0131rt\u0131nams\u0131 r\u00fczgar\" \/>\n<meta property=\"og:url\" content=\"https:\/\/kibrisdakik.com\/?p=39847\" \/>\n<meta property=\"article:published_time\" content=\"2024-05-01T19:31:07+00:00\" \/>\n<meta property=\"og:image\" content=\"https:\/\/kibrisdakik.com\/wp-content\/uploads\/2024\/05\/firtina7-740x420.jpg\" \/>\n\t<meta property=\"og:image:width\" content=\"864\" \/>\n\t<meta property=\"og:image:height\" content=\"486\" \/>\n\t<meta property=\"og:image:type\" content=\"image\/jpeg\" \/>\n<meta name=\"author\" content=\"admin\" \/>\n<meta name=\"twitter:card\" content=\"summary_large_image\" \/>\n<meta name=\"twitter:label1\" content=\"Yazan:\" \/>\n\t<meta name=\"twitter:data1\" content=\"admin\" \/>\n\t<meta name=\"twitter:label2\" content=\"Tahmini okuma s\u00fcresi\" \/>\n\t<meta name=\"twitter:data2\" content=\"1 dakika\" \/>\n<script type=\"application\/ld+json\" class=\"yoast-schema-graph\">{\"@context\":\"https:\\\/\\\/schema.org\",\"@graph\":[{\"@type\":\"Article\",\"@id\":\"https:\\\/\\\/kibrisdakik.com\\\/?p=39847#article\",\"isPartOf\":{\"@id\":\"https:\\\/\\\/kibrisdakik.com\\\/?p=39847\"},\"author\":{\"name\":\"admin\",\"@id\":\"https:\\\/\\\/kibrisdakik.com\\\/#\\\/schema\\\/person\\\/9cd9d437bbb44f72b73ba127e06d8e79\"},\"headline\":\"Meteoroloji Dairesi\u2019nden yar\u0131n i\u00e7in karada ve denizde \u201cf\u0131rt\u0131nams\u0131 r\u00fczgar\u201d uyar\u0131s\u0131\",\"datePublished\":\"2024-05-01T19:31:07+00:00\",\"mainEntityOfPage\":{\"@id\":\"https:\\\/\\\/kibrisdakik.com\\\/?p=39847\"},\"wordCount\":119,\"commentCount\":0,\"image\":{\"@id\":\"https:\\\/\\\/kibrisdakik.com\\\/?p=39847#primaryimage\"},\"thumbnailUrl\":\"https:\\\/\\\/kibrisdakik.com\\\/wp-content\\\/uploads\\\/2024\\\/05\\\/firtina7-740x420.jpg\",\"articleSection\":[\"G\u00fcndem\"],\"inLanguage\":\"tr\",\"potentialAction\":[{\"@type\":\"CommentAction\",\"name\":\"Comment\",\"target\":[\"https:\\\/\\\/kibrisdakik.com\\\/?p=39847#respond\"]}]},{\"@type\":\"WebPage\",\"@id\":\"https:\\\/\\\/kibrisdakik.com\\\/?p=39847\",\"url\":\"https:\\\/\\\/kibrisdakik.com\\\/?p=39847\",\"name\":\"Meteoroloji Dairesi\u2019nden yar\u0131n i\u00e7in karada ve denizde \u201cf\u0131rt\u0131nams\u0131 r\u00fczgar\u201d uyar\u0131s\u0131 -\",\"isPartOf\":{\"@id\":\"https:\\\/\\\/kibrisdakik.com\\\/#website\"},\"primaryImageOfPage\":{\"@id\":\"https:\\\/\\\/kibrisdakik.com\\\/?p=39847#primaryimage\"},\"image\":{\"@id\":\"https:\\\/\\\/kibrisdakik.com\\\/?p=39847#primaryimage\"},\"thumbnailUrl\":\"https:\\\/\\\/kibrisdakik.com\\\/wp-content\\\/uploads\\\/2024\\\/05\\\/firtina7-740x420.jpg\",\"datePublished\":\"2024-05-01T19:31:07+00:00\",\"author\":{\"@id\":\"https:\\\/\\\/kibrisdakik.com\\\/#\\\/schema\\\/person\\\/9cd9d437bbb44f72b73ba127e06d8e79\"},\"breadcrumb\":{\"@id\":\"https:\\\/\\\/kibrisdakik.com\\\/?p=39847#breadcrumb\"},\"inLanguage\":\"tr\",\"potentialAction\":[{\"@type\":\"ReadAction\",\"target\":[\"https:\\\/\\\/kibrisdakik.com\\\/?p=39847\"]}]},{\"@type\":\"ImageObject\",\"inLanguage\":\"tr\",\"@id\":\"https:\\\/\\\/kibrisdakik.com\\\/?p=39847#primaryimage\",\"url\":\"https:\\\/\\\/kibrisdakik.com\\\/wp-content\\\/uploads\\\/2024\\\/05\\\/firtina7-740x420.jpg\",\"contentUrl\":\"https:\\\/\\\/kibrisdakik.com\\\/wp-content\\\/uploads\\\/2024\\\/05\\\/firtina7-740x420.jpg\",\"width\":864,\"height\":486},{\"@type\":\"BreadcrumbList\",\"@id\":\"https:\\\/\\\/kibrisdakik.com\\\/?p=39847#breadcrumb\",\"itemListElement\":[{\"@type\":\"ListItem\",\"position\":1,\"name\":\"Home\",\"item\":\"https:\\\/\\\/kibrisdakik.com\\\/\"},{\"@type\":\"ListItem\",\"position\":2,\"name\":\"Meteoroloji Dairesi\u2019nden yar\u0131n i\u00e7in karada ve denizde \u201cf\u0131rt\u0131nams\u0131 r\u00fczgar\u201d uyar\u0131s\u0131\"}]},{\"@type\":\"WebSite\",\"@id\":\"https:\\\/\\\/kibrisdakik.com\\\/#website\",\"url\":\"https:\\\/\\\/kibrisdakik.com\\\/\",\"name\":\"\",\"description\":\"Tam vaktinde haber\",\"potentialAction\":[{\"@type\":\"SearchAction\",\"target\":{\"@type\":\"EntryPoint\",\"urlTemplate\":\"https:\\\/\\\/kibrisdakik.com\\\/?s={search_term_string}\"},\"query-input\":{\"@type\":\"PropertyValueSpecification\",\"valueRequired\":true,\"valueName\":\"search_term_string\"}}],\"inLanguage\":\"tr\"},{\"@type\":\"Person\",\"@id\":\"https:\\\/\\\/kibrisdakik.com\\\/#\\\/schema\\\/person\\\/9cd9d437bbb44f72b73ba127e06d8e79\",\"name\":\"admin\",\"image\":{\"@type\":\"ImageObject\",\"inLanguage\":\"tr\",\"@id\":\"https:\\\/\\\/secure.gravatar.com\\\/avatar\\\/ccc17943b9d660506c869530f897617f7cb1c21a4bf30023f252596d83e1f007?s=96&d=mm&r=g\",\"url\":\"https:\\\/\\\/secure.gravatar.com\\\/avatar\\\/ccc17943b9d660506c869530f897617f7cb1c21a4bf30023f252596d83e1f007?s=96&d=mm&r=g\",\"contentUrl\":\"https:\\\/\\\/secure.gravatar.com\\\/avatar\\\/ccc17943b9d660506c869530f897617f7cb1c21a4bf30023f252596d83e1f007?s=96&d=mm&r=g\",\"caption\":\"admin\"},\"sameAs\":[\"https:\\\/\\\/kibrisdakik.com\"],\"url\":\"https:\\\/\\\/kibrisdakik.com\\\/?author=1\"}]}<\/script>\n<!-- \/ Yoast SEO plugin. -->","yoast_head_json":{"title":"Meteoroloji Dairesi\u2019nden yar\u0131n i\u00e7in karada ve denizde \u201cf\u0131rt\u0131nams\u0131 r\u00fczgar\u201d uyar\u0131s\u0131 -","robots":{"index":"index","follow":"follow","max-snippet":"max-snippet:-1","max-image-preview":"max-image-preview:large","max-video-preview":"max-video-preview:-1"},"canonical":"https:\/\/kibrisdakik.com\/?p=39847","og_locale":"tr_TR","og_type":"article","og_title":"Meteoroloji Dairesi\u2019nden yar\u0131n i\u00e7in karada ve denizde \u201cf\u0131rt\u0131nams\u0131 r\u00fczgar\u201d uyar\u0131s\u0131 -","og_description":"Meteoroloji Dairesi, yar\u0131n saat 14.00\u2019ten yar\u0131n geceyar\u0131s\u0131na kadar karada ve denizde f\u0131rt\u0131nams\u0131 r\u00fczgar beklendi\u011fi uyars\u0131nda bulundu. Meteoroloji Dairesi\u2019ndden yap\u0131lan a\u00e7\u0131klamada, \u201cB\u00f6lgemiz denizlerinde g\u00fcney ve bat\u0131 y\u00f6nlerden esmekte olan r\u00fczgar\u0131n zamanla kuvvetlenerek \u201c7 kuvvetinde\u201d ve f\u0131rt\u0131nams\u0131 r\u00fczgar \u015feklinde esmesi beklenmektedir\u201d ifadesi kullan\u0131ld\u0131. A\u00e7\u0131klamada, karada da g\u00fcney ve bat\u0131 y\u00f6nlerden esmekte olan r\u00fczgar\u0131n zamanla kuvvetlenerek f\u0131rt\u0131nams\u0131 r\u00fczgar","og_url":"https:\/\/kibrisdakik.com\/?p=39847","article_published_time":"2024-05-01T19:31:07+00:00","og_image":[{"width":864,"height":486,"url":"https:\/\/kibrisdakik.com\/wp-content\/uploads\/2024\/05\/firtina7-740x420.jpg","type":"image\/jpeg"}],"author":"admin","twitter_card":"summary_large_image","twitter_misc":{"Yazan:":"admin","Tahmini okuma s\u00fcresi":"1 dakika"},"schema":{"@context":"https:\/\/schema.org","@graph":[{"@type":"Article","@id":"https:\/\/kibrisdakik.com\/?p=39847#article","isPartOf":{"@id":"https:\/\/kibrisdakik.com\/?p=39847"},"author":{"name":"admin","@id":"https:\/\/kibrisdakik.com\/#\/schema\/person\/9cd9d437bbb44f72b73ba127e06d8e79"},"headline":"Meteoroloji Dairesi\u2019nden yar\u0131n i\u00e7in karada ve denizde \u201cf\u0131rt\u0131nams\u0131 r\u00fczgar\u201d uyar\u0131s\u0131","datePublished":"2024-05-01T19:31:07+00:00","mainEntityOfPage":{"@id":"https:\/\/kibrisdakik.com\/?p=39847"},"wordCount":119,"commentCount":0,"image":{"@id":"https:\/\/kibrisdakik.com\/?p=39847#primaryimage"},"thumbnailUrl":"https:\/\/kibrisdakik.com\/wp-content\/uploads\/2024\/05\/firtina7-740x420.jpg","articleSection":["G\u00fcndem"],"inLanguage":"tr","potentialAction":[{"@type":"CommentAction","name":"Comment","target":["https:\/\/kibrisdakik.com\/?p=39847#respond"]}]},{"@type":"WebPage","@id":"https:\/\/kibrisdakik.com\/?p=39847","url":"https:\/\/kibrisdakik.com\/?p=39847","name":"Meteoroloji Dairesi\u2019nden yar\u0131n i\u00e7in karada ve denizde \u201cf\u0131rt\u0131nams\u0131 r\u00fczgar\u201d uyar\u0131s\u0131 -","isPartOf":{"@id":"https:\/\/kibrisdakik.com\/#website"},"primaryImageOfPage":{"@id":"https:\/\/kibrisdakik.com\/?p=39847#primaryimage"},"image":{"@id":"https:\/\/kibrisdakik.com\/?p=39847#primaryimage"},"thumbnailUrl":"https:\/\/kibrisdakik.com\/wp-content\/uploads\/2024\/05\/firtina7-740x420.jpg","datePublished":"2024-05-01T19:31:07+00:00","author":{"@id":"https:\/\/kibrisdakik.com\/#\/schema\/person\/9cd9d437bbb44f72b73ba127e06d8e79"},"breadcrumb":{"@id":"https:\/\/kibrisdakik.com\/?p=39847#breadcrumb"},"inLanguage":"tr","potentialAction":[{"@type":"ReadAction","target":["https:\/\/kibrisdakik.com\/?p=39847"]}]},{"@type":"ImageObject","inLanguage":"tr","@id":"https:\/\/kibrisdakik.com\/?p=39847#primaryimage","url":"https:\/\/kibrisdakik.com\/wp-content\/uploads\/2024\/05\/firtina7-740x420.jpg","contentUrl":"https:\/\/kibrisdakik.com\/wp-content\/uploads\/2024\/05\/firtina7-740x420.jpg","width":864,"height":486},{"@type":"BreadcrumbList","@id":"https:\/\/kibrisdakik.com\/?p=39847#breadcrumb","itemListElement":[{"@type":"ListItem","position":1,"name":"Home","item":"https:\/\/kibrisdakik.com\/"},{"@type":"ListItem","position":2,"name":"Meteoroloji Dairesi\u2019nden yar\u0131n i\u00e7in karada ve denizde \u201cf\u0131rt\u0131nams\u0131 r\u00fczgar\u201d uyar\u0131s\u0131"}]},{"@type":"WebSite","@id":"https:\/\/kibrisdakik.com\/#website","url":"https:\/\/kibrisdakik.com\/","name":"","description":"Tam vaktinde haber","potentialAction":[{"@type":"SearchAction","target":{"@type":"EntryPoint","urlTemplate":"https:\/\/kibrisdakik.com\/?s={search_term_string}"},"query-input":{"@type":"PropertyValueSpecification","valueRequired":true,"valueName":"search_term_string"}}],"inLanguage":"tr"},{"@type":"Person","@id":"https:\/\/kibrisdakik.com\/#\/schema\/person\/9cd9d437bbb44f72b73ba127e06d8e79","name":"admin","image":{"@type":"ImageObject","inLanguage":"tr","@id":"https:\/\/secure.gravatar.com\/avatar\/ccc17943b9d660506c869530f897617f7cb1c21a4bf30023f252596d83e1f007?s=96&d=mm&r=g","url":"https:\/\/secure.gravatar.com\/avatar\/ccc17943b9d660506c869530f897617f7cb1c21a4bf30023f252596d83e1f007?s=96&d=mm&r=g","contentUrl":"https:\/\/secure.gravatar.com\/avatar\/ccc17943b9d660506c869530f897617f7cb1c21a4bf30023f252596d83e1f007?s=96&d=mm&r=g","caption":"admin"},"sameAs":["https:\/\/kibrisdakik.com"],"url":"https:\/\/kibrisdakik.com\/?author=1"}]}},"_links":{"self":[{"href":"https:\/\/kibrisdakik.com\/index.php?rest_route=\/wp\/v2\/posts\/39847","targetHints":{"allow":["GET"]}}],"collection":[{"href":"https:\/\/kibrisdakik.com\/index.php?rest_route=\/wp\/v2\/posts"}],"about":[{"href":"https:\/\/kibrisdakik.com\/index.php?rest_route=\/wp\/v2\/types\/post"}],"author":[{"embeddable":true,"href":"https:\/\/kibrisdakik.com\/index.php?rest_route=\/wp\/v2\/users\/1"}],"replies":[{"embeddable":true,"href":"https:\/\/kibrisdakik.com\/index.php?rest_route=%2Fwp%2Fv2%2Fcomments&post=39847"}],"version-history":[{"count":0,"href":"https:\/\/kibrisdakik.com\/index.php?rest_route=\/wp\/v2\/posts\/39847\/revisions"}],"wp:featuredmedia":[{"embeddable":true,"href":"https:\/\/kibrisdakik.com\/index.php?rest_route=\/wp\/v2\/media\/39848"}],"wp:attachment":[{"href":"https:\/\/kibrisdakik.com\/index.php?rest_route=%2Fwp%2Fv2%2Fmedia&parent=39847"}],"wp:term":[{"taxonomy":"category","embeddable":true,"href":"https:\/\/kibrisdakik.com\/index.php?rest_route=%2Fwp%2Fv2%2Fcategories&post=39847"},{"taxonomy":"post_tag","embeddable":true,"href":"https:\/\/kibrisdakik.com\/index.php?rest_route=%2Fwp%2Fv2%2Ftags&post=39847"}],"curies":[{"name":"wp","href":"https:\/\/api.w.org\/{rel}","templated":true}]}}