{"id":39902,"date":"2024-04-30T18:50:00","date_gmt":"2024-04-30T18:50:00","guid":{"rendered":"https:\/\/kibrisdakik.com\/index.php\/2024\/04\/30\/2-komiseri-sehit-eden-polis-hakkinda-karar-ifadesi-ortaya-cikti\/"},"modified":"2024-04-30T18:50:00","modified_gmt":"2024-04-30T18:50:00","slug":"2-komiseri-sehit-eden-polis-hakkinda-karar-ifadesi-ortaya-cikti","status":"publish","type":"post","link":"https:\/\/kibrisdakik.com\/?p=39902","title":{"rendered":"2 komiseri \u015fehit eden polis hakk\u0131nda karar! \u0130fadesi ortaya \u00e7\u0131kt\u0131"},"content":{"rendered":"<p><\/p>\n<p>Ad\u0131yaman Alt\u0131n\u015fehir \u015eehit Ahmet Y\u0131ld\u0131r\u0131m Polis Merkezinde \u00f6nceki ak\u015fam meydana gelen olayda Polis Merkezi Amiri Ba\u015fkomiser Kamuran \u00dc\u00e7g\u00fcl ve Asayi\u015f \u015eube Ekipler Amiri G\u00f6khan \u00d6zer, polis memuru S.U.\u015e. taraf\u0131ndan a\u00e7\u0131lan ate\u015f sonucu \u015fehit edilmi\u015fti. Baca\u011f\u0131ndan vurularak etkisiz hale getirilen polis memuru, hastanede g\u00f6rd\u00fc\u011f\u00fc tedavinin ard\u0131ndan \u0130l Jandarma Komutanl\u0131\u011f\u0131 ekipleri taraf\u0131ndan adli makamlara sevk edildi.<\/p>\n<h3>ZANLI TUTUKLANDI<\/h3>\n<p>Cumhuriyet Savc\u0131l\u0131\u011f\u0131 taraf\u0131ndan tutuklanmas\u0131 talebiyle N\u00f6bet\u00e7i Sulh Ceza Hakimli\u011fine sevk edilen zanl\u0131 polis memuru, mahkeme taraf\u0131ndan tutuklanarak Siverek Cezaevine g\u00f6nderildi. Jandarma ve polis ekiplerinin yo\u011fun g\u00fcvenlik \u00f6nlemleri alt\u0131nda tekerlekli sandalye ile adliyeye getirilen zanl\u0131, daha sonra ambulansa bindirilerek cezaevine g\u00f6nderildi.<\/p>\n<p><img decoding=\"async\" alt=\"2 komiseri \u015fehit eden polis hakk\u0131nda karar! \u0130fadesi ortaya \u00e7\u0131kt\u0131 - 1. Resim\" src=\"https:\/\/i.tgrthaber.com\/images\/haberler\/24-04\/30\/2-komiseri-sehit-eden-polis-hakkinda-karar-ifadesi-ortaya-cikti-17144850443992_1.jpg\" title=\"2 komiseri \u015fehit eden polis hakk\u0131nda karar! \u0130fadesi ortaya \u00e7\u0131kt\u0131\" \/><\/p>\n<h3>\u0130FADES\u0130 ORTAYA \u00c7IKTI<\/h3>\n<p>Zanl\u0131n\u0131n ifadesinde, kendisinin bankada bulunan paras\u0131n\u0131 doland\u0131rmak isteyen ki\u015filer oldu\u011funu, doland\u0131r\u0131c\u0131l\u0131\u011f\u0131 \u00f6nlemek ve \u015fikayet\u00e7i olmak i\u00e7in polis merkezine gitti\u011fini, kendisi ile ilgilenilmedi\u011fini iddia ederek silah\u0131n\u0131 \u00e7\u0131kar\u0131p ate\u015f etti\u011fini s\u00f6yledi\u011fi \u00f6\u011frenildi.<\/p>\n<p><img decoding=\"async\" alt=\"2 komiseri \u015fehit eden polis hakk\u0131nda karar! \u0130fadesi ortaya \u00e7\u0131kt\u0131 - 2. Resim\" src=\"https:\/\/i.tgrthaber.com\/images\/haberler\/24-04\/30\/2-komiseri-sehit-eden-polis-hakkinda-karar-ifadesi-ortaya-cikti-17144850442131_2.jpg\" title=\"2 komiseri \u015fehit eden polis hakk\u0131nda karar! \u0130fadesi ortaya \u00e7\u0131kt\u0131\" \/><\/p>\n<h3>NE OLMU\u015eTU?<\/h3>\n<p>Ad\u0131yaman Alt\u0131n\u015fehir Polis Merkezi Amirli\u011fi&#8217;nde g\u00f6rev yapan polis memuru S.U.\u015e, beylik silah\u0131yla Polis Merkezi Amiri Ba\u015fkomiser Kamuran \u00dc\u00e7g\u00fcl ve Asayi\u015f \u015eube M\u00fcd\u00fcrl\u00fc\u011f\u00fc Ekipler Amiri Komiser G\u00f6khan \u00d6zer&#8217;e ate\u015f a\u00e7m\u0131\u015f, a\u011f\u0131r yaral\u0131 olarak hastaneye kald\u0131r\u0131lan polisler m\u00fcdahaleye ra\u011fmen kurtar\u0131lamayarak \u015fehit olmu\u015f, sald\u0131r\u0131y\u0131 ger\u00e7ekle\u015ftiren polis memuru da yaral\u0131 \u015fekilde etkisiz hale getirilmi\u015fti.<\/p>\n<p><img decoding=\"async\" alt=\"2 komiseri \u015fehit eden polis hakk\u0131nda karar! \u0130fadesi ortaya \u00e7\u0131kt\u0131 - 3. Resim\" src=\"https:\/\/i.tgrthaber.com\/images\/haberler\/24-04\/30\/2-komiseri-sehit-eden-polis-hakkinda-karar-ifadesi-ortaya-cikti-17144850444192_3.jpg\" title=\"2 komiseri \u015fehit eden polis hakk\u0131nda karar! \u0130fadesi ortaya \u00e7\u0131kt\u0131\" \/><\/p>\n","protected":false},"excerpt":{"rendered":"<p>Ad\u0131yaman Alt\u0131n\u015fehir \u015eehit Ahmet Y\u0131ld\u0131r\u0131m Polis Merkezinde \u00f6nceki ak\u015fam meydana gelen olayda Polis Merkezi Amiri Ba\u015fkomiser Kamuran \u00dc\u00e7g\u00fcl ve Asayi\u015f \u015eube Ekipler Amiri G\u00f6khan \u00d6zer, polis memuru S.U.\u015e. taraf\u0131ndan a\u00e7\u0131lan ate\u015f sonucu \u015fehit edilmi\u015fti. Baca\u011f\u0131ndan vurularak etkisiz hale getirilen polis memuru, hastanede g\u00f6rd\u00fc\u011f\u00fc tedavinin ard\u0131ndan \u0130l Jandarma Komutanl\u0131\u011f\u0131 ekipleri taraf\u0131ndan adli makamlara sevk edildi. ZANLI<\/p>\n","protected":false},"author":1,"featured_media":39903,"comment_status":"open","ping_status":"open","sticky":false,"template":"","format":"standard","meta":{"footnotes":""},"categories":[1],"tags":[],"class_list":["post-39902","post","type-post","status-publish","format-standard","has-post-thumbnail","hentry","category-gundem"],"yoast_head":"<!-- This site is optimized with the Yoast SEO plugin v27.5 - https:\/\/yoast.com\/product\/yoast-seo-wordpress\/ -->\n<title>2 komiseri \u015fehit eden polis hakk\u0131nda karar! \u0130fadesi ortaya \u00e7\u0131kt\u0131 -<\/title>\n<meta name=\"robots\" content=\"index, follow, max-snippet:-1, max-image-preview:large, max-video-preview:-1\" \/>\n<link rel=\"canonical\" href=\"https:\/\/kibrisdakik.com\/?p=39902\" \/>\n<meta property=\"og:locale\" content=\"tr_TR\" \/>\n<meta property=\"og:type\" content=\"article\" \/>\n<meta property=\"og:title\" content=\"2 komiseri \u015fehit eden polis hakk\u0131nda karar! \u0130fadesi ortaya \u00e7\u0131kt\u0131 -\" \/>\n<meta property=\"og:description\" content=\"Ad\u0131yaman Alt\u0131n\u015fehir \u015eehit Ahmet Y\u0131ld\u0131r\u0131m Polis Merkezinde \u00f6nceki ak\u015fam meydana gelen olayda Polis Merkezi Amiri Ba\u015fkomiser Kamuran \u00dc\u00e7g\u00fcl ve Asayi\u015f \u015eube Ekipler Amiri G\u00f6khan \u00d6zer, polis memuru S.U.\u015e. taraf\u0131ndan a\u00e7\u0131lan ate\u015f sonucu \u015fehit edilmi\u015fti. Baca\u011f\u0131ndan vurularak etkisiz hale getirilen polis memuru, hastanede g\u00f6rd\u00fc\u011f\u00fc tedavinin ard\u0131ndan \u0130l Jandarma Komutanl\u0131\u011f\u0131 ekipleri taraf\u0131ndan adli makamlara sevk edildi. ZANLI\" \/>\n<meta property=\"og:url\" content=\"https:\/\/kibrisdakik.com\/?p=39902\" \/>\n<meta property=\"article:published_time\" content=\"2024-04-30T18:50:00+00:00\" \/>\n<meta property=\"og:image\" content=\"https:\/\/kibrisdakik.com\/wp-content\/uploads\/2024\/05\/2-komiseri-sehit-eden-polis-hakkinda-karar-ifadesi-ortaya-cikti-17144850443992_1-740x420.jpg\" \/>\n\t<meta property=\"og:image:width\" content=\"1280\" \/>\n\t<meta property=\"og:image:height\" content=\"721\" \/>\n\t<meta property=\"og:image:type\" content=\"image\/jpeg\" \/>\n<meta name=\"author\" content=\"admin\" \/>\n<meta name=\"twitter:card\" content=\"summary_large_image\" \/>\n<meta name=\"twitter:label1\" content=\"Yazan:\" \/>\n\t<meta name=\"twitter:data1\" content=\"admin\" \/>\n\t<meta name=\"twitter:label2\" content=\"Tahmini okuma s\u00fcresi\" \/>\n\t<meta name=\"twitter:data2\" content=\"1 dakika\" \/>\n<script type=\"application\/ld+json\" class=\"yoast-schema-graph\">{\"@context\":\"https:\\\/\\\/schema.org\",\"@graph\":[{\"@type\":\"Article\",\"@id\":\"https:\\\/\\\/kibrisdakik.com\\\/?p=39902#article\",\"isPartOf\":{\"@id\":\"https:\\\/\\\/kibrisdakik.com\\\/?p=39902\"},\"author\":{\"name\":\"admin\",\"@id\":\"https:\\\/\\\/kibrisdakik.com\\\/#\\\/schema\\\/person\\\/9cd9d437bbb44f72b73ba127e06d8e79\"},\"headline\":\"2 komiseri \u015fehit eden polis hakk\u0131nda karar! \u0130fadesi ortaya \u00e7\u0131kt\u0131\",\"datePublished\":\"2024-04-30T18:50:00+00:00\",\"mainEntityOfPage\":{\"@id\":\"https:\\\/\\\/kibrisdakik.com\\\/?p=39902\"},\"wordCount\":263,\"commentCount\":0,\"image\":{\"@id\":\"https:\\\/\\\/kibrisdakik.com\\\/?p=39902#primaryimage\"},\"thumbnailUrl\":\"https:\\\/\\\/kibrisdakik.com\\\/wp-content\\\/uploads\\\/2024\\\/05\\\/2-komiseri-sehit-eden-polis-hakkinda-karar-ifadesi-ortaya-cikti-17144850443992_1-740x420.jpg\",\"articleSection\":[\"G\u00fcndem\"],\"inLanguage\":\"tr\",\"potentialAction\":[{\"@type\":\"CommentAction\",\"name\":\"Comment\",\"target\":[\"https:\\\/\\\/kibrisdakik.com\\\/?p=39902#respond\"]}]},{\"@type\":\"WebPage\",\"@id\":\"https:\\\/\\\/kibrisdakik.com\\\/?p=39902\",\"url\":\"https:\\\/\\\/kibrisdakik.com\\\/?p=39902\",\"name\":\"2 komiseri \u015fehit eden polis hakk\u0131nda karar! \u0130fadesi ortaya \u00e7\u0131kt\u0131 -\",\"isPartOf\":{\"@id\":\"https:\\\/\\\/kibrisdakik.com\\\/#website\"},\"primaryImageOfPage\":{\"@id\":\"https:\\\/\\\/kibrisdakik.com\\\/?p=39902#primaryimage\"},\"image\":{\"@id\":\"https:\\\/\\\/kibrisdakik.com\\\/?p=39902#primaryimage\"},\"thumbnailUrl\":\"https:\\\/\\\/kibrisdakik.com\\\/wp-content\\\/uploads\\\/2024\\\/05\\\/2-komiseri-sehit-eden-polis-hakkinda-karar-ifadesi-ortaya-cikti-17144850443992_1-740x420.jpg\",\"datePublished\":\"2024-04-30T18:50:00+00:00\",\"author\":{\"@id\":\"https:\\\/\\\/kibrisdakik.com\\\/#\\\/schema\\\/person\\\/9cd9d437bbb44f72b73ba127e06d8e79\"},\"breadcrumb\":{\"@id\":\"https:\\\/\\\/kibrisdakik.com\\\/?p=39902#breadcrumb\"},\"inLanguage\":\"tr\",\"potentialAction\":[{\"@type\":\"ReadAction\",\"target\":[\"https:\\\/\\\/kibrisdakik.com\\\/?p=39902\"]}]},{\"@type\":\"ImageObject\",\"inLanguage\":\"tr\",\"@id\":\"https:\\\/\\\/kibrisdakik.com\\\/?p=39902#primaryimage\",\"url\":\"https:\\\/\\\/kibrisdakik.com\\\/wp-content\\\/uploads\\\/2024\\\/05\\\/2-komiseri-sehit-eden-polis-hakkinda-karar-ifadesi-ortaya-cikti-17144850443992_1-740x420.jpg\",\"contentUrl\":\"https:\\\/\\\/kibrisdakik.com\\\/wp-content\\\/uploads\\\/2024\\\/05\\\/2-komiseri-sehit-eden-polis-hakkinda-karar-ifadesi-ortaya-cikti-17144850443992_1-740x420.jpg\",\"width\":1280,\"height\":721},{\"@type\":\"BreadcrumbList\",\"@id\":\"https:\\\/\\\/kibrisdakik.com\\\/?p=39902#breadcrumb\",\"itemListElement\":[{\"@type\":\"ListItem\",\"position\":1,\"name\":\"Home\",\"item\":\"https:\\\/\\\/kibrisdakik.com\\\/\"},{\"@type\":\"ListItem\",\"position\":2,\"name\":\"2 komiseri \u015fehit eden polis hakk\u0131nda karar! \u0130fadesi ortaya \u00e7\u0131kt\u0131\"}]},{\"@type\":\"WebSite\",\"@id\":\"https:\\\/\\\/kibrisdakik.com\\\/#website\",\"url\":\"https:\\\/\\\/kibrisdakik.com\\\/\",\"name\":\"\",\"description\":\"Tam vaktinde haber\",\"potentialAction\":[{\"@type\":\"SearchAction\",\"target\":{\"@type\":\"EntryPoint\",\"urlTemplate\":\"https:\\\/\\\/kibrisdakik.com\\\/?s={search_term_string}\"},\"query-input\":{\"@type\":\"PropertyValueSpecification\",\"valueRequired\":true,\"valueName\":\"search_term_string\"}}],\"inLanguage\":\"tr\"},{\"@type\":\"Person\",\"@id\":\"https:\\\/\\\/kibrisdakik.com\\\/#\\\/schema\\\/person\\\/9cd9d437bbb44f72b73ba127e06d8e79\",\"name\":\"admin\",\"image\":{\"@type\":\"ImageObject\",\"inLanguage\":\"tr\",\"@id\":\"https:\\\/\\\/secure.gravatar.com\\\/avatar\\\/ccc17943b9d660506c869530f897617f7cb1c21a4bf30023f252596d83e1f007?s=96&d=mm&r=g\",\"url\":\"https:\\\/\\\/secure.gravatar.com\\\/avatar\\\/ccc17943b9d660506c869530f897617f7cb1c21a4bf30023f252596d83e1f007?s=96&d=mm&r=g\",\"contentUrl\":\"https:\\\/\\\/secure.gravatar.com\\\/avatar\\\/ccc17943b9d660506c869530f897617f7cb1c21a4bf30023f252596d83e1f007?s=96&d=mm&r=g\",\"caption\":\"admin\"},\"sameAs\":[\"https:\\\/\\\/kibrisdakik.com\"],\"url\":\"https:\\\/\\\/kibrisdakik.com\\\/?author=1\"}]}<\/script>\n<!-- \/ Yoast SEO plugin. -->","yoast_head_json":{"title":"2 komiseri \u015fehit eden polis hakk\u0131nda karar! \u0130fadesi ortaya \u00e7\u0131kt\u0131 -","robots":{"index":"index","follow":"follow","max-snippet":"max-snippet:-1","max-image-preview":"max-image-preview:large","max-video-preview":"max-video-preview:-1"},"canonical":"https:\/\/kibrisdakik.com\/?p=39902","og_locale":"tr_TR","og_type":"article","og_title":"2 komiseri \u015fehit eden polis hakk\u0131nda karar! \u0130fadesi ortaya \u00e7\u0131kt\u0131 -","og_description":"Ad\u0131yaman Alt\u0131n\u015fehir \u015eehit Ahmet Y\u0131ld\u0131r\u0131m Polis Merkezinde \u00f6nceki ak\u015fam meydana gelen olayda Polis Merkezi Amiri Ba\u015fkomiser Kamuran \u00dc\u00e7g\u00fcl ve Asayi\u015f \u015eube Ekipler Amiri G\u00f6khan \u00d6zer, polis memuru S.U.\u015e. taraf\u0131ndan a\u00e7\u0131lan ate\u015f sonucu \u015fehit edilmi\u015fti. Baca\u011f\u0131ndan vurularak etkisiz hale getirilen polis memuru, hastanede g\u00f6rd\u00fc\u011f\u00fc tedavinin ard\u0131ndan \u0130l Jandarma Komutanl\u0131\u011f\u0131 ekipleri taraf\u0131ndan adli makamlara sevk edildi. ZANLI","og_url":"https:\/\/kibrisdakik.com\/?p=39902","article_published_time":"2024-04-30T18:50:00+00:00","og_image":[{"width":1280,"height":721,"url":"https:\/\/kibrisdakik.com\/wp-content\/uploads\/2024\/05\/2-komiseri-sehit-eden-polis-hakkinda-karar-ifadesi-ortaya-cikti-17144850443992_1-740x420.jpg","type":"image\/jpeg"}],"author":"admin","twitter_card":"summary_large_image","twitter_misc":{"Yazan:":"admin","Tahmini okuma s\u00fcresi":"1 dakika"},"schema":{"@context":"https:\/\/schema.org","@graph":[{"@type":"Article","@id":"https:\/\/kibrisdakik.com\/?p=39902#article","isPartOf":{"@id":"https:\/\/kibrisdakik.com\/?p=39902"},"author":{"name":"admin","@id":"https:\/\/kibrisdakik.com\/#\/schema\/person\/9cd9d437bbb44f72b73ba127e06d8e79"},"headline":"2 komiseri \u015fehit eden polis hakk\u0131nda karar! \u0130fadesi ortaya \u00e7\u0131kt\u0131","datePublished":"2024-04-30T18:50:00+00:00","mainEntityOfPage":{"@id":"https:\/\/kibrisdakik.com\/?p=39902"},"wordCount":263,"commentCount":0,"image":{"@id":"https:\/\/kibrisdakik.com\/?p=39902#primaryimage"},"thumbnailUrl":"https:\/\/kibrisdakik.com\/wp-content\/uploads\/2024\/05\/2-komiseri-sehit-eden-polis-hakkinda-karar-ifadesi-ortaya-cikti-17144850443992_1-740x420.jpg","articleSection":["G\u00fcndem"],"inLanguage":"tr","potentialAction":[{"@type":"CommentAction","name":"Comment","target":["https:\/\/kibrisdakik.com\/?p=39902#respond"]}]},{"@type":"WebPage","@id":"https:\/\/kibrisdakik.com\/?p=39902","url":"https:\/\/kibrisdakik.com\/?p=39902","name":"2 komiseri \u015fehit eden polis hakk\u0131nda karar! \u0130fadesi ortaya \u00e7\u0131kt\u0131 -","isPartOf":{"@id":"https:\/\/kibrisdakik.com\/#website"},"primaryImageOfPage":{"@id":"https:\/\/kibrisdakik.com\/?p=39902#primaryimage"},"image":{"@id":"https:\/\/kibrisdakik.com\/?p=39902#primaryimage"},"thumbnailUrl":"https:\/\/kibrisdakik.com\/wp-content\/uploads\/2024\/05\/2-komiseri-sehit-eden-polis-hakkinda-karar-ifadesi-ortaya-cikti-17144850443992_1-740x420.jpg","datePublished":"2024-04-30T18:50:00+00:00","author":{"@id":"https:\/\/kibrisdakik.com\/#\/schema\/person\/9cd9d437bbb44f72b73ba127e06d8e79"},"breadcrumb":{"@id":"https:\/\/kibrisdakik.com\/?p=39902#breadcrumb"},"inLanguage":"tr","potentialAction":[{"@type":"ReadAction","target":["https:\/\/kibrisdakik.com\/?p=39902"]}]},{"@type":"ImageObject","inLanguage":"tr","@id":"https:\/\/kibrisdakik.com\/?p=39902#primaryimage","url":"https:\/\/kibrisdakik.com\/wp-content\/uploads\/2024\/05\/2-komiseri-sehit-eden-polis-hakkinda-karar-ifadesi-ortaya-cikti-17144850443992_1-740x420.jpg","contentUrl":"https:\/\/kibrisdakik.com\/wp-content\/uploads\/2024\/05\/2-komiseri-sehit-eden-polis-hakkinda-karar-ifadesi-ortaya-cikti-17144850443992_1-740x420.jpg","width":1280,"height":721},{"@type":"BreadcrumbList","@id":"https:\/\/kibrisdakik.com\/?p=39902#breadcrumb","itemListElement":[{"@type":"ListItem","position":1,"name":"Home","item":"https:\/\/kibrisdakik.com\/"},{"@type":"ListItem","position":2,"name":"2 komiseri \u015fehit eden polis hakk\u0131nda karar! \u0130fadesi ortaya \u00e7\u0131kt\u0131"}]},{"@type":"WebSite","@id":"https:\/\/kibrisdakik.com\/#website","url":"https:\/\/kibrisdakik.com\/","name":"","description":"Tam vaktinde haber","potentialAction":[{"@type":"SearchAction","target":{"@type":"EntryPoint","urlTemplate":"https:\/\/kibrisdakik.com\/?s={search_term_string}"},"query-input":{"@type":"PropertyValueSpecification","valueRequired":true,"valueName":"search_term_string"}}],"inLanguage":"tr"},{"@type":"Person","@id":"https:\/\/kibrisdakik.com\/#\/schema\/person\/9cd9d437bbb44f72b73ba127e06d8e79","name":"admin","image":{"@type":"ImageObject","inLanguage":"tr","@id":"https:\/\/secure.gravatar.com\/avatar\/ccc17943b9d660506c869530f897617f7cb1c21a4bf30023f252596d83e1f007?s=96&d=mm&r=g","url":"https:\/\/secure.gravatar.com\/avatar\/ccc17943b9d660506c869530f897617f7cb1c21a4bf30023f252596d83e1f007?s=96&d=mm&r=g","contentUrl":"https:\/\/secure.gravatar.com\/avatar\/ccc17943b9d660506c869530f897617f7cb1c21a4bf30023f252596d83e1f007?s=96&d=mm&r=g","caption":"admin"},"sameAs":["https:\/\/kibrisdakik.com"],"url":"https:\/\/kibrisdakik.com\/?author=1"}]}},"_links":{"self":[{"href":"https:\/\/kibrisdakik.com\/index.php?rest_route=\/wp\/v2\/posts\/39902","targetHints":{"allow":["GET"]}}],"collection":[{"href":"https:\/\/kibrisdakik.com\/index.php?rest_route=\/wp\/v2\/posts"}],"about":[{"href":"https:\/\/kibrisdakik.com\/index.php?rest_route=\/wp\/v2\/types\/post"}],"author":[{"embeddable":true,"href":"https:\/\/kibrisdakik.com\/index.php?rest_route=\/wp\/v2\/users\/1"}],"replies":[{"embeddable":true,"href":"https:\/\/kibrisdakik.com\/index.php?rest_route=%2Fwp%2Fv2%2Fcomments&post=39902"}],"version-history":[{"count":0,"href":"https:\/\/kibrisdakik.com\/index.php?rest_route=\/wp\/v2\/posts\/39902\/revisions"}],"wp:featuredmedia":[{"embeddable":true,"href":"https:\/\/kibrisdakik.com\/index.php?rest_route=\/wp\/v2\/media\/39903"}],"wp:attachment":[{"href":"https:\/\/kibrisdakik.com\/index.php?rest_route=%2Fwp%2Fv2%2Fmedia&parent=39902"}],"wp:term":[{"taxonomy":"category","embeddable":true,"href":"https:\/\/kibrisdakik.com\/index.php?rest_route=%2Fwp%2Fv2%2Fcategories&post=39902"},{"taxonomy":"post_tag","embeddable":true,"href":"https:\/\/kibrisdakik.com\/index.php?rest_route=%2Fwp%2Fv2%2Ftags&post=39902"}],"curies":[{"name":"wp","href":"https:\/\/api.w.org\/{rel}","templated":true}]}}