{"id":39934,"date":"2024-05-02T08:34:13","date_gmt":"2024-05-02T08:34:13","guid":{"rendered":"https:\/\/kibrisdakik.com\/index.php\/2024\/05\/02\/unlu-ciftin-oglu-cinsiyet-degistiriyor-adi-artik-ayda\/"},"modified":"2024-05-02T08:34:13","modified_gmt":"2024-05-02T08:34:13","slug":"unlu-ciftin-oglu-cinsiyet-degistiriyor-adi-artik-ayda","status":"publish","type":"post","link":"https:\/\/kibrisdakik.com\/?p=39934","title":{"rendered":"\u00dcnl\u00fc \u00e7iftin o\u011flu cinsiyet de\u011fi\u015ftiriyor&#8230;Ad\u0131 art\u0131k Ayda"},"content":{"rendered":"<p><\/p>\n<p>En son Dilek Ta\u015f\u0131 dizisinde Asuman karakteriyle ekranda boy g\u00f6steren \u00fcnl\u00fc oyuncu&nbsp;\u00c7i\u00e7ek Dilligil&nbsp;ile \u015fark\u0131c\u0131 Bora \u00d6ztoprak&#8217;\u0131n o\u011flu&nbsp;cinsiyet de\u011fi\u015ftirmeye karar verdi.<\/p>\n<p><strong>Ardahan Toprak, ilk i\u015f olarak ad\u0131n\u0131 de\u011fi\u015ftirdi.<\/strong><\/p>\n<p>Kayg\u0131s\u0131zlar, \u00c7\u0131lg\u0131n Bedi\u015f, Kuzenlerim, Nefes Nefese, T\u00f6vbeler Olsun ve Dilek Ta\u015f\u0131 gibi yap\u0131mlarda rol alan \u00c7i\u00e7ek Dilligil, o\u011flunun cinsiyet de\u011fi\u015ftirme haberiyle g\u00fcndem oldu.<\/p>\n<p>\u00c7i\u00e7ek Dilligil ve m\u00fczisyen Bora \u00d6ztoprak&#8217;\u0131n 1997 y\u0131l\u0131nda d\u00fcnyaya gelen o\u011fullar\u0131 Ardahan \u00d6ztoprak e\u011fitimi i\u00e7in Amerika&#8217;ya gitmi\u015fti. Ardahan \u00d6ztoprak&#8217;\u0131n kad\u0131n olmak istedi\u011fi \u00f6\u011frenildi.<\/p>\n<p>\u00c7i\u00e7ek Dilligil&#8217;in o\u011flu Ardahan Toprak ismini Ayda olarak ve fiziksel g\u00f6r\u00fcnt\u00fcs\u00fcn\u00fc de\u011fi\u015ftirdi.<\/p>\n<p>&#8220;ADI ARTIK AYDA&#8230;&#8221;<br \/>\nDilligil, &#8220;26 ya\u015f\u0131nda art\u0131k bir birey. \u00c7ocu\u011fumuzun yan\u0131nday\u0131z; aile olarak onun yan\u0131nday\u0131z. Ad\u0131 art\u0131k Ayda. Uzun da bir s\u00fcre\u00e7 i\u00e7erisinde, bu sabah uyand\u0131m hadi diye bir s\u00fcre\u00e7 de\u011fil&#8230; Heves ve marjinal bir durum da de\u011fil. Amerika&#8217;da ya\u015f\u0131yor biliyorsun; \u00f6nemli kliniklerden de destek al\u0131yor&#8221; dedi.<\/p>\n<p><img decoding=\"async\" src=\"https:\/\/akdenizgercekcomtr.teimg.com\/akdenizgercek-com-tr\/uploads\/2024\/05\/raklalala-vvsd.webp\" \/><\/p>\n","protected":false},"excerpt":{"rendered":"<p>En son Dilek Ta\u015f\u0131 dizisinde Asuman karakteriyle ekranda boy g\u00f6steren \u00fcnl\u00fc oyuncu&nbsp;\u00c7i\u00e7ek Dilligil&nbsp;ile \u015fark\u0131c\u0131 Bora \u00d6ztoprak&#8217;\u0131n o\u011flu&nbsp;cinsiyet de\u011fi\u015ftirmeye karar verdi. Ardahan Toprak, ilk i\u015f olarak ad\u0131n\u0131 de\u011fi\u015ftirdi. Kayg\u0131s\u0131zlar, \u00c7\u0131lg\u0131n Bedi\u015f, Kuzenlerim, Nefes Nefese, T\u00f6vbeler Olsun ve Dilek Ta\u015f\u0131 gibi yap\u0131mlarda rol alan \u00c7i\u00e7ek Dilligil, o\u011flunun cinsiyet de\u011fi\u015ftirme haberiyle g\u00fcndem oldu. \u00c7i\u00e7ek Dilligil ve m\u00fczisyen Bora<\/p>\n","protected":false},"author":1,"featured_media":39935,"comment_status":"open","ping_status":"open","sticky":false,"template":"","format":"standard","meta":{"footnotes":""},"categories":[85],"tags":[],"class_list":["post-39934","post","type-post","status-publish","format-standard","has-post-thumbnail","hentry","category-spor"],"yoast_head":"<!-- This site is optimized with the Yoast SEO plugin v27.5 - https:\/\/yoast.com\/product\/yoast-seo-wordpress\/ -->\n<title>\u00dcnl\u00fc \u00e7iftin o\u011flu cinsiyet de\u011fi\u015ftiriyor...Ad\u0131 art\u0131k Ayda -<\/title>\n<meta name=\"robots\" content=\"index, follow, max-snippet:-1, max-image-preview:large, max-video-preview:-1\" \/>\n<link rel=\"canonical\" href=\"https:\/\/kibrisdakik.com\/?p=39934\" \/>\n<meta property=\"og:locale\" content=\"tr_TR\" \/>\n<meta property=\"og:type\" content=\"article\" \/>\n<meta property=\"og:title\" content=\"\u00dcnl\u00fc \u00e7iftin o\u011flu cinsiyet de\u011fi\u015ftiriyor...Ad\u0131 art\u0131k Ayda -\" \/>\n<meta property=\"og:description\" content=\"En son Dilek Ta\u015f\u0131 dizisinde Asuman karakteriyle ekranda boy g\u00f6steren \u00fcnl\u00fc oyuncu&nbsp;\u00c7i\u00e7ek Dilligil&nbsp;ile \u015fark\u0131c\u0131 Bora \u00d6ztoprak&#8217;\u0131n o\u011flu&nbsp;cinsiyet de\u011fi\u015ftirmeye karar verdi. Ardahan Toprak, ilk i\u015f olarak ad\u0131n\u0131 de\u011fi\u015ftirdi. Kayg\u0131s\u0131zlar, \u00c7\u0131lg\u0131n Bedi\u015f, Kuzenlerim, Nefes Nefese, T\u00f6vbeler Olsun ve Dilek Ta\u015f\u0131 gibi yap\u0131mlarda rol alan \u00c7i\u00e7ek Dilligil, o\u011flunun cinsiyet de\u011fi\u015ftirme haberiyle g\u00fcndem oldu. \u00c7i\u00e7ek Dilligil ve m\u00fczisyen Bora\" \/>\n<meta property=\"og:url\" content=\"https:\/\/kibrisdakik.com\/?p=39934\" \/>\n<meta property=\"article:published_time\" content=\"2024-05-02T08:34:13+00:00\" \/>\n<meta property=\"og:image\" content=\"https:\/\/kibrisdakik.com\/wp-content\/uploads\/2024\/05\/raklalala-vvsd.webp-316x420.webp\" \/>\n\t<meta property=\"og:image:width\" content=\"316\" \/>\n\t<meta property=\"og:image:height\" content=\"480\" \/>\n\t<meta property=\"og:image:type\" content=\"image\/webp\" \/>\n<meta name=\"author\" content=\"admin\" \/>\n<meta name=\"twitter:card\" content=\"summary_large_image\" \/>\n<meta name=\"twitter:label1\" content=\"Yazan:\" \/>\n\t<meta name=\"twitter:data1\" content=\"admin\" \/>\n\t<meta name=\"twitter:label2\" content=\"Tahmini okuma s\u00fcresi\" \/>\n\t<meta name=\"twitter:data2\" content=\"1 dakika\" \/>\n<script type=\"application\/ld+json\" class=\"yoast-schema-graph\">{\"@context\":\"https:\\\/\\\/schema.org\",\"@graph\":[{\"@type\":\"Article\",\"@id\":\"https:\\\/\\\/kibrisdakik.com\\\/?p=39934#article\",\"isPartOf\":{\"@id\":\"https:\\\/\\\/kibrisdakik.com\\\/?p=39934\"},\"author\":{\"name\":\"admin\",\"@id\":\"https:\\\/\\\/kibrisdakik.com\\\/#\\\/schema\\\/person\\\/9cd9d437bbb44f72b73ba127e06d8e79\"},\"headline\":\"\u00dcnl\u00fc \u00e7iftin o\u011flu cinsiyet de\u011fi\u015ftiriyor&#8230;Ad\u0131 art\u0131k Ayda\",\"datePublished\":\"2024-05-02T08:34:13+00:00\",\"mainEntityOfPage\":{\"@id\":\"https:\\\/\\\/kibrisdakik.com\\\/?p=39934\"},\"wordCount\":205,\"commentCount\":0,\"image\":{\"@id\":\"https:\\\/\\\/kibrisdakik.com\\\/?p=39934#primaryimage\"},\"thumbnailUrl\":\"https:\\\/\\\/kibrisdakik.com\\\/wp-content\\\/uploads\\\/2024\\\/05\\\/raklalala-vvsd.webp-316x420.webp\",\"articleSection\":[\"Spor\"],\"inLanguage\":\"tr\",\"potentialAction\":[{\"@type\":\"CommentAction\",\"name\":\"Comment\",\"target\":[\"https:\\\/\\\/kibrisdakik.com\\\/?p=39934#respond\"]}]},{\"@type\":\"WebPage\",\"@id\":\"https:\\\/\\\/kibrisdakik.com\\\/?p=39934\",\"url\":\"https:\\\/\\\/kibrisdakik.com\\\/?p=39934\",\"name\":\"\u00dcnl\u00fc \u00e7iftin o\u011flu cinsiyet de\u011fi\u015ftiriyor...Ad\u0131 art\u0131k Ayda -\",\"isPartOf\":{\"@id\":\"https:\\\/\\\/kibrisdakik.com\\\/#website\"},\"primaryImageOfPage\":{\"@id\":\"https:\\\/\\\/kibrisdakik.com\\\/?p=39934#primaryimage\"},\"image\":{\"@id\":\"https:\\\/\\\/kibrisdakik.com\\\/?p=39934#primaryimage\"},\"thumbnailUrl\":\"https:\\\/\\\/kibrisdakik.com\\\/wp-content\\\/uploads\\\/2024\\\/05\\\/raklalala-vvsd.webp-316x420.webp\",\"datePublished\":\"2024-05-02T08:34:13+00:00\",\"author\":{\"@id\":\"https:\\\/\\\/kibrisdakik.com\\\/#\\\/schema\\\/person\\\/9cd9d437bbb44f72b73ba127e06d8e79\"},\"breadcrumb\":{\"@id\":\"https:\\\/\\\/kibrisdakik.com\\\/?p=39934#breadcrumb\"},\"inLanguage\":\"tr\",\"potentialAction\":[{\"@type\":\"ReadAction\",\"target\":[\"https:\\\/\\\/kibrisdakik.com\\\/?p=39934\"]}]},{\"@type\":\"ImageObject\",\"inLanguage\":\"tr\",\"@id\":\"https:\\\/\\\/kibrisdakik.com\\\/?p=39934#primaryimage\",\"url\":\"https:\\\/\\\/kibrisdakik.com\\\/wp-content\\\/uploads\\\/2024\\\/05\\\/raklalala-vvsd.webp-316x420.webp\",\"contentUrl\":\"https:\\\/\\\/kibrisdakik.com\\\/wp-content\\\/uploads\\\/2024\\\/05\\\/raklalala-vvsd.webp-316x420.webp\",\"width\":316,\"height\":480},{\"@type\":\"BreadcrumbList\",\"@id\":\"https:\\\/\\\/kibrisdakik.com\\\/?p=39934#breadcrumb\",\"itemListElement\":[{\"@type\":\"ListItem\",\"position\":1,\"name\":\"Home\",\"item\":\"https:\\\/\\\/kibrisdakik.com\\\/\"},{\"@type\":\"ListItem\",\"position\":2,\"name\":\"\u00dcnl\u00fc \u00e7iftin o\u011flu cinsiyet de\u011fi\u015ftiriyor&#8230;Ad\u0131 art\u0131k Ayda\"}]},{\"@type\":\"WebSite\",\"@id\":\"https:\\\/\\\/kibrisdakik.com\\\/#website\",\"url\":\"https:\\\/\\\/kibrisdakik.com\\\/\",\"name\":\"\",\"description\":\"Tam vaktinde haber\",\"potentialAction\":[{\"@type\":\"SearchAction\",\"target\":{\"@type\":\"EntryPoint\",\"urlTemplate\":\"https:\\\/\\\/kibrisdakik.com\\\/?s={search_term_string}\"},\"query-input\":{\"@type\":\"PropertyValueSpecification\",\"valueRequired\":true,\"valueName\":\"search_term_string\"}}],\"inLanguage\":\"tr\"},{\"@type\":\"Person\",\"@id\":\"https:\\\/\\\/kibrisdakik.com\\\/#\\\/schema\\\/person\\\/9cd9d437bbb44f72b73ba127e06d8e79\",\"name\":\"admin\",\"image\":{\"@type\":\"ImageObject\",\"inLanguage\":\"tr\",\"@id\":\"https:\\\/\\\/secure.gravatar.com\\\/avatar\\\/ccc17943b9d660506c869530f897617f7cb1c21a4bf30023f252596d83e1f007?s=96&d=mm&r=g\",\"url\":\"https:\\\/\\\/secure.gravatar.com\\\/avatar\\\/ccc17943b9d660506c869530f897617f7cb1c21a4bf30023f252596d83e1f007?s=96&d=mm&r=g\",\"contentUrl\":\"https:\\\/\\\/secure.gravatar.com\\\/avatar\\\/ccc17943b9d660506c869530f897617f7cb1c21a4bf30023f252596d83e1f007?s=96&d=mm&r=g\",\"caption\":\"admin\"},\"sameAs\":[\"https:\\\/\\\/kibrisdakik.com\"],\"url\":\"https:\\\/\\\/kibrisdakik.com\\\/?author=1\"}]}<\/script>\n<!-- \/ Yoast SEO plugin. -->","yoast_head_json":{"title":"\u00dcnl\u00fc \u00e7iftin o\u011flu cinsiyet de\u011fi\u015ftiriyor...Ad\u0131 art\u0131k Ayda -","robots":{"index":"index","follow":"follow","max-snippet":"max-snippet:-1","max-image-preview":"max-image-preview:large","max-video-preview":"max-video-preview:-1"},"canonical":"https:\/\/kibrisdakik.com\/?p=39934","og_locale":"tr_TR","og_type":"article","og_title":"\u00dcnl\u00fc \u00e7iftin o\u011flu cinsiyet de\u011fi\u015ftiriyor...Ad\u0131 art\u0131k Ayda -","og_description":"En son Dilek Ta\u015f\u0131 dizisinde Asuman karakteriyle ekranda boy g\u00f6steren \u00fcnl\u00fc oyuncu&nbsp;\u00c7i\u00e7ek Dilligil&nbsp;ile \u015fark\u0131c\u0131 Bora \u00d6ztoprak&#8217;\u0131n o\u011flu&nbsp;cinsiyet de\u011fi\u015ftirmeye karar verdi. Ardahan Toprak, ilk i\u015f olarak ad\u0131n\u0131 de\u011fi\u015ftirdi. Kayg\u0131s\u0131zlar, \u00c7\u0131lg\u0131n Bedi\u015f, Kuzenlerim, Nefes Nefese, T\u00f6vbeler Olsun ve Dilek Ta\u015f\u0131 gibi yap\u0131mlarda rol alan \u00c7i\u00e7ek Dilligil, o\u011flunun cinsiyet de\u011fi\u015ftirme haberiyle g\u00fcndem oldu. \u00c7i\u00e7ek Dilligil ve m\u00fczisyen Bora","og_url":"https:\/\/kibrisdakik.com\/?p=39934","article_published_time":"2024-05-02T08:34:13+00:00","og_image":[{"width":316,"height":480,"url":"https:\/\/kibrisdakik.com\/wp-content\/uploads\/2024\/05\/raklalala-vvsd.webp-316x420.webp","type":"image\/webp"}],"author":"admin","twitter_card":"summary_large_image","twitter_misc":{"Yazan:":"admin","Tahmini okuma s\u00fcresi":"1 dakika"},"schema":{"@context":"https:\/\/schema.org","@graph":[{"@type":"Article","@id":"https:\/\/kibrisdakik.com\/?p=39934#article","isPartOf":{"@id":"https:\/\/kibrisdakik.com\/?p=39934"},"author":{"name":"admin","@id":"https:\/\/kibrisdakik.com\/#\/schema\/person\/9cd9d437bbb44f72b73ba127e06d8e79"},"headline":"\u00dcnl\u00fc \u00e7iftin o\u011flu cinsiyet de\u011fi\u015ftiriyor&#8230;Ad\u0131 art\u0131k Ayda","datePublished":"2024-05-02T08:34:13+00:00","mainEntityOfPage":{"@id":"https:\/\/kibrisdakik.com\/?p=39934"},"wordCount":205,"commentCount":0,"image":{"@id":"https:\/\/kibrisdakik.com\/?p=39934#primaryimage"},"thumbnailUrl":"https:\/\/kibrisdakik.com\/wp-content\/uploads\/2024\/05\/raklalala-vvsd.webp-316x420.webp","articleSection":["Spor"],"inLanguage":"tr","potentialAction":[{"@type":"CommentAction","name":"Comment","target":["https:\/\/kibrisdakik.com\/?p=39934#respond"]}]},{"@type":"WebPage","@id":"https:\/\/kibrisdakik.com\/?p=39934","url":"https:\/\/kibrisdakik.com\/?p=39934","name":"\u00dcnl\u00fc \u00e7iftin o\u011flu cinsiyet de\u011fi\u015ftiriyor...Ad\u0131 art\u0131k Ayda -","isPartOf":{"@id":"https:\/\/kibrisdakik.com\/#website"},"primaryImageOfPage":{"@id":"https:\/\/kibrisdakik.com\/?p=39934#primaryimage"},"image":{"@id":"https:\/\/kibrisdakik.com\/?p=39934#primaryimage"},"thumbnailUrl":"https:\/\/kibrisdakik.com\/wp-content\/uploads\/2024\/05\/raklalala-vvsd.webp-316x420.webp","datePublished":"2024-05-02T08:34:13+00:00","author":{"@id":"https:\/\/kibrisdakik.com\/#\/schema\/person\/9cd9d437bbb44f72b73ba127e06d8e79"},"breadcrumb":{"@id":"https:\/\/kibrisdakik.com\/?p=39934#breadcrumb"},"inLanguage":"tr","potentialAction":[{"@type":"ReadAction","target":["https:\/\/kibrisdakik.com\/?p=39934"]}]},{"@type":"ImageObject","inLanguage":"tr","@id":"https:\/\/kibrisdakik.com\/?p=39934#primaryimage","url":"https:\/\/kibrisdakik.com\/wp-content\/uploads\/2024\/05\/raklalala-vvsd.webp-316x420.webp","contentUrl":"https:\/\/kibrisdakik.com\/wp-content\/uploads\/2024\/05\/raklalala-vvsd.webp-316x420.webp","width":316,"height":480},{"@type":"BreadcrumbList","@id":"https:\/\/kibrisdakik.com\/?p=39934#breadcrumb","itemListElement":[{"@type":"ListItem","position":1,"name":"Home","item":"https:\/\/kibrisdakik.com\/"},{"@type":"ListItem","position":2,"name":"\u00dcnl\u00fc \u00e7iftin o\u011flu cinsiyet de\u011fi\u015ftiriyor&#8230;Ad\u0131 art\u0131k Ayda"}]},{"@type":"WebSite","@id":"https:\/\/kibrisdakik.com\/#website","url":"https:\/\/kibrisdakik.com\/","name":"","description":"Tam vaktinde haber","potentialAction":[{"@type":"SearchAction","target":{"@type":"EntryPoint","urlTemplate":"https:\/\/kibrisdakik.com\/?s={search_term_string}"},"query-input":{"@type":"PropertyValueSpecification","valueRequired":true,"valueName":"search_term_string"}}],"inLanguage":"tr"},{"@type":"Person","@id":"https:\/\/kibrisdakik.com\/#\/schema\/person\/9cd9d437bbb44f72b73ba127e06d8e79","name":"admin","image":{"@type":"ImageObject","inLanguage":"tr","@id":"https:\/\/secure.gravatar.com\/avatar\/ccc17943b9d660506c869530f897617f7cb1c21a4bf30023f252596d83e1f007?s=96&d=mm&r=g","url":"https:\/\/secure.gravatar.com\/avatar\/ccc17943b9d660506c869530f897617f7cb1c21a4bf30023f252596d83e1f007?s=96&d=mm&r=g","contentUrl":"https:\/\/secure.gravatar.com\/avatar\/ccc17943b9d660506c869530f897617f7cb1c21a4bf30023f252596d83e1f007?s=96&d=mm&r=g","caption":"admin"},"sameAs":["https:\/\/kibrisdakik.com"],"url":"https:\/\/kibrisdakik.com\/?author=1"}]}},"_links":{"self":[{"href":"https:\/\/kibrisdakik.com\/index.php?rest_route=\/wp\/v2\/posts\/39934","targetHints":{"allow":["GET"]}}],"collection":[{"href":"https:\/\/kibrisdakik.com\/index.php?rest_route=\/wp\/v2\/posts"}],"about":[{"href":"https:\/\/kibrisdakik.com\/index.php?rest_route=\/wp\/v2\/types\/post"}],"author":[{"embeddable":true,"href":"https:\/\/kibrisdakik.com\/index.php?rest_route=\/wp\/v2\/users\/1"}],"replies":[{"embeddable":true,"href":"https:\/\/kibrisdakik.com\/index.php?rest_route=%2Fwp%2Fv2%2Fcomments&post=39934"}],"version-history":[{"count":0,"href":"https:\/\/kibrisdakik.com\/index.php?rest_route=\/wp\/v2\/posts\/39934\/revisions"}],"wp:featuredmedia":[{"embeddable":true,"href":"https:\/\/kibrisdakik.com\/index.php?rest_route=\/wp\/v2\/media\/39935"}],"wp:attachment":[{"href":"https:\/\/kibrisdakik.com\/index.php?rest_route=%2Fwp%2Fv2%2Fmedia&parent=39934"}],"wp:term":[{"taxonomy":"category","embeddable":true,"href":"https:\/\/kibrisdakik.com\/index.php?rest_route=%2Fwp%2Fv2%2Fcategories&post=39934"},{"taxonomy":"post_tag","embeddable":true,"href":"https:\/\/kibrisdakik.com\/index.php?rest_route=%2Fwp%2Fv2%2Ftags&post=39934"}],"curies":[{"name":"wp","href":"https:\/\/api.w.org\/{rel}","templated":true}]}}