{"id":40002,"date":"2024-05-02T17:53:48","date_gmt":"2024-05-02T17:53:48","guid":{"rendered":"https:\/\/kibrisdakik.com\/index.php\/2024\/05\/02\/tarim-ve-dogal-kaynaklar-bakanligindan-duyuruakaryakit-desteginin-ilk-kismi-odendi\/"},"modified":"2024-05-02T17:53:48","modified_gmt":"2024-05-02T17:53:48","slug":"tarim-ve-dogal-kaynaklar-bakanligindan-duyuruakaryakit-desteginin-ilk-kismi-odendi","status":"publish","type":"post","link":"https:\/\/kibrisdakik.com\/?p=40002","title":{"rendered":"Tar\u0131m ve Do\u011fal Kaynaklar Bakanl\u0131\u011f\u0131ndan duyuru:Akaryak\u0131t deste\u011finin ilk k\u0131sm\u0131 \u00f6dendi"},"content":{"rendered":"<p><\/p>\n<div>\n<div class=\"mariselle-image-container center\">\n                <img loading=\"lazy\" decoding=\"async\" width=\"798\" height=\"1024\" class=\"lazy-image\" alt=\"\" sizes=\"auto, (max-width: 798px) 100vw, 798px\" src=\"https:\/\/brtk.net\/wp-content\/uploads\/2024\/05\/02\/tarim-bakanligi1731.jpg?ver=da3cfa6f2c09c0fbf2eb08987dcc09f3\" srcset=\"https:\/\/brtk.net\/wp-content\/uploads\/2024\/05\/02\/tarim-bakanligi1731.jpg?ver=da3cfa6f2c09c0fbf2eb08987dcc09f3 798w, https:\/\/brtk.net\/wp-content\/uploads\/2024\/05\/02\/tarim-bakanligi1731-234x300.jpg?ver=da3cfa6f2c09c0fbf2eb08987dcc09f3 234w, https:\/\/brtk.net\/wp-content\/uploads\/2024\/05\/02\/tarim-bakanligi1731-768x986.jpg?ver=57850b3524cab74ab57f02f8f896cd4d 768w\"\/>                            <\/div>\n<p>Tar\u0131m ve Do\u011fal Kaynaklar Bakanl\u0131\u011f\u0131, 2023 y\u0131l\u0131 akaryak\u0131t deste\u011finin y\u00fczde 50\u2019lik ilk k\u0131sm\u0131n\u0131n \u00fcreticilerin hesab\u0131na yat\u0131r\u0131ld\u0131\u011f\u0131n\u0131 duyurdu.<\/p>\n<p>Bakanl\u0131ktan yap\u0131lan a\u00e7\u0131klamada, 2022-2023 bitkisel \u00fcretim sezonu (kuru tar\u0131m, nadas, sulu yem bitkileri, narenciye, ba\u011f, meyve a\u011fa\u00e7lar\u0131, zeytin, badem, harnup, sebze, sera alanlar\u0131, ilkbahar ve sonbahar patatesi) ve 2023 y\u0131l\u0131 bal\u0131k\u00e7\u0131l\u0131k kay\u0131tlar\u0131na g\u00f6re tar\u0131m kesiminin \u00fcretim girdilerine katk\u0131 yapmak amac\u0131yla bu deste\u011fin yap\u0131ld\u0131\u011f\u0131 bildirildi.<\/p>\n<p>8 bin 953 \u00fcreticiye toplam 75.150.180,00 TL\u2019nin \u00f6dendi\u011fi kaydedilen a\u00e7\u0131klamada, \u00fcreticilerin kartlar\u0131na aktar\u0131lan hakedi\u015flerini yar\u0131ndan itibaren akaryak\u0131t istasyonlar\u0131nda kullanabilece\u011fi belirtildi.<\/p>\n<p>A\u00e7\u0131klamada, Tar\u0131m ve Do\u011fal Kaynaklar Bakanl\u0131\u011f\u0131 ile Maliye Bakanl\u0131\u011f\u0131 taraf\u0131ndan yap\u0131lan y\u0131ll\u0131k \u00f6deme takvimi do\u011frultusunda \u00f6demelerin yat\u0131r\u0131ld\u0131\u011f\u0131 ifade edildi.<\/p>\n<\/p><\/div>\n<p><script async\n                    defer\n                    crossorigin=\"anonymous\"\n                    src=\"https:\/\/connect.facebook.net\/tr_TR\/sdk.js#xfbml=1&#038;version=v3.3\"\n            ><\/script><\/p>\n","protected":false},"excerpt":{"rendered":"<p>Tar\u0131m ve Do\u011fal Kaynaklar Bakanl\u0131\u011f\u0131, 2023 y\u0131l\u0131 akaryak\u0131t deste\u011finin y\u00fczde 50\u2019lik ilk k\u0131sm\u0131n\u0131n \u00fcreticilerin hesab\u0131na yat\u0131r\u0131ld\u0131\u011f\u0131n\u0131 duyurdu. Bakanl\u0131ktan yap\u0131lan a\u00e7\u0131klamada, 2022-2023 bitkisel \u00fcretim sezonu (kuru tar\u0131m, nadas, sulu yem bitkileri, narenciye, ba\u011f, meyve a\u011fa\u00e7lar\u0131, zeytin, badem, harnup, sebze, sera alanlar\u0131, ilkbahar ve sonbahar patatesi) ve 2023 y\u0131l\u0131 bal\u0131k\u00e7\u0131l\u0131k kay\u0131tlar\u0131na g\u00f6re tar\u0131m kesiminin \u00fcretim girdilerine katk\u0131<\/p>\n","protected":false},"author":1,"featured_media":40003,"comment_status":"open","ping_status":"open","sticky":false,"template":"","format":"standard","meta":{"footnotes":""},"categories":[1],"tags":[],"class_list":["post-40002","post","type-post","status-publish","format-standard","has-post-thumbnail","hentry","category-gundem"],"yoast_head":"<!-- This site is optimized with the Yoast SEO plugin v27.4 - https:\/\/yoast.com\/product\/yoast-seo-wordpress\/ -->\n<title>Tar\u0131m ve Do\u011fal Kaynaklar Bakanl\u0131\u011f\u0131ndan duyuru:Akaryak\u0131t deste\u011finin ilk k\u0131sm\u0131 \u00f6dendi -<\/title>\n<meta name=\"robots\" content=\"index, follow, max-snippet:-1, max-image-preview:large, max-video-preview:-1\" \/>\n<link rel=\"canonical\" href=\"https:\/\/kibrisdakik.com\/?p=40002\" \/>\n<meta property=\"og:locale\" content=\"tr_TR\" \/>\n<meta property=\"og:type\" content=\"article\" \/>\n<meta property=\"og:title\" content=\"Tar\u0131m ve Do\u011fal Kaynaklar Bakanl\u0131\u011f\u0131ndan duyuru:Akaryak\u0131t deste\u011finin ilk k\u0131sm\u0131 \u00f6dendi -\" \/>\n<meta property=\"og:description\" content=\"Tar\u0131m ve Do\u011fal Kaynaklar Bakanl\u0131\u011f\u0131, 2023 y\u0131l\u0131 akaryak\u0131t deste\u011finin y\u00fczde 50\u2019lik ilk k\u0131sm\u0131n\u0131n \u00fcreticilerin hesab\u0131na yat\u0131r\u0131ld\u0131\u011f\u0131n\u0131 duyurdu. Bakanl\u0131ktan yap\u0131lan a\u00e7\u0131klamada, 2022-2023 bitkisel \u00fcretim sezonu (kuru tar\u0131m, nadas, sulu yem bitkileri, narenciye, ba\u011f, meyve a\u011fa\u00e7lar\u0131, zeytin, badem, harnup, sebze, sera alanlar\u0131, ilkbahar ve sonbahar patatesi) ve 2023 y\u0131l\u0131 bal\u0131k\u00e7\u0131l\u0131k kay\u0131tlar\u0131na g\u00f6re tar\u0131m kesiminin \u00fcretim girdilerine katk\u0131\" \/>\n<meta property=\"og:url\" content=\"https:\/\/kibrisdakik.com\/?p=40002\" \/>\n<meta property=\"article:published_time\" content=\"2024-05-02T17:53:48+00:00\" \/>\n<meta property=\"og:image\" content=\"https:\/\/kibrisdakik.com\/wp-content\/uploads\/2024\/05\/tarim-bakanligi1731-740x420.jpg\" \/>\n\t<meta property=\"og:image:width\" content=\"798\" \/>\n\t<meta property=\"og:image:height\" content=\"1024\" \/>\n\t<meta property=\"og:image:type\" content=\"image\/jpeg\" \/>\n<meta name=\"author\" content=\"admin\" \/>\n<meta name=\"twitter:card\" content=\"summary_large_image\" \/>\n<meta name=\"twitter:label1\" content=\"Yazan:\" \/>\n\t<meta name=\"twitter:data1\" content=\"admin\" \/>\n\t<meta name=\"twitter:label2\" content=\"Tahmini okuma s\u00fcresi\" \/>\n\t<meta name=\"twitter:data2\" content=\"1 dakika\" \/>\n<script type=\"application\/ld+json\" class=\"yoast-schema-graph\">{\"@context\":\"https:\\\/\\\/schema.org\",\"@graph\":[{\"@type\":\"Article\",\"@id\":\"https:\\\/\\\/kibrisdakik.com\\\/?p=40002#article\",\"isPartOf\":{\"@id\":\"https:\\\/\\\/kibrisdakik.com\\\/?p=40002\"},\"author\":{\"name\":\"admin\",\"@id\":\"https:\\\/\\\/kibrisdakik.com\\\/#\\\/schema\\\/person\\\/9cd9d437bbb44f72b73ba127e06d8e79\"},\"headline\":\"Tar\u0131m ve Do\u011fal Kaynaklar Bakanl\u0131\u011f\u0131ndan duyuru:Akaryak\u0131t deste\u011finin ilk k\u0131sm\u0131 \u00f6dendi\",\"datePublished\":\"2024-05-02T17:53:48+00:00\",\"mainEntityOfPage\":{\"@id\":\"https:\\\/\\\/kibrisdakik.com\\\/?p=40002\"},\"wordCount\":162,\"commentCount\":0,\"image\":{\"@id\":\"https:\\\/\\\/kibrisdakik.com\\\/?p=40002#primaryimage\"},\"thumbnailUrl\":\"https:\\\/\\\/kibrisdakik.com\\\/wp-content\\\/uploads\\\/2024\\\/05\\\/tarim-bakanligi1731-740x420.jpg\",\"articleSection\":[\"G\u00fcndem\"],\"inLanguage\":\"tr\",\"potentialAction\":[{\"@type\":\"CommentAction\",\"name\":\"Comment\",\"target\":[\"https:\\\/\\\/kibrisdakik.com\\\/?p=40002#respond\"]}]},{\"@type\":\"WebPage\",\"@id\":\"https:\\\/\\\/kibrisdakik.com\\\/?p=40002\",\"url\":\"https:\\\/\\\/kibrisdakik.com\\\/?p=40002\",\"name\":\"Tar\u0131m ve Do\u011fal Kaynaklar Bakanl\u0131\u011f\u0131ndan duyuru:Akaryak\u0131t deste\u011finin ilk k\u0131sm\u0131 \u00f6dendi -\",\"isPartOf\":{\"@id\":\"https:\\\/\\\/kibrisdakik.com\\\/#website\"},\"primaryImageOfPage\":{\"@id\":\"https:\\\/\\\/kibrisdakik.com\\\/?p=40002#primaryimage\"},\"image\":{\"@id\":\"https:\\\/\\\/kibrisdakik.com\\\/?p=40002#primaryimage\"},\"thumbnailUrl\":\"https:\\\/\\\/kibrisdakik.com\\\/wp-content\\\/uploads\\\/2024\\\/05\\\/tarim-bakanligi1731-740x420.jpg\",\"datePublished\":\"2024-05-02T17:53:48+00:00\",\"author\":{\"@id\":\"https:\\\/\\\/kibrisdakik.com\\\/#\\\/schema\\\/person\\\/9cd9d437bbb44f72b73ba127e06d8e79\"},\"breadcrumb\":{\"@id\":\"https:\\\/\\\/kibrisdakik.com\\\/?p=40002#breadcrumb\"},\"inLanguage\":\"tr\",\"potentialAction\":[{\"@type\":\"ReadAction\",\"target\":[\"https:\\\/\\\/kibrisdakik.com\\\/?p=40002\"]}]},{\"@type\":\"ImageObject\",\"inLanguage\":\"tr\",\"@id\":\"https:\\\/\\\/kibrisdakik.com\\\/?p=40002#primaryimage\",\"url\":\"https:\\\/\\\/kibrisdakik.com\\\/wp-content\\\/uploads\\\/2024\\\/05\\\/tarim-bakanligi1731-740x420.jpg\",\"contentUrl\":\"https:\\\/\\\/kibrisdakik.com\\\/wp-content\\\/uploads\\\/2024\\\/05\\\/tarim-bakanligi1731-740x420.jpg\",\"width\":798,\"height\":1024},{\"@type\":\"BreadcrumbList\",\"@id\":\"https:\\\/\\\/kibrisdakik.com\\\/?p=40002#breadcrumb\",\"itemListElement\":[{\"@type\":\"ListItem\",\"position\":1,\"name\":\"Home\",\"item\":\"https:\\\/\\\/kibrisdakik.com\\\/\"},{\"@type\":\"ListItem\",\"position\":2,\"name\":\"Tar\u0131m ve Do\u011fal Kaynaklar Bakanl\u0131\u011f\u0131ndan duyuru:Akaryak\u0131t deste\u011finin ilk k\u0131sm\u0131 \u00f6dendi\"}]},{\"@type\":\"WebSite\",\"@id\":\"https:\\\/\\\/kibrisdakik.com\\\/#website\",\"url\":\"https:\\\/\\\/kibrisdakik.com\\\/\",\"name\":\"\",\"description\":\"Tam vaktinde haber\",\"potentialAction\":[{\"@type\":\"SearchAction\",\"target\":{\"@type\":\"EntryPoint\",\"urlTemplate\":\"https:\\\/\\\/kibrisdakik.com\\\/?s={search_term_string}\"},\"query-input\":{\"@type\":\"PropertyValueSpecification\",\"valueRequired\":true,\"valueName\":\"search_term_string\"}}],\"inLanguage\":\"tr\"},{\"@type\":\"Person\",\"@id\":\"https:\\\/\\\/kibrisdakik.com\\\/#\\\/schema\\\/person\\\/9cd9d437bbb44f72b73ba127e06d8e79\",\"name\":\"admin\",\"image\":{\"@type\":\"ImageObject\",\"inLanguage\":\"tr\",\"@id\":\"https:\\\/\\\/secure.gravatar.com\\\/avatar\\\/ccc17943b9d660506c869530f897617f7cb1c21a4bf30023f252596d83e1f007?s=96&d=mm&r=g\",\"url\":\"https:\\\/\\\/secure.gravatar.com\\\/avatar\\\/ccc17943b9d660506c869530f897617f7cb1c21a4bf30023f252596d83e1f007?s=96&d=mm&r=g\",\"contentUrl\":\"https:\\\/\\\/secure.gravatar.com\\\/avatar\\\/ccc17943b9d660506c869530f897617f7cb1c21a4bf30023f252596d83e1f007?s=96&d=mm&r=g\",\"caption\":\"admin\"},\"sameAs\":[\"https:\\\/\\\/kibrisdakik.com\"],\"url\":\"https:\\\/\\\/kibrisdakik.com\\\/?author=1\"}]}<\/script>\n<!-- \/ Yoast SEO plugin. -->","yoast_head_json":{"title":"Tar\u0131m ve Do\u011fal Kaynaklar Bakanl\u0131\u011f\u0131ndan duyuru:Akaryak\u0131t deste\u011finin ilk k\u0131sm\u0131 \u00f6dendi -","robots":{"index":"index","follow":"follow","max-snippet":"max-snippet:-1","max-image-preview":"max-image-preview:large","max-video-preview":"max-video-preview:-1"},"canonical":"https:\/\/kibrisdakik.com\/?p=40002","og_locale":"tr_TR","og_type":"article","og_title":"Tar\u0131m ve Do\u011fal Kaynaklar Bakanl\u0131\u011f\u0131ndan duyuru:Akaryak\u0131t deste\u011finin ilk k\u0131sm\u0131 \u00f6dendi -","og_description":"Tar\u0131m ve Do\u011fal Kaynaklar Bakanl\u0131\u011f\u0131, 2023 y\u0131l\u0131 akaryak\u0131t deste\u011finin y\u00fczde 50\u2019lik ilk k\u0131sm\u0131n\u0131n \u00fcreticilerin hesab\u0131na yat\u0131r\u0131ld\u0131\u011f\u0131n\u0131 duyurdu. Bakanl\u0131ktan yap\u0131lan a\u00e7\u0131klamada, 2022-2023 bitkisel \u00fcretim sezonu (kuru tar\u0131m, nadas, sulu yem bitkileri, narenciye, ba\u011f, meyve a\u011fa\u00e7lar\u0131, zeytin, badem, harnup, sebze, sera alanlar\u0131, ilkbahar ve sonbahar patatesi) ve 2023 y\u0131l\u0131 bal\u0131k\u00e7\u0131l\u0131k kay\u0131tlar\u0131na g\u00f6re tar\u0131m kesiminin \u00fcretim girdilerine katk\u0131","og_url":"https:\/\/kibrisdakik.com\/?p=40002","article_published_time":"2024-05-02T17:53:48+00:00","og_image":[{"width":798,"height":1024,"url":"https:\/\/kibrisdakik.com\/wp-content\/uploads\/2024\/05\/tarim-bakanligi1731-740x420.jpg","type":"image\/jpeg"}],"author":"admin","twitter_card":"summary_large_image","twitter_misc":{"Yazan:":"admin","Tahmini okuma s\u00fcresi":"1 dakika"},"schema":{"@context":"https:\/\/schema.org","@graph":[{"@type":"Article","@id":"https:\/\/kibrisdakik.com\/?p=40002#article","isPartOf":{"@id":"https:\/\/kibrisdakik.com\/?p=40002"},"author":{"name":"admin","@id":"https:\/\/kibrisdakik.com\/#\/schema\/person\/9cd9d437bbb44f72b73ba127e06d8e79"},"headline":"Tar\u0131m ve Do\u011fal Kaynaklar Bakanl\u0131\u011f\u0131ndan duyuru:Akaryak\u0131t deste\u011finin ilk k\u0131sm\u0131 \u00f6dendi","datePublished":"2024-05-02T17:53:48+00:00","mainEntityOfPage":{"@id":"https:\/\/kibrisdakik.com\/?p=40002"},"wordCount":162,"commentCount":0,"image":{"@id":"https:\/\/kibrisdakik.com\/?p=40002#primaryimage"},"thumbnailUrl":"https:\/\/kibrisdakik.com\/wp-content\/uploads\/2024\/05\/tarim-bakanligi1731-740x420.jpg","articleSection":["G\u00fcndem"],"inLanguage":"tr","potentialAction":[{"@type":"CommentAction","name":"Comment","target":["https:\/\/kibrisdakik.com\/?p=40002#respond"]}]},{"@type":"WebPage","@id":"https:\/\/kibrisdakik.com\/?p=40002","url":"https:\/\/kibrisdakik.com\/?p=40002","name":"Tar\u0131m ve Do\u011fal Kaynaklar Bakanl\u0131\u011f\u0131ndan duyuru:Akaryak\u0131t deste\u011finin ilk k\u0131sm\u0131 \u00f6dendi -","isPartOf":{"@id":"https:\/\/kibrisdakik.com\/#website"},"primaryImageOfPage":{"@id":"https:\/\/kibrisdakik.com\/?p=40002#primaryimage"},"image":{"@id":"https:\/\/kibrisdakik.com\/?p=40002#primaryimage"},"thumbnailUrl":"https:\/\/kibrisdakik.com\/wp-content\/uploads\/2024\/05\/tarim-bakanligi1731-740x420.jpg","datePublished":"2024-05-02T17:53:48+00:00","author":{"@id":"https:\/\/kibrisdakik.com\/#\/schema\/person\/9cd9d437bbb44f72b73ba127e06d8e79"},"breadcrumb":{"@id":"https:\/\/kibrisdakik.com\/?p=40002#breadcrumb"},"inLanguage":"tr","potentialAction":[{"@type":"ReadAction","target":["https:\/\/kibrisdakik.com\/?p=40002"]}]},{"@type":"ImageObject","inLanguage":"tr","@id":"https:\/\/kibrisdakik.com\/?p=40002#primaryimage","url":"https:\/\/kibrisdakik.com\/wp-content\/uploads\/2024\/05\/tarim-bakanligi1731-740x420.jpg","contentUrl":"https:\/\/kibrisdakik.com\/wp-content\/uploads\/2024\/05\/tarim-bakanligi1731-740x420.jpg","width":798,"height":1024},{"@type":"BreadcrumbList","@id":"https:\/\/kibrisdakik.com\/?p=40002#breadcrumb","itemListElement":[{"@type":"ListItem","position":1,"name":"Home","item":"https:\/\/kibrisdakik.com\/"},{"@type":"ListItem","position":2,"name":"Tar\u0131m ve Do\u011fal Kaynaklar Bakanl\u0131\u011f\u0131ndan duyuru:Akaryak\u0131t deste\u011finin ilk k\u0131sm\u0131 \u00f6dendi"}]},{"@type":"WebSite","@id":"https:\/\/kibrisdakik.com\/#website","url":"https:\/\/kibrisdakik.com\/","name":"","description":"Tam vaktinde haber","potentialAction":[{"@type":"SearchAction","target":{"@type":"EntryPoint","urlTemplate":"https:\/\/kibrisdakik.com\/?s={search_term_string}"},"query-input":{"@type":"PropertyValueSpecification","valueRequired":true,"valueName":"search_term_string"}}],"inLanguage":"tr"},{"@type":"Person","@id":"https:\/\/kibrisdakik.com\/#\/schema\/person\/9cd9d437bbb44f72b73ba127e06d8e79","name":"admin","image":{"@type":"ImageObject","inLanguage":"tr","@id":"https:\/\/secure.gravatar.com\/avatar\/ccc17943b9d660506c869530f897617f7cb1c21a4bf30023f252596d83e1f007?s=96&d=mm&r=g","url":"https:\/\/secure.gravatar.com\/avatar\/ccc17943b9d660506c869530f897617f7cb1c21a4bf30023f252596d83e1f007?s=96&d=mm&r=g","contentUrl":"https:\/\/secure.gravatar.com\/avatar\/ccc17943b9d660506c869530f897617f7cb1c21a4bf30023f252596d83e1f007?s=96&d=mm&r=g","caption":"admin"},"sameAs":["https:\/\/kibrisdakik.com"],"url":"https:\/\/kibrisdakik.com\/?author=1"}]}},"_links":{"self":[{"href":"https:\/\/kibrisdakik.com\/index.php?rest_route=\/wp\/v2\/posts\/40002","targetHints":{"allow":["GET"]}}],"collection":[{"href":"https:\/\/kibrisdakik.com\/index.php?rest_route=\/wp\/v2\/posts"}],"about":[{"href":"https:\/\/kibrisdakik.com\/index.php?rest_route=\/wp\/v2\/types\/post"}],"author":[{"embeddable":true,"href":"https:\/\/kibrisdakik.com\/index.php?rest_route=\/wp\/v2\/users\/1"}],"replies":[{"embeddable":true,"href":"https:\/\/kibrisdakik.com\/index.php?rest_route=%2Fwp%2Fv2%2Fcomments&post=40002"}],"version-history":[{"count":0,"href":"https:\/\/kibrisdakik.com\/index.php?rest_route=\/wp\/v2\/posts\/40002\/revisions"}],"wp:featuredmedia":[{"embeddable":true,"href":"https:\/\/kibrisdakik.com\/index.php?rest_route=\/wp\/v2\/media\/40003"}],"wp:attachment":[{"href":"https:\/\/kibrisdakik.com\/index.php?rest_route=%2Fwp%2Fv2%2Fmedia&parent=40002"}],"wp:term":[{"taxonomy":"category","embeddable":true,"href":"https:\/\/kibrisdakik.com\/index.php?rest_route=%2Fwp%2Fv2%2Fcategories&post=40002"},{"taxonomy":"post_tag","embeddable":true,"href":"https:\/\/kibrisdakik.com\/index.php?rest_route=%2Fwp%2Fv2%2Ftags&post=40002"}],"curies":[{"name":"wp","href":"https:\/\/api.w.org\/{rel}","templated":true}]}}