{"id":40082,"date":"2024-05-03T14:08:49","date_gmt":"2024-05-03T14:08:49","guid":{"rendered":"https:\/\/kibrisdakik.com\/index.php\/2024\/05\/03\/hukumet-diyen-yapi-zangir-zangir-sallaniyor-her-an-her-sey-olabilir\/"},"modified":"2024-05-03T14:08:49","modified_gmt":"2024-05-03T14:08:49","slug":"hukumet-diyen-yapi-zangir-zangir-sallaniyor-her-an-her-sey-olabilir","status":"publish","type":"post","link":"https:\/\/kibrisdakik.com\/?p=40082","title":{"rendered":"\u201cH\u00fck\u00fcmet diyen yap\u0131 zang\u0131r zang\u0131r sallan\u0131yor, her an her \u015fey olabilir\u201d"},"content":{"rendered":"<p><img decoding=\"async\" src=\"https:\/\/www.kibristurk.com\/images\/haberler\/2024\/05\/hukumet-diyen-yapi-zangir-zangir-sallaniyor-her-an-her-sey-olabilir-1714743753.webp\" \/><\/p>\n<p style=\"text-align:left\"><span style=\"font-size:16px\"><span style=\"font-family:Merriweather,serif !important\"><span style=\"color:#000000\"><span style=\"background-color:#ffffff\">Erh\u00fcrman, \u201c\u015eu anda kendine h\u00fck\u00fcmet denen yap\u0131 zang\u0131r zang\u0131r sallan\u0131yor.&nbsp;Ne g\u00fcn d\u00fc\u015fecek, ne g\u00fcn kalkacak, ne g\u00fcn kabine de\u011fi\u015fecek, her an her \u015fey olabilir\u201d\u201d ifadelerini kulland\u0131.<\/span><\/span><\/span><\/span><\/p>\n<p style=\"text-align:left\">&nbsp;<\/p>\n<p style=\"text-align:left\"><span style=\"font-size:16px\"><span style=\"font-family:Merriweather,serif !important\"><span style=\"color:#000000\"><span style=\"background-color:#ffffff\">-&#8220;Bizi \u00e7\u00f6z\u00fcme ula\u015ft\u0131racak bir m\u00fczakere istiyoruz\u201d<\/span><\/span><\/span><\/span><\/p>\n<p style=\"text-align:left\">&nbsp;<\/p>\n<p style=\"text-align:left\"><span style=\"font-size:16px\"><span style=\"font-family:Merriweather,serif !important\"><span style=\"color:#000000\"><span style=\"background-color:#ffffff\">CTP\u2019den verilen bilgiye g\u00f6re, Tufan Erh\u00fcrman K\u0131br\u0131s Postas\u0131 Web TV\u2019de g\u00fcndemi de\u011ferlendirdi. K\u0131br\u0131s konusunda da konu\u015fan Erh\u00fcrman, \u201cBizi \u00e7\u00f6z\u00fcme ula\u015ft\u0131racak bir m\u00fczakere istiyoruz\u201d dedi.<\/span><\/span><\/span><\/span><\/p>\n<p style=\"text-align:left\"><span style=\"font-size:16px\"><span style=\"font-family:Merriweather,serif !important\"><span style=\"color:#000000\"><span style=\"background-color:#ffffff\">K\u0131br\u0131s sorununun toplumlararas\u0131 bir sorun de\u011fil, uluslararas\u0131 bir sorun oldu\u011funa dikkat \u00e7eken Erh\u00fcrman, \u201cK\u0131br\u0131s Cumhuriyeti\u2019nin\u201d de \u00fc\u00e7 garant\u00f6r \u00fclkeyle kuruldu\u011funu an\u0131msatt\u0131.<\/span><\/span><\/span><\/span><\/p>\n<p style=\"text-align:left\">&nbsp;<\/p>\n<p style=\"text-align:left\"><span style=\"font-size:16px\"><span style=\"font-family:Merriweather,serif !important\"><span style=\"color:#000000\"><span style=\"background-color:#ffffff\">-&#8220;G\u00f6r\u00fcnmez bir \u2018m\u00fczakerenin\u2019 \u015fu anda y\u00fcr\u00fcd\u00fc\u011f\u00fcn\u00fc s\u00f6ylemek i\u00e7in kahin olmaya gerek yok&#8221;<\/span><\/span><\/span><\/span><\/p>\n<p style=\"text-align:left\">&nbsp;<\/p>\n<p style=\"text-align:left\"><span style=\"font-size:16px\"><span style=\"font-family:Merriweather,serif !important\"><span style=\"color:#000000\"><span style=\"background-color:#ffffff\">B\u00f6lgenin ko\u015fullar\u0131n\u0131n da ciddi \u015fekilde K\u0131br\u0131s\u2019\u0131 etkiledi\u011fine i\u015faret eden Erh\u00fcrman, &nbsp;\u015f\u00f6yle devam etti:<\/span><\/span><\/span><\/span><\/p>\n<p style=\"text-align:left\"><span style=\"font-size:16px\"><span style=\"font-family:Merriweather,serif !important\"><span style=\"color:#000000\"><span style=\"background-color:#ffffff\">\u201cG\u00f6r\u00fcnmez bir \u2018m\u00fczakerenin\u2019 \u015fu anda y\u00fcr\u00fcd\u00fc\u011f\u00fcn\u00fc s\u00f6ylemek i\u00e7in kahin olmaya gerek yok. \u2018M\u00fczakere \u00f6ncesi m\u00fczakere\u2019 geni\u015f kesimlerle y\u00fcr\u00fct\u00fcl\u00fcyor. Bu sonuca ula\u015f\u0131r m\u0131 ula\u015fmaz m\u0131 g\u00f6rece\u011fiz.\u201d<\/span><\/span><\/span><\/span><\/p>\n<p style=\"text-align:left\"><span style=\"font-size:16px\"><span style=\"font-family:Merriweather,serif !important\"><span style=\"color:#000000\"><span style=\"background-color:#ffffff\">K\u0131br\u0131s sorununda \u2018bir \u015feyler pi\u015firilmeye \u00e7al\u0131\u015f\u0131ld\u0131\u011f\u0131n\u0131\u2019 g\u00f6rd\u00fcklerini kaydeden Erh\u00fcrman, CTP olarak kendi pozisyonlar\u0131n\u0131 ortaya koyduklar\u0131n\u0131n alt\u0131n\u0131 \u00e7izdi.<\/span><\/span><\/span><\/span><\/p>\n<p style=\"text-align:left\"><span style=\"font-size:16px\"><span style=\"font-family:Merriweather,serif !important\"><span style=\"color:#000000\"><span style=\"background-color:#ffffff\">Yeni m\u00fczakere s\u00fcrecinin, sonu\u00e7 al\u0131c\u0131 bir s\u00fcre\u00e7 olmas\u0131 gerekti\u011fini belirten Erh\u00fcrman, \u201cBa\u015flarken nereye varaca\u011f\u0131m\u0131z\u0131, ba\u015flarsa konumumuzun ne olaca\u011f\u0131n\u0131 bilelim. M\u00fczakere istemiyoruz. Bizi \u00e7\u00f6z\u00fcme ula\u015ft\u0131racak bir m\u00fczakere istiyoruz\u201d dedi.<\/span><\/span><\/span><\/span><\/p>\n<p style=\"text-align:left\">&nbsp;<\/p>\n<p style=\"text-align:left\"><span style=\"font-size:16px\"><span style=\"font-family:Merriweather,serif !important\"><span style=\"color:#000000\"><span style=\"background-color:#ffffff\">-&#8220;CTP, bir cumhurba\u015fkan\u0131 aday\u0131 g\u00f6stermelidir ve o se\u00e7imi de kazanmal\u0131d\u0131r&#8221;<\/span><\/span><\/span><\/span><\/p>\n<p style=\"text-align:left\">&nbsp;<\/p>\n<p style=\"text-align:left\">&nbsp;<\/p>\n<p style=\"text-align:left\"><span style=\"font-size:16px\"><span style=\"font-family:Merriweather,serif !important\"><span style=\"color:#000000\"><span style=\"background-color:#ffffff\">\u201cBM\u2019nin kendi s\u00f6z\u00fcne sahip \u00e7\u0131kmas\u0131n\u0131 istiyoruz\u201d diyen Erh\u00fcrman, siyasi e\u015fitlik ilkesini \u201colmazsa olmaz\u201d diye niteledi.<\/span><\/span><\/span><\/span><\/p>\n<p style=\"text-align:left\"><span style=\"font-size:16px\"><span style=\"font-family:Merriweather,serif !important\"><span style=\"color:#000000\"><span style=\"background-color:#ffffff\">Tufan Erh\u00fcrman, \u201cCTP, bir cumhurba\u015fkan\u0131 aday\u0131 g\u00f6stermelidir ve o se\u00e7imi de kazanmal\u0131d\u0131r. Kimin aday olacak meselesini hen\u00fcz masaya yat\u0131rmad\u0131k&#8221; ifadelerini kulland\u0131.<\/span><\/span><\/span><\/span><\/p>\n<p style=\"text-align:left\"><span style=\"font-size:16px\"><span style=\"font-family:Merriweather,serif !important\"><span style=\"color:#000000\"><span style=\"background-color:#ffffff\">-\u201c&nbsp;Memlekette, \u00f6zg\u00fcrl\u00fck atmosferinde de zedelenmeler var\u201d<\/span><\/span><\/span><\/span><\/p>\n<p style=\"text-align:left\"><span style=\"font-size:16px\"><span style=\"font-family:Merriweather,serif !important\"><span style=\"color:#000000\"><span style=\"background-color:#ffffff\">Cumhurba\u015fkanl\u0131\u011f\u0131n\u0131 ve m\u00fczakereleri \u00e7ok \u00f6nemsediklerini vurgulayan Erh\u00fcrman, \u201cBir yandan da bu memlekette h\u00fck\u00fcmet meselesini \u00e7ok \u00f6nemsiyoruz. Memleket, \u00e7ok ciddi sorunlarla kar\u015f\u0131 kar\u015f\u0131ya\u201d dedi.<\/span><\/span><\/span><\/span><\/p>\n<p style=\"text-align:left\"><span style=\"font-size:16px\"><span style=\"font-family:Merriweather,serif !important\"><span style=\"color:#000000\"><span style=\"background-color:#ffffff\">Yoksullu\u011fa, yokluk sorununun da eklendi\u011finin de alt\u0131n\u0131 \u00e7izen Erh\u00fcrman, bir \u015feylerin her g\u00fcn daha k\u00f6t\u00fcye gitti\u011fini s\u00f6yledi.<\/span><\/span><\/span><\/span><\/p>\n<p style=\"text-align:left\"><span style=\"font-size:16px\"><span style=\"font-family:Merriweather,serif !important\"><span style=\"color:#000000\"><span style=\"background-color:#ffffff\">Memlekette, \u00f6zg\u00fcrl\u00fck atmosferinde de zedelenmeler oldu\u011funu s\u00f6yleyen Erh\u00fcrman, e\u011fitimdeki sorunlara da de\u011findi, kamu okullar\u0131ndaki durumun da \u00f6zel okullardaki durum da ortada oldu\u011funu ifade etti.<\/span><\/span><\/span><\/span><\/p>\n<p style=\"text-align:left\"><span style=\"font-size:16px\"><span style=\"font-family:Merriweather,serif !important\"><span style=\"color:#000000\"><span style=\"background-color:#ffffff\">\u201cHi\u00e7 kimsenin inanmad\u0131\u011f\u0131, bilmedi\u011fi, b\u00f6yle bir hikaye\u2026\u201d<\/span><\/span><\/span><\/span><\/p>\n<p style=\"text-align:left\"><span style=\"font-size:16px\"><span style=\"font-family:Merriweather,serif !important\"><span style=\"color:#000000\"><span style=\"background-color:#ffffff\">\u201cBir K\u0131br\u0131sl\u0131 Rum \u00e7ocu\u011fu hangi hak ve olanaklara sahipse, bir K\u0131br\u0131sl\u0131 T\u00fcrk \u00e7ocu\u011fu da ayn\u0131 olanaklara sahip olmal\u0131d\u0131r\u201d diye konu\u015fan Erh\u00fcrman. Kuzey ile g\u00fcney aras\u0131ndaki olanak ba\u011flam\u0131nda mesafenin giderek a\u00e7\u0131ld\u0131\u011f\u0131n\u0131 s\u00f6yledi.<\/span><\/span><\/span><\/span><\/p>\n<p style=\"text-align:left\"><span style=\"font-size:16px\"><span style=\"font-family:Merriweather,serif !important\"><span style=\"color:#000000\"><span style=\"background-color:#ffffff\">Erh\u00fcrman, \u201cEUFA\u2019n\u0131n 17 ya\u015f alt\u0131 \u015fampiyonas\u0131 k\u0131sa bir s\u00fcre sonra Aya Napa\u2019da yap\u0131l\u0131yor. Bizim \u00e7ocuklar\u0131m\u0131z seyretmeye gidecek\u201d dedi.<\/span><\/span><\/span><\/span><\/p>\n<p style=\"text-align:left\"><span style=\"font-size:16px\"><span style=\"font-family:Merriweather,serif !important\"><span style=\"color:#000000\"><span style=\"background-color:#ffffff\">Cumhurba\u015fkanl\u0131\u011f\u0131 makam\u0131ndaki Ersin Tatar\u2019\u0131n, \u201cN\u00fcfusumuz 407 bindir\u201d a\u00e7\u0131klamalar\u0131n\u0131 da de\u011ferlendiren Erh\u00fcrman, \u201cHi\u00e7 kimsenin inanmad\u0131\u011f\u0131, bilmedi\u011fi, b\u00f6yle bir hikaye&#8230;\u201d diye konu\u015ftu.<\/span><\/span><\/span><\/span><\/p>\n<p style=\"text-align:left\"><span style=\"font-size:16px\"><span style=\"font-family:Merriweather,serif !important\"><span style=\"color:#000000\"><span style=\"background-color:#ffffff\">Kamu okullar\u0131nda ger\u00e7ek anlamda tam g\u00fcn e\u011fitimi savunduklar\u0131na dikkat \u00e7eken Erh\u00fcrman, n\u00fcfus planlamas\u0131n\u0131n \u00f6nemine i\u015faret etti.<\/span><\/span><\/span><\/span><\/p>\n<p style=\"text-align:left\"><span style=\"font-size:16px\"><span style=\"font-family:Merriweather,serif !important\"><span style=\"color:#000000\"><span style=\"background-color:#ffffff\">Yap\u0131lan ele\u015ftirileri de yan\u0131tlayan Tufan Erh\u00fcrman, \u201cKimse meclis izlemeye mecbur de\u011fildir. Ama meclisi izlemeyip de ele\u015ftiri yapmak \u00e7ok do\u011fru de\u011fil\u201d diye ekledi.<\/span><\/span><\/span><\/span><\/p>\n","protected":false},"excerpt":{"rendered":"<p>Erh\u00fcrman, \u201c\u015eu anda kendine h\u00fck\u00fcmet denen yap\u0131 zang\u0131r zang\u0131r sallan\u0131yor.&nbsp;Ne g\u00fcn d\u00fc\u015fecek, ne g\u00fcn kalkacak, ne g\u00fcn kabine de\u011fi\u015fecek, her an her \u015fey olabilir\u201d\u201d ifadelerini kulland\u0131. &nbsp; -&#8220;Bizi \u00e7\u00f6z\u00fcme ula\u015ft\u0131racak bir m\u00fczakere istiyoruz\u201d &nbsp; CTP\u2019den verilen bilgiye g\u00f6re, Tufan Erh\u00fcrman K\u0131br\u0131s Postas\u0131 Web TV\u2019de g\u00fcndemi de\u011ferlendirdi. K\u0131br\u0131s konusunda da konu\u015fan Erh\u00fcrman, \u201cBizi \u00e7\u00f6z\u00fcme ula\u015ft\u0131racak bir<\/p>\n","protected":false},"author":1,"featured_media":40083,"comment_status":"open","ping_status":"open","sticky":false,"template":"","format":"standard","meta":{"footnotes":""},"categories":[79],"tags":[],"class_list":["post-40082","post","type-post","status-publish","format-standard","has-post-thumbnail","hentry","category-ekonomi"],"yoast_head":"<!-- This site is optimized with the Yoast SEO plugin v27.4 - https:\/\/yoast.com\/product\/yoast-seo-wordpress\/ -->\n<title>\u201cH\u00fck\u00fcmet diyen yap\u0131 zang\u0131r zang\u0131r sallan\u0131yor, her an her \u015fey olabilir\u201d -<\/title>\n<meta name=\"robots\" content=\"index, follow, max-snippet:-1, max-image-preview:large, max-video-preview:-1\" \/>\n<link rel=\"canonical\" href=\"https:\/\/kibrisdakik.com\/?p=40082\" \/>\n<meta property=\"og:locale\" content=\"tr_TR\" \/>\n<meta property=\"og:type\" content=\"article\" \/>\n<meta property=\"og:title\" content=\"\u201cH\u00fck\u00fcmet diyen yap\u0131 zang\u0131r zang\u0131r sallan\u0131yor, her an her \u015fey olabilir\u201d -\" \/>\n<meta property=\"og:description\" content=\"Erh\u00fcrman, \u201c\u015eu anda kendine h\u00fck\u00fcmet denen yap\u0131 zang\u0131r zang\u0131r sallan\u0131yor.&nbsp;Ne g\u00fcn d\u00fc\u015fecek, ne g\u00fcn kalkacak, ne g\u00fcn kabine de\u011fi\u015fecek, her an her \u015fey olabilir\u201d\u201d ifadelerini kulland\u0131. &nbsp; -&#8220;Bizi \u00e7\u00f6z\u00fcme ula\u015ft\u0131racak bir m\u00fczakere istiyoruz\u201d &nbsp; CTP\u2019den verilen bilgiye g\u00f6re, Tufan Erh\u00fcrman K\u0131br\u0131s Postas\u0131 Web TV\u2019de g\u00fcndemi de\u011ferlendirdi. K\u0131br\u0131s konusunda da konu\u015fan Erh\u00fcrman, \u201cBizi \u00e7\u00f6z\u00fcme ula\u015ft\u0131racak bir\" \/>\n<meta property=\"og:url\" content=\"https:\/\/kibrisdakik.com\/?p=40082\" \/>\n<meta property=\"article:published_time\" content=\"2024-05-03T14:08:49+00:00\" \/>\n<meta property=\"og:image\" content=\"https:\/\/kibrisdakik.com\/wp-content\/uploads\/2024\/05\/hukumet-diyen-yapi-zangir-zangir-sallaniyor-her-an-her-sey-olabilir-1714743753.webp.webp\" \/>\n\t<meta property=\"og:image:width\" content=\"710\" \/>\n\t<meta property=\"og:image:height\" content=\"370\" \/>\n\t<meta property=\"og:image:type\" content=\"image\/webp\" \/>\n<meta name=\"author\" content=\"admin\" \/>\n<meta name=\"twitter:card\" content=\"summary_large_image\" \/>\n<meta name=\"twitter:label1\" content=\"Yazan:\" \/>\n\t<meta name=\"twitter:data1\" content=\"admin\" \/>\n\t<meta name=\"twitter:label2\" content=\"Tahmini okuma s\u00fcresi\" \/>\n\t<meta name=\"twitter:data2\" content=\"3 dakika\" \/>\n<script type=\"application\/ld+json\" class=\"yoast-schema-graph\">{\"@context\":\"https:\\\/\\\/schema.org\",\"@graph\":[{\"@type\":\"Article\",\"@id\":\"https:\\\/\\\/kibrisdakik.com\\\/?p=40082#article\",\"isPartOf\":{\"@id\":\"https:\\\/\\\/kibrisdakik.com\\\/?p=40082\"},\"author\":{\"name\":\"admin\",\"@id\":\"https:\\\/\\\/kibrisdakik.com\\\/#\\\/schema\\\/person\\\/9cd9d437bbb44f72b73ba127e06d8e79\"},\"headline\":\"\u201cH\u00fck\u00fcmet diyen yap\u0131 zang\u0131r zang\u0131r sallan\u0131yor, her an her \u015fey olabilir\u201d\",\"datePublished\":\"2024-05-03T14:08:49+00:00\",\"mainEntityOfPage\":{\"@id\":\"https:\\\/\\\/kibrisdakik.com\\\/?p=40082\"},\"wordCount\":642,\"commentCount\":0,\"image\":{\"@id\":\"https:\\\/\\\/kibrisdakik.com\\\/?p=40082#primaryimage\"},\"thumbnailUrl\":\"https:\\\/\\\/kibrisdakik.com\\\/wp-content\\\/uploads\\\/2024\\\/05\\\/hukumet-diyen-yapi-zangir-zangir-sallaniyor-her-an-her-sey-olabilir-1714743753.webp.webp\",\"articleSection\":[\"Ekonomi\"],\"inLanguage\":\"tr\",\"potentialAction\":[{\"@type\":\"CommentAction\",\"name\":\"Comment\",\"target\":[\"https:\\\/\\\/kibrisdakik.com\\\/?p=40082#respond\"]}]},{\"@type\":\"WebPage\",\"@id\":\"https:\\\/\\\/kibrisdakik.com\\\/?p=40082\",\"url\":\"https:\\\/\\\/kibrisdakik.com\\\/?p=40082\",\"name\":\"\u201cH\u00fck\u00fcmet diyen yap\u0131 zang\u0131r zang\u0131r sallan\u0131yor, her an her \u015fey olabilir\u201d -\",\"isPartOf\":{\"@id\":\"https:\\\/\\\/kibrisdakik.com\\\/#website\"},\"primaryImageOfPage\":{\"@id\":\"https:\\\/\\\/kibrisdakik.com\\\/?p=40082#primaryimage\"},\"image\":{\"@id\":\"https:\\\/\\\/kibrisdakik.com\\\/?p=40082#primaryimage\"},\"thumbnailUrl\":\"https:\\\/\\\/kibrisdakik.com\\\/wp-content\\\/uploads\\\/2024\\\/05\\\/hukumet-diyen-yapi-zangir-zangir-sallaniyor-her-an-her-sey-olabilir-1714743753.webp.webp\",\"datePublished\":\"2024-05-03T14:08:49+00:00\",\"author\":{\"@id\":\"https:\\\/\\\/kibrisdakik.com\\\/#\\\/schema\\\/person\\\/9cd9d437bbb44f72b73ba127e06d8e79\"},\"breadcrumb\":{\"@id\":\"https:\\\/\\\/kibrisdakik.com\\\/?p=40082#breadcrumb\"},\"inLanguage\":\"tr\",\"potentialAction\":[{\"@type\":\"ReadAction\",\"target\":[\"https:\\\/\\\/kibrisdakik.com\\\/?p=40082\"]}]},{\"@type\":\"ImageObject\",\"inLanguage\":\"tr\",\"@id\":\"https:\\\/\\\/kibrisdakik.com\\\/?p=40082#primaryimage\",\"url\":\"https:\\\/\\\/kibrisdakik.com\\\/wp-content\\\/uploads\\\/2024\\\/05\\\/hukumet-diyen-yapi-zangir-zangir-sallaniyor-her-an-her-sey-olabilir-1714743753.webp.webp\",\"contentUrl\":\"https:\\\/\\\/kibrisdakik.com\\\/wp-content\\\/uploads\\\/2024\\\/05\\\/hukumet-diyen-yapi-zangir-zangir-sallaniyor-her-an-her-sey-olabilir-1714743753.webp.webp\",\"width\":710,\"height\":370},{\"@type\":\"BreadcrumbList\",\"@id\":\"https:\\\/\\\/kibrisdakik.com\\\/?p=40082#breadcrumb\",\"itemListElement\":[{\"@type\":\"ListItem\",\"position\":1,\"name\":\"Home\",\"item\":\"https:\\\/\\\/kibrisdakik.com\\\/\"},{\"@type\":\"ListItem\",\"position\":2,\"name\":\"\u201cH\u00fck\u00fcmet diyen yap\u0131 zang\u0131r zang\u0131r sallan\u0131yor, her an her \u015fey olabilir\u201d\"}]},{\"@type\":\"WebSite\",\"@id\":\"https:\\\/\\\/kibrisdakik.com\\\/#website\",\"url\":\"https:\\\/\\\/kibrisdakik.com\\\/\",\"name\":\"\",\"description\":\"Tam vaktinde haber\",\"potentialAction\":[{\"@type\":\"SearchAction\",\"target\":{\"@type\":\"EntryPoint\",\"urlTemplate\":\"https:\\\/\\\/kibrisdakik.com\\\/?s={search_term_string}\"},\"query-input\":{\"@type\":\"PropertyValueSpecification\",\"valueRequired\":true,\"valueName\":\"search_term_string\"}}],\"inLanguage\":\"tr\"},{\"@type\":\"Person\",\"@id\":\"https:\\\/\\\/kibrisdakik.com\\\/#\\\/schema\\\/person\\\/9cd9d437bbb44f72b73ba127e06d8e79\",\"name\":\"admin\",\"image\":{\"@type\":\"ImageObject\",\"inLanguage\":\"tr\",\"@id\":\"https:\\\/\\\/secure.gravatar.com\\\/avatar\\\/ccc17943b9d660506c869530f897617f7cb1c21a4bf30023f252596d83e1f007?s=96&d=mm&r=g\",\"url\":\"https:\\\/\\\/secure.gravatar.com\\\/avatar\\\/ccc17943b9d660506c869530f897617f7cb1c21a4bf30023f252596d83e1f007?s=96&d=mm&r=g\",\"contentUrl\":\"https:\\\/\\\/secure.gravatar.com\\\/avatar\\\/ccc17943b9d660506c869530f897617f7cb1c21a4bf30023f252596d83e1f007?s=96&d=mm&r=g\",\"caption\":\"admin\"},\"sameAs\":[\"https:\\\/\\\/kibrisdakik.com\"],\"url\":\"https:\\\/\\\/kibrisdakik.com\\\/?author=1\"}]}<\/script>\n<!-- \/ Yoast SEO plugin. -->","yoast_head_json":{"title":"\u201cH\u00fck\u00fcmet diyen yap\u0131 zang\u0131r zang\u0131r sallan\u0131yor, her an her \u015fey olabilir\u201d -","robots":{"index":"index","follow":"follow","max-snippet":"max-snippet:-1","max-image-preview":"max-image-preview:large","max-video-preview":"max-video-preview:-1"},"canonical":"https:\/\/kibrisdakik.com\/?p=40082","og_locale":"tr_TR","og_type":"article","og_title":"\u201cH\u00fck\u00fcmet diyen yap\u0131 zang\u0131r zang\u0131r sallan\u0131yor, her an her \u015fey olabilir\u201d -","og_description":"Erh\u00fcrman, \u201c\u015eu anda kendine h\u00fck\u00fcmet denen yap\u0131 zang\u0131r zang\u0131r sallan\u0131yor.&nbsp;Ne g\u00fcn d\u00fc\u015fecek, ne g\u00fcn kalkacak, ne g\u00fcn kabine de\u011fi\u015fecek, her an her \u015fey olabilir\u201d\u201d ifadelerini kulland\u0131. &nbsp; -&#8220;Bizi \u00e7\u00f6z\u00fcme ula\u015ft\u0131racak bir m\u00fczakere istiyoruz\u201d &nbsp; CTP\u2019den verilen bilgiye g\u00f6re, Tufan Erh\u00fcrman K\u0131br\u0131s Postas\u0131 Web TV\u2019de g\u00fcndemi de\u011ferlendirdi. K\u0131br\u0131s konusunda da konu\u015fan Erh\u00fcrman, \u201cBizi \u00e7\u00f6z\u00fcme ula\u015ft\u0131racak bir","og_url":"https:\/\/kibrisdakik.com\/?p=40082","article_published_time":"2024-05-03T14:08:49+00:00","og_image":[{"width":710,"height":370,"url":"https:\/\/kibrisdakik.com\/wp-content\/uploads\/2024\/05\/hukumet-diyen-yapi-zangir-zangir-sallaniyor-her-an-her-sey-olabilir-1714743753.webp.webp","type":"image\/webp"}],"author":"admin","twitter_card":"summary_large_image","twitter_misc":{"Yazan:":"admin","Tahmini okuma s\u00fcresi":"3 dakika"},"schema":{"@context":"https:\/\/schema.org","@graph":[{"@type":"Article","@id":"https:\/\/kibrisdakik.com\/?p=40082#article","isPartOf":{"@id":"https:\/\/kibrisdakik.com\/?p=40082"},"author":{"name":"admin","@id":"https:\/\/kibrisdakik.com\/#\/schema\/person\/9cd9d437bbb44f72b73ba127e06d8e79"},"headline":"\u201cH\u00fck\u00fcmet diyen yap\u0131 zang\u0131r zang\u0131r sallan\u0131yor, her an her \u015fey olabilir\u201d","datePublished":"2024-05-03T14:08:49+00:00","mainEntityOfPage":{"@id":"https:\/\/kibrisdakik.com\/?p=40082"},"wordCount":642,"commentCount":0,"image":{"@id":"https:\/\/kibrisdakik.com\/?p=40082#primaryimage"},"thumbnailUrl":"https:\/\/kibrisdakik.com\/wp-content\/uploads\/2024\/05\/hukumet-diyen-yapi-zangir-zangir-sallaniyor-her-an-her-sey-olabilir-1714743753.webp.webp","articleSection":["Ekonomi"],"inLanguage":"tr","potentialAction":[{"@type":"CommentAction","name":"Comment","target":["https:\/\/kibrisdakik.com\/?p=40082#respond"]}]},{"@type":"WebPage","@id":"https:\/\/kibrisdakik.com\/?p=40082","url":"https:\/\/kibrisdakik.com\/?p=40082","name":"\u201cH\u00fck\u00fcmet diyen yap\u0131 zang\u0131r zang\u0131r sallan\u0131yor, her an her \u015fey olabilir\u201d -","isPartOf":{"@id":"https:\/\/kibrisdakik.com\/#website"},"primaryImageOfPage":{"@id":"https:\/\/kibrisdakik.com\/?p=40082#primaryimage"},"image":{"@id":"https:\/\/kibrisdakik.com\/?p=40082#primaryimage"},"thumbnailUrl":"https:\/\/kibrisdakik.com\/wp-content\/uploads\/2024\/05\/hukumet-diyen-yapi-zangir-zangir-sallaniyor-her-an-her-sey-olabilir-1714743753.webp.webp","datePublished":"2024-05-03T14:08:49+00:00","author":{"@id":"https:\/\/kibrisdakik.com\/#\/schema\/person\/9cd9d437bbb44f72b73ba127e06d8e79"},"breadcrumb":{"@id":"https:\/\/kibrisdakik.com\/?p=40082#breadcrumb"},"inLanguage":"tr","potentialAction":[{"@type":"ReadAction","target":["https:\/\/kibrisdakik.com\/?p=40082"]}]},{"@type":"ImageObject","inLanguage":"tr","@id":"https:\/\/kibrisdakik.com\/?p=40082#primaryimage","url":"https:\/\/kibrisdakik.com\/wp-content\/uploads\/2024\/05\/hukumet-diyen-yapi-zangir-zangir-sallaniyor-her-an-her-sey-olabilir-1714743753.webp.webp","contentUrl":"https:\/\/kibrisdakik.com\/wp-content\/uploads\/2024\/05\/hukumet-diyen-yapi-zangir-zangir-sallaniyor-her-an-her-sey-olabilir-1714743753.webp.webp","width":710,"height":370},{"@type":"BreadcrumbList","@id":"https:\/\/kibrisdakik.com\/?p=40082#breadcrumb","itemListElement":[{"@type":"ListItem","position":1,"name":"Home","item":"https:\/\/kibrisdakik.com\/"},{"@type":"ListItem","position":2,"name":"\u201cH\u00fck\u00fcmet diyen yap\u0131 zang\u0131r zang\u0131r sallan\u0131yor, her an her \u015fey olabilir\u201d"}]},{"@type":"WebSite","@id":"https:\/\/kibrisdakik.com\/#website","url":"https:\/\/kibrisdakik.com\/","name":"","description":"Tam vaktinde haber","potentialAction":[{"@type":"SearchAction","target":{"@type":"EntryPoint","urlTemplate":"https:\/\/kibrisdakik.com\/?s={search_term_string}"},"query-input":{"@type":"PropertyValueSpecification","valueRequired":true,"valueName":"search_term_string"}}],"inLanguage":"tr"},{"@type":"Person","@id":"https:\/\/kibrisdakik.com\/#\/schema\/person\/9cd9d437bbb44f72b73ba127e06d8e79","name":"admin","image":{"@type":"ImageObject","inLanguage":"tr","@id":"https:\/\/secure.gravatar.com\/avatar\/ccc17943b9d660506c869530f897617f7cb1c21a4bf30023f252596d83e1f007?s=96&d=mm&r=g","url":"https:\/\/secure.gravatar.com\/avatar\/ccc17943b9d660506c869530f897617f7cb1c21a4bf30023f252596d83e1f007?s=96&d=mm&r=g","contentUrl":"https:\/\/secure.gravatar.com\/avatar\/ccc17943b9d660506c869530f897617f7cb1c21a4bf30023f252596d83e1f007?s=96&d=mm&r=g","caption":"admin"},"sameAs":["https:\/\/kibrisdakik.com"],"url":"https:\/\/kibrisdakik.com\/?author=1"}]}},"_links":{"self":[{"href":"https:\/\/kibrisdakik.com\/index.php?rest_route=\/wp\/v2\/posts\/40082","targetHints":{"allow":["GET"]}}],"collection":[{"href":"https:\/\/kibrisdakik.com\/index.php?rest_route=\/wp\/v2\/posts"}],"about":[{"href":"https:\/\/kibrisdakik.com\/index.php?rest_route=\/wp\/v2\/types\/post"}],"author":[{"embeddable":true,"href":"https:\/\/kibrisdakik.com\/index.php?rest_route=\/wp\/v2\/users\/1"}],"replies":[{"embeddable":true,"href":"https:\/\/kibrisdakik.com\/index.php?rest_route=%2Fwp%2Fv2%2Fcomments&post=40082"}],"version-history":[{"count":0,"href":"https:\/\/kibrisdakik.com\/index.php?rest_route=\/wp\/v2\/posts\/40082\/revisions"}],"wp:featuredmedia":[{"embeddable":true,"href":"https:\/\/kibrisdakik.com\/index.php?rest_route=\/wp\/v2\/media\/40083"}],"wp:attachment":[{"href":"https:\/\/kibrisdakik.com\/index.php?rest_route=%2Fwp%2Fv2%2Fmedia&parent=40082"}],"wp:term":[{"taxonomy":"category","embeddable":true,"href":"https:\/\/kibrisdakik.com\/index.php?rest_route=%2Fwp%2Fv2%2Fcategories&post=40082"},{"taxonomy":"post_tag","embeddable":true,"href":"https:\/\/kibrisdakik.com\/index.php?rest_route=%2Fwp%2Fv2%2Ftags&post=40082"}],"curies":[{"name":"wp","href":"https:\/\/api.w.org\/{rel}","templated":true}]}}