{"id":40105,"date":"2024-05-03T16:17:48","date_gmt":"2024-05-03T16:17:48","guid":{"rendered":"https:\/\/kibrisdakik.com\/index.php\/2024\/05\/03\/pazar-gunu-feshedilecek-milletin-partisinin-uyeleri-ydpye-katilacak-arikli-bu-birlesme-kardeslerin-birlesmesi-kucaklasmasi-olacak\/"},"modified":"2024-05-03T16:17:48","modified_gmt":"2024-05-03T16:17:48","slug":"pazar-gunu-feshedilecek-milletin-partisinin-uyeleri-ydpye-katilacak-arikli-bu-birlesme-kardeslerin-birlesmesi-kucaklasmasi-olacak","status":"publish","type":"post","link":"https:\/\/kibrisdakik.com\/?p=40105","title":{"rendered":"Pazar g\u00fcn\u00fc feshedilecek Milletin Partisi\u2019nin \u00fcyeleri YDP\u2019ye kat\u0131lacak.. Ar\u0131kl\u0131: \u201cBu birle\u015fme, karde\u015flerin birle\u015fmesi, kucakla\u015fmas\u0131 olacak\u201d"},"content":{"rendered":"<p><\/p>\n<div>\n<div class=\"mariselle-image-container center\">\n                <img loading=\"lazy\" decoding=\"async\" width=\"740\" height=\"420\" class=\"lazy-image\" alt=\"\" sizes=\"auto, (max-width: 740px) 100vw, 740px\" src=\"https:\/\/brtk.net\/wp-content\/uploads\/2024\/05\/03\/ydp-arikli.jpg?ver=24835d6dd733fcf1a70dc7d45ae0989d\" srcset=\"https:\/\/brtk.net\/wp-content\/uploads\/2024\/05\/03\/ydp-arikli.jpg?ver=24835d6dd733fcf1a70dc7d45ae0989d 740w, https:\/\/brtk.net\/wp-content\/uploads\/2024\/05\/03\/ydp-arikli-300x170.jpg?ver=e98ce00676593eb7dc8489ee8aeacb5b 300w\"\/>                            <\/div>\n<p>Milletin Partisi (MP) pazar g\u00fcn\u00fc fesih edilecek ve partinin \u00fcyeleri Yeniden Do\u011fu\u015f Partisi\u2019ne (YDP) kat\u0131lacak.<\/p>\n<p>YDP de bunun i\u00e7in ayn\u0131 g\u00fcn t\u00fcz\u00fck kurultay\u0131na gidecek. Kurultay, pazar g\u00fcn\u00fc saat 10.00\u2019da Lefko\u015fa\u2019da Rauf Denkta\u015f \u00dcniversitesi K\u00fclt\u00fcr Merkezi\u2019nde yap\u0131lacak.<\/p>\n<p>YDP Genel Ba\u015fkan\u0131, Bay\u0131nd\u0131rl\u0131k ve Ula\u015ft\u0131rma Bakan\u0131 Erhan Ar\u0131kl\u0131, konuyla ilgili a\u00e7\u0131klamas\u0131nda, \u201cBu birle\u015fme, karde\u015flerin birle\u015fmesi, kucakla\u015fmas\u0131 olacak\u201d dedi.<\/p>\n<p>-\u00dcyeler YDP \u00e7at\u0131s\u0131 alt\u0131nda birle\u015fecek<\/p>\n<p>Partiden yap\u0131lan a\u00e7\u0131klamada, Milletin Partisi\u2019nin YDP\u2019ye iltihak\u0131 ile ilgili \u00e7al\u0131\u015fmalar\u0131n pazar g\u00fcn\u00fc her iki partinin yapaca\u011f\u0131 kongrelerle sonuca ula\u015faca\u011f\u0131 kaydedildi.<\/p>\n<p>Verilen bilgiye g\u00f6re, pazar g\u00fcn\u00fc \u00f6nce Millet Partisi feshedilecek. Daha sonra da YDP, T\u00fcz\u00fck Kurultay\u0131\u2019nda birle\u015fmeyi onaylayacak.<\/p>\n<p>YDP Genel Ba\u015fkan\u0131, Bay\u0131nd\u0131rl\u0131k ve Ula\u015ft\u0131rma Bakan\u0131 Erhan Ar\u0131kl\u0131, konuyla ilgili a\u00e7\u0131klamas\u0131nda YDP\u2019yi b\u00fcy\u00fct\u00fcp ilk se\u00e7imlerde iktidar\u0131n g\u00fc\u00e7l\u00fc orta\u011f\u0131 yapmak istediklerini belirtti.<\/p>\n<p>Ar\u0131kl\u0131, \u201cB\u00fcy\u00fcmenin bir aya\u011f\u0131 Turan B\u00fcy\u00fcky\u0131lmaz ve ekibini tekrar partiye kazand\u0131rmakt\u0131. Kazand\u0131rd\u0131k. \u015eimdi de ikinci aya\u011f\u0131n\u0131 partiye kazand\u0131rmak i\u00e7in Milletin Partisi ile birle\u015fiyoruz\u2026\u201d diye konu\u015ftu.<\/p>\n<\/p><\/div>\n<p><script async\n                    defer\n                    crossorigin=\"anonymous\"\n                    src=\"https:\/\/connect.facebook.net\/tr_TR\/sdk.js#xfbml=1&#038;version=v3.3\"\n            ><\/script><\/p>\n","protected":false},"excerpt":{"rendered":"<p>Milletin Partisi (MP) pazar g\u00fcn\u00fc fesih edilecek ve partinin \u00fcyeleri Yeniden Do\u011fu\u015f Partisi\u2019ne (YDP) kat\u0131lacak. YDP de bunun i\u00e7in ayn\u0131 g\u00fcn t\u00fcz\u00fck kurultay\u0131na gidecek. Kurultay, pazar g\u00fcn\u00fc saat 10.00\u2019da Lefko\u015fa\u2019da Rauf Denkta\u015f \u00dcniversitesi K\u00fclt\u00fcr Merkezi\u2019nde yap\u0131lacak. YDP Genel Ba\u015fkan\u0131, Bay\u0131nd\u0131rl\u0131k ve Ula\u015ft\u0131rma Bakan\u0131 Erhan Ar\u0131kl\u0131, konuyla ilgili a\u00e7\u0131klamas\u0131nda, \u201cBu birle\u015fme, karde\u015flerin birle\u015fmesi, kucakla\u015fmas\u0131 olacak\u201d dedi.<\/p>\n","protected":false},"author":1,"featured_media":40106,"comment_status":"open","ping_status":"open","sticky":false,"template":"","format":"standard","meta":{"footnotes":""},"categories":[1],"tags":[],"class_list":["post-40105","post","type-post","status-publish","format-standard","has-post-thumbnail","hentry","category-gundem"],"yoast_head":"<!-- This site is optimized with the Yoast SEO plugin v27.5 - https:\/\/yoast.com\/product\/yoast-seo-wordpress\/ -->\n<title>Pazar g\u00fcn\u00fc feshedilecek Milletin Partisi\u2019nin \u00fcyeleri YDP\u2019ye kat\u0131lacak.. Ar\u0131kl\u0131: \u201cBu birle\u015fme, karde\u015flerin birle\u015fmesi, kucakla\u015fmas\u0131 olacak\u201d -<\/title>\n<meta name=\"robots\" content=\"index, follow, max-snippet:-1, max-image-preview:large, max-video-preview:-1\" \/>\n<link rel=\"canonical\" href=\"https:\/\/kibrisdakik.com\/?p=40105\" \/>\n<meta property=\"og:locale\" content=\"tr_TR\" \/>\n<meta property=\"og:type\" content=\"article\" \/>\n<meta property=\"og:title\" content=\"Pazar g\u00fcn\u00fc feshedilecek Milletin Partisi\u2019nin \u00fcyeleri YDP\u2019ye kat\u0131lacak.. Ar\u0131kl\u0131: \u201cBu birle\u015fme, karde\u015flerin birle\u015fmesi, kucakla\u015fmas\u0131 olacak\u201d -\" \/>\n<meta property=\"og:description\" content=\"Milletin Partisi (MP) pazar g\u00fcn\u00fc fesih edilecek ve partinin \u00fcyeleri Yeniden Do\u011fu\u015f Partisi\u2019ne (YDP) kat\u0131lacak. YDP de bunun i\u00e7in ayn\u0131 g\u00fcn t\u00fcz\u00fck kurultay\u0131na gidecek. Kurultay, pazar g\u00fcn\u00fc saat 10.00\u2019da Lefko\u015fa\u2019da Rauf Denkta\u015f \u00dcniversitesi K\u00fclt\u00fcr Merkezi\u2019nde yap\u0131lacak. YDP Genel Ba\u015fkan\u0131, Bay\u0131nd\u0131rl\u0131k ve Ula\u015ft\u0131rma Bakan\u0131 Erhan Ar\u0131kl\u0131, konuyla ilgili a\u00e7\u0131klamas\u0131nda, \u201cBu birle\u015fme, karde\u015flerin birle\u015fmesi, kucakla\u015fmas\u0131 olacak\u201d dedi.\" \/>\n<meta property=\"og:url\" content=\"https:\/\/kibrisdakik.com\/?p=40105\" \/>\n<meta property=\"article:published_time\" content=\"2024-05-03T16:17:48+00:00\" \/>\n<meta property=\"og:image\" content=\"https:\/\/kibrisdakik.com\/wp-content\/uploads\/2024\/05\/ydp-arikli.jpg\" \/>\n\t<meta property=\"og:image:width\" content=\"740\" \/>\n\t<meta property=\"og:image:height\" content=\"420\" \/>\n\t<meta property=\"og:image:type\" content=\"image\/jpeg\" \/>\n<meta name=\"author\" content=\"admin\" \/>\n<meta name=\"twitter:card\" content=\"summary_large_image\" \/>\n<meta name=\"twitter:label1\" content=\"Yazan:\" \/>\n\t<meta name=\"twitter:data1\" content=\"admin\" \/>\n\t<meta name=\"twitter:label2\" content=\"Tahmini okuma s\u00fcresi\" \/>\n\t<meta name=\"twitter:data2\" content=\"1 dakika\" \/>\n<script type=\"application\/ld+json\" class=\"yoast-schema-graph\">{\"@context\":\"https:\\\/\\\/schema.org\",\"@graph\":[{\"@type\":\"Article\",\"@id\":\"https:\\\/\\\/kibrisdakik.com\\\/?p=40105#article\",\"isPartOf\":{\"@id\":\"https:\\\/\\\/kibrisdakik.com\\\/?p=40105\"},\"author\":{\"name\":\"admin\",\"@id\":\"https:\\\/\\\/kibrisdakik.com\\\/#\\\/schema\\\/person\\\/9cd9d437bbb44f72b73ba127e06d8e79\"},\"headline\":\"Pazar g\u00fcn\u00fc feshedilecek Milletin Partisi\u2019nin \u00fcyeleri YDP\u2019ye kat\u0131lacak.. Ar\u0131kl\u0131: \u201cBu birle\u015fme, karde\u015flerin birle\u015fmesi, kucakla\u015fmas\u0131 olacak\u201d\",\"datePublished\":\"2024-05-03T16:17:48+00:00\",\"mainEntityOfPage\":{\"@id\":\"https:\\\/\\\/kibrisdakik.com\\\/?p=40105\"},\"wordCount\":245,\"commentCount\":0,\"image\":{\"@id\":\"https:\\\/\\\/kibrisdakik.com\\\/?p=40105#primaryimage\"},\"thumbnailUrl\":\"https:\\\/\\\/kibrisdakik.com\\\/wp-content\\\/uploads\\\/2024\\\/05\\\/ydp-arikli.jpg\",\"articleSection\":[\"G\u00fcndem\"],\"inLanguage\":\"tr\",\"potentialAction\":[{\"@type\":\"CommentAction\",\"name\":\"Comment\",\"target\":[\"https:\\\/\\\/kibrisdakik.com\\\/?p=40105#respond\"]}]},{\"@type\":\"WebPage\",\"@id\":\"https:\\\/\\\/kibrisdakik.com\\\/?p=40105\",\"url\":\"https:\\\/\\\/kibrisdakik.com\\\/?p=40105\",\"name\":\"Pazar g\u00fcn\u00fc feshedilecek Milletin Partisi\u2019nin \u00fcyeleri YDP\u2019ye kat\u0131lacak.. Ar\u0131kl\u0131: \u201cBu birle\u015fme, karde\u015flerin birle\u015fmesi, kucakla\u015fmas\u0131 olacak\u201d -\",\"isPartOf\":{\"@id\":\"https:\\\/\\\/kibrisdakik.com\\\/#website\"},\"primaryImageOfPage\":{\"@id\":\"https:\\\/\\\/kibrisdakik.com\\\/?p=40105#primaryimage\"},\"image\":{\"@id\":\"https:\\\/\\\/kibrisdakik.com\\\/?p=40105#primaryimage\"},\"thumbnailUrl\":\"https:\\\/\\\/kibrisdakik.com\\\/wp-content\\\/uploads\\\/2024\\\/05\\\/ydp-arikli.jpg\",\"datePublished\":\"2024-05-03T16:17:48+00:00\",\"author\":{\"@id\":\"https:\\\/\\\/kibrisdakik.com\\\/#\\\/schema\\\/person\\\/9cd9d437bbb44f72b73ba127e06d8e79\"},\"breadcrumb\":{\"@id\":\"https:\\\/\\\/kibrisdakik.com\\\/?p=40105#breadcrumb\"},\"inLanguage\":\"tr\",\"potentialAction\":[{\"@type\":\"ReadAction\",\"target\":[\"https:\\\/\\\/kibrisdakik.com\\\/?p=40105\"]}]},{\"@type\":\"ImageObject\",\"inLanguage\":\"tr\",\"@id\":\"https:\\\/\\\/kibrisdakik.com\\\/?p=40105#primaryimage\",\"url\":\"https:\\\/\\\/kibrisdakik.com\\\/wp-content\\\/uploads\\\/2024\\\/05\\\/ydp-arikli.jpg\",\"contentUrl\":\"https:\\\/\\\/kibrisdakik.com\\\/wp-content\\\/uploads\\\/2024\\\/05\\\/ydp-arikli.jpg\",\"width\":740,\"height\":420},{\"@type\":\"BreadcrumbList\",\"@id\":\"https:\\\/\\\/kibrisdakik.com\\\/?p=40105#breadcrumb\",\"itemListElement\":[{\"@type\":\"ListItem\",\"position\":1,\"name\":\"Home\",\"item\":\"https:\\\/\\\/kibrisdakik.com\\\/\"},{\"@type\":\"ListItem\",\"position\":2,\"name\":\"Pazar g\u00fcn\u00fc feshedilecek Milletin Partisi\u2019nin \u00fcyeleri YDP\u2019ye kat\u0131lacak.. Ar\u0131kl\u0131: \u201cBu birle\u015fme, karde\u015flerin birle\u015fmesi, kucakla\u015fmas\u0131 olacak\u201d\"}]},{\"@type\":\"WebSite\",\"@id\":\"https:\\\/\\\/kibrisdakik.com\\\/#website\",\"url\":\"https:\\\/\\\/kibrisdakik.com\\\/\",\"name\":\"\",\"description\":\"Tam vaktinde haber\",\"potentialAction\":[{\"@type\":\"SearchAction\",\"target\":{\"@type\":\"EntryPoint\",\"urlTemplate\":\"https:\\\/\\\/kibrisdakik.com\\\/?s={search_term_string}\"},\"query-input\":{\"@type\":\"PropertyValueSpecification\",\"valueRequired\":true,\"valueName\":\"search_term_string\"}}],\"inLanguage\":\"tr\"},{\"@type\":\"Person\",\"@id\":\"https:\\\/\\\/kibrisdakik.com\\\/#\\\/schema\\\/person\\\/9cd9d437bbb44f72b73ba127e06d8e79\",\"name\":\"admin\",\"image\":{\"@type\":\"ImageObject\",\"inLanguage\":\"tr\",\"@id\":\"https:\\\/\\\/secure.gravatar.com\\\/avatar\\\/ccc17943b9d660506c869530f897617f7cb1c21a4bf30023f252596d83e1f007?s=96&d=mm&r=g\",\"url\":\"https:\\\/\\\/secure.gravatar.com\\\/avatar\\\/ccc17943b9d660506c869530f897617f7cb1c21a4bf30023f252596d83e1f007?s=96&d=mm&r=g\",\"contentUrl\":\"https:\\\/\\\/secure.gravatar.com\\\/avatar\\\/ccc17943b9d660506c869530f897617f7cb1c21a4bf30023f252596d83e1f007?s=96&d=mm&r=g\",\"caption\":\"admin\"},\"sameAs\":[\"https:\\\/\\\/kibrisdakik.com\"],\"url\":\"https:\\\/\\\/kibrisdakik.com\\\/?author=1\"}]}<\/script>\n<!-- \/ Yoast SEO plugin. -->","yoast_head_json":{"title":"Pazar g\u00fcn\u00fc feshedilecek Milletin Partisi\u2019nin \u00fcyeleri YDP\u2019ye kat\u0131lacak.. Ar\u0131kl\u0131: \u201cBu birle\u015fme, karde\u015flerin birle\u015fmesi, kucakla\u015fmas\u0131 olacak\u201d -","robots":{"index":"index","follow":"follow","max-snippet":"max-snippet:-1","max-image-preview":"max-image-preview:large","max-video-preview":"max-video-preview:-1"},"canonical":"https:\/\/kibrisdakik.com\/?p=40105","og_locale":"tr_TR","og_type":"article","og_title":"Pazar g\u00fcn\u00fc feshedilecek Milletin Partisi\u2019nin \u00fcyeleri YDP\u2019ye kat\u0131lacak.. Ar\u0131kl\u0131: \u201cBu birle\u015fme, karde\u015flerin birle\u015fmesi, kucakla\u015fmas\u0131 olacak\u201d -","og_description":"Milletin Partisi (MP) pazar g\u00fcn\u00fc fesih edilecek ve partinin \u00fcyeleri Yeniden Do\u011fu\u015f Partisi\u2019ne (YDP) kat\u0131lacak. YDP de bunun i\u00e7in ayn\u0131 g\u00fcn t\u00fcz\u00fck kurultay\u0131na gidecek. Kurultay, pazar g\u00fcn\u00fc saat 10.00\u2019da Lefko\u015fa\u2019da Rauf Denkta\u015f \u00dcniversitesi K\u00fclt\u00fcr Merkezi\u2019nde yap\u0131lacak. YDP Genel Ba\u015fkan\u0131, Bay\u0131nd\u0131rl\u0131k ve Ula\u015ft\u0131rma Bakan\u0131 Erhan Ar\u0131kl\u0131, konuyla ilgili a\u00e7\u0131klamas\u0131nda, \u201cBu birle\u015fme, karde\u015flerin birle\u015fmesi, kucakla\u015fmas\u0131 olacak\u201d dedi.","og_url":"https:\/\/kibrisdakik.com\/?p=40105","article_published_time":"2024-05-03T16:17:48+00:00","og_image":[{"width":740,"height":420,"url":"https:\/\/kibrisdakik.com\/wp-content\/uploads\/2024\/05\/ydp-arikli.jpg","type":"image\/jpeg"}],"author":"admin","twitter_card":"summary_large_image","twitter_misc":{"Yazan:":"admin","Tahmini okuma s\u00fcresi":"1 dakika"},"schema":{"@context":"https:\/\/schema.org","@graph":[{"@type":"Article","@id":"https:\/\/kibrisdakik.com\/?p=40105#article","isPartOf":{"@id":"https:\/\/kibrisdakik.com\/?p=40105"},"author":{"name":"admin","@id":"https:\/\/kibrisdakik.com\/#\/schema\/person\/9cd9d437bbb44f72b73ba127e06d8e79"},"headline":"Pazar g\u00fcn\u00fc feshedilecek Milletin Partisi\u2019nin \u00fcyeleri YDP\u2019ye kat\u0131lacak.. Ar\u0131kl\u0131: \u201cBu birle\u015fme, karde\u015flerin birle\u015fmesi, kucakla\u015fmas\u0131 olacak\u201d","datePublished":"2024-05-03T16:17:48+00:00","mainEntityOfPage":{"@id":"https:\/\/kibrisdakik.com\/?p=40105"},"wordCount":245,"commentCount":0,"image":{"@id":"https:\/\/kibrisdakik.com\/?p=40105#primaryimage"},"thumbnailUrl":"https:\/\/kibrisdakik.com\/wp-content\/uploads\/2024\/05\/ydp-arikli.jpg","articleSection":["G\u00fcndem"],"inLanguage":"tr","potentialAction":[{"@type":"CommentAction","name":"Comment","target":["https:\/\/kibrisdakik.com\/?p=40105#respond"]}]},{"@type":"WebPage","@id":"https:\/\/kibrisdakik.com\/?p=40105","url":"https:\/\/kibrisdakik.com\/?p=40105","name":"Pazar g\u00fcn\u00fc feshedilecek Milletin Partisi\u2019nin \u00fcyeleri YDP\u2019ye kat\u0131lacak.. Ar\u0131kl\u0131: \u201cBu birle\u015fme, karde\u015flerin birle\u015fmesi, kucakla\u015fmas\u0131 olacak\u201d -","isPartOf":{"@id":"https:\/\/kibrisdakik.com\/#website"},"primaryImageOfPage":{"@id":"https:\/\/kibrisdakik.com\/?p=40105#primaryimage"},"image":{"@id":"https:\/\/kibrisdakik.com\/?p=40105#primaryimage"},"thumbnailUrl":"https:\/\/kibrisdakik.com\/wp-content\/uploads\/2024\/05\/ydp-arikli.jpg","datePublished":"2024-05-03T16:17:48+00:00","author":{"@id":"https:\/\/kibrisdakik.com\/#\/schema\/person\/9cd9d437bbb44f72b73ba127e06d8e79"},"breadcrumb":{"@id":"https:\/\/kibrisdakik.com\/?p=40105#breadcrumb"},"inLanguage":"tr","potentialAction":[{"@type":"ReadAction","target":["https:\/\/kibrisdakik.com\/?p=40105"]}]},{"@type":"ImageObject","inLanguage":"tr","@id":"https:\/\/kibrisdakik.com\/?p=40105#primaryimage","url":"https:\/\/kibrisdakik.com\/wp-content\/uploads\/2024\/05\/ydp-arikli.jpg","contentUrl":"https:\/\/kibrisdakik.com\/wp-content\/uploads\/2024\/05\/ydp-arikli.jpg","width":740,"height":420},{"@type":"BreadcrumbList","@id":"https:\/\/kibrisdakik.com\/?p=40105#breadcrumb","itemListElement":[{"@type":"ListItem","position":1,"name":"Home","item":"https:\/\/kibrisdakik.com\/"},{"@type":"ListItem","position":2,"name":"Pazar g\u00fcn\u00fc feshedilecek Milletin Partisi\u2019nin \u00fcyeleri YDP\u2019ye kat\u0131lacak.. Ar\u0131kl\u0131: \u201cBu birle\u015fme, karde\u015flerin birle\u015fmesi, kucakla\u015fmas\u0131 olacak\u201d"}]},{"@type":"WebSite","@id":"https:\/\/kibrisdakik.com\/#website","url":"https:\/\/kibrisdakik.com\/","name":"","description":"Tam vaktinde haber","potentialAction":[{"@type":"SearchAction","target":{"@type":"EntryPoint","urlTemplate":"https:\/\/kibrisdakik.com\/?s={search_term_string}"},"query-input":{"@type":"PropertyValueSpecification","valueRequired":true,"valueName":"search_term_string"}}],"inLanguage":"tr"},{"@type":"Person","@id":"https:\/\/kibrisdakik.com\/#\/schema\/person\/9cd9d437bbb44f72b73ba127e06d8e79","name":"admin","image":{"@type":"ImageObject","inLanguage":"tr","@id":"https:\/\/secure.gravatar.com\/avatar\/ccc17943b9d660506c869530f897617f7cb1c21a4bf30023f252596d83e1f007?s=96&d=mm&r=g","url":"https:\/\/secure.gravatar.com\/avatar\/ccc17943b9d660506c869530f897617f7cb1c21a4bf30023f252596d83e1f007?s=96&d=mm&r=g","contentUrl":"https:\/\/secure.gravatar.com\/avatar\/ccc17943b9d660506c869530f897617f7cb1c21a4bf30023f252596d83e1f007?s=96&d=mm&r=g","caption":"admin"},"sameAs":["https:\/\/kibrisdakik.com"],"url":"https:\/\/kibrisdakik.com\/?author=1"}]}},"_links":{"self":[{"href":"https:\/\/kibrisdakik.com\/index.php?rest_route=\/wp\/v2\/posts\/40105","targetHints":{"allow":["GET"]}}],"collection":[{"href":"https:\/\/kibrisdakik.com\/index.php?rest_route=\/wp\/v2\/posts"}],"about":[{"href":"https:\/\/kibrisdakik.com\/index.php?rest_route=\/wp\/v2\/types\/post"}],"author":[{"embeddable":true,"href":"https:\/\/kibrisdakik.com\/index.php?rest_route=\/wp\/v2\/users\/1"}],"replies":[{"embeddable":true,"href":"https:\/\/kibrisdakik.com\/index.php?rest_route=%2Fwp%2Fv2%2Fcomments&post=40105"}],"version-history":[{"count":0,"href":"https:\/\/kibrisdakik.com\/index.php?rest_route=\/wp\/v2\/posts\/40105\/revisions"}],"wp:featuredmedia":[{"embeddable":true,"href":"https:\/\/kibrisdakik.com\/index.php?rest_route=\/wp\/v2\/media\/40106"}],"wp:attachment":[{"href":"https:\/\/kibrisdakik.com\/index.php?rest_route=%2Fwp%2Fv2%2Fmedia&parent=40105"}],"wp:term":[{"taxonomy":"category","embeddable":true,"href":"https:\/\/kibrisdakik.com\/index.php?rest_route=%2Fwp%2Fv2%2Fcategories&post=40105"},{"taxonomy":"post_tag","embeddable":true,"href":"https:\/\/kibrisdakik.com\/index.php?rest_route=%2Fwp%2Fv2%2Ftags&post=40105"}],"curies":[{"name":"wp","href":"https:\/\/api.w.org\/{rel}","templated":true}]}}