{"id":40141,"date":"2024-05-03T21:17:05","date_gmt":"2024-05-03T21:17:05","guid":{"rendered":"https:\/\/kibrisdakik.com\/index.php\/2024\/05\/03\/besiktasa-iki-yildizindan-kotu-haber\/"},"modified":"2024-05-03T21:17:05","modified_gmt":"2024-05-03T21:17:05","slug":"besiktasa-iki-yildizindan-kotu-haber","status":"publish","type":"post","link":"https:\/\/kibrisdakik.com\/?p=40141","title":{"rendered":"Be\u015fikta\u015f&#039;a iki y\u0131ld\u0131z\u0131ndan k\u00f6t\u00fc haber!"},"content":{"rendered":"<p><img decoding=\"async\" src=\"https:\/\/www.kibristurk.com\/images\/haberler\/2024\/05\/besiktasa-iki-yildizindan-kotu-haber-1714769970.webp\" \/><\/p>\n<p>Trendyol S\u00fcper Lig\u2019in 35. haftas\u0131nda Be\u015fikta\u015f, sahas\u0131nda kar\u015f\u0131la\u015ft\u0131\u011f\u0131 \u00c7aykur Rizespor&#8217;u son dakikada buldu\u011fu golle 3-2 ma\u011flup etti.<\/p>\n<h3>COLLEY VE SEM\u0130H CEZALI DURUMA D\u00dc\u015eT\u00dc!<\/h3>\n<p>Siyah-beyazl\u0131larda bu ma\u00e7ta sar\u0131 kart g\u00f6ren Semih K\u0131l\u0131\u00e7soy ve Omar Colley, sonraki hafta deplasmanda oynanacak olan Alanyaspor m\u00fcsabakas\u0131nda forma giyemeyecek.<\/p>\n<p>Gen\u00e7 oyuncu Semih K\u0131l\u0131\u00e7soy bu ma\u00e7 \u00f6ncesi \u00c7aykur Rizespor, Alanyaspor ve Konyaspor ma\u00e7lar\u0131nda; Omar Colley ise, Fenerbah\u00e7e, Alanyaspor ve \u0130stanbulspor m\u00fccadelelerinde kart g\u00f6rm\u00fc\u015ft\u00fc.<\/p>\n","protected":false},"excerpt":{"rendered":"<p>Trendyol S\u00fcper Lig\u2019in 35. haftas\u0131nda Be\u015fikta\u015f, sahas\u0131nda kar\u015f\u0131la\u015ft\u0131\u011f\u0131 \u00c7aykur Rizespor&#8217;u son dakikada buldu\u011fu golle 3-2 ma\u011flup etti. COLLEY VE SEM\u0130H CEZALI DURUMA D\u00dc\u015eT\u00dc! Siyah-beyazl\u0131larda bu ma\u00e7ta sar\u0131 kart g\u00f6ren Semih K\u0131l\u0131\u00e7soy ve Omar Colley, sonraki hafta deplasmanda oynanacak olan Alanyaspor m\u00fcsabakas\u0131nda forma giyemeyecek. Gen\u00e7 oyuncu Semih K\u0131l\u0131\u00e7soy bu ma\u00e7 \u00f6ncesi \u00c7aykur Rizespor, Alanyaspor ve Konyaspor<\/p>\n","protected":false},"author":1,"featured_media":40142,"comment_status":"open","ping_status":"open","sticky":false,"template":"","format":"standard","meta":{"footnotes":""},"categories":[79],"tags":[],"class_list":["post-40141","post","type-post","status-publish","format-standard","has-post-thumbnail","hentry","category-ekonomi"],"yoast_head":"<!-- This site is optimized with the Yoast SEO plugin v27.5 - https:\/\/yoast.com\/product\/yoast-seo-wordpress\/ -->\n<title>Be\u015fikta\u015f&#039;a iki y\u0131ld\u0131z\u0131ndan k\u00f6t\u00fc haber! -<\/title>\n<meta name=\"robots\" content=\"index, follow, max-snippet:-1, max-image-preview:large, max-video-preview:-1\" \/>\n<link rel=\"canonical\" href=\"https:\/\/kibrisdakik.com\/?p=40141\" \/>\n<meta property=\"og:locale\" content=\"tr_TR\" \/>\n<meta property=\"og:type\" content=\"article\" \/>\n<meta property=\"og:title\" content=\"Be\u015fikta\u015f&#039;a iki y\u0131ld\u0131z\u0131ndan k\u00f6t\u00fc haber! -\" \/>\n<meta property=\"og:description\" content=\"Trendyol S\u00fcper Lig\u2019in 35. haftas\u0131nda Be\u015fikta\u015f, sahas\u0131nda kar\u015f\u0131la\u015ft\u0131\u011f\u0131 \u00c7aykur Rizespor&#8217;u son dakikada buldu\u011fu golle 3-2 ma\u011flup etti. COLLEY VE SEM\u0130H CEZALI DURUMA D\u00dc\u015eT\u00dc! Siyah-beyazl\u0131larda bu ma\u00e7ta sar\u0131 kart g\u00f6ren Semih K\u0131l\u0131\u00e7soy ve Omar Colley, sonraki hafta deplasmanda oynanacak olan Alanyaspor m\u00fcsabakas\u0131nda forma giyemeyecek. Gen\u00e7 oyuncu Semih K\u0131l\u0131\u00e7soy bu ma\u00e7 \u00f6ncesi \u00c7aykur Rizespor, Alanyaspor ve Konyaspor\" \/>\n<meta property=\"og:url\" content=\"https:\/\/kibrisdakik.com\/?p=40141\" \/>\n<meta property=\"article:published_time\" content=\"2024-05-03T21:17:05+00:00\" \/>\n<meta property=\"og:image\" content=\"https:\/\/kibrisdakik.com\/wp-content\/uploads\/2024\/05\/besiktasa-iki-yildizindan-kotu-haber-1714769970.webp.webp\" \/>\n\t<meta property=\"og:image:width\" content=\"710\" \/>\n\t<meta property=\"og:image:height\" content=\"370\" \/>\n\t<meta property=\"og:image:type\" content=\"image\/webp\" \/>\n<meta name=\"author\" content=\"admin\" \/>\n<meta name=\"twitter:card\" content=\"summary_large_image\" \/>\n<meta name=\"twitter:label1\" content=\"Yazan:\" \/>\n\t<meta name=\"twitter:data1\" content=\"admin\" \/>\n<script type=\"application\/ld+json\" class=\"yoast-schema-graph\">{\"@context\":\"https:\\\/\\\/schema.org\",\"@graph\":[{\"@type\":\"Article\",\"@id\":\"https:\\\/\\\/kibrisdakik.com\\\/?p=40141#article\",\"isPartOf\":{\"@id\":\"https:\\\/\\\/kibrisdakik.com\\\/?p=40141\"},\"author\":{\"name\":\"admin\",\"@id\":\"https:\\\/\\\/kibrisdakik.com\\\/#\\\/schema\\\/person\\\/9cd9d437bbb44f72b73ba127e06d8e79\"},\"headline\":\"Be\u015fikta\u015f&#039;a iki y\u0131ld\u0131z\u0131ndan k\u00f6t\u00fc haber!\",\"datePublished\":\"2024-05-03T21:17:05+00:00\",\"mainEntityOfPage\":{\"@id\":\"https:\\\/\\\/kibrisdakik.com\\\/?p=40141\"},\"wordCount\":102,\"commentCount\":0,\"image\":{\"@id\":\"https:\\\/\\\/kibrisdakik.com\\\/?p=40141#primaryimage\"},\"thumbnailUrl\":\"https:\\\/\\\/kibrisdakik.com\\\/wp-content\\\/uploads\\\/2024\\\/05\\\/besiktasa-iki-yildizindan-kotu-haber-1714769970.webp.webp\",\"articleSection\":[\"Ekonomi\"],\"inLanguage\":\"tr\",\"potentialAction\":[{\"@type\":\"CommentAction\",\"name\":\"Comment\",\"target\":[\"https:\\\/\\\/kibrisdakik.com\\\/?p=40141#respond\"]}]},{\"@type\":\"WebPage\",\"@id\":\"https:\\\/\\\/kibrisdakik.com\\\/?p=40141\",\"url\":\"https:\\\/\\\/kibrisdakik.com\\\/?p=40141\",\"name\":\"Be\u015fikta\u015f&#039;a iki y\u0131ld\u0131z\u0131ndan k\u00f6t\u00fc haber! -\",\"isPartOf\":{\"@id\":\"https:\\\/\\\/kibrisdakik.com\\\/#website\"},\"primaryImageOfPage\":{\"@id\":\"https:\\\/\\\/kibrisdakik.com\\\/?p=40141#primaryimage\"},\"image\":{\"@id\":\"https:\\\/\\\/kibrisdakik.com\\\/?p=40141#primaryimage\"},\"thumbnailUrl\":\"https:\\\/\\\/kibrisdakik.com\\\/wp-content\\\/uploads\\\/2024\\\/05\\\/besiktasa-iki-yildizindan-kotu-haber-1714769970.webp.webp\",\"datePublished\":\"2024-05-03T21:17:05+00:00\",\"author\":{\"@id\":\"https:\\\/\\\/kibrisdakik.com\\\/#\\\/schema\\\/person\\\/9cd9d437bbb44f72b73ba127e06d8e79\"},\"breadcrumb\":{\"@id\":\"https:\\\/\\\/kibrisdakik.com\\\/?p=40141#breadcrumb\"},\"inLanguage\":\"tr\",\"potentialAction\":[{\"@type\":\"ReadAction\",\"target\":[\"https:\\\/\\\/kibrisdakik.com\\\/?p=40141\"]}]},{\"@type\":\"ImageObject\",\"inLanguage\":\"tr\",\"@id\":\"https:\\\/\\\/kibrisdakik.com\\\/?p=40141#primaryimage\",\"url\":\"https:\\\/\\\/kibrisdakik.com\\\/wp-content\\\/uploads\\\/2024\\\/05\\\/besiktasa-iki-yildizindan-kotu-haber-1714769970.webp.webp\",\"contentUrl\":\"https:\\\/\\\/kibrisdakik.com\\\/wp-content\\\/uploads\\\/2024\\\/05\\\/besiktasa-iki-yildizindan-kotu-haber-1714769970.webp.webp\",\"width\":710,\"height\":370},{\"@type\":\"BreadcrumbList\",\"@id\":\"https:\\\/\\\/kibrisdakik.com\\\/?p=40141#breadcrumb\",\"itemListElement\":[{\"@type\":\"ListItem\",\"position\":1,\"name\":\"Home\",\"item\":\"https:\\\/\\\/kibrisdakik.com\\\/\"},{\"@type\":\"ListItem\",\"position\":2,\"name\":\"Be\u015fikta\u015f&#039;a iki y\u0131ld\u0131z\u0131ndan k\u00f6t\u00fc haber!\"}]},{\"@type\":\"WebSite\",\"@id\":\"https:\\\/\\\/kibrisdakik.com\\\/#website\",\"url\":\"https:\\\/\\\/kibrisdakik.com\\\/\",\"name\":\"\",\"description\":\"Tam vaktinde haber\",\"potentialAction\":[{\"@type\":\"SearchAction\",\"target\":{\"@type\":\"EntryPoint\",\"urlTemplate\":\"https:\\\/\\\/kibrisdakik.com\\\/?s={search_term_string}\"},\"query-input\":{\"@type\":\"PropertyValueSpecification\",\"valueRequired\":true,\"valueName\":\"search_term_string\"}}],\"inLanguage\":\"tr\"},{\"@type\":\"Person\",\"@id\":\"https:\\\/\\\/kibrisdakik.com\\\/#\\\/schema\\\/person\\\/9cd9d437bbb44f72b73ba127e06d8e79\",\"name\":\"admin\",\"image\":{\"@type\":\"ImageObject\",\"inLanguage\":\"tr\",\"@id\":\"https:\\\/\\\/secure.gravatar.com\\\/avatar\\\/ccc17943b9d660506c869530f897617f7cb1c21a4bf30023f252596d83e1f007?s=96&d=mm&r=g\",\"url\":\"https:\\\/\\\/secure.gravatar.com\\\/avatar\\\/ccc17943b9d660506c869530f897617f7cb1c21a4bf30023f252596d83e1f007?s=96&d=mm&r=g\",\"contentUrl\":\"https:\\\/\\\/secure.gravatar.com\\\/avatar\\\/ccc17943b9d660506c869530f897617f7cb1c21a4bf30023f252596d83e1f007?s=96&d=mm&r=g\",\"caption\":\"admin\"},\"sameAs\":[\"https:\\\/\\\/kibrisdakik.com\"],\"url\":\"https:\\\/\\\/kibrisdakik.com\\\/?author=1\"}]}<\/script>\n<!-- \/ Yoast SEO plugin. -->","yoast_head_json":{"title":"Be\u015fikta\u015f&#039;a iki y\u0131ld\u0131z\u0131ndan k\u00f6t\u00fc haber! -","robots":{"index":"index","follow":"follow","max-snippet":"max-snippet:-1","max-image-preview":"max-image-preview:large","max-video-preview":"max-video-preview:-1"},"canonical":"https:\/\/kibrisdakik.com\/?p=40141","og_locale":"tr_TR","og_type":"article","og_title":"Be\u015fikta\u015f&#039;a iki y\u0131ld\u0131z\u0131ndan k\u00f6t\u00fc haber! -","og_description":"Trendyol S\u00fcper Lig\u2019in 35. haftas\u0131nda Be\u015fikta\u015f, sahas\u0131nda kar\u015f\u0131la\u015ft\u0131\u011f\u0131 \u00c7aykur Rizespor&#8217;u son dakikada buldu\u011fu golle 3-2 ma\u011flup etti. COLLEY VE SEM\u0130H CEZALI DURUMA D\u00dc\u015eT\u00dc! Siyah-beyazl\u0131larda bu ma\u00e7ta sar\u0131 kart g\u00f6ren Semih K\u0131l\u0131\u00e7soy ve Omar Colley, sonraki hafta deplasmanda oynanacak olan Alanyaspor m\u00fcsabakas\u0131nda forma giyemeyecek. Gen\u00e7 oyuncu Semih K\u0131l\u0131\u00e7soy bu ma\u00e7 \u00f6ncesi \u00c7aykur Rizespor, Alanyaspor ve Konyaspor","og_url":"https:\/\/kibrisdakik.com\/?p=40141","article_published_time":"2024-05-03T21:17:05+00:00","og_image":[{"width":710,"height":370,"url":"https:\/\/kibrisdakik.com\/wp-content\/uploads\/2024\/05\/besiktasa-iki-yildizindan-kotu-haber-1714769970.webp.webp","type":"image\/webp"}],"author":"admin","twitter_card":"summary_large_image","twitter_misc":{"Yazan:":"admin"},"schema":{"@context":"https:\/\/schema.org","@graph":[{"@type":"Article","@id":"https:\/\/kibrisdakik.com\/?p=40141#article","isPartOf":{"@id":"https:\/\/kibrisdakik.com\/?p=40141"},"author":{"name":"admin","@id":"https:\/\/kibrisdakik.com\/#\/schema\/person\/9cd9d437bbb44f72b73ba127e06d8e79"},"headline":"Be\u015fikta\u015f&#039;a iki y\u0131ld\u0131z\u0131ndan k\u00f6t\u00fc haber!","datePublished":"2024-05-03T21:17:05+00:00","mainEntityOfPage":{"@id":"https:\/\/kibrisdakik.com\/?p=40141"},"wordCount":102,"commentCount":0,"image":{"@id":"https:\/\/kibrisdakik.com\/?p=40141#primaryimage"},"thumbnailUrl":"https:\/\/kibrisdakik.com\/wp-content\/uploads\/2024\/05\/besiktasa-iki-yildizindan-kotu-haber-1714769970.webp.webp","articleSection":["Ekonomi"],"inLanguage":"tr","potentialAction":[{"@type":"CommentAction","name":"Comment","target":["https:\/\/kibrisdakik.com\/?p=40141#respond"]}]},{"@type":"WebPage","@id":"https:\/\/kibrisdakik.com\/?p=40141","url":"https:\/\/kibrisdakik.com\/?p=40141","name":"Be\u015fikta\u015f&#039;a iki y\u0131ld\u0131z\u0131ndan k\u00f6t\u00fc haber! -","isPartOf":{"@id":"https:\/\/kibrisdakik.com\/#website"},"primaryImageOfPage":{"@id":"https:\/\/kibrisdakik.com\/?p=40141#primaryimage"},"image":{"@id":"https:\/\/kibrisdakik.com\/?p=40141#primaryimage"},"thumbnailUrl":"https:\/\/kibrisdakik.com\/wp-content\/uploads\/2024\/05\/besiktasa-iki-yildizindan-kotu-haber-1714769970.webp.webp","datePublished":"2024-05-03T21:17:05+00:00","author":{"@id":"https:\/\/kibrisdakik.com\/#\/schema\/person\/9cd9d437bbb44f72b73ba127e06d8e79"},"breadcrumb":{"@id":"https:\/\/kibrisdakik.com\/?p=40141#breadcrumb"},"inLanguage":"tr","potentialAction":[{"@type":"ReadAction","target":["https:\/\/kibrisdakik.com\/?p=40141"]}]},{"@type":"ImageObject","inLanguage":"tr","@id":"https:\/\/kibrisdakik.com\/?p=40141#primaryimage","url":"https:\/\/kibrisdakik.com\/wp-content\/uploads\/2024\/05\/besiktasa-iki-yildizindan-kotu-haber-1714769970.webp.webp","contentUrl":"https:\/\/kibrisdakik.com\/wp-content\/uploads\/2024\/05\/besiktasa-iki-yildizindan-kotu-haber-1714769970.webp.webp","width":710,"height":370},{"@type":"BreadcrumbList","@id":"https:\/\/kibrisdakik.com\/?p=40141#breadcrumb","itemListElement":[{"@type":"ListItem","position":1,"name":"Home","item":"https:\/\/kibrisdakik.com\/"},{"@type":"ListItem","position":2,"name":"Be\u015fikta\u015f&#039;a iki y\u0131ld\u0131z\u0131ndan k\u00f6t\u00fc haber!"}]},{"@type":"WebSite","@id":"https:\/\/kibrisdakik.com\/#website","url":"https:\/\/kibrisdakik.com\/","name":"","description":"Tam vaktinde haber","potentialAction":[{"@type":"SearchAction","target":{"@type":"EntryPoint","urlTemplate":"https:\/\/kibrisdakik.com\/?s={search_term_string}"},"query-input":{"@type":"PropertyValueSpecification","valueRequired":true,"valueName":"search_term_string"}}],"inLanguage":"tr"},{"@type":"Person","@id":"https:\/\/kibrisdakik.com\/#\/schema\/person\/9cd9d437bbb44f72b73ba127e06d8e79","name":"admin","image":{"@type":"ImageObject","inLanguage":"tr","@id":"https:\/\/secure.gravatar.com\/avatar\/ccc17943b9d660506c869530f897617f7cb1c21a4bf30023f252596d83e1f007?s=96&d=mm&r=g","url":"https:\/\/secure.gravatar.com\/avatar\/ccc17943b9d660506c869530f897617f7cb1c21a4bf30023f252596d83e1f007?s=96&d=mm&r=g","contentUrl":"https:\/\/secure.gravatar.com\/avatar\/ccc17943b9d660506c869530f897617f7cb1c21a4bf30023f252596d83e1f007?s=96&d=mm&r=g","caption":"admin"},"sameAs":["https:\/\/kibrisdakik.com"],"url":"https:\/\/kibrisdakik.com\/?author=1"}]}},"_links":{"self":[{"href":"https:\/\/kibrisdakik.com\/index.php?rest_route=\/wp\/v2\/posts\/40141","targetHints":{"allow":["GET"]}}],"collection":[{"href":"https:\/\/kibrisdakik.com\/index.php?rest_route=\/wp\/v2\/posts"}],"about":[{"href":"https:\/\/kibrisdakik.com\/index.php?rest_route=\/wp\/v2\/types\/post"}],"author":[{"embeddable":true,"href":"https:\/\/kibrisdakik.com\/index.php?rest_route=\/wp\/v2\/users\/1"}],"replies":[{"embeddable":true,"href":"https:\/\/kibrisdakik.com\/index.php?rest_route=%2Fwp%2Fv2%2Fcomments&post=40141"}],"version-history":[{"count":0,"href":"https:\/\/kibrisdakik.com\/index.php?rest_route=\/wp\/v2\/posts\/40141\/revisions"}],"wp:featuredmedia":[{"embeddable":true,"href":"https:\/\/kibrisdakik.com\/index.php?rest_route=\/wp\/v2\/media\/40142"}],"wp:attachment":[{"href":"https:\/\/kibrisdakik.com\/index.php?rest_route=%2Fwp%2Fv2%2Fmedia&parent=40141"}],"wp:term":[{"taxonomy":"category","embeddable":true,"href":"https:\/\/kibrisdakik.com\/index.php?rest_route=%2Fwp%2Fv2%2Fcategories&post=40141"},{"taxonomy":"post_tag","embeddable":true,"href":"https:\/\/kibrisdakik.com\/index.php?rest_route=%2Fwp%2Fv2%2Ftags&post=40141"}],"curies":[{"name":"wp","href":"https:\/\/api.w.org\/{rel}","templated":true}]}}