{"id":40176,"date":"2024-05-04T04:19:50","date_gmt":"2024-05-04T04:19:50","guid":{"rendered":"https:\/\/kibrisdakik.com\/index.php\/2024\/05\/04\/turk-dil-kurumu-baskan-yardimcisi-doc-dr-harun-sahini-kabul-etti\/"},"modified":"2024-05-04T04:19:50","modified_gmt":"2024-05-04T04:19:50","slug":"turk-dil-kurumu-baskan-yardimcisi-doc-dr-harun-sahini-kabul-etti","status":"publish","type":"post","link":"https:\/\/kibrisdakik.com\/?p=40176","title":{"rendered":"T\u00fcrk Dil Kurumu Ba\u015fkan Yard\u0131mc\u0131s\u0131 Do\u00e7. Dr. Harun \u015eahin\u2019i kabul etti"},"content":{"rendered":"<p><img decoding=\"async\" src=\"https:\/\/www.kibristurk.com\/images\/haberler\/2024\/05\/turk-dil-kurumu-baskan-yardimcisi-doc-dr-harun-sahini-kabul-etti-1714750130.webp\" \/><\/p>\n<p style=\"text-align:left\"><span style=\"font-size:16px\"><span style=\"font-family:Merriweather,serif !important\"><span style=\"color:#000000\"><span style=\"background-color:#ffffff\">-T\u00f6re<\/span><\/span><\/span><\/span><\/p>\n<p style=\"text-align:left\"><span style=\"font-size:16px\"><span style=\"font-family:Merriweather,serif !important\"><span style=\"color:#000000\"><span style=\"background-color:#ffffff\">Cumhuriyet Meclisi\u2019nden yap\u0131lan a\u00e7\u0131klamaya g\u00f6re, Meclis \u015eeref Salonu&#8217;nda yer alan kabulde konu\u015fan T\u00f6re, T\u00fcrk\u00e7e\u2019nin \u00e7ok g\u00fczel bir dil oldu\u011funu ifade ederek \u201cDilde, fikirde, i\u015fte birlik\u201d \u015fiar\u0131n\u0131n hedef olmas\u0131 ve \u00f6zellikle dilde birli\u011fin ger\u00e7ekle\u015fmesi gerekti\u011fini kaydetti.<\/span><\/span><\/span><\/span><\/p>\n<p style=\"text-align:left\"><span style=\"font-size:16px\"><span style=\"font-family:Merriweather,serif !important\"><span style=\"color:#000000\"><span style=\"background-color:#ffffff\">T\u00fcrk Dil Kurumu\u2019nun, T\u00fcrk\u00e7e\u2019nin en iyi \u015fekilde kullan\u0131lmas\u0131 amac\u0131yla Atat\u00fcrk\u2019\u00fcn hedefledi\u011fi \u00e7izgide \u00e7al\u0131\u015fmalar\u0131na devam etti\u011fini kaydeden T\u00f6re, T\u00fcrk D\u00fcnyas\u0131&#8217;nda T\u00fcrk\u00e7e\u2019nin yayg\u0131n halde kullan\u0131lmas\u0131 i\u00e7in \u00e7al\u0131\u015fmalara y\u00f6n verilmesi gerekti\u011fini s\u00f6yledi.<\/span><\/span><\/span><\/span><\/p>\n<p style=\"text-align:left\"><span style=\"font-size:16px\"><span style=\"font-family:Merriweather,serif !important\"><span style=\"color:#000000\"><span style=\"background-color:#ffffff\">Son d\u00f6nemlerde T\u00fcrk D\u00fcnyas\u0131 ile KKTC aras\u0131ndaki ili\u015fkilerinin geli\u015fti\u011fini ifade eden T\u00f6re, her zaman T\u00fcrk Birli\u011fi\u2019nden yana olduklar\u0131n\u0131 belirtti.<\/span><\/span><\/span><\/span><\/p>\n<p style=\"text-align:left\"><span style=\"font-size:16px\"><span style=\"font-family:Merriweather,serif !important\"><span style=\"color:#000000\"><span style=\"background-color:#ffffff\">T\u00fcrk\u00e7e\u2019nin k\u00fclt\u00fcr emperyalizmi alt\u0131nda ezilmesine izin verilmemesi gerekti\u011fine i\u015faret eden T\u00f6re, Atat\u00fcrk\u2019\u00fcn bu nedenle T\u00fcrk diline b\u00fcy\u00fck \u00f6nem verdi\u011fini ifade etti.<\/span><\/span><\/span><\/span><\/p>\n<p style=\"text-align:left\"><span style=\"font-size:16px\"><span style=\"font-family:Merriweather,serif !important\"><span style=\"color:#000000\"><span style=\"background-color:#ffffff\">-\u015eahin<\/span><\/span><\/span><\/span><\/p>\n<p style=\"text-align:left\"><span style=\"font-size:16px\"><span style=\"font-family:Merriweather,serif !important\"><span style=\"color:#000000\"><span style=\"background-color:#ffffff\">T\u00fcrk Dil Kurumu Ba\u015fkan Yard\u0131mc\u0131s\u0131 Do\u00e7. Dr. Harun \u015eahin de, KKTC\u2019de verdikleri e\u011fitim programlar\u0131 hakk\u0131nda Meclis Ba\u015fkan T\u00f6re\u2019ye bilgiler vererek, T\u00fcrk\u00e7e dilinin g\u00fczelliklerini anlatmak i\u00e7in u\u011fra\u015f verdiklerini s\u00f6yledi.<\/span><\/span><\/span><\/span><\/p>\n","protected":false},"excerpt":{"rendered":"<p>-T\u00f6re Cumhuriyet Meclisi\u2019nden yap\u0131lan a\u00e7\u0131klamaya g\u00f6re, Meclis \u015eeref Salonu&#8217;nda yer alan kabulde konu\u015fan T\u00f6re, T\u00fcrk\u00e7e\u2019nin \u00e7ok g\u00fczel bir dil oldu\u011funu ifade ederek \u201cDilde, fikirde, i\u015fte birlik\u201d \u015fiar\u0131n\u0131n hedef olmas\u0131 ve \u00f6zellikle dilde birli\u011fin ger\u00e7ekle\u015fmesi gerekti\u011fini kaydetti. T\u00fcrk Dil Kurumu\u2019nun, T\u00fcrk\u00e7e\u2019nin en iyi \u015fekilde kullan\u0131lmas\u0131 amac\u0131yla Atat\u00fcrk\u2019\u00fcn hedefledi\u011fi \u00e7izgide \u00e7al\u0131\u015fmalar\u0131na devam etti\u011fini kaydeden T\u00f6re, T\u00fcrk D\u00fcnyas\u0131&#8217;nda<\/p>\n","protected":false},"author":1,"featured_media":40177,"comment_status":"open","ping_status":"open","sticky":false,"template":"","format":"standard","meta":{"footnotes":""},"categories":[85],"tags":[],"class_list":["post-40176","post","type-post","status-publish","format-standard","has-post-thumbnail","hentry","category-spor"],"yoast_head":"<!-- This site is optimized with the Yoast SEO plugin v27.5 - https:\/\/yoast.com\/product\/yoast-seo-wordpress\/ -->\n<title>T\u00fcrk Dil Kurumu Ba\u015fkan Yard\u0131mc\u0131s\u0131 Do\u00e7. Dr. Harun \u015eahin\u2019i kabul etti -<\/title>\n<meta name=\"robots\" content=\"index, follow, max-snippet:-1, max-image-preview:large, max-video-preview:-1\" \/>\n<link rel=\"canonical\" href=\"https:\/\/kibrisdakik.com\/?p=40176\" \/>\n<meta property=\"og:locale\" content=\"tr_TR\" \/>\n<meta property=\"og:type\" content=\"article\" \/>\n<meta property=\"og:title\" content=\"T\u00fcrk Dil Kurumu Ba\u015fkan Yard\u0131mc\u0131s\u0131 Do\u00e7. Dr. Harun \u015eahin\u2019i kabul etti -\" \/>\n<meta property=\"og:description\" content=\"-T\u00f6re Cumhuriyet Meclisi\u2019nden yap\u0131lan a\u00e7\u0131klamaya g\u00f6re, Meclis \u015eeref Salonu&#8217;nda yer alan kabulde konu\u015fan T\u00f6re, T\u00fcrk\u00e7e\u2019nin \u00e7ok g\u00fczel bir dil oldu\u011funu ifade ederek \u201cDilde, fikirde, i\u015fte birlik\u201d \u015fiar\u0131n\u0131n hedef olmas\u0131 ve \u00f6zellikle dilde birli\u011fin ger\u00e7ekle\u015fmesi gerekti\u011fini kaydetti. T\u00fcrk Dil Kurumu\u2019nun, T\u00fcrk\u00e7e\u2019nin en iyi \u015fekilde kullan\u0131lmas\u0131 amac\u0131yla Atat\u00fcrk\u2019\u00fcn hedefledi\u011fi \u00e7izgide \u00e7al\u0131\u015fmalar\u0131na devam etti\u011fini kaydeden T\u00f6re, T\u00fcrk D\u00fcnyas\u0131&#8217;nda\" \/>\n<meta property=\"og:url\" content=\"https:\/\/kibrisdakik.com\/?p=40176\" \/>\n<meta property=\"article:published_time\" content=\"2024-05-04T04:19:50+00:00\" \/>\n<meta property=\"og:image\" content=\"https:\/\/kibrisdakik.com\/wp-content\/uploads\/2024\/05\/turk-dil-kurumu-baskan-yardimcisi-doc-dr-harun-sahini-kabul-etti-1714750130.webp.webp\" \/>\n\t<meta property=\"og:image:width\" content=\"710\" \/>\n\t<meta property=\"og:image:height\" content=\"370\" \/>\n\t<meta property=\"og:image:type\" content=\"image\/webp\" \/>\n<meta name=\"author\" content=\"admin\" \/>\n<meta name=\"twitter:card\" content=\"summary_large_image\" \/>\n<meta name=\"twitter:label1\" content=\"Yazan:\" \/>\n\t<meta name=\"twitter:data1\" content=\"admin\" \/>\n\t<meta name=\"twitter:label2\" content=\"Tahmini okuma s\u00fcresi\" \/>\n\t<meta name=\"twitter:data2\" content=\"1 dakika\" \/>\n<script type=\"application\/ld+json\" class=\"yoast-schema-graph\">{\"@context\":\"https:\\\/\\\/schema.org\",\"@graph\":[{\"@type\":\"Article\",\"@id\":\"https:\\\/\\\/kibrisdakik.com\\\/?p=40176#article\",\"isPartOf\":{\"@id\":\"https:\\\/\\\/kibrisdakik.com\\\/?p=40176\"},\"author\":{\"name\":\"admin\",\"@id\":\"https:\\\/\\\/kibrisdakik.com\\\/#\\\/schema\\\/person\\\/9cd9d437bbb44f72b73ba127e06d8e79\"},\"headline\":\"T\u00fcrk Dil Kurumu Ba\u015fkan Yard\u0131mc\u0131s\u0131 Do\u00e7. Dr. Harun \u015eahin\u2019i kabul etti\",\"datePublished\":\"2024-05-04T04:19:50+00:00\",\"mainEntityOfPage\":{\"@id\":\"https:\\\/\\\/kibrisdakik.com\\\/?p=40176\"},\"wordCount\":240,\"commentCount\":0,\"image\":{\"@id\":\"https:\\\/\\\/kibrisdakik.com\\\/?p=40176#primaryimage\"},\"thumbnailUrl\":\"https:\\\/\\\/kibrisdakik.com\\\/wp-content\\\/uploads\\\/2024\\\/05\\\/turk-dil-kurumu-baskan-yardimcisi-doc-dr-harun-sahini-kabul-etti-1714750130.webp.webp\",\"articleSection\":[\"Spor\"],\"inLanguage\":\"tr\",\"potentialAction\":[{\"@type\":\"CommentAction\",\"name\":\"Comment\",\"target\":[\"https:\\\/\\\/kibrisdakik.com\\\/?p=40176#respond\"]}]},{\"@type\":\"WebPage\",\"@id\":\"https:\\\/\\\/kibrisdakik.com\\\/?p=40176\",\"url\":\"https:\\\/\\\/kibrisdakik.com\\\/?p=40176\",\"name\":\"T\u00fcrk Dil Kurumu Ba\u015fkan Yard\u0131mc\u0131s\u0131 Do\u00e7. Dr. Harun \u015eahin\u2019i kabul etti -\",\"isPartOf\":{\"@id\":\"https:\\\/\\\/kibrisdakik.com\\\/#website\"},\"primaryImageOfPage\":{\"@id\":\"https:\\\/\\\/kibrisdakik.com\\\/?p=40176#primaryimage\"},\"image\":{\"@id\":\"https:\\\/\\\/kibrisdakik.com\\\/?p=40176#primaryimage\"},\"thumbnailUrl\":\"https:\\\/\\\/kibrisdakik.com\\\/wp-content\\\/uploads\\\/2024\\\/05\\\/turk-dil-kurumu-baskan-yardimcisi-doc-dr-harun-sahini-kabul-etti-1714750130.webp.webp\",\"datePublished\":\"2024-05-04T04:19:50+00:00\",\"author\":{\"@id\":\"https:\\\/\\\/kibrisdakik.com\\\/#\\\/schema\\\/person\\\/9cd9d437bbb44f72b73ba127e06d8e79\"},\"breadcrumb\":{\"@id\":\"https:\\\/\\\/kibrisdakik.com\\\/?p=40176#breadcrumb\"},\"inLanguage\":\"tr\",\"potentialAction\":[{\"@type\":\"ReadAction\",\"target\":[\"https:\\\/\\\/kibrisdakik.com\\\/?p=40176\"]}]},{\"@type\":\"ImageObject\",\"inLanguage\":\"tr\",\"@id\":\"https:\\\/\\\/kibrisdakik.com\\\/?p=40176#primaryimage\",\"url\":\"https:\\\/\\\/kibrisdakik.com\\\/wp-content\\\/uploads\\\/2024\\\/05\\\/turk-dil-kurumu-baskan-yardimcisi-doc-dr-harun-sahini-kabul-etti-1714750130.webp.webp\",\"contentUrl\":\"https:\\\/\\\/kibrisdakik.com\\\/wp-content\\\/uploads\\\/2024\\\/05\\\/turk-dil-kurumu-baskan-yardimcisi-doc-dr-harun-sahini-kabul-etti-1714750130.webp.webp\",\"width\":710,\"height\":370},{\"@type\":\"BreadcrumbList\",\"@id\":\"https:\\\/\\\/kibrisdakik.com\\\/?p=40176#breadcrumb\",\"itemListElement\":[{\"@type\":\"ListItem\",\"position\":1,\"name\":\"Home\",\"item\":\"https:\\\/\\\/kibrisdakik.com\\\/\"},{\"@type\":\"ListItem\",\"position\":2,\"name\":\"T\u00fcrk Dil Kurumu Ba\u015fkan Yard\u0131mc\u0131s\u0131 Do\u00e7. Dr. Harun \u015eahin\u2019i kabul etti\"}]},{\"@type\":\"WebSite\",\"@id\":\"https:\\\/\\\/kibrisdakik.com\\\/#website\",\"url\":\"https:\\\/\\\/kibrisdakik.com\\\/\",\"name\":\"\",\"description\":\"Tam vaktinde haber\",\"potentialAction\":[{\"@type\":\"SearchAction\",\"target\":{\"@type\":\"EntryPoint\",\"urlTemplate\":\"https:\\\/\\\/kibrisdakik.com\\\/?s={search_term_string}\"},\"query-input\":{\"@type\":\"PropertyValueSpecification\",\"valueRequired\":true,\"valueName\":\"search_term_string\"}}],\"inLanguage\":\"tr\"},{\"@type\":\"Person\",\"@id\":\"https:\\\/\\\/kibrisdakik.com\\\/#\\\/schema\\\/person\\\/9cd9d437bbb44f72b73ba127e06d8e79\",\"name\":\"admin\",\"image\":{\"@type\":\"ImageObject\",\"inLanguage\":\"tr\",\"@id\":\"https:\\\/\\\/secure.gravatar.com\\\/avatar\\\/ccc17943b9d660506c869530f897617f7cb1c21a4bf30023f252596d83e1f007?s=96&d=mm&r=g\",\"url\":\"https:\\\/\\\/secure.gravatar.com\\\/avatar\\\/ccc17943b9d660506c869530f897617f7cb1c21a4bf30023f252596d83e1f007?s=96&d=mm&r=g\",\"contentUrl\":\"https:\\\/\\\/secure.gravatar.com\\\/avatar\\\/ccc17943b9d660506c869530f897617f7cb1c21a4bf30023f252596d83e1f007?s=96&d=mm&r=g\",\"caption\":\"admin\"},\"sameAs\":[\"https:\\\/\\\/kibrisdakik.com\"],\"url\":\"https:\\\/\\\/kibrisdakik.com\\\/?author=1\"}]}<\/script>\n<!-- \/ Yoast SEO plugin. -->","yoast_head_json":{"title":"T\u00fcrk Dil Kurumu Ba\u015fkan Yard\u0131mc\u0131s\u0131 Do\u00e7. Dr. Harun \u015eahin\u2019i kabul etti -","robots":{"index":"index","follow":"follow","max-snippet":"max-snippet:-1","max-image-preview":"max-image-preview:large","max-video-preview":"max-video-preview:-1"},"canonical":"https:\/\/kibrisdakik.com\/?p=40176","og_locale":"tr_TR","og_type":"article","og_title":"T\u00fcrk Dil Kurumu Ba\u015fkan Yard\u0131mc\u0131s\u0131 Do\u00e7. Dr. Harun \u015eahin\u2019i kabul etti -","og_description":"-T\u00f6re Cumhuriyet Meclisi\u2019nden yap\u0131lan a\u00e7\u0131klamaya g\u00f6re, Meclis \u015eeref Salonu&#8217;nda yer alan kabulde konu\u015fan T\u00f6re, T\u00fcrk\u00e7e\u2019nin \u00e7ok g\u00fczel bir dil oldu\u011funu ifade ederek \u201cDilde, fikirde, i\u015fte birlik\u201d \u015fiar\u0131n\u0131n hedef olmas\u0131 ve \u00f6zellikle dilde birli\u011fin ger\u00e7ekle\u015fmesi gerekti\u011fini kaydetti. T\u00fcrk Dil Kurumu\u2019nun, T\u00fcrk\u00e7e\u2019nin en iyi \u015fekilde kullan\u0131lmas\u0131 amac\u0131yla Atat\u00fcrk\u2019\u00fcn hedefledi\u011fi \u00e7izgide \u00e7al\u0131\u015fmalar\u0131na devam etti\u011fini kaydeden T\u00f6re, T\u00fcrk D\u00fcnyas\u0131&#8217;nda","og_url":"https:\/\/kibrisdakik.com\/?p=40176","article_published_time":"2024-05-04T04:19:50+00:00","og_image":[{"width":710,"height":370,"url":"https:\/\/kibrisdakik.com\/wp-content\/uploads\/2024\/05\/turk-dil-kurumu-baskan-yardimcisi-doc-dr-harun-sahini-kabul-etti-1714750130.webp.webp","type":"image\/webp"}],"author":"admin","twitter_card":"summary_large_image","twitter_misc":{"Yazan:":"admin","Tahmini okuma s\u00fcresi":"1 dakika"},"schema":{"@context":"https:\/\/schema.org","@graph":[{"@type":"Article","@id":"https:\/\/kibrisdakik.com\/?p=40176#article","isPartOf":{"@id":"https:\/\/kibrisdakik.com\/?p=40176"},"author":{"name":"admin","@id":"https:\/\/kibrisdakik.com\/#\/schema\/person\/9cd9d437bbb44f72b73ba127e06d8e79"},"headline":"T\u00fcrk Dil Kurumu Ba\u015fkan Yard\u0131mc\u0131s\u0131 Do\u00e7. Dr. Harun \u015eahin\u2019i kabul etti","datePublished":"2024-05-04T04:19:50+00:00","mainEntityOfPage":{"@id":"https:\/\/kibrisdakik.com\/?p=40176"},"wordCount":240,"commentCount":0,"image":{"@id":"https:\/\/kibrisdakik.com\/?p=40176#primaryimage"},"thumbnailUrl":"https:\/\/kibrisdakik.com\/wp-content\/uploads\/2024\/05\/turk-dil-kurumu-baskan-yardimcisi-doc-dr-harun-sahini-kabul-etti-1714750130.webp.webp","articleSection":["Spor"],"inLanguage":"tr","potentialAction":[{"@type":"CommentAction","name":"Comment","target":["https:\/\/kibrisdakik.com\/?p=40176#respond"]}]},{"@type":"WebPage","@id":"https:\/\/kibrisdakik.com\/?p=40176","url":"https:\/\/kibrisdakik.com\/?p=40176","name":"T\u00fcrk Dil Kurumu Ba\u015fkan Yard\u0131mc\u0131s\u0131 Do\u00e7. Dr. Harun \u015eahin\u2019i kabul etti -","isPartOf":{"@id":"https:\/\/kibrisdakik.com\/#website"},"primaryImageOfPage":{"@id":"https:\/\/kibrisdakik.com\/?p=40176#primaryimage"},"image":{"@id":"https:\/\/kibrisdakik.com\/?p=40176#primaryimage"},"thumbnailUrl":"https:\/\/kibrisdakik.com\/wp-content\/uploads\/2024\/05\/turk-dil-kurumu-baskan-yardimcisi-doc-dr-harun-sahini-kabul-etti-1714750130.webp.webp","datePublished":"2024-05-04T04:19:50+00:00","author":{"@id":"https:\/\/kibrisdakik.com\/#\/schema\/person\/9cd9d437bbb44f72b73ba127e06d8e79"},"breadcrumb":{"@id":"https:\/\/kibrisdakik.com\/?p=40176#breadcrumb"},"inLanguage":"tr","potentialAction":[{"@type":"ReadAction","target":["https:\/\/kibrisdakik.com\/?p=40176"]}]},{"@type":"ImageObject","inLanguage":"tr","@id":"https:\/\/kibrisdakik.com\/?p=40176#primaryimage","url":"https:\/\/kibrisdakik.com\/wp-content\/uploads\/2024\/05\/turk-dil-kurumu-baskan-yardimcisi-doc-dr-harun-sahini-kabul-etti-1714750130.webp.webp","contentUrl":"https:\/\/kibrisdakik.com\/wp-content\/uploads\/2024\/05\/turk-dil-kurumu-baskan-yardimcisi-doc-dr-harun-sahini-kabul-etti-1714750130.webp.webp","width":710,"height":370},{"@type":"BreadcrumbList","@id":"https:\/\/kibrisdakik.com\/?p=40176#breadcrumb","itemListElement":[{"@type":"ListItem","position":1,"name":"Home","item":"https:\/\/kibrisdakik.com\/"},{"@type":"ListItem","position":2,"name":"T\u00fcrk Dil Kurumu Ba\u015fkan Yard\u0131mc\u0131s\u0131 Do\u00e7. Dr. Harun \u015eahin\u2019i kabul etti"}]},{"@type":"WebSite","@id":"https:\/\/kibrisdakik.com\/#website","url":"https:\/\/kibrisdakik.com\/","name":"","description":"Tam vaktinde haber","potentialAction":[{"@type":"SearchAction","target":{"@type":"EntryPoint","urlTemplate":"https:\/\/kibrisdakik.com\/?s={search_term_string}"},"query-input":{"@type":"PropertyValueSpecification","valueRequired":true,"valueName":"search_term_string"}}],"inLanguage":"tr"},{"@type":"Person","@id":"https:\/\/kibrisdakik.com\/#\/schema\/person\/9cd9d437bbb44f72b73ba127e06d8e79","name":"admin","image":{"@type":"ImageObject","inLanguage":"tr","@id":"https:\/\/secure.gravatar.com\/avatar\/ccc17943b9d660506c869530f897617f7cb1c21a4bf30023f252596d83e1f007?s=96&d=mm&r=g","url":"https:\/\/secure.gravatar.com\/avatar\/ccc17943b9d660506c869530f897617f7cb1c21a4bf30023f252596d83e1f007?s=96&d=mm&r=g","contentUrl":"https:\/\/secure.gravatar.com\/avatar\/ccc17943b9d660506c869530f897617f7cb1c21a4bf30023f252596d83e1f007?s=96&d=mm&r=g","caption":"admin"},"sameAs":["https:\/\/kibrisdakik.com"],"url":"https:\/\/kibrisdakik.com\/?author=1"}]}},"_links":{"self":[{"href":"https:\/\/kibrisdakik.com\/index.php?rest_route=\/wp\/v2\/posts\/40176","targetHints":{"allow":["GET"]}}],"collection":[{"href":"https:\/\/kibrisdakik.com\/index.php?rest_route=\/wp\/v2\/posts"}],"about":[{"href":"https:\/\/kibrisdakik.com\/index.php?rest_route=\/wp\/v2\/types\/post"}],"author":[{"embeddable":true,"href":"https:\/\/kibrisdakik.com\/index.php?rest_route=\/wp\/v2\/users\/1"}],"replies":[{"embeddable":true,"href":"https:\/\/kibrisdakik.com\/index.php?rest_route=%2Fwp%2Fv2%2Fcomments&post=40176"}],"version-history":[{"count":0,"href":"https:\/\/kibrisdakik.com\/index.php?rest_route=\/wp\/v2\/posts\/40176\/revisions"}],"wp:featuredmedia":[{"embeddable":true,"href":"https:\/\/kibrisdakik.com\/index.php?rest_route=\/wp\/v2\/media\/40177"}],"wp:attachment":[{"href":"https:\/\/kibrisdakik.com\/index.php?rest_route=%2Fwp%2Fv2%2Fmedia&parent=40176"}],"wp:term":[{"taxonomy":"category","embeddable":true,"href":"https:\/\/kibrisdakik.com\/index.php?rest_route=%2Fwp%2Fv2%2Fcategories&post=40176"},{"taxonomy":"post_tag","embeddable":true,"href":"https:\/\/kibrisdakik.com\/index.php?rest_route=%2Fwp%2Fv2%2Ftags&post=40176"}],"curies":[{"name":"wp","href":"https:\/\/api.w.org\/{rel}","templated":true}]}}