{"id":40192,"date":"2024-05-04T07:23:34","date_gmt":"2024-05-04T07:23:34","guid":{"rendered":"https:\/\/kibrisdakik.com\/index.php\/2024\/05\/04\/hataysporda-volkan-demirel-donemi-sona-erdi\/"},"modified":"2024-05-04T07:23:34","modified_gmt":"2024-05-04T07:23:34","slug":"hataysporda-volkan-demirel-donemi-sona-erdi","status":"publish","type":"post","link":"https:\/\/kibrisdakik.com\/?p=40192","title":{"rendered":"Hatayspor&#039;da Volkan Demirel d\u00f6nemi sona erdi"},"content":{"rendered":"<p><img decoding=\"async\" src=\"https:\/\/www.kibristurk.com\/images\/haberler\/2024\/05\/hataysporda-volkan-demirel-donemi-sona-erdi-1714806700.webp\" \/><\/p>\n<p>Ald\u0131\u011f\u0131 sonu\u00e7larla k\u00fcme d\u00fc\u015fme potas\u0131na giren&nbsp;<strong>Hatayspor,<\/strong>&nbsp;teknik direkt\u00f6r&nbsp;<strong>Volkan Demirel<\/strong>&nbsp;ile yollar\u0131n ayr\u0131ld\u0131\u011f\u0131n\u0131&nbsp;a\u00e7\u0131klad\u0131.<\/p>\n<p><strong>Yap\u0131lan a\u00e7\u0131klamada \u015fu ifadelere yer verildi:<\/strong><\/p>\n<p><em>&#8220;Teknik direkt\u00f6r\u00fcm\u00fcz&nbsp;Volkan Demirel&nbsp;ile kar\u015f\u0131l\u0131kl\u0131 anla\u015farak yollar\u0131m\u0131z\u0131 ay\u0131rm\u0131\u015f bulunuyoruz. 6 \u015eubat g\u00fcn\u00fc ya\u015fad\u0131\u011f\u0131m\u0131z deprem felaketinden bu yana kul\u00fcb\u00fcm\u00fcz ve \u015fehrimiz i\u00e7in hi\u00e7 d\u00fc\u015f\u00fcnmeden ve yorulmadan \u00e7al\u0131\u015fan, tak\u0131m\u0131m\u0131z\u0131n 2023-2024 Trendyol S\u00fcper Lig sezonunda m\u00fccadele etmesi i\u00e7in depremden hemen sonra her t\u00fcrl\u00fc \u00e7al\u0131\u015fmay\u0131 titizlikle y\u00f6neten Volkan Demirel hocam\u0131za ve ekibine sonsuz te\u015fekk\u00fcrlerimizi sunuyor, bundan sonraki kariyerlerinde sonsuz ba\u015far\u0131lar diliyoruz. Volkan Demirel her zaman \u015fehrimizin ve kul\u00fcb\u00fcm\u00fcz\u00fcn bir de\u011feri olarak kalacakt\u0131r.&#8221;<\/em><\/p>\n","protected":false},"excerpt":{"rendered":"<p>Ald\u0131\u011f\u0131 sonu\u00e7larla k\u00fcme d\u00fc\u015fme potas\u0131na giren&nbsp;Hatayspor,&nbsp;teknik direkt\u00f6r&nbsp;Volkan Demirel&nbsp;ile yollar\u0131n ayr\u0131ld\u0131\u011f\u0131n\u0131&nbsp;a\u00e7\u0131klad\u0131. Yap\u0131lan a\u00e7\u0131klamada \u015fu ifadelere yer verildi: &#8220;Teknik direkt\u00f6r\u00fcm\u00fcz&nbsp;Volkan Demirel&nbsp;ile kar\u015f\u0131l\u0131kl\u0131 anla\u015farak yollar\u0131m\u0131z\u0131 ay\u0131rm\u0131\u015f bulunuyoruz. 6 \u015eubat g\u00fcn\u00fc ya\u015fad\u0131\u011f\u0131m\u0131z deprem felaketinden bu yana kul\u00fcb\u00fcm\u00fcz ve \u015fehrimiz i\u00e7in hi\u00e7 d\u00fc\u015f\u00fcnmeden ve yorulmadan \u00e7al\u0131\u015fan, tak\u0131m\u0131m\u0131z\u0131n 2023-2024 Trendyol S\u00fcper Lig sezonunda m\u00fccadele etmesi i\u00e7in depremden hemen sonra her t\u00fcrl\u00fc<\/p>\n","protected":false},"author":1,"featured_media":40193,"comment_status":"open","ping_status":"open","sticky":false,"template":"","format":"standard","meta":{"footnotes":""},"categories":[85],"tags":[],"class_list":["post-40192","post","type-post","status-publish","format-standard","has-post-thumbnail","hentry","category-spor"],"yoast_head":"<!-- This site is optimized with the Yoast SEO plugin v27.4 - https:\/\/yoast.com\/product\/yoast-seo-wordpress\/ -->\n<title>Hatayspor&#039;da Volkan Demirel d\u00f6nemi sona erdi -<\/title>\n<meta name=\"robots\" content=\"index, follow, max-snippet:-1, max-image-preview:large, max-video-preview:-1\" \/>\n<link rel=\"canonical\" href=\"https:\/\/kibrisdakik.com\/?p=40192\" \/>\n<meta property=\"og:locale\" content=\"tr_TR\" \/>\n<meta property=\"og:type\" content=\"article\" \/>\n<meta property=\"og:title\" content=\"Hatayspor&#039;da Volkan Demirel d\u00f6nemi sona erdi -\" \/>\n<meta property=\"og:description\" content=\"Ald\u0131\u011f\u0131 sonu\u00e7larla k\u00fcme d\u00fc\u015fme potas\u0131na giren&nbsp;Hatayspor,&nbsp;teknik direkt\u00f6r&nbsp;Volkan Demirel&nbsp;ile yollar\u0131n ayr\u0131ld\u0131\u011f\u0131n\u0131&nbsp;a\u00e7\u0131klad\u0131. Yap\u0131lan a\u00e7\u0131klamada \u015fu ifadelere yer verildi: &#8220;Teknik direkt\u00f6r\u00fcm\u00fcz&nbsp;Volkan Demirel&nbsp;ile kar\u015f\u0131l\u0131kl\u0131 anla\u015farak yollar\u0131m\u0131z\u0131 ay\u0131rm\u0131\u015f bulunuyoruz. 6 \u015eubat g\u00fcn\u00fc ya\u015fad\u0131\u011f\u0131m\u0131z deprem felaketinden bu yana kul\u00fcb\u00fcm\u00fcz ve \u015fehrimiz i\u00e7in hi\u00e7 d\u00fc\u015f\u00fcnmeden ve yorulmadan \u00e7al\u0131\u015fan, tak\u0131m\u0131m\u0131z\u0131n 2023-2024 Trendyol S\u00fcper Lig sezonunda m\u00fccadele etmesi i\u00e7in depremden hemen sonra her t\u00fcrl\u00fc\" \/>\n<meta property=\"og:url\" content=\"https:\/\/kibrisdakik.com\/?p=40192\" \/>\n<meta property=\"article:published_time\" content=\"2024-05-04T07:23:34+00:00\" \/>\n<meta property=\"og:image\" content=\"https:\/\/kibrisdakik.com\/wp-content\/uploads\/2024\/05\/hataysporda-volkan-demirel-donemi-sona-erdi-1714806700.webp.webp\" \/>\n\t<meta property=\"og:image:width\" content=\"710\" \/>\n\t<meta property=\"og:image:height\" content=\"370\" \/>\n\t<meta property=\"og:image:type\" content=\"image\/webp\" \/>\n<meta name=\"author\" content=\"admin\" \/>\n<meta name=\"twitter:card\" content=\"summary_large_image\" \/>\n<meta name=\"twitter:label1\" content=\"Yazan:\" \/>\n\t<meta name=\"twitter:data1\" content=\"admin\" \/>\n\t<meta name=\"twitter:label2\" content=\"Tahmini okuma s\u00fcresi\" \/>\n\t<meta name=\"twitter:data2\" content=\"1 dakika\" \/>\n<script type=\"application\/ld+json\" class=\"yoast-schema-graph\">{\"@context\":\"https:\\\/\\\/schema.org\",\"@graph\":[{\"@type\":\"Article\",\"@id\":\"https:\\\/\\\/kibrisdakik.com\\\/?p=40192#article\",\"isPartOf\":{\"@id\":\"https:\\\/\\\/kibrisdakik.com\\\/?p=40192\"},\"author\":{\"name\":\"admin\",\"@id\":\"https:\\\/\\\/kibrisdakik.com\\\/#\\\/schema\\\/person\\\/9cd9d437bbb44f72b73ba127e06d8e79\"},\"headline\":\"Hatayspor&#039;da Volkan Demirel d\u00f6nemi sona erdi\",\"datePublished\":\"2024-05-04T07:23:34+00:00\",\"mainEntityOfPage\":{\"@id\":\"https:\\\/\\\/kibrisdakik.com\\\/?p=40192\"},\"wordCount\":155,\"commentCount\":0,\"image\":{\"@id\":\"https:\\\/\\\/kibrisdakik.com\\\/?p=40192#primaryimage\"},\"thumbnailUrl\":\"https:\\\/\\\/kibrisdakik.com\\\/wp-content\\\/uploads\\\/2024\\\/05\\\/hataysporda-volkan-demirel-donemi-sona-erdi-1714806700.webp.webp\",\"articleSection\":[\"Spor\"],\"inLanguage\":\"tr\",\"potentialAction\":[{\"@type\":\"CommentAction\",\"name\":\"Comment\",\"target\":[\"https:\\\/\\\/kibrisdakik.com\\\/?p=40192#respond\"]}]},{\"@type\":\"WebPage\",\"@id\":\"https:\\\/\\\/kibrisdakik.com\\\/?p=40192\",\"url\":\"https:\\\/\\\/kibrisdakik.com\\\/?p=40192\",\"name\":\"Hatayspor&#039;da Volkan Demirel d\u00f6nemi sona erdi -\",\"isPartOf\":{\"@id\":\"https:\\\/\\\/kibrisdakik.com\\\/#website\"},\"primaryImageOfPage\":{\"@id\":\"https:\\\/\\\/kibrisdakik.com\\\/?p=40192#primaryimage\"},\"image\":{\"@id\":\"https:\\\/\\\/kibrisdakik.com\\\/?p=40192#primaryimage\"},\"thumbnailUrl\":\"https:\\\/\\\/kibrisdakik.com\\\/wp-content\\\/uploads\\\/2024\\\/05\\\/hataysporda-volkan-demirel-donemi-sona-erdi-1714806700.webp.webp\",\"datePublished\":\"2024-05-04T07:23:34+00:00\",\"author\":{\"@id\":\"https:\\\/\\\/kibrisdakik.com\\\/#\\\/schema\\\/person\\\/9cd9d437bbb44f72b73ba127e06d8e79\"},\"breadcrumb\":{\"@id\":\"https:\\\/\\\/kibrisdakik.com\\\/?p=40192#breadcrumb\"},\"inLanguage\":\"tr\",\"potentialAction\":[{\"@type\":\"ReadAction\",\"target\":[\"https:\\\/\\\/kibrisdakik.com\\\/?p=40192\"]}]},{\"@type\":\"ImageObject\",\"inLanguage\":\"tr\",\"@id\":\"https:\\\/\\\/kibrisdakik.com\\\/?p=40192#primaryimage\",\"url\":\"https:\\\/\\\/kibrisdakik.com\\\/wp-content\\\/uploads\\\/2024\\\/05\\\/hataysporda-volkan-demirel-donemi-sona-erdi-1714806700.webp.webp\",\"contentUrl\":\"https:\\\/\\\/kibrisdakik.com\\\/wp-content\\\/uploads\\\/2024\\\/05\\\/hataysporda-volkan-demirel-donemi-sona-erdi-1714806700.webp.webp\",\"width\":710,\"height\":370},{\"@type\":\"BreadcrumbList\",\"@id\":\"https:\\\/\\\/kibrisdakik.com\\\/?p=40192#breadcrumb\",\"itemListElement\":[{\"@type\":\"ListItem\",\"position\":1,\"name\":\"Home\",\"item\":\"https:\\\/\\\/kibrisdakik.com\\\/\"},{\"@type\":\"ListItem\",\"position\":2,\"name\":\"Hatayspor&#039;da Volkan Demirel d\u00f6nemi sona erdi\"}]},{\"@type\":\"WebSite\",\"@id\":\"https:\\\/\\\/kibrisdakik.com\\\/#website\",\"url\":\"https:\\\/\\\/kibrisdakik.com\\\/\",\"name\":\"\",\"description\":\"Tam vaktinde haber\",\"potentialAction\":[{\"@type\":\"SearchAction\",\"target\":{\"@type\":\"EntryPoint\",\"urlTemplate\":\"https:\\\/\\\/kibrisdakik.com\\\/?s={search_term_string}\"},\"query-input\":{\"@type\":\"PropertyValueSpecification\",\"valueRequired\":true,\"valueName\":\"search_term_string\"}}],\"inLanguage\":\"tr\"},{\"@type\":\"Person\",\"@id\":\"https:\\\/\\\/kibrisdakik.com\\\/#\\\/schema\\\/person\\\/9cd9d437bbb44f72b73ba127e06d8e79\",\"name\":\"admin\",\"image\":{\"@type\":\"ImageObject\",\"inLanguage\":\"tr\",\"@id\":\"https:\\\/\\\/secure.gravatar.com\\\/avatar\\\/ccc17943b9d660506c869530f897617f7cb1c21a4bf30023f252596d83e1f007?s=96&d=mm&r=g\",\"url\":\"https:\\\/\\\/secure.gravatar.com\\\/avatar\\\/ccc17943b9d660506c869530f897617f7cb1c21a4bf30023f252596d83e1f007?s=96&d=mm&r=g\",\"contentUrl\":\"https:\\\/\\\/secure.gravatar.com\\\/avatar\\\/ccc17943b9d660506c869530f897617f7cb1c21a4bf30023f252596d83e1f007?s=96&d=mm&r=g\",\"caption\":\"admin\"},\"sameAs\":[\"https:\\\/\\\/kibrisdakik.com\"],\"url\":\"https:\\\/\\\/kibrisdakik.com\\\/?author=1\"}]}<\/script>\n<!-- \/ Yoast SEO plugin. -->","yoast_head_json":{"title":"Hatayspor&#039;da Volkan Demirel d\u00f6nemi sona erdi -","robots":{"index":"index","follow":"follow","max-snippet":"max-snippet:-1","max-image-preview":"max-image-preview:large","max-video-preview":"max-video-preview:-1"},"canonical":"https:\/\/kibrisdakik.com\/?p=40192","og_locale":"tr_TR","og_type":"article","og_title":"Hatayspor&#039;da Volkan Demirel d\u00f6nemi sona erdi -","og_description":"Ald\u0131\u011f\u0131 sonu\u00e7larla k\u00fcme d\u00fc\u015fme potas\u0131na giren&nbsp;Hatayspor,&nbsp;teknik direkt\u00f6r&nbsp;Volkan Demirel&nbsp;ile yollar\u0131n ayr\u0131ld\u0131\u011f\u0131n\u0131&nbsp;a\u00e7\u0131klad\u0131. Yap\u0131lan a\u00e7\u0131klamada \u015fu ifadelere yer verildi: &#8220;Teknik direkt\u00f6r\u00fcm\u00fcz&nbsp;Volkan Demirel&nbsp;ile kar\u015f\u0131l\u0131kl\u0131 anla\u015farak yollar\u0131m\u0131z\u0131 ay\u0131rm\u0131\u015f bulunuyoruz. 6 \u015eubat g\u00fcn\u00fc ya\u015fad\u0131\u011f\u0131m\u0131z deprem felaketinden bu yana kul\u00fcb\u00fcm\u00fcz ve \u015fehrimiz i\u00e7in hi\u00e7 d\u00fc\u015f\u00fcnmeden ve yorulmadan \u00e7al\u0131\u015fan, tak\u0131m\u0131m\u0131z\u0131n 2023-2024 Trendyol S\u00fcper Lig sezonunda m\u00fccadele etmesi i\u00e7in depremden hemen sonra her t\u00fcrl\u00fc","og_url":"https:\/\/kibrisdakik.com\/?p=40192","article_published_time":"2024-05-04T07:23:34+00:00","og_image":[{"width":710,"height":370,"url":"https:\/\/kibrisdakik.com\/wp-content\/uploads\/2024\/05\/hataysporda-volkan-demirel-donemi-sona-erdi-1714806700.webp.webp","type":"image\/webp"}],"author":"admin","twitter_card":"summary_large_image","twitter_misc":{"Yazan:":"admin","Tahmini okuma s\u00fcresi":"1 dakika"},"schema":{"@context":"https:\/\/schema.org","@graph":[{"@type":"Article","@id":"https:\/\/kibrisdakik.com\/?p=40192#article","isPartOf":{"@id":"https:\/\/kibrisdakik.com\/?p=40192"},"author":{"name":"admin","@id":"https:\/\/kibrisdakik.com\/#\/schema\/person\/9cd9d437bbb44f72b73ba127e06d8e79"},"headline":"Hatayspor&#039;da Volkan Demirel d\u00f6nemi sona erdi","datePublished":"2024-05-04T07:23:34+00:00","mainEntityOfPage":{"@id":"https:\/\/kibrisdakik.com\/?p=40192"},"wordCount":155,"commentCount":0,"image":{"@id":"https:\/\/kibrisdakik.com\/?p=40192#primaryimage"},"thumbnailUrl":"https:\/\/kibrisdakik.com\/wp-content\/uploads\/2024\/05\/hataysporda-volkan-demirel-donemi-sona-erdi-1714806700.webp.webp","articleSection":["Spor"],"inLanguage":"tr","potentialAction":[{"@type":"CommentAction","name":"Comment","target":["https:\/\/kibrisdakik.com\/?p=40192#respond"]}]},{"@type":"WebPage","@id":"https:\/\/kibrisdakik.com\/?p=40192","url":"https:\/\/kibrisdakik.com\/?p=40192","name":"Hatayspor&#039;da Volkan Demirel d\u00f6nemi sona erdi -","isPartOf":{"@id":"https:\/\/kibrisdakik.com\/#website"},"primaryImageOfPage":{"@id":"https:\/\/kibrisdakik.com\/?p=40192#primaryimage"},"image":{"@id":"https:\/\/kibrisdakik.com\/?p=40192#primaryimage"},"thumbnailUrl":"https:\/\/kibrisdakik.com\/wp-content\/uploads\/2024\/05\/hataysporda-volkan-demirel-donemi-sona-erdi-1714806700.webp.webp","datePublished":"2024-05-04T07:23:34+00:00","author":{"@id":"https:\/\/kibrisdakik.com\/#\/schema\/person\/9cd9d437bbb44f72b73ba127e06d8e79"},"breadcrumb":{"@id":"https:\/\/kibrisdakik.com\/?p=40192#breadcrumb"},"inLanguage":"tr","potentialAction":[{"@type":"ReadAction","target":["https:\/\/kibrisdakik.com\/?p=40192"]}]},{"@type":"ImageObject","inLanguage":"tr","@id":"https:\/\/kibrisdakik.com\/?p=40192#primaryimage","url":"https:\/\/kibrisdakik.com\/wp-content\/uploads\/2024\/05\/hataysporda-volkan-demirel-donemi-sona-erdi-1714806700.webp.webp","contentUrl":"https:\/\/kibrisdakik.com\/wp-content\/uploads\/2024\/05\/hataysporda-volkan-demirel-donemi-sona-erdi-1714806700.webp.webp","width":710,"height":370},{"@type":"BreadcrumbList","@id":"https:\/\/kibrisdakik.com\/?p=40192#breadcrumb","itemListElement":[{"@type":"ListItem","position":1,"name":"Home","item":"https:\/\/kibrisdakik.com\/"},{"@type":"ListItem","position":2,"name":"Hatayspor&#039;da Volkan Demirel d\u00f6nemi sona erdi"}]},{"@type":"WebSite","@id":"https:\/\/kibrisdakik.com\/#website","url":"https:\/\/kibrisdakik.com\/","name":"","description":"Tam vaktinde haber","potentialAction":[{"@type":"SearchAction","target":{"@type":"EntryPoint","urlTemplate":"https:\/\/kibrisdakik.com\/?s={search_term_string}"},"query-input":{"@type":"PropertyValueSpecification","valueRequired":true,"valueName":"search_term_string"}}],"inLanguage":"tr"},{"@type":"Person","@id":"https:\/\/kibrisdakik.com\/#\/schema\/person\/9cd9d437bbb44f72b73ba127e06d8e79","name":"admin","image":{"@type":"ImageObject","inLanguage":"tr","@id":"https:\/\/secure.gravatar.com\/avatar\/ccc17943b9d660506c869530f897617f7cb1c21a4bf30023f252596d83e1f007?s=96&d=mm&r=g","url":"https:\/\/secure.gravatar.com\/avatar\/ccc17943b9d660506c869530f897617f7cb1c21a4bf30023f252596d83e1f007?s=96&d=mm&r=g","contentUrl":"https:\/\/secure.gravatar.com\/avatar\/ccc17943b9d660506c869530f897617f7cb1c21a4bf30023f252596d83e1f007?s=96&d=mm&r=g","caption":"admin"},"sameAs":["https:\/\/kibrisdakik.com"],"url":"https:\/\/kibrisdakik.com\/?author=1"}]}},"_links":{"self":[{"href":"https:\/\/kibrisdakik.com\/index.php?rest_route=\/wp\/v2\/posts\/40192","targetHints":{"allow":["GET"]}}],"collection":[{"href":"https:\/\/kibrisdakik.com\/index.php?rest_route=\/wp\/v2\/posts"}],"about":[{"href":"https:\/\/kibrisdakik.com\/index.php?rest_route=\/wp\/v2\/types\/post"}],"author":[{"embeddable":true,"href":"https:\/\/kibrisdakik.com\/index.php?rest_route=\/wp\/v2\/users\/1"}],"replies":[{"embeddable":true,"href":"https:\/\/kibrisdakik.com\/index.php?rest_route=%2Fwp%2Fv2%2Fcomments&post=40192"}],"version-history":[{"count":0,"href":"https:\/\/kibrisdakik.com\/index.php?rest_route=\/wp\/v2\/posts\/40192\/revisions"}],"wp:featuredmedia":[{"embeddable":true,"href":"https:\/\/kibrisdakik.com\/index.php?rest_route=\/wp\/v2\/media\/40193"}],"wp:attachment":[{"href":"https:\/\/kibrisdakik.com\/index.php?rest_route=%2Fwp%2Fv2%2Fmedia&parent=40192"}],"wp:term":[{"taxonomy":"category","embeddable":true,"href":"https:\/\/kibrisdakik.com\/index.php?rest_route=%2Fwp%2Fv2%2Fcategories&post=40192"},{"taxonomy":"post_tag","embeddable":true,"href":"https:\/\/kibrisdakik.com\/index.php?rest_route=%2Fwp%2Fv2%2Ftags&post=40192"}],"curies":[{"name":"wp","href":"https:\/\/api.w.org\/{rel}","templated":true}]}}