{"id":40198,"date":"2024-05-04T08:25:15","date_gmt":"2024-05-04T08:25:15","guid":{"rendered":"https:\/\/kibrisdakik.com\/index.php\/2024\/05\/04\/minibus-soforlerinin-servis-kiralayan-universitelilere-saldirisina-2-tutuklama\/"},"modified":"2024-05-04T08:25:15","modified_gmt":"2024-05-04T08:25:15","slug":"minibus-soforlerinin-servis-kiralayan-universitelilere-saldirisina-2-tutuklama","status":"publish","type":"post","link":"https:\/\/kibrisdakik.com\/?p=40198","title":{"rendered":"Minib\u00fcs \u015fof\u00f6rlerinin servis kiralayan \u00fcniversitelilere sald\u0131r\u0131s\u0131na 2 tutuklama"},"content":{"rendered":"<p><img decoding=\"async\" src=\"https:\/\/www.kibristurk.com\/images\/haberler\/2024\/05\/minibus-soforlerinin-servis-kiralayan-universitelilere-saldirisina-2-tutuklama-1714806388.webp\" \/><\/p>\n<p><strong>Trabzon&#8217;<\/strong>da bir grup \u00fcniversite \u00f6\u011frencisi minib\u00fcs \u015fof\u00f6rleri taraf\u0131ndan sald\u0131r\u0131ya u\u011frad\u0131.<strong>&nbsp;Karadeniz&nbsp;Teknik \u00dcniversitesi&#8217;<\/strong>nden k\u0131nama a\u00e7\u0131klamas\u0131 geldi. Yap\u0131lan a\u00e7\u0131klamada Valilik taraf\u0131ndan konuya ili\u015fkin \u00e7ok y\u00f6nl\u00fc soru\u015fturma ba\u015flat\u0131ld\u0131\u011f\u0131 ifade edildi.<\/p>\n<p>Geli\u015fmelerin ard\u0131ndan \u015f\u00fcpheli \u00d6.D.\u2019nin kullan\u0131m\u0131ndaki ara\u00e7la, T.D.&#8217;nin sevk ve idaresinde yer alan \u00f6\u011frencilerin bulundu\u011fu minib\u00fcs\u00fcn \u00f6n\u00fcnde durarak arac\u0131 sa\u011fa \u00e7ektirdikten sonra T.D. ile \u00d6.D&#8217;nin minib\u00fcs dura\u011f\u0131ndaki kul\u00fcbe i\u00e7erisinde konu\u015ftuklar\u0131 s\u0131rada, K.D. , S.Y. ve H.Y. adl\u0131 \u015f\u00fcpheliler ile minib\u00fcste bulunan \u00f6\u011frencilerden F.\u00d6. , E.D. , M.\u00d6. aras\u0131nda \u00e7\u0131kan arbede sonucunda meydana gelen yaralanma olay\u0131yla ilgili olarak K.D. , S.Y. , H.Y. ve \u00d6.D. g\u00f6zalt\u0131na al\u0131nd\u0131.<\/p>\n<p><strong>2 K\u0130\u015e\u0130 TUTUKLANDI<\/strong><\/p>\n<p>G\u00f6zalt\u0131na al\u0131nan \u015f\u00fcphelilerden N\u00f6bet\u00e7i Sulh Ceza Hakimli\u011fine sevk edilen S.Y. ve H.S. adli kontrol karar\u0131yla serbest b\u0131rak\u0131l\u0131rken, \u015f\u00fcpheliler K.D. ve \u00d6.D. ise tutuklanarak cezaevine g\u00f6nderildi.<\/p>\n","protected":false},"excerpt":{"rendered":"<p>Trabzon&#8217;da bir grup \u00fcniversite \u00f6\u011frencisi minib\u00fcs \u015fof\u00f6rleri taraf\u0131ndan sald\u0131r\u0131ya u\u011frad\u0131.&nbsp;Karadeniz&nbsp;Teknik \u00dcniversitesi&#8217;nden k\u0131nama a\u00e7\u0131klamas\u0131 geldi. Yap\u0131lan a\u00e7\u0131klamada Valilik taraf\u0131ndan konuya ili\u015fkin \u00e7ok y\u00f6nl\u00fc soru\u015fturma ba\u015flat\u0131ld\u0131\u011f\u0131 ifade edildi. Geli\u015fmelerin ard\u0131ndan \u015f\u00fcpheli \u00d6.D.\u2019nin kullan\u0131m\u0131ndaki ara\u00e7la, T.D.&#8217;nin sevk ve idaresinde yer alan \u00f6\u011frencilerin bulundu\u011fu minib\u00fcs\u00fcn \u00f6n\u00fcnde durarak arac\u0131 sa\u011fa \u00e7ektirdikten sonra T.D. ile \u00d6.D&#8217;nin minib\u00fcs dura\u011f\u0131ndaki kul\u00fcbe i\u00e7erisinde konu\u015ftuklar\u0131<\/p>\n","protected":false},"author":1,"featured_media":40199,"comment_status":"open","ping_status":"open","sticky":false,"template":"","format":"standard","meta":{"footnotes":""},"categories":[85],"tags":[],"class_list":["post-40198","post","type-post","status-publish","format-standard","has-post-thumbnail","hentry","category-spor"],"yoast_head":"<!-- This site is optimized with the Yoast SEO plugin v27.5 - https:\/\/yoast.com\/product\/yoast-seo-wordpress\/ -->\n<title>Minib\u00fcs \u015fof\u00f6rlerinin servis kiralayan \u00fcniversitelilere sald\u0131r\u0131s\u0131na 2 tutuklama -<\/title>\n<meta name=\"robots\" content=\"index, follow, max-snippet:-1, max-image-preview:large, max-video-preview:-1\" \/>\n<link rel=\"canonical\" href=\"https:\/\/kibrisdakik.com\/?p=40198\" \/>\n<meta property=\"og:locale\" content=\"tr_TR\" \/>\n<meta property=\"og:type\" content=\"article\" \/>\n<meta property=\"og:title\" content=\"Minib\u00fcs \u015fof\u00f6rlerinin servis kiralayan \u00fcniversitelilere sald\u0131r\u0131s\u0131na 2 tutuklama -\" \/>\n<meta property=\"og:description\" content=\"Trabzon&#8217;da bir grup \u00fcniversite \u00f6\u011frencisi minib\u00fcs \u015fof\u00f6rleri taraf\u0131ndan sald\u0131r\u0131ya u\u011frad\u0131.&nbsp;Karadeniz&nbsp;Teknik \u00dcniversitesi&#8217;nden k\u0131nama a\u00e7\u0131klamas\u0131 geldi. Yap\u0131lan a\u00e7\u0131klamada Valilik taraf\u0131ndan konuya ili\u015fkin \u00e7ok y\u00f6nl\u00fc soru\u015fturma ba\u015flat\u0131ld\u0131\u011f\u0131 ifade edildi. Geli\u015fmelerin ard\u0131ndan \u015f\u00fcpheli \u00d6.D.\u2019nin kullan\u0131m\u0131ndaki ara\u00e7la, T.D.&#8217;nin sevk ve idaresinde yer alan \u00f6\u011frencilerin bulundu\u011fu minib\u00fcs\u00fcn \u00f6n\u00fcnde durarak arac\u0131 sa\u011fa \u00e7ektirdikten sonra T.D. ile \u00d6.D&#8217;nin minib\u00fcs dura\u011f\u0131ndaki kul\u00fcbe i\u00e7erisinde konu\u015ftuklar\u0131\" \/>\n<meta property=\"og:url\" content=\"https:\/\/kibrisdakik.com\/?p=40198\" \/>\n<meta property=\"article:published_time\" content=\"2024-05-04T08:25:15+00:00\" \/>\n<meta property=\"og:image\" content=\"https:\/\/kibrisdakik.com\/wp-content\/uploads\/2024\/05\/minibus-soforlerinin-servis-kiralayan-universitelilere-saldirisina-2-tutuklama-1714806388.webp.webp\" \/>\n\t<meta property=\"og:image:width\" content=\"710\" \/>\n\t<meta property=\"og:image:height\" content=\"370\" \/>\n\t<meta property=\"og:image:type\" content=\"image\/webp\" \/>\n<meta name=\"author\" content=\"admin\" \/>\n<meta name=\"twitter:card\" content=\"summary_large_image\" \/>\n<meta name=\"twitter:label1\" content=\"Yazan:\" \/>\n\t<meta name=\"twitter:data1\" content=\"admin\" \/>\n\t<meta name=\"twitter:label2\" content=\"Tahmini okuma s\u00fcresi\" \/>\n\t<meta name=\"twitter:data2\" content=\"1 dakika\" \/>\n<script type=\"application\/ld+json\" class=\"yoast-schema-graph\">{\"@context\":\"https:\\\/\\\/schema.org\",\"@graph\":[{\"@type\":\"Article\",\"@id\":\"https:\\\/\\\/kibrisdakik.com\\\/?p=40198#article\",\"isPartOf\":{\"@id\":\"https:\\\/\\\/kibrisdakik.com\\\/?p=40198\"},\"author\":{\"name\":\"admin\",\"@id\":\"https:\\\/\\\/kibrisdakik.com\\\/#\\\/schema\\\/person\\\/9cd9d437bbb44f72b73ba127e06d8e79\"},\"headline\":\"Minib\u00fcs \u015fof\u00f6rlerinin servis kiralayan \u00fcniversitelilere sald\u0131r\u0131s\u0131na 2 tutuklama\",\"datePublished\":\"2024-05-04T08:25:15+00:00\",\"mainEntityOfPage\":{\"@id\":\"https:\\\/\\\/kibrisdakik.com\\\/?p=40198\"},\"wordCount\":192,\"commentCount\":0,\"image\":{\"@id\":\"https:\\\/\\\/kibrisdakik.com\\\/?p=40198#primaryimage\"},\"thumbnailUrl\":\"https:\\\/\\\/kibrisdakik.com\\\/wp-content\\\/uploads\\\/2024\\\/05\\\/minibus-soforlerinin-servis-kiralayan-universitelilere-saldirisina-2-tutuklama-1714806388.webp.webp\",\"articleSection\":[\"Spor\"],\"inLanguage\":\"tr\",\"potentialAction\":[{\"@type\":\"CommentAction\",\"name\":\"Comment\",\"target\":[\"https:\\\/\\\/kibrisdakik.com\\\/?p=40198#respond\"]}]},{\"@type\":\"WebPage\",\"@id\":\"https:\\\/\\\/kibrisdakik.com\\\/?p=40198\",\"url\":\"https:\\\/\\\/kibrisdakik.com\\\/?p=40198\",\"name\":\"Minib\u00fcs \u015fof\u00f6rlerinin servis kiralayan \u00fcniversitelilere sald\u0131r\u0131s\u0131na 2 tutuklama -\",\"isPartOf\":{\"@id\":\"https:\\\/\\\/kibrisdakik.com\\\/#website\"},\"primaryImageOfPage\":{\"@id\":\"https:\\\/\\\/kibrisdakik.com\\\/?p=40198#primaryimage\"},\"image\":{\"@id\":\"https:\\\/\\\/kibrisdakik.com\\\/?p=40198#primaryimage\"},\"thumbnailUrl\":\"https:\\\/\\\/kibrisdakik.com\\\/wp-content\\\/uploads\\\/2024\\\/05\\\/minibus-soforlerinin-servis-kiralayan-universitelilere-saldirisina-2-tutuklama-1714806388.webp.webp\",\"datePublished\":\"2024-05-04T08:25:15+00:00\",\"author\":{\"@id\":\"https:\\\/\\\/kibrisdakik.com\\\/#\\\/schema\\\/person\\\/9cd9d437bbb44f72b73ba127e06d8e79\"},\"breadcrumb\":{\"@id\":\"https:\\\/\\\/kibrisdakik.com\\\/?p=40198#breadcrumb\"},\"inLanguage\":\"tr\",\"potentialAction\":[{\"@type\":\"ReadAction\",\"target\":[\"https:\\\/\\\/kibrisdakik.com\\\/?p=40198\"]}]},{\"@type\":\"ImageObject\",\"inLanguage\":\"tr\",\"@id\":\"https:\\\/\\\/kibrisdakik.com\\\/?p=40198#primaryimage\",\"url\":\"https:\\\/\\\/kibrisdakik.com\\\/wp-content\\\/uploads\\\/2024\\\/05\\\/minibus-soforlerinin-servis-kiralayan-universitelilere-saldirisina-2-tutuklama-1714806388.webp.webp\",\"contentUrl\":\"https:\\\/\\\/kibrisdakik.com\\\/wp-content\\\/uploads\\\/2024\\\/05\\\/minibus-soforlerinin-servis-kiralayan-universitelilere-saldirisina-2-tutuklama-1714806388.webp.webp\",\"width\":710,\"height\":370},{\"@type\":\"BreadcrumbList\",\"@id\":\"https:\\\/\\\/kibrisdakik.com\\\/?p=40198#breadcrumb\",\"itemListElement\":[{\"@type\":\"ListItem\",\"position\":1,\"name\":\"Home\",\"item\":\"https:\\\/\\\/kibrisdakik.com\\\/\"},{\"@type\":\"ListItem\",\"position\":2,\"name\":\"Minib\u00fcs \u015fof\u00f6rlerinin servis kiralayan \u00fcniversitelilere sald\u0131r\u0131s\u0131na 2 tutuklama\"}]},{\"@type\":\"WebSite\",\"@id\":\"https:\\\/\\\/kibrisdakik.com\\\/#website\",\"url\":\"https:\\\/\\\/kibrisdakik.com\\\/\",\"name\":\"\",\"description\":\"Tam vaktinde haber\",\"potentialAction\":[{\"@type\":\"SearchAction\",\"target\":{\"@type\":\"EntryPoint\",\"urlTemplate\":\"https:\\\/\\\/kibrisdakik.com\\\/?s={search_term_string}\"},\"query-input\":{\"@type\":\"PropertyValueSpecification\",\"valueRequired\":true,\"valueName\":\"search_term_string\"}}],\"inLanguage\":\"tr\"},{\"@type\":\"Person\",\"@id\":\"https:\\\/\\\/kibrisdakik.com\\\/#\\\/schema\\\/person\\\/9cd9d437bbb44f72b73ba127e06d8e79\",\"name\":\"admin\",\"image\":{\"@type\":\"ImageObject\",\"inLanguage\":\"tr\",\"@id\":\"https:\\\/\\\/secure.gravatar.com\\\/avatar\\\/ccc17943b9d660506c869530f897617f7cb1c21a4bf30023f252596d83e1f007?s=96&d=mm&r=g\",\"url\":\"https:\\\/\\\/secure.gravatar.com\\\/avatar\\\/ccc17943b9d660506c869530f897617f7cb1c21a4bf30023f252596d83e1f007?s=96&d=mm&r=g\",\"contentUrl\":\"https:\\\/\\\/secure.gravatar.com\\\/avatar\\\/ccc17943b9d660506c869530f897617f7cb1c21a4bf30023f252596d83e1f007?s=96&d=mm&r=g\",\"caption\":\"admin\"},\"sameAs\":[\"https:\\\/\\\/kibrisdakik.com\"],\"url\":\"https:\\\/\\\/kibrisdakik.com\\\/?author=1\"}]}<\/script>\n<!-- \/ Yoast SEO plugin. -->","yoast_head_json":{"title":"Minib\u00fcs \u015fof\u00f6rlerinin servis kiralayan \u00fcniversitelilere sald\u0131r\u0131s\u0131na 2 tutuklama -","robots":{"index":"index","follow":"follow","max-snippet":"max-snippet:-1","max-image-preview":"max-image-preview:large","max-video-preview":"max-video-preview:-1"},"canonical":"https:\/\/kibrisdakik.com\/?p=40198","og_locale":"tr_TR","og_type":"article","og_title":"Minib\u00fcs \u015fof\u00f6rlerinin servis kiralayan \u00fcniversitelilere sald\u0131r\u0131s\u0131na 2 tutuklama -","og_description":"Trabzon&#8217;da bir grup \u00fcniversite \u00f6\u011frencisi minib\u00fcs \u015fof\u00f6rleri taraf\u0131ndan sald\u0131r\u0131ya u\u011frad\u0131.&nbsp;Karadeniz&nbsp;Teknik \u00dcniversitesi&#8217;nden k\u0131nama a\u00e7\u0131klamas\u0131 geldi. Yap\u0131lan a\u00e7\u0131klamada Valilik taraf\u0131ndan konuya ili\u015fkin \u00e7ok y\u00f6nl\u00fc soru\u015fturma ba\u015flat\u0131ld\u0131\u011f\u0131 ifade edildi. Geli\u015fmelerin ard\u0131ndan \u015f\u00fcpheli \u00d6.D.\u2019nin kullan\u0131m\u0131ndaki ara\u00e7la, T.D.&#8217;nin sevk ve idaresinde yer alan \u00f6\u011frencilerin bulundu\u011fu minib\u00fcs\u00fcn \u00f6n\u00fcnde durarak arac\u0131 sa\u011fa \u00e7ektirdikten sonra T.D. ile \u00d6.D&#8217;nin minib\u00fcs dura\u011f\u0131ndaki kul\u00fcbe i\u00e7erisinde konu\u015ftuklar\u0131","og_url":"https:\/\/kibrisdakik.com\/?p=40198","article_published_time":"2024-05-04T08:25:15+00:00","og_image":[{"width":710,"height":370,"url":"https:\/\/kibrisdakik.com\/wp-content\/uploads\/2024\/05\/minibus-soforlerinin-servis-kiralayan-universitelilere-saldirisina-2-tutuklama-1714806388.webp.webp","type":"image\/webp"}],"author":"admin","twitter_card":"summary_large_image","twitter_misc":{"Yazan:":"admin","Tahmini okuma s\u00fcresi":"1 dakika"},"schema":{"@context":"https:\/\/schema.org","@graph":[{"@type":"Article","@id":"https:\/\/kibrisdakik.com\/?p=40198#article","isPartOf":{"@id":"https:\/\/kibrisdakik.com\/?p=40198"},"author":{"name":"admin","@id":"https:\/\/kibrisdakik.com\/#\/schema\/person\/9cd9d437bbb44f72b73ba127e06d8e79"},"headline":"Minib\u00fcs \u015fof\u00f6rlerinin servis kiralayan \u00fcniversitelilere sald\u0131r\u0131s\u0131na 2 tutuklama","datePublished":"2024-05-04T08:25:15+00:00","mainEntityOfPage":{"@id":"https:\/\/kibrisdakik.com\/?p=40198"},"wordCount":192,"commentCount":0,"image":{"@id":"https:\/\/kibrisdakik.com\/?p=40198#primaryimage"},"thumbnailUrl":"https:\/\/kibrisdakik.com\/wp-content\/uploads\/2024\/05\/minibus-soforlerinin-servis-kiralayan-universitelilere-saldirisina-2-tutuklama-1714806388.webp.webp","articleSection":["Spor"],"inLanguage":"tr","potentialAction":[{"@type":"CommentAction","name":"Comment","target":["https:\/\/kibrisdakik.com\/?p=40198#respond"]}]},{"@type":"WebPage","@id":"https:\/\/kibrisdakik.com\/?p=40198","url":"https:\/\/kibrisdakik.com\/?p=40198","name":"Minib\u00fcs \u015fof\u00f6rlerinin servis kiralayan \u00fcniversitelilere sald\u0131r\u0131s\u0131na 2 tutuklama -","isPartOf":{"@id":"https:\/\/kibrisdakik.com\/#website"},"primaryImageOfPage":{"@id":"https:\/\/kibrisdakik.com\/?p=40198#primaryimage"},"image":{"@id":"https:\/\/kibrisdakik.com\/?p=40198#primaryimage"},"thumbnailUrl":"https:\/\/kibrisdakik.com\/wp-content\/uploads\/2024\/05\/minibus-soforlerinin-servis-kiralayan-universitelilere-saldirisina-2-tutuklama-1714806388.webp.webp","datePublished":"2024-05-04T08:25:15+00:00","author":{"@id":"https:\/\/kibrisdakik.com\/#\/schema\/person\/9cd9d437bbb44f72b73ba127e06d8e79"},"breadcrumb":{"@id":"https:\/\/kibrisdakik.com\/?p=40198#breadcrumb"},"inLanguage":"tr","potentialAction":[{"@type":"ReadAction","target":["https:\/\/kibrisdakik.com\/?p=40198"]}]},{"@type":"ImageObject","inLanguage":"tr","@id":"https:\/\/kibrisdakik.com\/?p=40198#primaryimage","url":"https:\/\/kibrisdakik.com\/wp-content\/uploads\/2024\/05\/minibus-soforlerinin-servis-kiralayan-universitelilere-saldirisina-2-tutuklama-1714806388.webp.webp","contentUrl":"https:\/\/kibrisdakik.com\/wp-content\/uploads\/2024\/05\/minibus-soforlerinin-servis-kiralayan-universitelilere-saldirisina-2-tutuklama-1714806388.webp.webp","width":710,"height":370},{"@type":"BreadcrumbList","@id":"https:\/\/kibrisdakik.com\/?p=40198#breadcrumb","itemListElement":[{"@type":"ListItem","position":1,"name":"Home","item":"https:\/\/kibrisdakik.com\/"},{"@type":"ListItem","position":2,"name":"Minib\u00fcs \u015fof\u00f6rlerinin servis kiralayan \u00fcniversitelilere sald\u0131r\u0131s\u0131na 2 tutuklama"}]},{"@type":"WebSite","@id":"https:\/\/kibrisdakik.com\/#website","url":"https:\/\/kibrisdakik.com\/","name":"","description":"Tam vaktinde haber","potentialAction":[{"@type":"SearchAction","target":{"@type":"EntryPoint","urlTemplate":"https:\/\/kibrisdakik.com\/?s={search_term_string}"},"query-input":{"@type":"PropertyValueSpecification","valueRequired":true,"valueName":"search_term_string"}}],"inLanguage":"tr"},{"@type":"Person","@id":"https:\/\/kibrisdakik.com\/#\/schema\/person\/9cd9d437bbb44f72b73ba127e06d8e79","name":"admin","image":{"@type":"ImageObject","inLanguage":"tr","@id":"https:\/\/secure.gravatar.com\/avatar\/ccc17943b9d660506c869530f897617f7cb1c21a4bf30023f252596d83e1f007?s=96&d=mm&r=g","url":"https:\/\/secure.gravatar.com\/avatar\/ccc17943b9d660506c869530f897617f7cb1c21a4bf30023f252596d83e1f007?s=96&d=mm&r=g","contentUrl":"https:\/\/secure.gravatar.com\/avatar\/ccc17943b9d660506c869530f897617f7cb1c21a4bf30023f252596d83e1f007?s=96&d=mm&r=g","caption":"admin"},"sameAs":["https:\/\/kibrisdakik.com"],"url":"https:\/\/kibrisdakik.com\/?author=1"}]}},"_links":{"self":[{"href":"https:\/\/kibrisdakik.com\/index.php?rest_route=\/wp\/v2\/posts\/40198","targetHints":{"allow":["GET"]}}],"collection":[{"href":"https:\/\/kibrisdakik.com\/index.php?rest_route=\/wp\/v2\/posts"}],"about":[{"href":"https:\/\/kibrisdakik.com\/index.php?rest_route=\/wp\/v2\/types\/post"}],"author":[{"embeddable":true,"href":"https:\/\/kibrisdakik.com\/index.php?rest_route=\/wp\/v2\/users\/1"}],"replies":[{"embeddable":true,"href":"https:\/\/kibrisdakik.com\/index.php?rest_route=%2Fwp%2Fv2%2Fcomments&post=40198"}],"version-history":[{"count":0,"href":"https:\/\/kibrisdakik.com\/index.php?rest_route=\/wp\/v2\/posts\/40198\/revisions"}],"wp:featuredmedia":[{"embeddable":true,"href":"https:\/\/kibrisdakik.com\/index.php?rest_route=\/wp\/v2\/media\/40199"}],"wp:attachment":[{"href":"https:\/\/kibrisdakik.com\/index.php?rest_route=%2Fwp%2Fv2%2Fmedia&parent=40198"}],"wp:term":[{"taxonomy":"category","embeddable":true,"href":"https:\/\/kibrisdakik.com\/index.php?rest_route=%2Fwp%2Fv2%2Fcategories&post=40198"},{"taxonomy":"post_tag","embeddable":true,"href":"https:\/\/kibrisdakik.com\/index.php?rest_route=%2Fwp%2Fv2%2Ftags&post=40198"}],"curies":[{"name":"wp","href":"https:\/\/api.w.org\/{rel}","templated":true}]}}