{"id":40233,"date":"2024-05-04T13:36:55","date_gmt":"2024-05-04T13:36:55","guid":{"rendered":"https:\/\/kibrisdakik.com\/index.php\/2024\/05\/04\/cumhurbaskani-tatar-iit-15-islam-zirvesinde\/"},"modified":"2024-05-04T13:36:55","modified_gmt":"2024-05-04T13:36:55","slug":"cumhurbaskani-tatar-iit-15-islam-zirvesinde","status":"publish","type":"post","link":"https:\/\/kibrisdakik.com\/?p=40233","title":{"rendered":"Cumhurba\u015fkan\u0131 Tatar, \u0130\u0130T 15. \u0130slam Zirvesi\u2019nde"},"content":{"rendered":"<p><img decoding=\"async\" src=\"https:\/\/www.kibristurk.com\/images\/haberler\/2024\/05\/cumhurbaskani-tatar-iit-15-islam-zirvesinde-1714825515.webp\" \/><\/p>\n<p style=\"text-align:left\"><span style=\"font-size:16px\"><span style=\"font-family:Merriweather,serif !important\"><span style=\"color:#000000\"><span style=\"background-color:#ffffff\">Cumhurba\u015fkan\u0131 Tatar, \u0130slam \u0130\u015fbirli\u011fi Te\u015fkilat\u0131 15. Devlet ve H\u00fck\u00fcmet Ba\u015fkanlar\u0131 zirvesinin yap\u0131laca\u011f\u0131 konferans merkezinde Gambiya Cumhurba\u015fkan\u0131 Adama Barrow taraf\u0131ndan kap\u0131da kar\u015f\u0131land\u0131.<\/span><\/span><\/span><\/span><\/p>\n<p style=\"text-align:left\"><span style=\"font-size:16px\"><span style=\"font-family:Merriweather,serif !important\"><span style=\"color:#000000\"><span style=\"background-color:#ffffff\">Cumhurba\u015fkan\u0131 Ersin Tatar, zirvenin resmi a\u00e7\u0131l\u0131\u015f\u0131ndan \u00f6nce \u00fcye \u00fclkelerin devlet ve h\u00fck\u00fcmet ba\u015fkanlar\u0131yla birlikte aile foto\u011fraf\u0131nda yer ald\u0131.<\/span><\/span><\/span><\/span><\/p>\n","protected":false},"excerpt":{"rendered":"<p>Cumhurba\u015fkan\u0131 Tatar, \u0130slam \u0130\u015fbirli\u011fi Te\u015fkilat\u0131 15. Devlet ve H\u00fck\u00fcmet Ba\u015fkanlar\u0131 zirvesinin yap\u0131laca\u011f\u0131 konferans merkezinde Gambiya Cumhurba\u015fkan\u0131 Adama Barrow taraf\u0131ndan kap\u0131da kar\u015f\u0131land\u0131. Cumhurba\u015fkan\u0131 Ersin Tatar, zirvenin resmi a\u00e7\u0131l\u0131\u015f\u0131ndan \u00f6nce \u00fcye \u00fclkelerin devlet ve h\u00fck\u00fcmet ba\u015fkanlar\u0131yla birlikte aile foto\u011fraf\u0131nda yer ald\u0131.<\/p>\n","protected":false},"author":1,"featured_media":40234,"comment_status":"open","ping_status":"open","sticky":false,"template":"","format":"standard","meta":{"footnotes":""},"categories":[79],"tags":[],"class_list":["post-40233","post","type-post","status-publish","format-standard","has-post-thumbnail","hentry","category-ekonomi"],"yoast_head":"<!-- This site is optimized with the Yoast SEO plugin v27.5 - https:\/\/yoast.com\/product\/yoast-seo-wordpress\/ -->\n<title>Cumhurba\u015fkan\u0131 Tatar, \u0130\u0130T 15. \u0130slam Zirvesi\u2019nde -<\/title>\n<meta name=\"robots\" content=\"index, follow, max-snippet:-1, max-image-preview:large, max-video-preview:-1\" \/>\n<link rel=\"canonical\" href=\"https:\/\/kibrisdakik.com\/?p=40233\" \/>\n<meta property=\"og:locale\" content=\"tr_TR\" \/>\n<meta property=\"og:type\" content=\"article\" \/>\n<meta property=\"og:title\" content=\"Cumhurba\u015fkan\u0131 Tatar, \u0130\u0130T 15. \u0130slam Zirvesi\u2019nde -\" \/>\n<meta property=\"og:description\" content=\"Cumhurba\u015fkan\u0131 Tatar, \u0130slam \u0130\u015fbirli\u011fi Te\u015fkilat\u0131 15. Devlet ve H\u00fck\u00fcmet Ba\u015fkanlar\u0131 zirvesinin yap\u0131laca\u011f\u0131 konferans merkezinde Gambiya Cumhurba\u015fkan\u0131 Adama Barrow taraf\u0131ndan kap\u0131da kar\u015f\u0131land\u0131. Cumhurba\u015fkan\u0131 Ersin Tatar, zirvenin resmi a\u00e7\u0131l\u0131\u015f\u0131ndan \u00f6nce \u00fcye \u00fclkelerin devlet ve h\u00fck\u00fcmet ba\u015fkanlar\u0131yla birlikte aile foto\u011fraf\u0131nda yer ald\u0131.\" \/>\n<meta property=\"og:url\" content=\"https:\/\/kibrisdakik.com\/?p=40233\" \/>\n<meta property=\"article:published_time\" content=\"2024-05-04T13:36:55+00:00\" \/>\n<meta property=\"og:image\" content=\"https:\/\/kibrisdakik.com\/wp-content\/uploads\/2024\/05\/cumhurbaskani-tatar-iit-15-islam-zirvesinde-1714825515.webp.webp\" \/>\n\t<meta property=\"og:image:width\" content=\"710\" \/>\n\t<meta property=\"og:image:height\" content=\"370\" \/>\n\t<meta property=\"og:image:type\" content=\"image\/webp\" \/>\n<meta name=\"author\" content=\"admin\" \/>\n<meta name=\"twitter:card\" content=\"summary_large_image\" \/>\n<meta name=\"twitter:label1\" content=\"Yazan:\" \/>\n\t<meta name=\"twitter:data1\" content=\"admin\" \/>\n<script type=\"application\/ld+json\" class=\"yoast-schema-graph\">{\"@context\":\"https:\\\/\\\/schema.org\",\"@graph\":[{\"@type\":\"Article\",\"@id\":\"https:\\\/\\\/kibrisdakik.com\\\/?p=40233#article\",\"isPartOf\":{\"@id\":\"https:\\\/\\\/kibrisdakik.com\\\/?p=40233\"},\"author\":{\"name\":\"admin\",\"@id\":\"https:\\\/\\\/kibrisdakik.com\\\/#\\\/schema\\\/person\\\/9cd9d437bbb44f72b73ba127e06d8e79\"},\"headline\":\"Cumhurba\u015fkan\u0131 Tatar, \u0130\u0130T 15. \u0130slam Zirvesi\u2019nde\",\"datePublished\":\"2024-05-04T13:36:55+00:00\",\"mainEntityOfPage\":{\"@id\":\"https:\\\/\\\/kibrisdakik.com\\\/?p=40233\"},\"wordCount\":65,\"commentCount\":0,\"image\":{\"@id\":\"https:\\\/\\\/kibrisdakik.com\\\/?p=40233#primaryimage\"},\"thumbnailUrl\":\"https:\\\/\\\/kibrisdakik.com\\\/wp-content\\\/uploads\\\/2024\\\/05\\\/cumhurbaskani-tatar-iit-15-islam-zirvesinde-1714825515.webp.webp\",\"articleSection\":[\"Ekonomi\"],\"inLanguage\":\"tr\",\"potentialAction\":[{\"@type\":\"CommentAction\",\"name\":\"Comment\",\"target\":[\"https:\\\/\\\/kibrisdakik.com\\\/?p=40233#respond\"]}]},{\"@type\":\"WebPage\",\"@id\":\"https:\\\/\\\/kibrisdakik.com\\\/?p=40233\",\"url\":\"https:\\\/\\\/kibrisdakik.com\\\/?p=40233\",\"name\":\"Cumhurba\u015fkan\u0131 Tatar, \u0130\u0130T 15. \u0130slam Zirvesi\u2019nde -\",\"isPartOf\":{\"@id\":\"https:\\\/\\\/kibrisdakik.com\\\/#website\"},\"primaryImageOfPage\":{\"@id\":\"https:\\\/\\\/kibrisdakik.com\\\/?p=40233#primaryimage\"},\"image\":{\"@id\":\"https:\\\/\\\/kibrisdakik.com\\\/?p=40233#primaryimage\"},\"thumbnailUrl\":\"https:\\\/\\\/kibrisdakik.com\\\/wp-content\\\/uploads\\\/2024\\\/05\\\/cumhurbaskani-tatar-iit-15-islam-zirvesinde-1714825515.webp.webp\",\"datePublished\":\"2024-05-04T13:36:55+00:00\",\"author\":{\"@id\":\"https:\\\/\\\/kibrisdakik.com\\\/#\\\/schema\\\/person\\\/9cd9d437bbb44f72b73ba127e06d8e79\"},\"breadcrumb\":{\"@id\":\"https:\\\/\\\/kibrisdakik.com\\\/?p=40233#breadcrumb\"},\"inLanguage\":\"tr\",\"potentialAction\":[{\"@type\":\"ReadAction\",\"target\":[\"https:\\\/\\\/kibrisdakik.com\\\/?p=40233\"]}]},{\"@type\":\"ImageObject\",\"inLanguage\":\"tr\",\"@id\":\"https:\\\/\\\/kibrisdakik.com\\\/?p=40233#primaryimage\",\"url\":\"https:\\\/\\\/kibrisdakik.com\\\/wp-content\\\/uploads\\\/2024\\\/05\\\/cumhurbaskani-tatar-iit-15-islam-zirvesinde-1714825515.webp.webp\",\"contentUrl\":\"https:\\\/\\\/kibrisdakik.com\\\/wp-content\\\/uploads\\\/2024\\\/05\\\/cumhurbaskani-tatar-iit-15-islam-zirvesinde-1714825515.webp.webp\",\"width\":710,\"height\":370},{\"@type\":\"BreadcrumbList\",\"@id\":\"https:\\\/\\\/kibrisdakik.com\\\/?p=40233#breadcrumb\",\"itemListElement\":[{\"@type\":\"ListItem\",\"position\":1,\"name\":\"Home\",\"item\":\"https:\\\/\\\/kibrisdakik.com\\\/\"},{\"@type\":\"ListItem\",\"position\":2,\"name\":\"Cumhurba\u015fkan\u0131 Tatar, \u0130\u0130T 15. \u0130slam Zirvesi\u2019nde\"}]},{\"@type\":\"WebSite\",\"@id\":\"https:\\\/\\\/kibrisdakik.com\\\/#website\",\"url\":\"https:\\\/\\\/kibrisdakik.com\\\/\",\"name\":\"\",\"description\":\"Tam vaktinde haber\",\"potentialAction\":[{\"@type\":\"SearchAction\",\"target\":{\"@type\":\"EntryPoint\",\"urlTemplate\":\"https:\\\/\\\/kibrisdakik.com\\\/?s={search_term_string}\"},\"query-input\":{\"@type\":\"PropertyValueSpecification\",\"valueRequired\":true,\"valueName\":\"search_term_string\"}}],\"inLanguage\":\"tr\"},{\"@type\":\"Person\",\"@id\":\"https:\\\/\\\/kibrisdakik.com\\\/#\\\/schema\\\/person\\\/9cd9d437bbb44f72b73ba127e06d8e79\",\"name\":\"admin\",\"image\":{\"@type\":\"ImageObject\",\"inLanguage\":\"tr\",\"@id\":\"https:\\\/\\\/secure.gravatar.com\\\/avatar\\\/ccc17943b9d660506c869530f897617f7cb1c21a4bf30023f252596d83e1f007?s=96&d=mm&r=g\",\"url\":\"https:\\\/\\\/secure.gravatar.com\\\/avatar\\\/ccc17943b9d660506c869530f897617f7cb1c21a4bf30023f252596d83e1f007?s=96&d=mm&r=g\",\"contentUrl\":\"https:\\\/\\\/secure.gravatar.com\\\/avatar\\\/ccc17943b9d660506c869530f897617f7cb1c21a4bf30023f252596d83e1f007?s=96&d=mm&r=g\",\"caption\":\"admin\"},\"sameAs\":[\"https:\\\/\\\/kibrisdakik.com\"],\"url\":\"https:\\\/\\\/kibrisdakik.com\\\/?author=1\"}]}<\/script>\n<!-- \/ Yoast SEO plugin. -->","yoast_head_json":{"title":"Cumhurba\u015fkan\u0131 Tatar, \u0130\u0130T 15. \u0130slam Zirvesi\u2019nde -","robots":{"index":"index","follow":"follow","max-snippet":"max-snippet:-1","max-image-preview":"max-image-preview:large","max-video-preview":"max-video-preview:-1"},"canonical":"https:\/\/kibrisdakik.com\/?p=40233","og_locale":"tr_TR","og_type":"article","og_title":"Cumhurba\u015fkan\u0131 Tatar, \u0130\u0130T 15. \u0130slam Zirvesi\u2019nde -","og_description":"Cumhurba\u015fkan\u0131 Tatar, \u0130slam \u0130\u015fbirli\u011fi Te\u015fkilat\u0131 15. Devlet ve H\u00fck\u00fcmet Ba\u015fkanlar\u0131 zirvesinin yap\u0131laca\u011f\u0131 konferans merkezinde Gambiya Cumhurba\u015fkan\u0131 Adama Barrow taraf\u0131ndan kap\u0131da kar\u015f\u0131land\u0131. Cumhurba\u015fkan\u0131 Ersin Tatar, zirvenin resmi a\u00e7\u0131l\u0131\u015f\u0131ndan \u00f6nce \u00fcye \u00fclkelerin devlet ve h\u00fck\u00fcmet ba\u015fkanlar\u0131yla birlikte aile foto\u011fraf\u0131nda yer ald\u0131.","og_url":"https:\/\/kibrisdakik.com\/?p=40233","article_published_time":"2024-05-04T13:36:55+00:00","og_image":[{"width":710,"height":370,"url":"https:\/\/kibrisdakik.com\/wp-content\/uploads\/2024\/05\/cumhurbaskani-tatar-iit-15-islam-zirvesinde-1714825515.webp.webp","type":"image\/webp"}],"author":"admin","twitter_card":"summary_large_image","twitter_misc":{"Yazan:":"admin"},"schema":{"@context":"https:\/\/schema.org","@graph":[{"@type":"Article","@id":"https:\/\/kibrisdakik.com\/?p=40233#article","isPartOf":{"@id":"https:\/\/kibrisdakik.com\/?p=40233"},"author":{"name":"admin","@id":"https:\/\/kibrisdakik.com\/#\/schema\/person\/9cd9d437bbb44f72b73ba127e06d8e79"},"headline":"Cumhurba\u015fkan\u0131 Tatar, \u0130\u0130T 15. \u0130slam Zirvesi\u2019nde","datePublished":"2024-05-04T13:36:55+00:00","mainEntityOfPage":{"@id":"https:\/\/kibrisdakik.com\/?p=40233"},"wordCount":65,"commentCount":0,"image":{"@id":"https:\/\/kibrisdakik.com\/?p=40233#primaryimage"},"thumbnailUrl":"https:\/\/kibrisdakik.com\/wp-content\/uploads\/2024\/05\/cumhurbaskani-tatar-iit-15-islam-zirvesinde-1714825515.webp.webp","articleSection":["Ekonomi"],"inLanguage":"tr","potentialAction":[{"@type":"CommentAction","name":"Comment","target":["https:\/\/kibrisdakik.com\/?p=40233#respond"]}]},{"@type":"WebPage","@id":"https:\/\/kibrisdakik.com\/?p=40233","url":"https:\/\/kibrisdakik.com\/?p=40233","name":"Cumhurba\u015fkan\u0131 Tatar, \u0130\u0130T 15. \u0130slam Zirvesi\u2019nde -","isPartOf":{"@id":"https:\/\/kibrisdakik.com\/#website"},"primaryImageOfPage":{"@id":"https:\/\/kibrisdakik.com\/?p=40233#primaryimage"},"image":{"@id":"https:\/\/kibrisdakik.com\/?p=40233#primaryimage"},"thumbnailUrl":"https:\/\/kibrisdakik.com\/wp-content\/uploads\/2024\/05\/cumhurbaskani-tatar-iit-15-islam-zirvesinde-1714825515.webp.webp","datePublished":"2024-05-04T13:36:55+00:00","author":{"@id":"https:\/\/kibrisdakik.com\/#\/schema\/person\/9cd9d437bbb44f72b73ba127e06d8e79"},"breadcrumb":{"@id":"https:\/\/kibrisdakik.com\/?p=40233#breadcrumb"},"inLanguage":"tr","potentialAction":[{"@type":"ReadAction","target":["https:\/\/kibrisdakik.com\/?p=40233"]}]},{"@type":"ImageObject","inLanguage":"tr","@id":"https:\/\/kibrisdakik.com\/?p=40233#primaryimage","url":"https:\/\/kibrisdakik.com\/wp-content\/uploads\/2024\/05\/cumhurbaskani-tatar-iit-15-islam-zirvesinde-1714825515.webp.webp","contentUrl":"https:\/\/kibrisdakik.com\/wp-content\/uploads\/2024\/05\/cumhurbaskani-tatar-iit-15-islam-zirvesinde-1714825515.webp.webp","width":710,"height":370},{"@type":"BreadcrumbList","@id":"https:\/\/kibrisdakik.com\/?p=40233#breadcrumb","itemListElement":[{"@type":"ListItem","position":1,"name":"Home","item":"https:\/\/kibrisdakik.com\/"},{"@type":"ListItem","position":2,"name":"Cumhurba\u015fkan\u0131 Tatar, \u0130\u0130T 15. \u0130slam Zirvesi\u2019nde"}]},{"@type":"WebSite","@id":"https:\/\/kibrisdakik.com\/#website","url":"https:\/\/kibrisdakik.com\/","name":"","description":"Tam vaktinde haber","potentialAction":[{"@type":"SearchAction","target":{"@type":"EntryPoint","urlTemplate":"https:\/\/kibrisdakik.com\/?s={search_term_string}"},"query-input":{"@type":"PropertyValueSpecification","valueRequired":true,"valueName":"search_term_string"}}],"inLanguage":"tr"},{"@type":"Person","@id":"https:\/\/kibrisdakik.com\/#\/schema\/person\/9cd9d437bbb44f72b73ba127e06d8e79","name":"admin","image":{"@type":"ImageObject","inLanguage":"tr","@id":"https:\/\/secure.gravatar.com\/avatar\/ccc17943b9d660506c869530f897617f7cb1c21a4bf30023f252596d83e1f007?s=96&d=mm&r=g","url":"https:\/\/secure.gravatar.com\/avatar\/ccc17943b9d660506c869530f897617f7cb1c21a4bf30023f252596d83e1f007?s=96&d=mm&r=g","contentUrl":"https:\/\/secure.gravatar.com\/avatar\/ccc17943b9d660506c869530f897617f7cb1c21a4bf30023f252596d83e1f007?s=96&d=mm&r=g","caption":"admin"},"sameAs":["https:\/\/kibrisdakik.com"],"url":"https:\/\/kibrisdakik.com\/?author=1"}]}},"_links":{"self":[{"href":"https:\/\/kibrisdakik.com\/index.php?rest_route=\/wp\/v2\/posts\/40233","targetHints":{"allow":["GET"]}}],"collection":[{"href":"https:\/\/kibrisdakik.com\/index.php?rest_route=\/wp\/v2\/posts"}],"about":[{"href":"https:\/\/kibrisdakik.com\/index.php?rest_route=\/wp\/v2\/types\/post"}],"author":[{"embeddable":true,"href":"https:\/\/kibrisdakik.com\/index.php?rest_route=\/wp\/v2\/users\/1"}],"replies":[{"embeddable":true,"href":"https:\/\/kibrisdakik.com\/index.php?rest_route=%2Fwp%2Fv2%2Fcomments&post=40233"}],"version-history":[{"count":0,"href":"https:\/\/kibrisdakik.com\/index.php?rest_route=\/wp\/v2\/posts\/40233\/revisions"}],"wp:featuredmedia":[{"embeddable":true,"href":"https:\/\/kibrisdakik.com\/index.php?rest_route=\/wp\/v2\/media\/40234"}],"wp:attachment":[{"href":"https:\/\/kibrisdakik.com\/index.php?rest_route=%2Fwp%2Fv2%2Fmedia&parent=40233"}],"wp:term":[{"taxonomy":"category","embeddable":true,"href":"https:\/\/kibrisdakik.com\/index.php?rest_route=%2Fwp%2Fv2%2Fcategories&post=40233"},{"taxonomy":"post_tag","embeddable":true,"href":"https:\/\/kibrisdakik.com\/index.php?rest_route=%2Fwp%2Fv2%2Ftags&post=40233"}],"curies":[{"name":"wp","href":"https:\/\/api.w.org\/{rel}","templated":true}]}}