{"id":40247,"date":"2024-05-04T15:31:49","date_gmt":"2024-05-04T15:31:49","guid":{"rendered":"https:\/\/kibrisdakik.com\/index.php\/2024\/05\/04\/hadise-belcikadaki-bir-muzik-yarismasinda-juri-uyesi-oldu\/"},"modified":"2024-05-04T15:31:49","modified_gmt":"2024-05-04T15:31:49","slug":"hadise-belcikadaki-bir-muzik-yarismasinda-juri-uyesi-oldu","status":"publish","type":"post","link":"https:\/\/kibrisdakik.com\/?p=40247","title":{"rendered":"Hadise Bel\u00e7ika&#039;daki bir m\u00fczik yar\u0131\u015fmas\u0131nda j\u00fcri \u00fcyesi oldu"},"content":{"rendered":"<p><\/p>\n<p>\u00dcnl\u00fc \u015fark\u0131c\u0131 Hadise, Bel\u00e7ika&#8217;da bir m\u00fczik yar\u0131\u015fmas\u0131nda j\u00fcri \u00fcyesi oldu.<\/p>\n<p><img decoding=\"async\" alt=\"Hadise Bel\u00e7ika'daki bir m\u00fczik yar\u0131\u015fmas\u0131nda j\u00fcri \u00fcyesi oldu - 2\" src=\"https:\/\/cdn1.ntv.com.tr\/gorsel\/RHesdn4YkECZgkR8pEkdEA.jpg?width=1000&amp;mode=both&amp;scale=both&amp;v=1714811213349\" \/><\/p>\n<p>&nbsp;<\/p>\n<p>Hadise, 2003 y\u0131l\u0131nda 18 ya\u015f\u0131ndayken yar\u0131\u015fmac\u0131 olarak kat\u0131ld\u0131\u011f\u0131&nbsp;<strong>Idool<\/strong>&nbsp;program\u0131n\u0131n yay\u0131nland\u0131\u011f\u0131 kanalda ekrana gelecek<strong>&nbsp;Sing Again<\/strong>&nbsp;adl\u0131 yar\u0131\u015fmada j\u00fcri \u00fcyesi oldu.<\/p>\n<p><img decoding=\"async\" alt=\"Hadise Bel\u00e7ika'daki bir m\u00fczik yar\u0131\u015fmas\u0131nda j\u00fcri \u00fcyesi oldu - 3\" src=\"https:\/\/cdn1.ntv.com.tr\/gorsel\/Z9nSk3e0C0WSuYTGcw6zWQ.jpg?width=1000&amp;mode=both&amp;scale=both&amp;v=1714811213349\" \/><\/p>\n<p>\u015eark\u0131c\u0131 sosyal medya hesab\u0131nda yapt\u0131\u011f\u0131 a\u00e7\u0131klamada &#8220;Ve uzun zamand\u0131r i\u00e7imde ya\u015fad\u0131\u011f\u0131m heyecan\u0131m\u0131 sizinle payla\u015fmaktan gurur duyuyorum! Y\u0131llar \u00f6nce yar\u0131\u015fmac\u0131 olarak yar\u0131\u015ft\u0131\u011f\u0131m kanalda \u015fimdi j\u00fcrilik yap\u0131yorum!&#8221; ifadelerini kulland\u0131.<\/p>\n<p><img decoding=\"async\" alt=\"Hadise Bel\u00e7ika'daki bir m\u00fczik yar\u0131\u015fmas\u0131nda j\u00fcri \u00fcyesi oldu - 4\" src=\"https:\/\/cdn1.ntv.com.tr\/gorsel\/QCGwulbWr0yRhy4sx_fVWA.jpg?width=1000&amp;mode=both&amp;scale=both&amp;v=1714811213349\" \/><\/p>\n<p>&nbsp;<\/p>\n<p>2005&#8217;te ilk alb\u00fcm\u00fc &#8220;Sweat&#8221;i \u00e7\u0131karan \u015fark\u0131c\u0131, daha sonra &#8220;Stir Me Up&#8221; ile ad\u0131ndan s\u00f6z ettirmi\u015fti.<\/p>\n<p>2008&#8217;de ikinci st\u00fcdyo alb\u00fcm\u00fc &#8220;Hadise&#8221;yi \u00e7\u0131karan \u015fark\u0131c\u0131,&nbsp;T\u00fcrkiye&#8217;yi&nbsp;2009 Eurovision \u015eark\u0131 Yar\u0131\u015fmas\u0131&#8217;nda &#8220;D\u00fcm Tek Tek&#8221; \u015fark\u0131s\u0131 ile temsil ederek d\u00f6rd\u00fcnc\u00fc oldu.<\/p>\n<p>&nbsp;<\/p>\n<p><img decoding=\"async\" alt=\"Hadise Bel\u00e7ika'daki bir m\u00fczik yar\u0131\u015fmas\u0131nda j\u00fcri \u00fcyesi oldu - 5\" src=\"https:\/\/cdn1.ntv.com.tr\/gorsel\/zzzNPqmrfUOf_iKMfxTgbQ.jpg?width=1000&amp;mode=both&amp;scale=both&amp;v=1714811213349\" \/><\/p>\n<p>&nbsp;<\/p>\n<p>Hadise, ge\u00e7ti\u011fimiz aylarda konuk oldu\u011fu bir programda T\u00fcrkiye&#8217;de istedi\u011fi gibi bir yere gidip rahat\u00e7a gezemedi\u011fini a\u00e7\u0131klam\u0131\u015ft\u0131.<\/p>\n<p>Sokakta rahat gezemedi\u011fini belirten Hadise, &#8220;Hadise olmasayd\u0131 \u0130stanbul \u00e7ok daha g\u00fczel bir yer olurdu benim i\u00e7in&#8230; \u015eikayet\u00e7i de\u011filim ama istedi\u011fim yere gidemiyorum, rahat gezemiyorum. Yurt d\u0131\u015f\u0131nda daha rahat dola\u015f\u0131yorum. Galeri gezmeyi, sanatla ilgili bilgi edinmeyi, tablo sat\u0131n almay\u0131 seviyorum&#8221; ifadelerini kulland\u0131.<\/p>\n<p><img decoding=\"async\" alt=\"Hadise Bel\u00e7ika'daki bir m\u00fczik yar\u0131\u015fmas\u0131nda j\u00fcri \u00fcyesi oldu - 6\" src=\"https:\/\/cdn1.ntv.com.tr\/gorsel\/nQcw20ORHkuF-1sEnbto_A.jpg?width=1000&amp;mode=both&amp;scale=both&amp;v=1714811213349\" \/><\/p>\n<p>&nbsp;<\/p>\n<p>M\u00fczik sekt\u00f6r\u00fcyle alakal\u0131 da konu\u015fan \u00fcnl\u00fc isim,&nbsp; &#8220;Baz\u0131 d\u00f6nemler hi\u00e7bir \u015fark\u0131ya tahamm\u00fcl\u00fcm olmuyor. S\u00fcrekli ge\u00e7iyorum. M\u00fczik listelerinde hep ayn\u0131 isimler. \u00c7ok yorucu ve s\u0131k\u0131c\u0131&#8230; Elbette her \u015fark\u0131c\u0131n\u0131n kendine g\u00f6re seveni var. Ama platformlar adil de\u011fil&#8221; dedi.<\/p>\n","protected":false},"excerpt":{"rendered":"<p>\u00dcnl\u00fc \u015fark\u0131c\u0131 Hadise, Bel\u00e7ika&#8217;da bir m\u00fczik yar\u0131\u015fmas\u0131nda j\u00fcri \u00fcyesi oldu. &nbsp; Hadise, 2003 y\u0131l\u0131nda 18 ya\u015f\u0131ndayken yar\u0131\u015fmac\u0131 olarak kat\u0131ld\u0131\u011f\u0131&nbsp;Idool&nbsp;program\u0131n\u0131n yay\u0131nland\u0131\u011f\u0131 kanalda ekrana gelecek&nbsp;Sing Again&nbsp;adl\u0131 yar\u0131\u015fmada j\u00fcri \u00fcyesi oldu. \u015eark\u0131c\u0131 sosyal medya hesab\u0131nda yapt\u0131\u011f\u0131 a\u00e7\u0131klamada &#8220;Ve uzun zamand\u0131r i\u00e7imde ya\u015fad\u0131\u011f\u0131m heyecan\u0131m\u0131 sizinle payla\u015fmaktan gurur duyuyorum! Y\u0131llar \u00f6nce yar\u0131\u015fmac\u0131 olarak yar\u0131\u015ft\u0131\u011f\u0131m kanalda \u015fimdi j\u00fcrilik yap\u0131yorum!&#8221; ifadelerini kulland\u0131.<\/p>\n","protected":false},"author":1,"featured_media":40248,"comment_status":"open","ping_status":"open","sticky":false,"template":"","format":"standard","meta":{"footnotes":""},"categories":[85],"tags":[],"class_list":["post-40247","post","type-post","status-publish","format-standard","has-post-thumbnail","hentry","category-spor"],"yoast_head":"<!-- This site is optimized with the Yoast SEO plugin v27.4 - https:\/\/yoast.com\/product\/yoast-seo-wordpress\/ -->\n<title>Hadise Bel\u00e7ika&#039;daki bir m\u00fczik yar\u0131\u015fmas\u0131nda j\u00fcri \u00fcyesi oldu -<\/title>\n<meta name=\"robots\" content=\"index, follow, max-snippet:-1, max-image-preview:large, max-video-preview:-1\" \/>\n<link rel=\"canonical\" href=\"https:\/\/kibrisdakik.com\/?p=40247\" \/>\n<meta property=\"og:locale\" content=\"tr_TR\" \/>\n<meta property=\"og:type\" content=\"article\" \/>\n<meta property=\"og:title\" content=\"Hadise Bel\u00e7ika&#039;daki bir m\u00fczik yar\u0131\u015fmas\u0131nda j\u00fcri \u00fcyesi oldu -\" \/>\n<meta property=\"og:description\" content=\"\u00dcnl\u00fc \u015fark\u0131c\u0131 Hadise, Bel\u00e7ika&#8217;da bir m\u00fczik yar\u0131\u015fmas\u0131nda j\u00fcri \u00fcyesi oldu. &nbsp; Hadise, 2003 y\u0131l\u0131nda 18 ya\u015f\u0131ndayken yar\u0131\u015fmac\u0131 olarak kat\u0131ld\u0131\u011f\u0131&nbsp;Idool&nbsp;program\u0131n\u0131n yay\u0131nland\u0131\u011f\u0131 kanalda ekrana gelecek&nbsp;Sing Again&nbsp;adl\u0131 yar\u0131\u015fmada j\u00fcri \u00fcyesi oldu. \u015eark\u0131c\u0131 sosyal medya hesab\u0131nda yapt\u0131\u011f\u0131 a\u00e7\u0131klamada &#8220;Ve uzun zamand\u0131r i\u00e7imde ya\u015fad\u0131\u011f\u0131m heyecan\u0131m\u0131 sizinle payla\u015fmaktan gurur duyuyorum! Y\u0131llar \u00f6nce yar\u0131\u015fmac\u0131 olarak yar\u0131\u015ft\u0131\u011f\u0131m kanalda \u015fimdi j\u00fcrilik yap\u0131yorum!&#8221; ifadelerini kulland\u0131.\" \/>\n<meta property=\"og:url\" content=\"https:\/\/kibrisdakik.com\/?p=40247\" \/>\n<meta property=\"article:published_time\" content=\"2024-05-04T15:31:49+00:00\" \/>\n<meta property=\"og:image\" content=\"https:\/\/kibrisdakik.com\/wp-content\/uploads\/2024\/05\/RHesdn4YkECZgkR8pEkdEA-740x420.jpg\" \/>\n\t<meta property=\"og:image:width\" content=\"1000\" \/>\n\t<meta property=\"og:image:height\" content=\"1248\" \/>\n\t<meta property=\"og:image:type\" content=\"image\/jpeg\" \/>\n<meta name=\"author\" content=\"admin\" \/>\n<meta name=\"twitter:card\" content=\"summary_large_image\" \/>\n<meta name=\"twitter:label1\" content=\"Yazan:\" \/>\n\t<meta name=\"twitter:data1\" content=\"admin\" \/>\n\t<meta name=\"twitter:label2\" content=\"Tahmini okuma s\u00fcresi\" \/>\n\t<meta name=\"twitter:data2\" content=\"1 dakika\" \/>\n<script type=\"application\/ld+json\" class=\"yoast-schema-graph\">{\"@context\":\"https:\\\/\\\/schema.org\",\"@graph\":[{\"@type\":\"Article\",\"@id\":\"https:\\\/\\\/kibrisdakik.com\\\/?p=40247#article\",\"isPartOf\":{\"@id\":\"https:\\\/\\\/kibrisdakik.com\\\/?p=40247\"},\"author\":{\"name\":\"admin\",\"@id\":\"https:\\\/\\\/kibrisdakik.com\\\/#\\\/schema\\\/person\\\/9cd9d437bbb44f72b73ba127e06d8e79\"},\"headline\":\"Hadise Bel\u00e7ika&#039;daki bir m\u00fczik yar\u0131\u015fmas\u0131nda j\u00fcri \u00fcyesi oldu\",\"datePublished\":\"2024-05-04T15:31:49+00:00\",\"mainEntityOfPage\":{\"@id\":\"https:\\\/\\\/kibrisdakik.com\\\/?p=40247\"},\"wordCount\":295,\"commentCount\":0,\"image\":{\"@id\":\"https:\\\/\\\/kibrisdakik.com\\\/?p=40247#primaryimage\"},\"thumbnailUrl\":\"https:\\\/\\\/kibrisdakik.com\\\/wp-content\\\/uploads\\\/2024\\\/05\\\/RHesdn4YkECZgkR8pEkdEA-740x420.jpg\",\"articleSection\":[\"Spor\"],\"inLanguage\":\"tr\",\"potentialAction\":[{\"@type\":\"CommentAction\",\"name\":\"Comment\",\"target\":[\"https:\\\/\\\/kibrisdakik.com\\\/?p=40247#respond\"]}]},{\"@type\":\"WebPage\",\"@id\":\"https:\\\/\\\/kibrisdakik.com\\\/?p=40247\",\"url\":\"https:\\\/\\\/kibrisdakik.com\\\/?p=40247\",\"name\":\"Hadise Bel\u00e7ika&#039;daki bir m\u00fczik yar\u0131\u015fmas\u0131nda j\u00fcri \u00fcyesi oldu -\",\"isPartOf\":{\"@id\":\"https:\\\/\\\/kibrisdakik.com\\\/#website\"},\"primaryImageOfPage\":{\"@id\":\"https:\\\/\\\/kibrisdakik.com\\\/?p=40247#primaryimage\"},\"image\":{\"@id\":\"https:\\\/\\\/kibrisdakik.com\\\/?p=40247#primaryimage\"},\"thumbnailUrl\":\"https:\\\/\\\/kibrisdakik.com\\\/wp-content\\\/uploads\\\/2024\\\/05\\\/RHesdn4YkECZgkR8pEkdEA-740x420.jpg\",\"datePublished\":\"2024-05-04T15:31:49+00:00\",\"author\":{\"@id\":\"https:\\\/\\\/kibrisdakik.com\\\/#\\\/schema\\\/person\\\/9cd9d437bbb44f72b73ba127e06d8e79\"},\"breadcrumb\":{\"@id\":\"https:\\\/\\\/kibrisdakik.com\\\/?p=40247#breadcrumb\"},\"inLanguage\":\"tr\",\"potentialAction\":[{\"@type\":\"ReadAction\",\"target\":[\"https:\\\/\\\/kibrisdakik.com\\\/?p=40247\"]}]},{\"@type\":\"ImageObject\",\"inLanguage\":\"tr\",\"@id\":\"https:\\\/\\\/kibrisdakik.com\\\/?p=40247#primaryimage\",\"url\":\"https:\\\/\\\/kibrisdakik.com\\\/wp-content\\\/uploads\\\/2024\\\/05\\\/RHesdn4YkECZgkR8pEkdEA-740x420.jpg\",\"contentUrl\":\"https:\\\/\\\/kibrisdakik.com\\\/wp-content\\\/uploads\\\/2024\\\/05\\\/RHesdn4YkECZgkR8pEkdEA-740x420.jpg\",\"width\":1000,\"height\":1248},{\"@type\":\"BreadcrumbList\",\"@id\":\"https:\\\/\\\/kibrisdakik.com\\\/?p=40247#breadcrumb\",\"itemListElement\":[{\"@type\":\"ListItem\",\"position\":1,\"name\":\"Home\",\"item\":\"https:\\\/\\\/kibrisdakik.com\\\/\"},{\"@type\":\"ListItem\",\"position\":2,\"name\":\"Hadise Bel\u00e7ika&#039;daki bir m\u00fczik yar\u0131\u015fmas\u0131nda j\u00fcri \u00fcyesi oldu\"}]},{\"@type\":\"WebSite\",\"@id\":\"https:\\\/\\\/kibrisdakik.com\\\/#website\",\"url\":\"https:\\\/\\\/kibrisdakik.com\\\/\",\"name\":\"\",\"description\":\"Tam vaktinde haber\",\"potentialAction\":[{\"@type\":\"SearchAction\",\"target\":{\"@type\":\"EntryPoint\",\"urlTemplate\":\"https:\\\/\\\/kibrisdakik.com\\\/?s={search_term_string}\"},\"query-input\":{\"@type\":\"PropertyValueSpecification\",\"valueRequired\":true,\"valueName\":\"search_term_string\"}}],\"inLanguage\":\"tr\"},{\"@type\":\"Person\",\"@id\":\"https:\\\/\\\/kibrisdakik.com\\\/#\\\/schema\\\/person\\\/9cd9d437bbb44f72b73ba127e06d8e79\",\"name\":\"admin\",\"image\":{\"@type\":\"ImageObject\",\"inLanguage\":\"tr\",\"@id\":\"https:\\\/\\\/secure.gravatar.com\\\/avatar\\\/ccc17943b9d660506c869530f897617f7cb1c21a4bf30023f252596d83e1f007?s=96&d=mm&r=g\",\"url\":\"https:\\\/\\\/secure.gravatar.com\\\/avatar\\\/ccc17943b9d660506c869530f897617f7cb1c21a4bf30023f252596d83e1f007?s=96&d=mm&r=g\",\"contentUrl\":\"https:\\\/\\\/secure.gravatar.com\\\/avatar\\\/ccc17943b9d660506c869530f897617f7cb1c21a4bf30023f252596d83e1f007?s=96&d=mm&r=g\",\"caption\":\"admin\"},\"sameAs\":[\"https:\\\/\\\/kibrisdakik.com\"],\"url\":\"https:\\\/\\\/kibrisdakik.com\\\/?author=1\"}]}<\/script>\n<!-- \/ Yoast SEO plugin. -->","yoast_head_json":{"title":"Hadise Bel\u00e7ika&#039;daki bir m\u00fczik yar\u0131\u015fmas\u0131nda j\u00fcri \u00fcyesi oldu -","robots":{"index":"index","follow":"follow","max-snippet":"max-snippet:-1","max-image-preview":"max-image-preview:large","max-video-preview":"max-video-preview:-1"},"canonical":"https:\/\/kibrisdakik.com\/?p=40247","og_locale":"tr_TR","og_type":"article","og_title":"Hadise Bel\u00e7ika&#039;daki bir m\u00fczik yar\u0131\u015fmas\u0131nda j\u00fcri \u00fcyesi oldu -","og_description":"\u00dcnl\u00fc \u015fark\u0131c\u0131 Hadise, Bel\u00e7ika&#8217;da bir m\u00fczik yar\u0131\u015fmas\u0131nda j\u00fcri \u00fcyesi oldu. &nbsp; Hadise, 2003 y\u0131l\u0131nda 18 ya\u015f\u0131ndayken yar\u0131\u015fmac\u0131 olarak kat\u0131ld\u0131\u011f\u0131&nbsp;Idool&nbsp;program\u0131n\u0131n yay\u0131nland\u0131\u011f\u0131 kanalda ekrana gelecek&nbsp;Sing Again&nbsp;adl\u0131 yar\u0131\u015fmada j\u00fcri \u00fcyesi oldu. \u015eark\u0131c\u0131 sosyal medya hesab\u0131nda yapt\u0131\u011f\u0131 a\u00e7\u0131klamada &#8220;Ve uzun zamand\u0131r i\u00e7imde ya\u015fad\u0131\u011f\u0131m heyecan\u0131m\u0131 sizinle payla\u015fmaktan gurur duyuyorum! Y\u0131llar \u00f6nce yar\u0131\u015fmac\u0131 olarak yar\u0131\u015ft\u0131\u011f\u0131m kanalda \u015fimdi j\u00fcrilik yap\u0131yorum!&#8221; ifadelerini kulland\u0131.","og_url":"https:\/\/kibrisdakik.com\/?p=40247","article_published_time":"2024-05-04T15:31:49+00:00","og_image":[{"width":1000,"height":1248,"url":"https:\/\/kibrisdakik.com\/wp-content\/uploads\/2024\/05\/RHesdn4YkECZgkR8pEkdEA-740x420.jpg","type":"image\/jpeg"}],"author":"admin","twitter_card":"summary_large_image","twitter_misc":{"Yazan:":"admin","Tahmini okuma s\u00fcresi":"1 dakika"},"schema":{"@context":"https:\/\/schema.org","@graph":[{"@type":"Article","@id":"https:\/\/kibrisdakik.com\/?p=40247#article","isPartOf":{"@id":"https:\/\/kibrisdakik.com\/?p=40247"},"author":{"name":"admin","@id":"https:\/\/kibrisdakik.com\/#\/schema\/person\/9cd9d437bbb44f72b73ba127e06d8e79"},"headline":"Hadise Bel\u00e7ika&#039;daki bir m\u00fczik yar\u0131\u015fmas\u0131nda j\u00fcri \u00fcyesi oldu","datePublished":"2024-05-04T15:31:49+00:00","mainEntityOfPage":{"@id":"https:\/\/kibrisdakik.com\/?p=40247"},"wordCount":295,"commentCount":0,"image":{"@id":"https:\/\/kibrisdakik.com\/?p=40247#primaryimage"},"thumbnailUrl":"https:\/\/kibrisdakik.com\/wp-content\/uploads\/2024\/05\/RHesdn4YkECZgkR8pEkdEA-740x420.jpg","articleSection":["Spor"],"inLanguage":"tr","potentialAction":[{"@type":"CommentAction","name":"Comment","target":["https:\/\/kibrisdakik.com\/?p=40247#respond"]}]},{"@type":"WebPage","@id":"https:\/\/kibrisdakik.com\/?p=40247","url":"https:\/\/kibrisdakik.com\/?p=40247","name":"Hadise Bel\u00e7ika&#039;daki bir m\u00fczik yar\u0131\u015fmas\u0131nda j\u00fcri \u00fcyesi oldu -","isPartOf":{"@id":"https:\/\/kibrisdakik.com\/#website"},"primaryImageOfPage":{"@id":"https:\/\/kibrisdakik.com\/?p=40247#primaryimage"},"image":{"@id":"https:\/\/kibrisdakik.com\/?p=40247#primaryimage"},"thumbnailUrl":"https:\/\/kibrisdakik.com\/wp-content\/uploads\/2024\/05\/RHesdn4YkECZgkR8pEkdEA-740x420.jpg","datePublished":"2024-05-04T15:31:49+00:00","author":{"@id":"https:\/\/kibrisdakik.com\/#\/schema\/person\/9cd9d437bbb44f72b73ba127e06d8e79"},"breadcrumb":{"@id":"https:\/\/kibrisdakik.com\/?p=40247#breadcrumb"},"inLanguage":"tr","potentialAction":[{"@type":"ReadAction","target":["https:\/\/kibrisdakik.com\/?p=40247"]}]},{"@type":"ImageObject","inLanguage":"tr","@id":"https:\/\/kibrisdakik.com\/?p=40247#primaryimage","url":"https:\/\/kibrisdakik.com\/wp-content\/uploads\/2024\/05\/RHesdn4YkECZgkR8pEkdEA-740x420.jpg","contentUrl":"https:\/\/kibrisdakik.com\/wp-content\/uploads\/2024\/05\/RHesdn4YkECZgkR8pEkdEA-740x420.jpg","width":1000,"height":1248},{"@type":"BreadcrumbList","@id":"https:\/\/kibrisdakik.com\/?p=40247#breadcrumb","itemListElement":[{"@type":"ListItem","position":1,"name":"Home","item":"https:\/\/kibrisdakik.com\/"},{"@type":"ListItem","position":2,"name":"Hadise Bel\u00e7ika&#039;daki bir m\u00fczik yar\u0131\u015fmas\u0131nda j\u00fcri \u00fcyesi oldu"}]},{"@type":"WebSite","@id":"https:\/\/kibrisdakik.com\/#website","url":"https:\/\/kibrisdakik.com\/","name":"","description":"Tam vaktinde haber","potentialAction":[{"@type":"SearchAction","target":{"@type":"EntryPoint","urlTemplate":"https:\/\/kibrisdakik.com\/?s={search_term_string}"},"query-input":{"@type":"PropertyValueSpecification","valueRequired":true,"valueName":"search_term_string"}}],"inLanguage":"tr"},{"@type":"Person","@id":"https:\/\/kibrisdakik.com\/#\/schema\/person\/9cd9d437bbb44f72b73ba127e06d8e79","name":"admin","image":{"@type":"ImageObject","inLanguage":"tr","@id":"https:\/\/secure.gravatar.com\/avatar\/ccc17943b9d660506c869530f897617f7cb1c21a4bf30023f252596d83e1f007?s=96&d=mm&r=g","url":"https:\/\/secure.gravatar.com\/avatar\/ccc17943b9d660506c869530f897617f7cb1c21a4bf30023f252596d83e1f007?s=96&d=mm&r=g","contentUrl":"https:\/\/secure.gravatar.com\/avatar\/ccc17943b9d660506c869530f897617f7cb1c21a4bf30023f252596d83e1f007?s=96&d=mm&r=g","caption":"admin"},"sameAs":["https:\/\/kibrisdakik.com"],"url":"https:\/\/kibrisdakik.com\/?author=1"}]}},"_links":{"self":[{"href":"https:\/\/kibrisdakik.com\/index.php?rest_route=\/wp\/v2\/posts\/40247","targetHints":{"allow":["GET"]}}],"collection":[{"href":"https:\/\/kibrisdakik.com\/index.php?rest_route=\/wp\/v2\/posts"}],"about":[{"href":"https:\/\/kibrisdakik.com\/index.php?rest_route=\/wp\/v2\/types\/post"}],"author":[{"embeddable":true,"href":"https:\/\/kibrisdakik.com\/index.php?rest_route=\/wp\/v2\/users\/1"}],"replies":[{"embeddable":true,"href":"https:\/\/kibrisdakik.com\/index.php?rest_route=%2Fwp%2Fv2%2Fcomments&post=40247"}],"version-history":[{"count":0,"href":"https:\/\/kibrisdakik.com\/index.php?rest_route=\/wp\/v2\/posts\/40247\/revisions"}],"wp:featuredmedia":[{"embeddable":true,"href":"https:\/\/kibrisdakik.com\/index.php?rest_route=\/wp\/v2\/media\/40248"}],"wp:attachment":[{"href":"https:\/\/kibrisdakik.com\/index.php?rest_route=%2Fwp%2Fv2%2Fmedia&parent=40247"}],"wp:term":[{"taxonomy":"category","embeddable":true,"href":"https:\/\/kibrisdakik.com\/index.php?rest_route=%2Fwp%2Fv2%2Fcategories&post=40247"},{"taxonomy":"post_tag","embeddable":true,"href":"https:\/\/kibrisdakik.com\/index.php?rest_route=%2Fwp%2Fv2%2Ftags&post=40247"}],"curies":[{"name":"wp","href":"https:\/\/api.w.org\/{rel}","templated":true}]}}