{"id":40277,"date":"2024-05-04T20:43:49","date_gmt":"2024-05-04T20:43:49","guid":{"rendered":"https:\/\/kibrisdakik.com\/index.php\/2024\/05\/04\/ukraynadan-zelenskiy-aciklamasi\/"},"modified":"2024-05-04T20:43:49","modified_gmt":"2024-05-04T20:43:49","slug":"ukraynadan-zelenskiy-aciklamasi","status":"publish","type":"post","link":"https:\/\/kibrisdakik.com\/?p=40277","title":{"rendered":"Ukrayna\u2019dan Zelenskiy a\u00e7\u0131klamas\u0131"},"content":{"rendered":"<p><\/p>\n<p>Ukrayna D\u0131\u015fi\u015fleri Bakanl\u0131\u011f\u0131, Devlet Ba\u015fkan\u0131 Volodimir Zelenskiy&#8217;nin Rusya&#8217;da arananlar listesine al\u0131nd\u0131\u011f\u0131na ili\u015fkin bilgilerin, Rus devleti ve propagandas\u0131n\u0131n \u00e7aresizli\u011finin kan\u0131t\u0131 oldu\u011funu s\u00f6yledi.<\/p>\n<h3>\u201c\u00c7ARES\u0130ZL\u0130\u011e\u0130N KANITI\u201d<\/h3>\n<p>Bakanl\u0131ktan yap\u0131lan yaz\u0131l\u0131 a\u00e7\u0131klamada, &#8220;Rusya \u0130\u00e7i\u015fleri Bakanl\u0131\u011f\u0131n\u0131n Zelenskiy&#8217;nin s\u00f6zde arananlar listesine al\u0131nd\u0131\u011f\u0131n\u0131 a\u00e7\u0131klad\u0131\u011f\u0131 y\u00f6n\u00fcndeki bilgilerin, Rus devleti ve propagandas\u0131n\u0131n \u00e7aresizli\u011finin bir kan\u0131t\u0131 oldu\u011fu&#8221; de\u011ferlendirmesinde bulunuldu.<\/p>\n<p><img decoding=\"async\" alt=\"Ukrayna\u2019dan Zelenskiy a\u00e7\u0131klamas\u0131: Rus propagandas\u0131n\u0131n \u00e7aresizli\u011fi - 1. Resim\" src=\"https:\/\/i.tgrthaber.com\/images\/haberler\/24-05\/04\/ukraynadan-zelenskiy-aciklamasi-rus-propagandasinin-caresizligi-17148456943396_1.jpg\" title=\"Ukrayna\u2019dan Zelenskiy a\u00e7\u0131klamas\u0131: Rus propagandas\u0131n\u0131n \u00e7aresizli\u011fi\" \/><\/p>\n<p>A\u00e7\u0131klamada, Uluslararas\u0131 Ceza Mahkemesinin Rusya Devlet Ba\u015fkan\u0131 Vladimir Putin&#8217;in sava\u015f su\u00e7u i\u015fledi\u011fi \u015f\u00fcphesiyle tutuklanmas\u0131na ili\u015fkin karar\u0131n ger\u00e7ek oldu\u011funa ve bu karar\u0131n 123 \u00fclkede uygulanabilirli\u011fine i\u015faret edildi.<\/p>\n<p>Rusya \u0130\u00e7i\u015fleri Bakanl\u0131\u011f\u0131n\u0131n veri taban\u0131nda arananlar listesine do\u011fum yeri ve tarihiyle birlikte ad\u0131 konulan Zelenskiy&#8217;nin Rusya Federasyonu Ceza Yasas\u0131 uyar\u0131nca arand\u0131\u011f\u0131 belirtilmi\u015fti.<\/p>\n","protected":false},"excerpt":{"rendered":"<p>Ukrayna D\u0131\u015fi\u015fleri Bakanl\u0131\u011f\u0131, Devlet Ba\u015fkan\u0131 Volodimir Zelenskiy&#8217;nin Rusya&#8217;da arananlar listesine al\u0131nd\u0131\u011f\u0131na ili\u015fkin bilgilerin, Rus devleti ve propagandas\u0131n\u0131n \u00e7aresizli\u011finin kan\u0131t\u0131 oldu\u011funu s\u00f6yledi. \u201c\u00c7ARES\u0130ZL\u0130\u011e\u0130N KANITI\u201d Bakanl\u0131ktan yap\u0131lan yaz\u0131l\u0131 a\u00e7\u0131klamada, &#8220;Rusya \u0130\u00e7i\u015fleri Bakanl\u0131\u011f\u0131n\u0131n Zelenskiy&#8217;nin s\u00f6zde arananlar listesine al\u0131nd\u0131\u011f\u0131n\u0131 a\u00e7\u0131klad\u0131\u011f\u0131 y\u00f6n\u00fcndeki bilgilerin, Rus devleti ve propagandas\u0131n\u0131n \u00e7aresizli\u011finin bir kan\u0131t\u0131 oldu\u011fu&#8221; de\u011ferlendirmesinde bulunuldu. A\u00e7\u0131klamada, Uluslararas\u0131 Ceza Mahkemesinin Rusya Devlet Ba\u015fkan\u0131<\/p>\n","protected":false},"author":1,"featured_media":40278,"comment_status":"open","ping_status":"open","sticky":false,"template":"","format":"standard","meta":{"footnotes":""},"categories":[79],"tags":[],"class_list":["post-40277","post","type-post","status-publish","format-standard","has-post-thumbnail","hentry","category-ekonomi"],"yoast_head":"<!-- This site is optimized with the Yoast SEO plugin v27.4 - https:\/\/yoast.com\/product\/yoast-seo-wordpress\/ -->\n<title>Ukrayna\u2019dan Zelenskiy a\u00e7\u0131klamas\u0131 -<\/title>\n<meta name=\"robots\" content=\"index, follow, max-snippet:-1, max-image-preview:large, max-video-preview:-1\" \/>\n<link rel=\"canonical\" href=\"https:\/\/kibrisdakik.com\/?p=40277\" \/>\n<meta property=\"og:locale\" content=\"tr_TR\" \/>\n<meta property=\"og:type\" content=\"article\" \/>\n<meta property=\"og:title\" content=\"Ukrayna\u2019dan Zelenskiy a\u00e7\u0131klamas\u0131 -\" \/>\n<meta property=\"og:description\" content=\"Ukrayna D\u0131\u015fi\u015fleri Bakanl\u0131\u011f\u0131, Devlet Ba\u015fkan\u0131 Volodimir Zelenskiy&#8217;nin Rusya&#8217;da arananlar listesine al\u0131nd\u0131\u011f\u0131na ili\u015fkin bilgilerin, Rus devleti ve propagandas\u0131n\u0131n \u00e7aresizli\u011finin kan\u0131t\u0131 oldu\u011funu s\u00f6yledi. \u201c\u00c7ARES\u0130ZL\u0130\u011e\u0130N KANITI\u201d Bakanl\u0131ktan yap\u0131lan yaz\u0131l\u0131 a\u00e7\u0131klamada, &#8220;Rusya \u0130\u00e7i\u015fleri Bakanl\u0131\u011f\u0131n\u0131n Zelenskiy&#8217;nin s\u00f6zde arananlar listesine al\u0131nd\u0131\u011f\u0131n\u0131 a\u00e7\u0131klad\u0131\u011f\u0131 y\u00f6n\u00fcndeki bilgilerin, Rus devleti ve propagandas\u0131n\u0131n \u00e7aresizli\u011finin bir kan\u0131t\u0131 oldu\u011fu&#8221; de\u011ferlendirmesinde bulunuldu. A\u00e7\u0131klamada, Uluslararas\u0131 Ceza Mahkemesinin Rusya Devlet Ba\u015fkan\u0131\" \/>\n<meta property=\"og:url\" content=\"https:\/\/kibrisdakik.com\/?p=40277\" \/>\n<meta property=\"article:published_time\" content=\"2024-05-04T20:43:49+00:00\" \/>\n<meta property=\"og:image\" content=\"https:\/\/kibrisdakik.com\/wp-content\/uploads\/2024\/05\/ukraynadan-zelenskiy-aciklamasi-rus-propagandasinin-caresizligi-17148456943396_1-740x420.jpg\" \/>\n\t<meta property=\"og:image:width\" content=\"1280\" \/>\n\t<meta property=\"og:image:height\" content=\"828\" \/>\n\t<meta property=\"og:image:type\" content=\"image\/jpeg\" \/>\n<meta name=\"author\" content=\"admin\" \/>\n<meta name=\"twitter:card\" content=\"summary_large_image\" \/>\n<meta name=\"twitter:label1\" content=\"Yazan:\" \/>\n\t<meta name=\"twitter:data1\" content=\"admin\" \/>\n\t<meta name=\"twitter:label2\" content=\"Tahmini okuma s\u00fcresi\" \/>\n\t<meta name=\"twitter:data2\" content=\"1 dakika\" \/>\n<script type=\"application\/ld+json\" class=\"yoast-schema-graph\">{\"@context\":\"https:\\\/\\\/schema.org\",\"@graph\":[{\"@type\":\"Article\",\"@id\":\"https:\\\/\\\/kibrisdakik.com\\\/?p=40277#article\",\"isPartOf\":{\"@id\":\"https:\\\/\\\/kibrisdakik.com\\\/?p=40277\"},\"author\":{\"name\":\"admin\",\"@id\":\"https:\\\/\\\/kibrisdakik.com\\\/#\\\/schema\\\/person\\\/9cd9d437bbb44f72b73ba127e06d8e79\"},\"headline\":\"Ukrayna\u2019dan Zelenskiy a\u00e7\u0131klamas\u0131\",\"datePublished\":\"2024-05-04T20:43:49+00:00\",\"mainEntityOfPage\":{\"@id\":\"https:\\\/\\\/kibrisdakik.com\\\/?p=40277\"},\"wordCount\":153,\"commentCount\":0,\"image\":{\"@id\":\"https:\\\/\\\/kibrisdakik.com\\\/?p=40277#primaryimage\"},\"thumbnailUrl\":\"https:\\\/\\\/kibrisdakik.com\\\/wp-content\\\/uploads\\\/2024\\\/05\\\/ukraynadan-zelenskiy-aciklamasi-rus-propagandasinin-caresizligi-17148456943396_1-740x420.jpg\",\"articleSection\":[\"Ekonomi\"],\"inLanguage\":\"tr\",\"potentialAction\":[{\"@type\":\"CommentAction\",\"name\":\"Comment\",\"target\":[\"https:\\\/\\\/kibrisdakik.com\\\/?p=40277#respond\"]}]},{\"@type\":\"WebPage\",\"@id\":\"https:\\\/\\\/kibrisdakik.com\\\/?p=40277\",\"url\":\"https:\\\/\\\/kibrisdakik.com\\\/?p=40277\",\"name\":\"Ukrayna\u2019dan Zelenskiy a\u00e7\u0131klamas\u0131 -\",\"isPartOf\":{\"@id\":\"https:\\\/\\\/kibrisdakik.com\\\/#website\"},\"primaryImageOfPage\":{\"@id\":\"https:\\\/\\\/kibrisdakik.com\\\/?p=40277#primaryimage\"},\"image\":{\"@id\":\"https:\\\/\\\/kibrisdakik.com\\\/?p=40277#primaryimage\"},\"thumbnailUrl\":\"https:\\\/\\\/kibrisdakik.com\\\/wp-content\\\/uploads\\\/2024\\\/05\\\/ukraynadan-zelenskiy-aciklamasi-rus-propagandasinin-caresizligi-17148456943396_1-740x420.jpg\",\"datePublished\":\"2024-05-04T20:43:49+00:00\",\"author\":{\"@id\":\"https:\\\/\\\/kibrisdakik.com\\\/#\\\/schema\\\/person\\\/9cd9d437bbb44f72b73ba127e06d8e79\"},\"breadcrumb\":{\"@id\":\"https:\\\/\\\/kibrisdakik.com\\\/?p=40277#breadcrumb\"},\"inLanguage\":\"tr\",\"potentialAction\":[{\"@type\":\"ReadAction\",\"target\":[\"https:\\\/\\\/kibrisdakik.com\\\/?p=40277\"]}]},{\"@type\":\"ImageObject\",\"inLanguage\":\"tr\",\"@id\":\"https:\\\/\\\/kibrisdakik.com\\\/?p=40277#primaryimage\",\"url\":\"https:\\\/\\\/kibrisdakik.com\\\/wp-content\\\/uploads\\\/2024\\\/05\\\/ukraynadan-zelenskiy-aciklamasi-rus-propagandasinin-caresizligi-17148456943396_1-740x420.jpg\",\"contentUrl\":\"https:\\\/\\\/kibrisdakik.com\\\/wp-content\\\/uploads\\\/2024\\\/05\\\/ukraynadan-zelenskiy-aciklamasi-rus-propagandasinin-caresizligi-17148456943396_1-740x420.jpg\",\"width\":1280,\"height\":828},{\"@type\":\"BreadcrumbList\",\"@id\":\"https:\\\/\\\/kibrisdakik.com\\\/?p=40277#breadcrumb\",\"itemListElement\":[{\"@type\":\"ListItem\",\"position\":1,\"name\":\"Home\",\"item\":\"https:\\\/\\\/kibrisdakik.com\\\/\"},{\"@type\":\"ListItem\",\"position\":2,\"name\":\"Ukrayna\u2019dan Zelenskiy a\u00e7\u0131klamas\u0131\"}]},{\"@type\":\"WebSite\",\"@id\":\"https:\\\/\\\/kibrisdakik.com\\\/#website\",\"url\":\"https:\\\/\\\/kibrisdakik.com\\\/\",\"name\":\"\",\"description\":\"Tam vaktinde haber\",\"potentialAction\":[{\"@type\":\"SearchAction\",\"target\":{\"@type\":\"EntryPoint\",\"urlTemplate\":\"https:\\\/\\\/kibrisdakik.com\\\/?s={search_term_string}\"},\"query-input\":{\"@type\":\"PropertyValueSpecification\",\"valueRequired\":true,\"valueName\":\"search_term_string\"}}],\"inLanguage\":\"tr\"},{\"@type\":\"Person\",\"@id\":\"https:\\\/\\\/kibrisdakik.com\\\/#\\\/schema\\\/person\\\/9cd9d437bbb44f72b73ba127e06d8e79\",\"name\":\"admin\",\"image\":{\"@type\":\"ImageObject\",\"inLanguage\":\"tr\",\"@id\":\"https:\\\/\\\/secure.gravatar.com\\\/avatar\\\/ccc17943b9d660506c869530f897617f7cb1c21a4bf30023f252596d83e1f007?s=96&d=mm&r=g\",\"url\":\"https:\\\/\\\/secure.gravatar.com\\\/avatar\\\/ccc17943b9d660506c869530f897617f7cb1c21a4bf30023f252596d83e1f007?s=96&d=mm&r=g\",\"contentUrl\":\"https:\\\/\\\/secure.gravatar.com\\\/avatar\\\/ccc17943b9d660506c869530f897617f7cb1c21a4bf30023f252596d83e1f007?s=96&d=mm&r=g\",\"caption\":\"admin\"},\"sameAs\":[\"https:\\\/\\\/kibrisdakik.com\"],\"url\":\"https:\\\/\\\/kibrisdakik.com\\\/?author=1\"}]}<\/script>\n<!-- \/ Yoast SEO plugin. -->","yoast_head_json":{"title":"Ukrayna\u2019dan Zelenskiy a\u00e7\u0131klamas\u0131 -","robots":{"index":"index","follow":"follow","max-snippet":"max-snippet:-1","max-image-preview":"max-image-preview:large","max-video-preview":"max-video-preview:-1"},"canonical":"https:\/\/kibrisdakik.com\/?p=40277","og_locale":"tr_TR","og_type":"article","og_title":"Ukrayna\u2019dan Zelenskiy a\u00e7\u0131klamas\u0131 -","og_description":"Ukrayna D\u0131\u015fi\u015fleri Bakanl\u0131\u011f\u0131, Devlet Ba\u015fkan\u0131 Volodimir Zelenskiy&#8217;nin Rusya&#8217;da arananlar listesine al\u0131nd\u0131\u011f\u0131na ili\u015fkin bilgilerin, Rus devleti ve propagandas\u0131n\u0131n \u00e7aresizli\u011finin kan\u0131t\u0131 oldu\u011funu s\u00f6yledi. \u201c\u00c7ARES\u0130ZL\u0130\u011e\u0130N KANITI\u201d Bakanl\u0131ktan yap\u0131lan yaz\u0131l\u0131 a\u00e7\u0131klamada, &#8220;Rusya \u0130\u00e7i\u015fleri Bakanl\u0131\u011f\u0131n\u0131n Zelenskiy&#8217;nin s\u00f6zde arananlar listesine al\u0131nd\u0131\u011f\u0131n\u0131 a\u00e7\u0131klad\u0131\u011f\u0131 y\u00f6n\u00fcndeki bilgilerin, Rus devleti ve propagandas\u0131n\u0131n \u00e7aresizli\u011finin bir kan\u0131t\u0131 oldu\u011fu&#8221; de\u011ferlendirmesinde bulunuldu. A\u00e7\u0131klamada, Uluslararas\u0131 Ceza Mahkemesinin Rusya Devlet Ba\u015fkan\u0131","og_url":"https:\/\/kibrisdakik.com\/?p=40277","article_published_time":"2024-05-04T20:43:49+00:00","og_image":[{"width":1280,"height":828,"url":"https:\/\/kibrisdakik.com\/wp-content\/uploads\/2024\/05\/ukraynadan-zelenskiy-aciklamasi-rus-propagandasinin-caresizligi-17148456943396_1-740x420.jpg","type":"image\/jpeg"}],"author":"admin","twitter_card":"summary_large_image","twitter_misc":{"Yazan:":"admin","Tahmini okuma s\u00fcresi":"1 dakika"},"schema":{"@context":"https:\/\/schema.org","@graph":[{"@type":"Article","@id":"https:\/\/kibrisdakik.com\/?p=40277#article","isPartOf":{"@id":"https:\/\/kibrisdakik.com\/?p=40277"},"author":{"name":"admin","@id":"https:\/\/kibrisdakik.com\/#\/schema\/person\/9cd9d437bbb44f72b73ba127e06d8e79"},"headline":"Ukrayna\u2019dan Zelenskiy a\u00e7\u0131klamas\u0131","datePublished":"2024-05-04T20:43:49+00:00","mainEntityOfPage":{"@id":"https:\/\/kibrisdakik.com\/?p=40277"},"wordCount":153,"commentCount":0,"image":{"@id":"https:\/\/kibrisdakik.com\/?p=40277#primaryimage"},"thumbnailUrl":"https:\/\/kibrisdakik.com\/wp-content\/uploads\/2024\/05\/ukraynadan-zelenskiy-aciklamasi-rus-propagandasinin-caresizligi-17148456943396_1-740x420.jpg","articleSection":["Ekonomi"],"inLanguage":"tr","potentialAction":[{"@type":"CommentAction","name":"Comment","target":["https:\/\/kibrisdakik.com\/?p=40277#respond"]}]},{"@type":"WebPage","@id":"https:\/\/kibrisdakik.com\/?p=40277","url":"https:\/\/kibrisdakik.com\/?p=40277","name":"Ukrayna\u2019dan Zelenskiy a\u00e7\u0131klamas\u0131 -","isPartOf":{"@id":"https:\/\/kibrisdakik.com\/#website"},"primaryImageOfPage":{"@id":"https:\/\/kibrisdakik.com\/?p=40277#primaryimage"},"image":{"@id":"https:\/\/kibrisdakik.com\/?p=40277#primaryimage"},"thumbnailUrl":"https:\/\/kibrisdakik.com\/wp-content\/uploads\/2024\/05\/ukraynadan-zelenskiy-aciklamasi-rus-propagandasinin-caresizligi-17148456943396_1-740x420.jpg","datePublished":"2024-05-04T20:43:49+00:00","author":{"@id":"https:\/\/kibrisdakik.com\/#\/schema\/person\/9cd9d437bbb44f72b73ba127e06d8e79"},"breadcrumb":{"@id":"https:\/\/kibrisdakik.com\/?p=40277#breadcrumb"},"inLanguage":"tr","potentialAction":[{"@type":"ReadAction","target":["https:\/\/kibrisdakik.com\/?p=40277"]}]},{"@type":"ImageObject","inLanguage":"tr","@id":"https:\/\/kibrisdakik.com\/?p=40277#primaryimage","url":"https:\/\/kibrisdakik.com\/wp-content\/uploads\/2024\/05\/ukraynadan-zelenskiy-aciklamasi-rus-propagandasinin-caresizligi-17148456943396_1-740x420.jpg","contentUrl":"https:\/\/kibrisdakik.com\/wp-content\/uploads\/2024\/05\/ukraynadan-zelenskiy-aciklamasi-rus-propagandasinin-caresizligi-17148456943396_1-740x420.jpg","width":1280,"height":828},{"@type":"BreadcrumbList","@id":"https:\/\/kibrisdakik.com\/?p=40277#breadcrumb","itemListElement":[{"@type":"ListItem","position":1,"name":"Home","item":"https:\/\/kibrisdakik.com\/"},{"@type":"ListItem","position":2,"name":"Ukrayna\u2019dan Zelenskiy a\u00e7\u0131klamas\u0131"}]},{"@type":"WebSite","@id":"https:\/\/kibrisdakik.com\/#website","url":"https:\/\/kibrisdakik.com\/","name":"","description":"Tam vaktinde haber","potentialAction":[{"@type":"SearchAction","target":{"@type":"EntryPoint","urlTemplate":"https:\/\/kibrisdakik.com\/?s={search_term_string}"},"query-input":{"@type":"PropertyValueSpecification","valueRequired":true,"valueName":"search_term_string"}}],"inLanguage":"tr"},{"@type":"Person","@id":"https:\/\/kibrisdakik.com\/#\/schema\/person\/9cd9d437bbb44f72b73ba127e06d8e79","name":"admin","image":{"@type":"ImageObject","inLanguage":"tr","@id":"https:\/\/secure.gravatar.com\/avatar\/ccc17943b9d660506c869530f897617f7cb1c21a4bf30023f252596d83e1f007?s=96&d=mm&r=g","url":"https:\/\/secure.gravatar.com\/avatar\/ccc17943b9d660506c869530f897617f7cb1c21a4bf30023f252596d83e1f007?s=96&d=mm&r=g","contentUrl":"https:\/\/secure.gravatar.com\/avatar\/ccc17943b9d660506c869530f897617f7cb1c21a4bf30023f252596d83e1f007?s=96&d=mm&r=g","caption":"admin"},"sameAs":["https:\/\/kibrisdakik.com"],"url":"https:\/\/kibrisdakik.com\/?author=1"}]}},"_links":{"self":[{"href":"https:\/\/kibrisdakik.com\/index.php?rest_route=\/wp\/v2\/posts\/40277","targetHints":{"allow":["GET"]}}],"collection":[{"href":"https:\/\/kibrisdakik.com\/index.php?rest_route=\/wp\/v2\/posts"}],"about":[{"href":"https:\/\/kibrisdakik.com\/index.php?rest_route=\/wp\/v2\/types\/post"}],"author":[{"embeddable":true,"href":"https:\/\/kibrisdakik.com\/index.php?rest_route=\/wp\/v2\/users\/1"}],"replies":[{"embeddable":true,"href":"https:\/\/kibrisdakik.com\/index.php?rest_route=%2Fwp%2Fv2%2Fcomments&post=40277"}],"version-history":[{"count":0,"href":"https:\/\/kibrisdakik.com\/index.php?rest_route=\/wp\/v2\/posts\/40277\/revisions"}],"wp:featuredmedia":[{"embeddable":true,"href":"https:\/\/kibrisdakik.com\/index.php?rest_route=\/wp\/v2\/media\/40278"}],"wp:attachment":[{"href":"https:\/\/kibrisdakik.com\/index.php?rest_route=%2Fwp%2Fv2%2Fmedia&parent=40277"}],"wp:term":[{"taxonomy":"category","embeddable":true,"href":"https:\/\/kibrisdakik.com\/index.php?rest_route=%2Fwp%2Fv2%2Fcategories&post=40277"},{"taxonomy":"post_tag","embeddable":true,"href":"https:\/\/kibrisdakik.com\/index.php?rest_route=%2Fwp%2Fv2%2Ftags&post=40277"}],"curies":[{"name":"wp","href":"https:\/\/api.w.org\/{rel}","templated":true}]}}