{"id":40293,"date":"2024-05-05T00:40:58","date_gmt":"2024-05-05T00:40:58","guid":{"rendered":"https:\/\/kibrisdakik.com\/index.php\/2024\/05\/05\/antalyadaki-teleferik-kazasiyla-ilgili-bilirkisi-raporu-tamamlandi\/"},"modified":"2024-05-05T00:40:58","modified_gmt":"2024-05-05T00:40:58","slug":"antalyadaki-teleferik-kazasiyla-ilgili-bilirkisi-raporu-tamamlandi","status":"publish","type":"post","link":"https:\/\/kibrisdakik.com\/?p=40293","title":{"rendered":"Antalya&#039;daki teleferik kazas\u0131yla ilgili bilirki\u015fi raporu tamamland\u0131"},"content":{"rendered":"<p><img decoding=\"async\" src=\"https:\/\/www.kibristurk.com\/images\/haberler\/2024\/05\/antalyadaki-teleferik-kazasiyla-ilgili-bilirkisi-raporu-tamamlandi-1714860938.webp\" \/><\/p>\n<p><strong>Antalya Cumhuriyet Ba\u015fsavc\u0131l\u0131\u011f\u0131n\u0131n&nbsp;y\u00fcr\u00fctt\u00fc\u011f\u00fc soru\u015fturmada, makine m\u00fchendisi bilirki\u015fi Hakk\u0131 Co\u015fkun, i\u015f g\u00fcvenli\u011fi bilirki\u015fi makine m\u00fchendisi \u0130smail Denizlio\u011flu ve i\u015f g\u00fcvenli\u011fi bilirki\u015fi Oktay B\u00fcy\u00fckkurt taraf\u0131ndan haz\u0131rlanan 52 sayfal\u0131k bilirki\u015fi raporu ba\u015fsavc\u0131l\u0131\u011fa sunuldu.<\/strong><\/p>\n<p>Raporda, Danimarka Akreditasyon Kurumunun internet sitesinde akredite kurulu\u015flar\u0131n yay\u0131nland\u0131\u011f\u0131 sayfada &#8220;Anadolu Teleferik A.\u015e.&#8221; unvan\u0131yla yap\u0131lan aramada s\u00f6z konusu kurulu\u015fun akredite oldu\u011funa y\u00f6nelik herhangi bir bilgi g\u00f6r\u00fclmedi\u011fi belirtildi.<\/p>\n<p>Raporda, kaza s\u0131ras\u0131nda Meteoroloji Genel M\u00fcd\u00fcrl\u00fc\u011f\u00fcn\u00fcn tespitlerine g\u00f6re&nbsp;T\u00fcnektepe Teleferik \u0130stasyonu&#8217;nun 5 kilometre \u00e7ap\u0131nda bulunan alanda y\u0131ld\u0131r\u0131m ve \u015fim\u015fek hadisesi kayd\u0131na rastlanmad\u0131\u011f\u0131na i\u015faret edildi.<\/p>\n<p>Raporun makine m\u00fchendisi Hakk\u0131 Co\u015fkun taraf\u0131ndan haz\u0131rlanan &#8220;Makine bilirki\u015fi tespiti&#8221; b\u00f6l\u00fcm\u00fcnde, tesisin Anet A\u015e ve Mega Tower A\u015e ile yap\u0131lan bak\u0131m, onar\u0131m ve teknik i\u015fletme hizmet al\u0131m\u0131 s\u00f6zle\u015fmesinin incelendi\u011fi ve s\u00f6zle\u015fmede bir\u00e7ok bak\u0131m i\u015finin Mega Tower firmas\u0131na verildi\u011finin g\u00f6r\u00fcld\u00fc\u011f\u00fc bildirildi.<\/p>\n<p>Y\u00fcklenici firma ile idare aras\u0131nda d\u00fczenlenen hak edi\u015f belgeleri i\u00e7inde makaralar\u0131n de\u011fi\u015fti\u011fi ve say\u0131lar\u0131n\u0131n mevcut oldu\u011fu ancak hangi direkte ve hangi y\u00f6nde makaralar\u0131n de\u011fi\u015fti\u011fine y\u00f6nelik belgelerin bulunmad\u0131\u011f\u0131 ifade edildi.<\/p>\n<p>Raporda, hak edi\u015f belgelerinde g\u00f6sterilen i\u015fler listesine ait verileri kan\u0131tlay\u0131c\u0131 herhangi bir&nbsp;tutanak, servis formu, metraj belgelerinin olmad\u0131\u011f\u0131n\u0131n tespit edildi\u011fi belirtildi.<\/p>\n<p>Raporda, \u015fu ifadelere yer verildi:<\/p>\n<p>&#8220;Genel i\u015fletme ve servis kullanma k\u0131lavuzu kitap\u00e7\u0131\u011f\u0131nda makaralar\u0131n y\u0131lda bir kez de\u011fi\u015ftirilmesi gerekti\u011fi belirtiliyor. 2023 ve 2024 y\u0131l\u0131 hak edi\u015f evrak\u0131 incelendi\u011finde, makaralar\u0131n kitap\u00e7\u0131kta y\u0131lda bir kez yazd\u0131\u011f\u0131 halde y\u0131ll\u0131k hizmet al\u0131m\u0131 s\u00f6zle\u015fmesi i\u00e7inde &#8216;toplam makara lastiklerinin gerekli olanlar\u0131n\u0131n de\u011fi\u015fimi yap\u0131lacakt\u0131r.&#8217; denilmi\u015ftir. Buradaki &#8216;gerekli olanlar&#8217; \u015feklindeki belirlemeler \u00e7eli\u015fkiye sebep olmaktad\u0131r.&#8221;<\/p>\n<p>Direklerdeki toplam makara say\u0131s\u0131n\u0131n 196 oldu\u011fu, kazan\u0131n meydana geldi\u011fi 5 nolu direkte ise 20 makara bulundu\u011fu bilgisi verilen raporda, &#8220;T\u00fcnektepe istikametine do\u011fru olan 6 nolu sa\u011flam direkte g\u00f6zle g\u00f6r\u00fcl\u00fcr c\u0131vata ve somunlar\u0131n\u0131n yeni ve bak\u0131ml\u0131, s\u0131k\u0131 bir vaziyette oldu\u011fu ancak y\u0131k\u0131lan dire\u011fin bir alt kat\u0131ndaki flan\u015flarda bulunan c\u0131vatalar i\u00e7in kontrol yap\u0131ld\u0131\u011f\u0131nda hi\u00e7birisinin s\u0131k\u0131 olmad\u0131\u011f\u0131, hatta baz\u0131lar\u0131n\u0131n elle bile s\u0131k\u0131l\u0131p gev\u015fetildi\u011fi anla\u015f\u0131ld\u0131.&#8221; denildi.<\/p>\n<p>&#8220;200 sayfadan olu\u015fan &#8216;Genel i\u015fletme ve servis kullanma k\u0131lavuzu&#8217; teknik kitap\u00e7\u0131\u011f\u0131n\u0131n incelenmesi neticesinde, 5 nolu direk \u00fczerindeki T\u00fcnektepe istasyonundan d\u00f6n\u00fc\u015f y\u00f6n\u00fcnde bulunan 10 adet makaradan bir adet makaran\u0131n par\u00e7alanmas\u0131yla kazan\u0131n olu\u015ftu\u011fu anla\u015f\u0131lm\u0131\u015ft\u0131r.&#8221; ifadesi kullan\u0131lan raporda, \u015funlar kaydedildi:<\/p>\n<p>&#8220;Ancak bu bir adet makara ne oldu da par\u00e7aland\u0131? Makara, lastik ve c\u0131vatalar\u0131n (k\u0131r\u0131lma, a\u015f\u0131nma s\u00fcresi, korozyona u\u011frama, y\u0131ld\u0131r\u0131m da dahil) ancak laboratuvar teknik analiz sonu\u00e7lar\u0131 neticesinde netlik kazanaca\u011f\u0131, \u015fu anda sonu\u00e7lar\u0131n elimizde olmamas\u0131 nedeniyle olay\u0131n, ikili makara tak\u0131m\u0131n\u0131n ya\u011fla ilgili bir sebeple s\u0131k\u0131\u015fmas\u0131 neticesinde makaran\u0131n bir adedinin yukar\u0131ya do\u011fru y\u00fckselirken di\u011fer makaralar\u0131n a\u015fa\u011f\u0131ya do\u011fru al\u00e7almas\u0131 sonucu t\u00fcm y\u00fck\u00fcn bir makaraya gelmesi nedeniyle halat\u0131n makaran\u0131n \u00f6nce lasti\u011fini par\u00e7alad\u0131\u011f\u0131, 5 dakika kadar s\u00fcre i\u00e7inde de t\u00fcm y\u00fck \u00fczerinde olan bir adet makara ile halat\u0131n birbirine s\u00fcrt\u00fcnmesi sonucu daha \u00e7ok sert malzemeden te\u015fekk\u00fcl olan halat\u0131n biraz daha az sertli\u011fe sahip makara \u00fczerinden tala\u015f kald\u0131rmas\u0131 sonucu makara par\u00e7alan\u0131nca sistem duruyor. Ancak devamla ana merkezden sistemin \u00e7al\u0131\u015ft\u0131r\u0131lmas\u0131 sonucu ani \u00e7ekme kuvvetine dayanamayan 5 nolu dire\u011fin orta noktas\u0131ndaki 36 adet c\u0131vatan\u0131n s\u00fcnerek incelmesi, uzamas\u0131 neticesinde \u00fcz\u00fcc\u00fc bir kazan\u0131n ger\u00e7ekle\u015fmi\u015f oldu\u011fu g\u00f6r\u00fc\u015f ve kanaatindeyim.&#8221;<\/p>\n<p>Raporda, 5 nolu direkte yap\u0131lan tork i\u015fleminde gev\u015fek bir durumda olan civatalar\u0131n bulundu\u011funun tespit edildi\u011fi belirtildi.<\/p>\n<p>&#8220;Olay, i\u015f kazas\u0131 de\u011fildir&#8221;<\/p>\n<p>Raporda yer alan i\u015f g\u00fcvenli\u011fi bilirki\u015fi tespitlerinde, &#8220;Olay, T\u00fcnektepe Teleferik sistemi 5 nolu dire\u011fin devrilerek 28 numaral\u0131 kabine \u00e7arpmas\u0131 sonucu ya\u015fanan kaza olay\u0131d\u0131r. 5510 say\u0131l\u0131 Kanunun 13. maddesine g\u00f6re olay, i\u015f kazas\u0131 de\u011fildir.&#8221; bilgisi verildi.<\/p>\n<p>Bilirki\u015fi raporunda, 29 A\u011fustos 2022&#8217;de acil durum plan\u0131n\u0131n mevcut oldu\u011fu, ancak bunun 1 Ekim 2021&#8217;de yay\u0131nlanan &#8220;Acil Durum Y\u00f6netmeli\u011fi: Acil Durum Plan\u0131&#8221; formuna uygun d\u00fczenlenmedi\u011fi ifade edildi.<\/p>\n<p>Raporda, acil \u00e7\u0131k\u0131\u015f kap\u0131s\u0131n\u0131n olu\u015fturulmad\u0131\u011f\u0131, d\u00f6ner kap\u0131lar ve turnike kap\u0131lar\u0131n\u0131n acil \u00e7\u0131k\u0131\u015f kap\u0131s\u0131 olarak kullan\u0131lamayaca\u011f\u0131 belirtildi. \u0130\u015fletmenin acil durum tatbikat ve tahliye tatbikatlar\u0131n\u0131n yap\u0131ld\u0131\u011f\u0131na dair herhangi bir evraka da rastlan\u0131lmad\u0131\u011f\u0131na dikkat \u00e7ekildi.<\/p>\n<p>Anet firmas\u0131 ile y\u00fcklenici firma Mega Tower aras\u0131nda 2 Ocak-31 Aral\u0131k 2024 d\u00f6nemini kapsayan bir y\u0131l i\u00e7in T\u00fcnektepe teleferi\u011finin bak\u0131m, onar\u0131m, teknik i\u015fletme ve hizmet al\u0131m s\u00f6zle\u015fmesi oldu\u011fu belirtilen raporda, bu konunun bilirki\u015filerin uzmanl\u0131k alanlar\u0131n\u0131n d\u0131\u015f\u0131nda olmas\u0131 ve hukuki yorum olarak g\u00f6r\u00fclmesi sebebiyle taraflar aras\u0131ndaki i\u015f ili\u015fkisinin de\u011ferlendirmesinin Antalya Cumhuriyet Ba\u015fsavc\u0131l\u0131\u011f\u0131n\u0131n takdirine b\u0131rak\u0131ld\u0131\u011f\u0131 kaydedildi.<\/p>\n<p>Raporda, Anet i\u015fletmesi i\u00e7in Kas\u0131m 2023&#8217;te haz\u0131rlanan acil durum plan\u0131n\u0131n &#8220;Acil Durum Y\u00f6netmeli\u011fi: Acil Durum Plan\u0131&#8221; formuna uygun d\u00fczenlenmedi\u011fi, i\u015fletmeye ait herhangi bir tatbikat raporu evrak\u0131na rastlanmad\u0131\u011f\u0131 belirtildi.<\/p>\n<p>Raporda, Mega Tower&#8217;\u0131n, i\u015f g\u00fcvenli\u011fi mevzuat\u0131nda &#8220;az tehlikeli&#8221; s\u0131n\u0131f\u0131nda yer ald\u0131\u011f\u0131 ve &#8220;tehlike&#8221; s\u0131n\u0131f\u0131nda bulunan teleferik i\u015fini yapmaya uygun olmad\u0131\u011f\u0131 vurguland\u0131.<\/p>\n<p>Mega Tower A\u015e&#8217;nin \u00fczerine d\u00fc\u015fen y\u00fck\u00fcml\u00fcl\u00fckleri aksatmas\u0131 ve kaza \u00f6ncesi teleferi\u011fi kullanan ki\u015filerin halatta k\u0131v\u0131lc\u0131m oldu\u011fu ihbar\u0131nda bulunmalar\u0131na ra\u011fmen teleferi\u011fi durdurarak kabinindeki ki\u015filerin can ve beden emniyeti i\u00e7in \u00fczerine d\u00fc\u015fen y\u00fck\u00fcml\u00fcl\u00fckleri yerine getirmemesinin kaza etkenlerinden oldu\u011fu ifade edildi.<\/p>\n<p>Teleferik dire\u011findeki bak\u0131m ve onar\u0131mlar\u0131n yerine getirilmemesinin kazan\u0131n \u00f6nemli etkinlerinden oldu\u011fu vurgulanan raporda, &#8220;Bu sorumluluklar\u0131n Anet A\u015e&#8217;nin de oldu\u011funun kabul\u00fc durumunda 12 Nisan 2024&#8217;te kaza tarihinde Anet A\u015e&#8217;nin genel m\u00fcd\u00fcr vekili s\u0131fat\u0131yla Ahmet Bu\u011fra Samsunlu&#8217;nun i\u015fveren vekili olarak de\u011ferlendirilip sorumlulu\u011fu bulunup bulunmad\u0131\u011f\u0131 say\u0131n savc\u0131l\u0131\u011f\u0131n\u0131z\u0131n takdirindedir. Mesut Kocag\u00f6z&#8217;\u00fcn kazan\u0131n oldu\u011fu 12 Nisan 2024&#8217;te genel m\u00fcd\u00fcr ya da i\u015fveren s\u0131fat\u0131 olmamas\u0131 sebebiyle kazada sorumlulu\u011funun olup olmad\u0131\u011f\u0131n\u0131n takdiri yine say\u0131n savc\u0131l\u0131\u011f\u0131n\u0131zdad\u0131r.&#8221; ifadesi kullan\u0131ld\u0131.<\/p>\n<p>Bilirki\u015fi raporunda, kaza b\u00f6lgesinde tork s\u0131k\u0131lama kontrollerinin yap\u0131ld\u0131\u011f\u0131 5 ve 6 nolu teleferik direkleri, kopmu\u015f c\u0131vatalar, somunlar, zarar g\u00f6ren makara ve par\u00e7alar\u0131n\u0131n foto\u011fraflar\u0131na da yer verildi.<\/p>\n<p><strong>Kaza ve adli s\u00fcre\u00e7<\/strong><\/p>\n<p>Teleferik tesisinde meydana gelen kazada par\u00e7alanan kabinden d\u00fc\u015fen 1 ki\u015fi hayat\u0131n\u0131 kaybetmi\u015f, ayn\u0131 kabindeki 2&#8217;si \u00e7ocuk 7 ki\u015fi yaralanm\u0131\u015ft\u0131. Di\u011fer kabinlerden tahliye edilen 11 ki\u015fi de kontrol ama\u00e7l\u0131 hastaneye kald\u0131r\u0131lm\u0131\u015ft\u0131.<\/p>\n<p>Sistemin durmas\u0131 nedeniyle havada as\u0131l\u0131 kalan 24 kabindeki 174 ki\u015fi ise AFAD&#8217;\u0131n koordinasyonunda yakla\u015f\u0131k 22,5 saat s\u00fcren \u00e7al\u0131\u015fmalar\u0131n sonunda kurtar\u0131lm\u0131\u015ft\u0131.<\/p>\n<p>Kazaya ili\u015fkin g\u00f6zalt\u0131na al\u0131nan 14 \u015f\u00fcpheliden aralar\u0131nda eski Anet Y\u00f6netim Kurulu Ba\u015fkan\u0131 ve Genel M\u00fcd\u00fcr\u00fc olan Kepez Belediye Ba\u015fkan\u0131 Mesut Kocag\u00f6z&#8217;\u00fcn de bulundu\u011fu 5&#8217;i tutuklanm\u0131\u015ft\u0131.<\/p>\n","protected":false},"excerpt":{"rendered":"<p>Antalya Cumhuriyet Ba\u015fsavc\u0131l\u0131\u011f\u0131n\u0131n&nbsp;y\u00fcr\u00fctt\u00fc\u011f\u00fc soru\u015fturmada, makine m\u00fchendisi bilirki\u015fi Hakk\u0131 Co\u015fkun, i\u015f g\u00fcvenli\u011fi bilirki\u015fi makine m\u00fchendisi \u0130smail Denizlio\u011flu ve i\u015f g\u00fcvenli\u011fi bilirki\u015fi Oktay B\u00fcy\u00fckkurt taraf\u0131ndan haz\u0131rlanan 52 sayfal\u0131k bilirki\u015fi raporu ba\u015fsavc\u0131l\u0131\u011fa sunuldu. Raporda, Danimarka Akreditasyon Kurumunun internet sitesinde akredite kurulu\u015flar\u0131n yay\u0131nland\u0131\u011f\u0131 sayfada &#8220;Anadolu Teleferik A.\u015e.&#8221; unvan\u0131yla yap\u0131lan aramada s\u00f6z konusu kurulu\u015fun akredite oldu\u011funa y\u00f6nelik herhangi bir bilgi<\/p>\n","protected":false},"author":1,"featured_media":40294,"comment_status":"open","ping_status":"open","sticky":false,"template":"","format":"standard","meta":{"footnotes":""},"categories":[85],"tags":[],"class_list":["post-40293","post","type-post","status-publish","format-standard","has-post-thumbnail","hentry","category-spor"],"yoast_head":"<!-- This site is optimized with the Yoast SEO plugin v27.5 - https:\/\/yoast.com\/product\/yoast-seo-wordpress\/ -->\n<title>Antalya&#039;daki teleferik kazas\u0131yla ilgili bilirki\u015fi raporu tamamland\u0131 -<\/title>\n<meta name=\"robots\" content=\"index, follow, max-snippet:-1, max-image-preview:large, max-video-preview:-1\" \/>\n<link rel=\"canonical\" href=\"https:\/\/kibrisdakik.com\/?p=40293\" \/>\n<meta property=\"og:locale\" content=\"tr_TR\" \/>\n<meta property=\"og:type\" content=\"article\" \/>\n<meta property=\"og:title\" content=\"Antalya&#039;daki teleferik kazas\u0131yla ilgili bilirki\u015fi raporu tamamland\u0131 -\" \/>\n<meta property=\"og:description\" content=\"Antalya Cumhuriyet Ba\u015fsavc\u0131l\u0131\u011f\u0131n\u0131n&nbsp;y\u00fcr\u00fctt\u00fc\u011f\u00fc soru\u015fturmada, makine m\u00fchendisi bilirki\u015fi Hakk\u0131 Co\u015fkun, i\u015f g\u00fcvenli\u011fi bilirki\u015fi makine m\u00fchendisi \u0130smail Denizlio\u011flu ve i\u015f g\u00fcvenli\u011fi bilirki\u015fi Oktay B\u00fcy\u00fckkurt taraf\u0131ndan haz\u0131rlanan 52 sayfal\u0131k bilirki\u015fi raporu ba\u015fsavc\u0131l\u0131\u011fa sunuldu. Raporda, Danimarka Akreditasyon Kurumunun internet sitesinde akredite kurulu\u015flar\u0131n yay\u0131nland\u0131\u011f\u0131 sayfada &#8220;Anadolu Teleferik A.\u015e.&#8221; unvan\u0131yla yap\u0131lan aramada s\u00f6z konusu kurulu\u015fun akredite oldu\u011funa y\u00f6nelik herhangi bir bilgi\" \/>\n<meta property=\"og:url\" content=\"https:\/\/kibrisdakik.com\/?p=40293\" \/>\n<meta property=\"article:published_time\" content=\"2024-05-05T00:40:58+00:00\" \/>\n<meta property=\"og:image\" content=\"https:\/\/kibrisdakik.com\/wp-content\/uploads\/2024\/05\/antalyadaki-teleferik-kazasiyla-ilgili-bilirkisi-raporu-tamamlandi-1714860938.webp.webp\" \/>\n\t<meta property=\"og:image:width\" content=\"710\" \/>\n\t<meta property=\"og:image:height\" content=\"370\" \/>\n\t<meta property=\"og:image:type\" content=\"image\/webp\" \/>\n<meta name=\"author\" content=\"admin\" \/>\n<meta name=\"twitter:card\" content=\"summary_large_image\" \/>\n<meta name=\"twitter:label1\" content=\"Yazan:\" \/>\n\t<meta name=\"twitter:data1\" content=\"admin\" \/>\n\t<meta name=\"twitter:label2\" content=\"Tahmini okuma s\u00fcresi\" \/>\n\t<meta name=\"twitter:data2\" content=\"7 dakika\" \/>\n<script type=\"application\/ld+json\" class=\"yoast-schema-graph\">{\"@context\":\"https:\\\/\\\/schema.org\",\"@graph\":[{\"@type\":\"Article\",\"@id\":\"https:\\\/\\\/kibrisdakik.com\\\/?p=40293#article\",\"isPartOf\":{\"@id\":\"https:\\\/\\\/kibrisdakik.com\\\/?p=40293\"},\"author\":{\"name\":\"admin\",\"@id\":\"https:\\\/\\\/kibrisdakik.com\\\/#\\\/schema\\\/person\\\/9cd9d437bbb44f72b73ba127e06d8e79\"},\"headline\":\"Antalya&#039;daki teleferik kazas\u0131yla ilgili bilirki\u015fi raporu tamamland\u0131\",\"datePublished\":\"2024-05-05T00:40:58+00:00\",\"mainEntityOfPage\":{\"@id\":\"https:\\\/\\\/kibrisdakik.com\\\/?p=40293\"},\"wordCount\":1343,\"commentCount\":0,\"image\":{\"@id\":\"https:\\\/\\\/kibrisdakik.com\\\/?p=40293#primaryimage\"},\"thumbnailUrl\":\"https:\\\/\\\/kibrisdakik.com\\\/wp-content\\\/uploads\\\/2024\\\/05\\\/antalyadaki-teleferik-kazasiyla-ilgili-bilirkisi-raporu-tamamlandi-1714860938.webp.webp\",\"articleSection\":[\"Spor\"],\"inLanguage\":\"tr\",\"potentialAction\":[{\"@type\":\"CommentAction\",\"name\":\"Comment\",\"target\":[\"https:\\\/\\\/kibrisdakik.com\\\/?p=40293#respond\"]}]},{\"@type\":\"WebPage\",\"@id\":\"https:\\\/\\\/kibrisdakik.com\\\/?p=40293\",\"url\":\"https:\\\/\\\/kibrisdakik.com\\\/?p=40293\",\"name\":\"Antalya&#039;daki teleferik kazas\u0131yla ilgili bilirki\u015fi raporu tamamland\u0131 -\",\"isPartOf\":{\"@id\":\"https:\\\/\\\/kibrisdakik.com\\\/#website\"},\"primaryImageOfPage\":{\"@id\":\"https:\\\/\\\/kibrisdakik.com\\\/?p=40293#primaryimage\"},\"image\":{\"@id\":\"https:\\\/\\\/kibrisdakik.com\\\/?p=40293#primaryimage\"},\"thumbnailUrl\":\"https:\\\/\\\/kibrisdakik.com\\\/wp-content\\\/uploads\\\/2024\\\/05\\\/antalyadaki-teleferik-kazasiyla-ilgili-bilirkisi-raporu-tamamlandi-1714860938.webp.webp\",\"datePublished\":\"2024-05-05T00:40:58+00:00\",\"author\":{\"@id\":\"https:\\\/\\\/kibrisdakik.com\\\/#\\\/schema\\\/person\\\/9cd9d437bbb44f72b73ba127e06d8e79\"},\"breadcrumb\":{\"@id\":\"https:\\\/\\\/kibrisdakik.com\\\/?p=40293#breadcrumb\"},\"inLanguage\":\"tr\",\"potentialAction\":[{\"@type\":\"ReadAction\",\"target\":[\"https:\\\/\\\/kibrisdakik.com\\\/?p=40293\"]}]},{\"@type\":\"ImageObject\",\"inLanguage\":\"tr\",\"@id\":\"https:\\\/\\\/kibrisdakik.com\\\/?p=40293#primaryimage\",\"url\":\"https:\\\/\\\/kibrisdakik.com\\\/wp-content\\\/uploads\\\/2024\\\/05\\\/antalyadaki-teleferik-kazasiyla-ilgili-bilirkisi-raporu-tamamlandi-1714860938.webp.webp\",\"contentUrl\":\"https:\\\/\\\/kibrisdakik.com\\\/wp-content\\\/uploads\\\/2024\\\/05\\\/antalyadaki-teleferik-kazasiyla-ilgili-bilirkisi-raporu-tamamlandi-1714860938.webp.webp\",\"width\":710,\"height\":370},{\"@type\":\"BreadcrumbList\",\"@id\":\"https:\\\/\\\/kibrisdakik.com\\\/?p=40293#breadcrumb\",\"itemListElement\":[{\"@type\":\"ListItem\",\"position\":1,\"name\":\"Home\",\"item\":\"https:\\\/\\\/kibrisdakik.com\\\/\"},{\"@type\":\"ListItem\",\"position\":2,\"name\":\"Antalya&#039;daki teleferik kazas\u0131yla ilgili bilirki\u015fi raporu tamamland\u0131\"}]},{\"@type\":\"WebSite\",\"@id\":\"https:\\\/\\\/kibrisdakik.com\\\/#website\",\"url\":\"https:\\\/\\\/kibrisdakik.com\\\/\",\"name\":\"\",\"description\":\"Tam vaktinde haber\",\"potentialAction\":[{\"@type\":\"SearchAction\",\"target\":{\"@type\":\"EntryPoint\",\"urlTemplate\":\"https:\\\/\\\/kibrisdakik.com\\\/?s={search_term_string}\"},\"query-input\":{\"@type\":\"PropertyValueSpecification\",\"valueRequired\":true,\"valueName\":\"search_term_string\"}}],\"inLanguage\":\"tr\"},{\"@type\":\"Person\",\"@id\":\"https:\\\/\\\/kibrisdakik.com\\\/#\\\/schema\\\/person\\\/9cd9d437bbb44f72b73ba127e06d8e79\",\"name\":\"admin\",\"image\":{\"@type\":\"ImageObject\",\"inLanguage\":\"tr\",\"@id\":\"https:\\\/\\\/secure.gravatar.com\\\/avatar\\\/ccc17943b9d660506c869530f897617f7cb1c21a4bf30023f252596d83e1f007?s=96&d=mm&r=g\",\"url\":\"https:\\\/\\\/secure.gravatar.com\\\/avatar\\\/ccc17943b9d660506c869530f897617f7cb1c21a4bf30023f252596d83e1f007?s=96&d=mm&r=g\",\"contentUrl\":\"https:\\\/\\\/secure.gravatar.com\\\/avatar\\\/ccc17943b9d660506c869530f897617f7cb1c21a4bf30023f252596d83e1f007?s=96&d=mm&r=g\",\"caption\":\"admin\"},\"sameAs\":[\"https:\\\/\\\/kibrisdakik.com\"],\"url\":\"https:\\\/\\\/kibrisdakik.com\\\/?author=1\"}]}<\/script>\n<!-- \/ Yoast SEO plugin. -->","yoast_head_json":{"title":"Antalya&#039;daki teleferik kazas\u0131yla ilgili bilirki\u015fi raporu tamamland\u0131 -","robots":{"index":"index","follow":"follow","max-snippet":"max-snippet:-1","max-image-preview":"max-image-preview:large","max-video-preview":"max-video-preview:-1"},"canonical":"https:\/\/kibrisdakik.com\/?p=40293","og_locale":"tr_TR","og_type":"article","og_title":"Antalya&#039;daki teleferik kazas\u0131yla ilgili bilirki\u015fi raporu tamamland\u0131 -","og_description":"Antalya Cumhuriyet Ba\u015fsavc\u0131l\u0131\u011f\u0131n\u0131n&nbsp;y\u00fcr\u00fctt\u00fc\u011f\u00fc soru\u015fturmada, makine m\u00fchendisi bilirki\u015fi Hakk\u0131 Co\u015fkun, i\u015f g\u00fcvenli\u011fi bilirki\u015fi makine m\u00fchendisi \u0130smail Denizlio\u011flu ve i\u015f g\u00fcvenli\u011fi bilirki\u015fi Oktay B\u00fcy\u00fckkurt taraf\u0131ndan haz\u0131rlanan 52 sayfal\u0131k bilirki\u015fi raporu ba\u015fsavc\u0131l\u0131\u011fa sunuldu. Raporda, Danimarka Akreditasyon Kurumunun internet sitesinde akredite kurulu\u015flar\u0131n yay\u0131nland\u0131\u011f\u0131 sayfada &#8220;Anadolu Teleferik A.\u015e.&#8221; unvan\u0131yla yap\u0131lan aramada s\u00f6z konusu kurulu\u015fun akredite oldu\u011funa y\u00f6nelik herhangi bir bilgi","og_url":"https:\/\/kibrisdakik.com\/?p=40293","article_published_time":"2024-05-05T00:40:58+00:00","og_image":[{"width":710,"height":370,"url":"https:\/\/kibrisdakik.com\/wp-content\/uploads\/2024\/05\/antalyadaki-teleferik-kazasiyla-ilgili-bilirkisi-raporu-tamamlandi-1714860938.webp.webp","type":"image\/webp"}],"author":"admin","twitter_card":"summary_large_image","twitter_misc":{"Yazan:":"admin","Tahmini okuma s\u00fcresi":"7 dakika"},"schema":{"@context":"https:\/\/schema.org","@graph":[{"@type":"Article","@id":"https:\/\/kibrisdakik.com\/?p=40293#article","isPartOf":{"@id":"https:\/\/kibrisdakik.com\/?p=40293"},"author":{"name":"admin","@id":"https:\/\/kibrisdakik.com\/#\/schema\/person\/9cd9d437bbb44f72b73ba127e06d8e79"},"headline":"Antalya&#039;daki teleferik kazas\u0131yla ilgili bilirki\u015fi raporu tamamland\u0131","datePublished":"2024-05-05T00:40:58+00:00","mainEntityOfPage":{"@id":"https:\/\/kibrisdakik.com\/?p=40293"},"wordCount":1343,"commentCount":0,"image":{"@id":"https:\/\/kibrisdakik.com\/?p=40293#primaryimage"},"thumbnailUrl":"https:\/\/kibrisdakik.com\/wp-content\/uploads\/2024\/05\/antalyadaki-teleferik-kazasiyla-ilgili-bilirkisi-raporu-tamamlandi-1714860938.webp.webp","articleSection":["Spor"],"inLanguage":"tr","potentialAction":[{"@type":"CommentAction","name":"Comment","target":["https:\/\/kibrisdakik.com\/?p=40293#respond"]}]},{"@type":"WebPage","@id":"https:\/\/kibrisdakik.com\/?p=40293","url":"https:\/\/kibrisdakik.com\/?p=40293","name":"Antalya&#039;daki teleferik kazas\u0131yla ilgili bilirki\u015fi raporu tamamland\u0131 -","isPartOf":{"@id":"https:\/\/kibrisdakik.com\/#website"},"primaryImageOfPage":{"@id":"https:\/\/kibrisdakik.com\/?p=40293#primaryimage"},"image":{"@id":"https:\/\/kibrisdakik.com\/?p=40293#primaryimage"},"thumbnailUrl":"https:\/\/kibrisdakik.com\/wp-content\/uploads\/2024\/05\/antalyadaki-teleferik-kazasiyla-ilgili-bilirkisi-raporu-tamamlandi-1714860938.webp.webp","datePublished":"2024-05-05T00:40:58+00:00","author":{"@id":"https:\/\/kibrisdakik.com\/#\/schema\/person\/9cd9d437bbb44f72b73ba127e06d8e79"},"breadcrumb":{"@id":"https:\/\/kibrisdakik.com\/?p=40293#breadcrumb"},"inLanguage":"tr","potentialAction":[{"@type":"ReadAction","target":["https:\/\/kibrisdakik.com\/?p=40293"]}]},{"@type":"ImageObject","inLanguage":"tr","@id":"https:\/\/kibrisdakik.com\/?p=40293#primaryimage","url":"https:\/\/kibrisdakik.com\/wp-content\/uploads\/2024\/05\/antalyadaki-teleferik-kazasiyla-ilgili-bilirkisi-raporu-tamamlandi-1714860938.webp.webp","contentUrl":"https:\/\/kibrisdakik.com\/wp-content\/uploads\/2024\/05\/antalyadaki-teleferik-kazasiyla-ilgili-bilirkisi-raporu-tamamlandi-1714860938.webp.webp","width":710,"height":370},{"@type":"BreadcrumbList","@id":"https:\/\/kibrisdakik.com\/?p=40293#breadcrumb","itemListElement":[{"@type":"ListItem","position":1,"name":"Home","item":"https:\/\/kibrisdakik.com\/"},{"@type":"ListItem","position":2,"name":"Antalya&#039;daki teleferik kazas\u0131yla ilgili bilirki\u015fi raporu tamamland\u0131"}]},{"@type":"WebSite","@id":"https:\/\/kibrisdakik.com\/#website","url":"https:\/\/kibrisdakik.com\/","name":"","description":"Tam vaktinde haber","potentialAction":[{"@type":"SearchAction","target":{"@type":"EntryPoint","urlTemplate":"https:\/\/kibrisdakik.com\/?s={search_term_string}"},"query-input":{"@type":"PropertyValueSpecification","valueRequired":true,"valueName":"search_term_string"}}],"inLanguage":"tr"},{"@type":"Person","@id":"https:\/\/kibrisdakik.com\/#\/schema\/person\/9cd9d437bbb44f72b73ba127e06d8e79","name":"admin","image":{"@type":"ImageObject","inLanguage":"tr","@id":"https:\/\/secure.gravatar.com\/avatar\/ccc17943b9d660506c869530f897617f7cb1c21a4bf30023f252596d83e1f007?s=96&d=mm&r=g","url":"https:\/\/secure.gravatar.com\/avatar\/ccc17943b9d660506c869530f897617f7cb1c21a4bf30023f252596d83e1f007?s=96&d=mm&r=g","contentUrl":"https:\/\/secure.gravatar.com\/avatar\/ccc17943b9d660506c869530f897617f7cb1c21a4bf30023f252596d83e1f007?s=96&d=mm&r=g","caption":"admin"},"sameAs":["https:\/\/kibrisdakik.com"],"url":"https:\/\/kibrisdakik.com\/?author=1"}]}},"_links":{"self":[{"href":"https:\/\/kibrisdakik.com\/index.php?rest_route=\/wp\/v2\/posts\/40293","targetHints":{"allow":["GET"]}}],"collection":[{"href":"https:\/\/kibrisdakik.com\/index.php?rest_route=\/wp\/v2\/posts"}],"about":[{"href":"https:\/\/kibrisdakik.com\/index.php?rest_route=\/wp\/v2\/types\/post"}],"author":[{"embeddable":true,"href":"https:\/\/kibrisdakik.com\/index.php?rest_route=\/wp\/v2\/users\/1"}],"replies":[{"embeddable":true,"href":"https:\/\/kibrisdakik.com\/index.php?rest_route=%2Fwp%2Fv2%2Fcomments&post=40293"}],"version-history":[{"count":0,"href":"https:\/\/kibrisdakik.com\/index.php?rest_route=\/wp\/v2\/posts\/40293\/revisions"}],"wp:featuredmedia":[{"embeddable":true,"href":"https:\/\/kibrisdakik.com\/index.php?rest_route=\/wp\/v2\/media\/40294"}],"wp:attachment":[{"href":"https:\/\/kibrisdakik.com\/index.php?rest_route=%2Fwp%2Fv2%2Fmedia&parent=40293"}],"wp:term":[{"taxonomy":"category","embeddable":true,"href":"https:\/\/kibrisdakik.com\/index.php?rest_route=%2Fwp%2Fv2%2Fcategories&post=40293"},{"taxonomy":"post_tag","embeddable":true,"href":"https:\/\/kibrisdakik.com\/index.php?rest_route=%2Fwp%2Fv2%2Ftags&post=40293"}],"curies":[{"name":"wp","href":"https:\/\/api.w.org\/{rel}","templated":true}]}}