{"id":40303,"date":"2024-05-05T02:42:53","date_gmt":"2024-05-05T02:42:53","guid":{"rendered":"https:\/\/kibrisdakik.com\/index.php\/2024\/05\/05\/tore-hellim-pastelli-ve-pekmez-festivalinin-acilisina-katildi-2\/"},"modified":"2024-05-05T02:42:53","modified_gmt":"2024-05-05T02:42:53","slug":"tore-hellim-pastelli-ve-pekmez-festivalinin-acilisina-katildi-2","status":"publish","type":"post","link":"https:\/\/kibrisdakik.com\/?p=40303","title":{"rendered":"T\u00f6re, Hellim, Pastelli ve Pekmez Festivali\u2019nin a\u00e7\u0131l\u0131\u015f\u0131na kat\u0131ld\u0131"},"content":{"rendered":"<p><img decoding=\"async\" src=\"https:\/\/www.kibristurk.com\/images\/haberler\/2024\/05\/tore-hellim-pastelli-ve-pekmez-festivalinin-acilisina-katildi-1714829199.webp\" \/><\/p>\n<div style=\"text-align:left\">\n<div>\n<p><span style=\"font-size:16px\"><span style=\"color:#000000\"><span style=\"font-family:Merriweather,sans-serif\"><span style=\"background-color:#ffffff\"><span style=\"font-size:16px !important\"><span style=\"font-family:Merriweather,serif !important\"><span style=\"color:#000000 !important\">T\u00f6re, k\u00f6y meydan\u0131nda d\u00fczenlenen festivalde kat\u0131l\u0131mc\u0131lara hitaben bir konu\u015fma yapt\u0131.<\/span><\/span><\/span><\/span><\/span><\/span><\/span><\/p>\n<p><span style=\"font-size:16px\"><span style=\"color:#000000\"><span style=\"font-family:Merriweather,sans-serif\"><span style=\"background-color:#ffffff\"><span style=\"font-size:16px !important\"><span style=\"font-family:Merriweather,serif !important\"><span style=\"color:#000000 !important\">Cumhuriyet Meclisi\u2019nden yap\u0131lan a\u00e7\u0131klamaya g\u00f6re, \u00fcretmenin ve \u00fcretilenleri pazarlaman\u0131n son derece \u00f6nemli oldu\u011funu ifade eden T\u00f6re, y\u0131lmadan usanmadan yola devam etmek durumunda olduklar\u0131n\u0131 s\u00f6yledi.<\/span><\/span><\/span><\/span><\/span><\/span><\/span><\/p>\n<p><span style=\"font-size:16px\"><span style=\"color:#000000\"><span style=\"font-family:Merriweather,sans-serif\"><span style=\"background-color:#ffffff\"><span style=\"font-size:16px !important\"><span style=\"font-family:Merriweather,serif !important\"><span style=\"color:#000000 !important\">Belediyelerin Birle\u015ftirilmesi Yasas\u0131n\u0131n g\u00f6r\u00fc\u015f\u00fcld\u00fc\u011f\u00fc d\u00f6nemi an\u0131msatan T\u00f6re, baz\u0131 vekillerin k\u00fcrs\u00fcy\u00fc bile i\u015fgal etti\u011fini, ara verilmek istendi\u011fini ancak kendisinin Meclis Ba\u015fkan\u0131 Genel Kurula olarak ara vermedi\u011fini belirtti.<\/span><\/span><\/span><\/span><\/span><\/span><\/span><\/p>\n<p><span style=\"font-size:16px\"><span style=\"color:#000000\"><span style=\"font-family:Merriweather,sans-serif\"><span style=\"background-color:#ffffff\"><span style=\"font-size:16px !important\"><span style=\"font-family:Merriweather,serif !important\"><span style=\"color:#000000 !important\">Yasan\u0131n ge\u00e7mesi ve baz\u0131 belediyelerin birle\u015fmesinin faydalar\u0131n\u0131n bug\u00fcn g\u00f6r\u00fcld\u00fc\u011f\u00fcne i\u015faret eden T\u00f6re, Belediyelerin \u00e7ok daha g\u00fc\u00e7l\u00fc bir hale geldi\u011fine de\u011findi.<\/span><\/span><\/span><\/span><\/span><\/span><\/span><\/p>\n<p><span style=\"font-size:16px\"><span style=\"color:#000000\"><span style=\"font-family:Merriweather,sans-serif\"><span style=\"background-color:#ffffff\"><span style=\"font-size:16px !important\"><span style=\"font-family:Merriweather,serif !important\"><span style=\"color:#000000 !important\">T\u00f6re, \u00fclkede felaket tellall\u0131\u011f\u0131 yapanlara inan\u0131lmamas\u0131 gerekti\u011fini ifade ederken KKTC\u2019nin 30 bin yatak kapasiteli turizm tesisleri, 100 binden fazla \u00fcniversite \u00f6\u011frencisi, 1000\u2019e yak\u0131n sanayi tesisi ile b\u00fcy\u00fcmeye devam etti\u011fini s\u00f6yledi.<\/span><\/span><\/span><\/span><\/span><\/span><\/span><\/p>\n<p><span style=\"font-size:16px\"><span style=\"color:#000000\"><span style=\"font-family:Merriweather,sans-serif\"><span style=\"background-color:#ffffff\"><span style=\"font-size:16px !important\"><span style=\"font-family:Merriweather,serif !important\"><span style=\"color:#000000 !important\">\u201cBu \u00fclkede felaket yoktur. Bu \u00fclkede devlet var, g\u00fcvenlik var, bayrak var\u2026 \u015eerefle alt\u0131nda ya\u015f\u0131yoruz\u201d diyen T\u00f6re, felaket g\u00fcnlerinin 1974 \u00f6ncesinde oldu\u011funu, Kozank\u00f6y\u2019den Y\u0131lmazk\u00f6y\u2019e gitmenin bile b\u00fcy\u00fck bir sorun oldu\u011funu an\u0131msatt\u0131.<\/span><\/span><\/span><\/span><\/span><\/span><\/span><\/p>\n<p><span style=\"font-size:16px\"><span style=\"color:#000000\"><span style=\"font-family:Merriweather,sans-serif\"><span style=\"background-color:#ffffff\"><span style=\"font-size:16px !important\"><span style=\"font-family:Merriweather,serif !important\"><span style=\"color:#000000 !important\">Zaman zaman s\u0131k\u0131nt\u0131lar\u0131n olabilece\u011fini ama aslolan\u0131n devlet sahip olmak ve g\u00fcvenlik i\u00e7erisinde ya\u015famak oldu\u011funu ifade eden T\u00f6re, birlikte ya\u015famaya devam edeceklerini kaydetti.<\/span><\/span><\/span><\/span><\/span><\/span><\/span><\/p>\n<p>&nbsp;<\/p>\n<\/div>\n<\/div>\n<p>&nbsp;<\/p>\n","protected":false},"excerpt":{"rendered":"<p>T\u00f6re, k\u00f6y meydan\u0131nda d\u00fczenlenen festivalde kat\u0131l\u0131mc\u0131lara hitaben bir konu\u015fma yapt\u0131. Cumhuriyet Meclisi\u2019nden yap\u0131lan a\u00e7\u0131klamaya g\u00f6re, \u00fcretmenin ve \u00fcretilenleri pazarlaman\u0131n son derece \u00f6nemli oldu\u011funu ifade eden T\u00f6re, y\u0131lmadan usanmadan yola devam etmek durumunda olduklar\u0131n\u0131 s\u00f6yledi. Belediyelerin Birle\u015ftirilmesi Yasas\u0131n\u0131n g\u00f6r\u00fc\u015f\u00fcld\u00fc\u011f\u00fc d\u00f6nemi an\u0131msatan T\u00f6re, baz\u0131 vekillerin k\u00fcrs\u00fcy\u00fc bile i\u015fgal etti\u011fini, ara verilmek istendi\u011fini ancak kendisinin Meclis Ba\u015fkan\u0131 Genel<\/p>\n","protected":false},"author":1,"featured_media":40304,"comment_status":"open","ping_status":"open","sticky":false,"template":"","format":"standard","meta":{"footnotes":""},"categories":[85],"tags":[],"class_list":["post-40303","post","type-post","status-publish","format-standard","has-post-thumbnail","hentry","category-spor"],"yoast_head":"<!-- This site is optimized with the Yoast SEO plugin v27.5 - https:\/\/yoast.com\/product\/yoast-seo-wordpress\/ -->\n<title>T\u00f6re, Hellim, Pastelli ve Pekmez Festivali\u2019nin a\u00e7\u0131l\u0131\u015f\u0131na kat\u0131ld\u0131 -<\/title>\n<meta name=\"robots\" content=\"index, follow, max-snippet:-1, max-image-preview:large, max-video-preview:-1\" \/>\n<link rel=\"canonical\" href=\"https:\/\/kibrisdakik.com\/?p=40303\" \/>\n<meta property=\"og:locale\" content=\"tr_TR\" \/>\n<meta property=\"og:type\" content=\"article\" \/>\n<meta property=\"og:title\" content=\"T\u00f6re, Hellim, Pastelli ve Pekmez Festivali\u2019nin a\u00e7\u0131l\u0131\u015f\u0131na kat\u0131ld\u0131 -\" \/>\n<meta property=\"og:description\" content=\"T\u00f6re, k\u00f6y meydan\u0131nda d\u00fczenlenen festivalde kat\u0131l\u0131mc\u0131lara hitaben bir konu\u015fma yapt\u0131. Cumhuriyet Meclisi\u2019nden yap\u0131lan a\u00e7\u0131klamaya g\u00f6re, \u00fcretmenin ve \u00fcretilenleri pazarlaman\u0131n son derece \u00f6nemli oldu\u011funu ifade eden T\u00f6re, y\u0131lmadan usanmadan yola devam etmek durumunda olduklar\u0131n\u0131 s\u00f6yledi. Belediyelerin Birle\u015ftirilmesi Yasas\u0131n\u0131n g\u00f6r\u00fc\u015f\u00fcld\u00fc\u011f\u00fc d\u00f6nemi an\u0131msatan T\u00f6re, baz\u0131 vekillerin k\u00fcrs\u00fcy\u00fc bile i\u015fgal etti\u011fini, ara verilmek istendi\u011fini ancak kendisinin Meclis Ba\u015fkan\u0131 Genel\" \/>\n<meta property=\"og:url\" content=\"https:\/\/kibrisdakik.com\/?p=40303\" \/>\n<meta property=\"article:published_time\" content=\"2024-05-05T02:42:53+00:00\" \/>\n<meta property=\"og:image\" content=\"https:\/\/kibrisdakik.com\/wp-content\/uploads\/2024\/05\/tore-hellim-pastelli-ve-pekmez-festivalinin-acilisina-katildi-1714829199.webp.webp\" \/>\n\t<meta property=\"og:image:width\" content=\"710\" \/>\n\t<meta property=\"og:image:height\" content=\"370\" \/>\n\t<meta property=\"og:image:type\" content=\"image\/webp\" \/>\n<meta name=\"author\" content=\"admin\" \/>\n<meta name=\"twitter:card\" content=\"summary_large_image\" \/>\n<meta name=\"twitter:label1\" content=\"Yazan:\" \/>\n\t<meta name=\"twitter:data1\" content=\"admin\" \/>\n\t<meta name=\"twitter:label2\" content=\"Tahmini okuma s\u00fcresi\" \/>\n\t<meta name=\"twitter:data2\" content=\"1 dakika\" \/>\n<script type=\"application\/ld+json\" class=\"yoast-schema-graph\">{\"@context\":\"https:\\\/\\\/schema.org\",\"@graph\":[{\"@type\":\"Article\",\"@id\":\"https:\\\/\\\/kibrisdakik.com\\\/?p=40303#article\",\"isPartOf\":{\"@id\":\"https:\\\/\\\/kibrisdakik.com\\\/?p=40303\"},\"author\":{\"name\":\"admin\",\"@id\":\"https:\\\/\\\/kibrisdakik.com\\\/#\\\/schema\\\/person\\\/9cd9d437bbb44f72b73ba127e06d8e79\"},\"headline\":\"T\u00f6re, Hellim, Pastelli ve Pekmez Festivali\u2019nin a\u00e7\u0131l\u0131\u015f\u0131na kat\u0131ld\u0131\",\"datePublished\":\"2024-05-05T02:42:53+00:00\",\"mainEntityOfPage\":{\"@id\":\"https:\\\/\\\/kibrisdakik.com\\\/?p=40303\"},\"wordCount\":258,\"commentCount\":0,\"image\":{\"@id\":\"https:\\\/\\\/kibrisdakik.com\\\/?p=40303#primaryimage\"},\"thumbnailUrl\":\"https:\\\/\\\/kibrisdakik.com\\\/wp-content\\\/uploads\\\/2024\\\/05\\\/tore-hellim-pastelli-ve-pekmez-festivalinin-acilisina-katildi-1714829199.webp.webp\",\"articleSection\":[\"Spor\"],\"inLanguage\":\"tr\",\"potentialAction\":[{\"@type\":\"CommentAction\",\"name\":\"Comment\",\"target\":[\"https:\\\/\\\/kibrisdakik.com\\\/?p=40303#respond\"]}]},{\"@type\":\"WebPage\",\"@id\":\"https:\\\/\\\/kibrisdakik.com\\\/?p=40303\",\"url\":\"https:\\\/\\\/kibrisdakik.com\\\/?p=40303\",\"name\":\"T\u00f6re, Hellim, Pastelli ve Pekmez Festivali\u2019nin a\u00e7\u0131l\u0131\u015f\u0131na kat\u0131ld\u0131 -\",\"isPartOf\":{\"@id\":\"https:\\\/\\\/kibrisdakik.com\\\/#website\"},\"primaryImageOfPage\":{\"@id\":\"https:\\\/\\\/kibrisdakik.com\\\/?p=40303#primaryimage\"},\"image\":{\"@id\":\"https:\\\/\\\/kibrisdakik.com\\\/?p=40303#primaryimage\"},\"thumbnailUrl\":\"https:\\\/\\\/kibrisdakik.com\\\/wp-content\\\/uploads\\\/2024\\\/05\\\/tore-hellim-pastelli-ve-pekmez-festivalinin-acilisina-katildi-1714829199.webp.webp\",\"datePublished\":\"2024-05-05T02:42:53+00:00\",\"author\":{\"@id\":\"https:\\\/\\\/kibrisdakik.com\\\/#\\\/schema\\\/person\\\/9cd9d437bbb44f72b73ba127e06d8e79\"},\"breadcrumb\":{\"@id\":\"https:\\\/\\\/kibrisdakik.com\\\/?p=40303#breadcrumb\"},\"inLanguage\":\"tr\",\"potentialAction\":[{\"@type\":\"ReadAction\",\"target\":[\"https:\\\/\\\/kibrisdakik.com\\\/?p=40303\"]}]},{\"@type\":\"ImageObject\",\"inLanguage\":\"tr\",\"@id\":\"https:\\\/\\\/kibrisdakik.com\\\/?p=40303#primaryimage\",\"url\":\"https:\\\/\\\/kibrisdakik.com\\\/wp-content\\\/uploads\\\/2024\\\/05\\\/tore-hellim-pastelli-ve-pekmez-festivalinin-acilisina-katildi-1714829199.webp.webp\",\"contentUrl\":\"https:\\\/\\\/kibrisdakik.com\\\/wp-content\\\/uploads\\\/2024\\\/05\\\/tore-hellim-pastelli-ve-pekmez-festivalinin-acilisina-katildi-1714829199.webp.webp\",\"width\":710,\"height\":370},{\"@type\":\"BreadcrumbList\",\"@id\":\"https:\\\/\\\/kibrisdakik.com\\\/?p=40303#breadcrumb\",\"itemListElement\":[{\"@type\":\"ListItem\",\"position\":1,\"name\":\"Home\",\"item\":\"https:\\\/\\\/kibrisdakik.com\\\/\"},{\"@type\":\"ListItem\",\"position\":2,\"name\":\"T\u00f6re, Hellim, Pastelli ve Pekmez Festivali\u2019nin a\u00e7\u0131l\u0131\u015f\u0131na kat\u0131ld\u0131\"}]},{\"@type\":\"WebSite\",\"@id\":\"https:\\\/\\\/kibrisdakik.com\\\/#website\",\"url\":\"https:\\\/\\\/kibrisdakik.com\\\/\",\"name\":\"\",\"description\":\"Tam vaktinde haber\",\"potentialAction\":[{\"@type\":\"SearchAction\",\"target\":{\"@type\":\"EntryPoint\",\"urlTemplate\":\"https:\\\/\\\/kibrisdakik.com\\\/?s={search_term_string}\"},\"query-input\":{\"@type\":\"PropertyValueSpecification\",\"valueRequired\":true,\"valueName\":\"search_term_string\"}}],\"inLanguage\":\"tr\"},{\"@type\":\"Person\",\"@id\":\"https:\\\/\\\/kibrisdakik.com\\\/#\\\/schema\\\/person\\\/9cd9d437bbb44f72b73ba127e06d8e79\",\"name\":\"admin\",\"image\":{\"@type\":\"ImageObject\",\"inLanguage\":\"tr\",\"@id\":\"https:\\\/\\\/secure.gravatar.com\\\/avatar\\\/ccc17943b9d660506c869530f897617f7cb1c21a4bf30023f252596d83e1f007?s=96&d=mm&r=g\",\"url\":\"https:\\\/\\\/secure.gravatar.com\\\/avatar\\\/ccc17943b9d660506c869530f897617f7cb1c21a4bf30023f252596d83e1f007?s=96&d=mm&r=g\",\"contentUrl\":\"https:\\\/\\\/secure.gravatar.com\\\/avatar\\\/ccc17943b9d660506c869530f897617f7cb1c21a4bf30023f252596d83e1f007?s=96&d=mm&r=g\",\"caption\":\"admin\"},\"sameAs\":[\"https:\\\/\\\/kibrisdakik.com\"],\"url\":\"https:\\\/\\\/kibrisdakik.com\\\/?author=1\"}]}<\/script>\n<!-- \/ Yoast SEO plugin. -->","yoast_head_json":{"title":"T\u00f6re, Hellim, Pastelli ve Pekmez Festivali\u2019nin a\u00e7\u0131l\u0131\u015f\u0131na kat\u0131ld\u0131 -","robots":{"index":"index","follow":"follow","max-snippet":"max-snippet:-1","max-image-preview":"max-image-preview:large","max-video-preview":"max-video-preview:-1"},"canonical":"https:\/\/kibrisdakik.com\/?p=40303","og_locale":"tr_TR","og_type":"article","og_title":"T\u00f6re, Hellim, Pastelli ve Pekmez Festivali\u2019nin a\u00e7\u0131l\u0131\u015f\u0131na kat\u0131ld\u0131 -","og_description":"T\u00f6re, k\u00f6y meydan\u0131nda d\u00fczenlenen festivalde kat\u0131l\u0131mc\u0131lara hitaben bir konu\u015fma yapt\u0131. Cumhuriyet Meclisi\u2019nden yap\u0131lan a\u00e7\u0131klamaya g\u00f6re, \u00fcretmenin ve \u00fcretilenleri pazarlaman\u0131n son derece \u00f6nemli oldu\u011funu ifade eden T\u00f6re, y\u0131lmadan usanmadan yola devam etmek durumunda olduklar\u0131n\u0131 s\u00f6yledi. Belediyelerin Birle\u015ftirilmesi Yasas\u0131n\u0131n g\u00f6r\u00fc\u015f\u00fcld\u00fc\u011f\u00fc d\u00f6nemi an\u0131msatan T\u00f6re, baz\u0131 vekillerin k\u00fcrs\u00fcy\u00fc bile i\u015fgal etti\u011fini, ara verilmek istendi\u011fini ancak kendisinin Meclis Ba\u015fkan\u0131 Genel","og_url":"https:\/\/kibrisdakik.com\/?p=40303","article_published_time":"2024-05-05T02:42:53+00:00","og_image":[{"width":710,"height":370,"url":"https:\/\/kibrisdakik.com\/wp-content\/uploads\/2024\/05\/tore-hellim-pastelli-ve-pekmez-festivalinin-acilisina-katildi-1714829199.webp.webp","type":"image\/webp"}],"author":"admin","twitter_card":"summary_large_image","twitter_misc":{"Yazan:":"admin","Tahmini okuma s\u00fcresi":"1 dakika"},"schema":{"@context":"https:\/\/schema.org","@graph":[{"@type":"Article","@id":"https:\/\/kibrisdakik.com\/?p=40303#article","isPartOf":{"@id":"https:\/\/kibrisdakik.com\/?p=40303"},"author":{"name":"admin","@id":"https:\/\/kibrisdakik.com\/#\/schema\/person\/9cd9d437bbb44f72b73ba127e06d8e79"},"headline":"T\u00f6re, Hellim, Pastelli ve Pekmez Festivali\u2019nin a\u00e7\u0131l\u0131\u015f\u0131na kat\u0131ld\u0131","datePublished":"2024-05-05T02:42:53+00:00","mainEntityOfPage":{"@id":"https:\/\/kibrisdakik.com\/?p=40303"},"wordCount":258,"commentCount":0,"image":{"@id":"https:\/\/kibrisdakik.com\/?p=40303#primaryimage"},"thumbnailUrl":"https:\/\/kibrisdakik.com\/wp-content\/uploads\/2024\/05\/tore-hellim-pastelli-ve-pekmez-festivalinin-acilisina-katildi-1714829199.webp.webp","articleSection":["Spor"],"inLanguage":"tr","potentialAction":[{"@type":"CommentAction","name":"Comment","target":["https:\/\/kibrisdakik.com\/?p=40303#respond"]}]},{"@type":"WebPage","@id":"https:\/\/kibrisdakik.com\/?p=40303","url":"https:\/\/kibrisdakik.com\/?p=40303","name":"T\u00f6re, Hellim, Pastelli ve Pekmez Festivali\u2019nin a\u00e7\u0131l\u0131\u015f\u0131na kat\u0131ld\u0131 -","isPartOf":{"@id":"https:\/\/kibrisdakik.com\/#website"},"primaryImageOfPage":{"@id":"https:\/\/kibrisdakik.com\/?p=40303#primaryimage"},"image":{"@id":"https:\/\/kibrisdakik.com\/?p=40303#primaryimage"},"thumbnailUrl":"https:\/\/kibrisdakik.com\/wp-content\/uploads\/2024\/05\/tore-hellim-pastelli-ve-pekmez-festivalinin-acilisina-katildi-1714829199.webp.webp","datePublished":"2024-05-05T02:42:53+00:00","author":{"@id":"https:\/\/kibrisdakik.com\/#\/schema\/person\/9cd9d437bbb44f72b73ba127e06d8e79"},"breadcrumb":{"@id":"https:\/\/kibrisdakik.com\/?p=40303#breadcrumb"},"inLanguage":"tr","potentialAction":[{"@type":"ReadAction","target":["https:\/\/kibrisdakik.com\/?p=40303"]}]},{"@type":"ImageObject","inLanguage":"tr","@id":"https:\/\/kibrisdakik.com\/?p=40303#primaryimage","url":"https:\/\/kibrisdakik.com\/wp-content\/uploads\/2024\/05\/tore-hellim-pastelli-ve-pekmez-festivalinin-acilisina-katildi-1714829199.webp.webp","contentUrl":"https:\/\/kibrisdakik.com\/wp-content\/uploads\/2024\/05\/tore-hellim-pastelli-ve-pekmez-festivalinin-acilisina-katildi-1714829199.webp.webp","width":710,"height":370},{"@type":"BreadcrumbList","@id":"https:\/\/kibrisdakik.com\/?p=40303#breadcrumb","itemListElement":[{"@type":"ListItem","position":1,"name":"Home","item":"https:\/\/kibrisdakik.com\/"},{"@type":"ListItem","position":2,"name":"T\u00f6re, Hellim, Pastelli ve Pekmez Festivali\u2019nin a\u00e7\u0131l\u0131\u015f\u0131na kat\u0131ld\u0131"}]},{"@type":"WebSite","@id":"https:\/\/kibrisdakik.com\/#website","url":"https:\/\/kibrisdakik.com\/","name":"","description":"Tam vaktinde haber","potentialAction":[{"@type":"SearchAction","target":{"@type":"EntryPoint","urlTemplate":"https:\/\/kibrisdakik.com\/?s={search_term_string}"},"query-input":{"@type":"PropertyValueSpecification","valueRequired":true,"valueName":"search_term_string"}}],"inLanguage":"tr"},{"@type":"Person","@id":"https:\/\/kibrisdakik.com\/#\/schema\/person\/9cd9d437bbb44f72b73ba127e06d8e79","name":"admin","image":{"@type":"ImageObject","inLanguage":"tr","@id":"https:\/\/secure.gravatar.com\/avatar\/ccc17943b9d660506c869530f897617f7cb1c21a4bf30023f252596d83e1f007?s=96&d=mm&r=g","url":"https:\/\/secure.gravatar.com\/avatar\/ccc17943b9d660506c869530f897617f7cb1c21a4bf30023f252596d83e1f007?s=96&d=mm&r=g","contentUrl":"https:\/\/secure.gravatar.com\/avatar\/ccc17943b9d660506c869530f897617f7cb1c21a4bf30023f252596d83e1f007?s=96&d=mm&r=g","caption":"admin"},"sameAs":["https:\/\/kibrisdakik.com"],"url":"https:\/\/kibrisdakik.com\/?author=1"}]}},"_links":{"self":[{"href":"https:\/\/kibrisdakik.com\/index.php?rest_route=\/wp\/v2\/posts\/40303","targetHints":{"allow":["GET"]}}],"collection":[{"href":"https:\/\/kibrisdakik.com\/index.php?rest_route=\/wp\/v2\/posts"}],"about":[{"href":"https:\/\/kibrisdakik.com\/index.php?rest_route=\/wp\/v2\/types\/post"}],"author":[{"embeddable":true,"href":"https:\/\/kibrisdakik.com\/index.php?rest_route=\/wp\/v2\/users\/1"}],"replies":[{"embeddable":true,"href":"https:\/\/kibrisdakik.com\/index.php?rest_route=%2Fwp%2Fv2%2Fcomments&post=40303"}],"version-history":[{"count":0,"href":"https:\/\/kibrisdakik.com\/index.php?rest_route=\/wp\/v2\/posts\/40303\/revisions"}],"wp:featuredmedia":[{"embeddable":true,"href":"https:\/\/kibrisdakik.com\/index.php?rest_route=\/wp\/v2\/media\/40304"}],"wp:attachment":[{"href":"https:\/\/kibrisdakik.com\/index.php?rest_route=%2Fwp%2Fv2%2Fmedia&parent=40303"}],"wp:term":[{"taxonomy":"category","embeddable":true,"href":"https:\/\/kibrisdakik.com\/index.php?rest_route=%2Fwp%2Fv2%2Fcategories&post=40303"},{"taxonomy":"post_tag","embeddable":true,"href":"https:\/\/kibrisdakik.com\/index.php?rest_route=%2Fwp%2Fv2%2Ftags&post=40303"}],"curies":[{"name":"wp","href":"https:\/\/api.w.org\/{rel}","templated":true}]}}