{"id":40351,"date":"2024-05-05T11:06:37","date_gmt":"2024-05-05T11:06:37","guid":{"rendered":"https:\/\/kibrisdakik.com\/index.php\/2024\/05\/05\/saglik-bakani-dincyurek-ebelerimiz-saglik-hizmetleri-ekibinin-vazgecilmez-bir-parcasidir\/"},"modified":"2024-05-05T11:06:37","modified_gmt":"2024-05-05T11:06:37","slug":"saglik-bakani-dincyurek-ebelerimiz-saglik-hizmetleri-ekibinin-vazgecilmez-bir-parcasidir","status":"publish","type":"post","link":"https:\/\/kibrisdakik.com\/?p=40351","title":{"rendered":"Sa\u011fl\u0131k Bakan\u0131 Din\u00e7y\u00fcrek: \u201cEbelerimiz sa\u011fl\u0131k hizmetleri ekibinin vazge\u00e7ilmez bir par\u00e7as\u0131d\u0131r\u201d"},"content":{"rendered":"<p><\/p>\n<div>\n<div class=\"mariselle-image-container center\">\n                <img loading=\"lazy\" decoding=\"async\" width=\"1600\" height=\"1516\" class=\"lazy-image\" alt=\"\" sizes=\"auto, (max-width: 1600px) 100vw, 1600px\" src=\"https:\/\/brtk.net\/wp-content\/uploads\/2024\/05\/05\/dincyurek12.jpg?ver=2419d48ec11e4bbccb28d41c201f1c81\" srcset=\"https:\/\/brtk.net\/wp-content\/uploads\/2024\/05\/05\/dincyurek12.jpg?ver=2419d48ec11e4bbccb28d41c201f1c81 1600w, https:\/\/brtk.net\/wp-content\/uploads\/2024\/05\/05\/dincyurek12-300x284.jpg?ver=bd0ee2933218486fe5dec816ca255115 300w, https:\/\/brtk.net\/wp-content\/uploads\/2024\/05\/05\/dincyurek12-1024x970.jpg?ver=bd0ee2933218486fe5dec816ca255115 1024w, https:\/\/brtk.net\/wp-content\/uploads\/2024\/05\/05\/dincyurek12-768x728.jpg?ver=4025826fe525004436ae5306d0b8f85c 768w, https:\/\/brtk.net\/wp-content\/uploads\/2024\/05\/05\/dincyurek12-1536x1455.jpg?ver=aa18ec029cca2f5753516e1ec56140e4 1536w\"\/>                            <\/div>\n<p>Sa\u011fl\u0131k Bakan\u0131 Hakan Din\u00e7y\u00fcrek, 5 May\u0131s D\u00fcnya Ebeler G\u00fcn\u00fc nedeniyle mesaj yay\u0131mlad\u0131.<\/p>\n<p>\u201cEbelerimiz sa\u011fl\u0131k hizmetleri ekibinin vazge\u00e7ilmez bir par\u00e7as\u0131d\u0131r\u201d diyen Din\u00e7y\u00fcrek, mesaj\u0131nda \u015fu ifadelere yer verdi:<\/p>\n<p>\u201cToplumlar\u0131n sa\u011fl\u0131k seviyesinin y\u00fckseltilmesi anne ve \u00e7ocuk sa\u011fl\u0131\u011f\u0131n\u0131n iyile\u015ftirilmesi  ile m\u00fcmk\u00fcnd\u00fcr.<\/p>\n<p>\u0130nsan hayat\u0131nda bebek ve anne sa\u011fl\u0131\u011f\u0131 a\u00e7\u0131s\u0131ndan do\u011fum \u00f6ncesi, do\u011fum esnas\u0131 ve sonras\u0131nda verdi\u011fi sa\u011fl\u0131k hizmetleri ile sa\u011fl\u0131kl\u0131 nesiller yeti\u015ftirilmesi noktas\u0131nda \u00f6nemli bir role sahip olan ebeler, sa\u011fl\u0131k hizmetleri ekibinin vazge\u00e7ilmez bir par\u00e7as\u0131d\u0131r.<\/p>\n<p>Yeni bir canl\u0131n\u0131n d\u00fcnyaya gelmesine yard\u0131mc\u0131 olan, do\u011fum a\u011fr\u0131s\u0131 \u00e7eken bir annenin ac\u0131lar\u0131n\u0131 dindiren, aileye istek ve \u00f6zlemle beklenen birisinin kat\u0131lmas\u0131n\u0131 sa\u011flayan ve bu olaya tan\u0131kl\u0131k etmenin gururunu ya\u015fayan ebeler, bu sebeple toplum i\u00e7inde sayg\u0131n bir yer edinmi\u015ftir.<\/p>\n<p>B\u00f6ylesine kutsal bir g\u00f6revi fedakarca yerine getirmeye \u00e7al\u0131\u015fan t\u00fcm ebelerimizin 5 May\u0131s D\u00fcnya Ebeler G\u00fcn\u00fcn\u00fc kutlar\u0131m.\u201d<\/p>\n<\/p><\/div>\n<p><script async\n                    defer\n                    crossorigin=\"anonymous\"\n                    src=\"https:\/\/connect.facebook.net\/tr_TR\/sdk.js#xfbml=1&#038;version=v3.3\"\n            ><\/script><\/p>\n","protected":false},"excerpt":{"rendered":"<p>Sa\u011fl\u0131k Bakan\u0131 Hakan Din\u00e7y\u00fcrek, 5 May\u0131s D\u00fcnya Ebeler G\u00fcn\u00fc nedeniyle mesaj yay\u0131mlad\u0131. \u201cEbelerimiz sa\u011fl\u0131k hizmetleri ekibinin vazge\u00e7ilmez bir par\u00e7as\u0131d\u0131r\u201d diyen Din\u00e7y\u00fcrek, mesaj\u0131nda \u015fu ifadelere yer verdi: \u201cToplumlar\u0131n sa\u011fl\u0131k seviyesinin y\u00fckseltilmesi anne ve \u00e7ocuk sa\u011fl\u0131\u011f\u0131n\u0131n iyile\u015ftirilmesi ile m\u00fcmk\u00fcnd\u00fcr. \u0130nsan hayat\u0131nda bebek ve anne sa\u011fl\u0131\u011f\u0131 a\u00e7\u0131s\u0131ndan do\u011fum \u00f6ncesi, do\u011fum esnas\u0131 ve sonras\u0131nda verdi\u011fi sa\u011fl\u0131k hizmetleri ile sa\u011fl\u0131kl\u0131<\/p>\n","protected":false},"author":1,"featured_media":40352,"comment_status":"open","ping_status":"open","sticky":false,"template":"","format":"standard","meta":{"footnotes":""},"categories":[1],"tags":[],"class_list":["post-40351","post","type-post","status-publish","format-standard","has-post-thumbnail","hentry","category-gundem"],"yoast_head":"<!-- This site is optimized with the Yoast SEO plugin v27.5 - https:\/\/yoast.com\/product\/yoast-seo-wordpress\/ -->\n<title>Sa\u011fl\u0131k Bakan\u0131 Din\u00e7y\u00fcrek: \u201cEbelerimiz sa\u011fl\u0131k hizmetleri ekibinin vazge\u00e7ilmez bir par\u00e7as\u0131d\u0131r\u201d -<\/title>\n<meta name=\"robots\" content=\"index, follow, max-snippet:-1, max-image-preview:large, max-video-preview:-1\" \/>\n<link rel=\"canonical\" href=\"https:\/\/kibrisdakik.com\/?p=40351\" \/>\n<meta property=\"og:locale\" content=\"tr_TR\" \/>\n<meta property=\"og:type\" content=\"article\" \/>\n<meta property=\"og:title\" content=\"Sa\u011fl\u0131k Bakan\u0131 Din\u00e7y\u00fcrek: \u201cEbelerimiz sa\u011fl\u0131k hizmetleri ekibinin vazge\u00e7ilmez bir par\u00e7as\u0131d\u0131r\u201d -\" \/>\n<meta property=\"og:description\" content=\"Sa\u011fl\u0131k Bakan\u0131 Hakan Din\u00e7y\u00fcrek, 5 May\u0131s D\u00fcnya Ebeler G\u00fcn\u00fc nedeniyle mesaj yay\u0131mlad\u0131. \u201cEbelerimiz sa\u011fl\u0131k hizmetleri ekibinin vazge\u00e7ilmez bir par\u00e7as\u0131d\u0131r\u201d diyen Din\u00e7y\u00fcrek, mesaj\u0131nda \u015fu ifadelere yer verdi: \u201cToplumlar\u0131n sa\u011fl\u0131k seviyesinin y\u00fckseltilmesi anne ve \u00e7ocuk sa\u011fl\u0131\u011f\u0131n\u0131n iyile\u015ftirilmesi ile m\u00fcmk\u00fcnd\u00fcr. \u0130nsan hayat\u0131nda bebek ve anne sa\u011fl\u0131\u011f\u0131 a\u00e7\u0131s\u0131ndan do\u011fum \u00f6ncesi, do\u011fum esnas\u0131 ve sonras\u0131nda verdi\u011fi sa\u011fl\u0131k hizmetleri ile sa\u011fl\u0131kl\u0131\" \/>\n<meta property=\"og:url\" content=\"https:\/\/kibrisdakik.com\/?p=40351\" \/>\n<meta property=\"article:published_time\" content=\"2024-05-05T11:06:37+00:00\" \/>\n<meta property=\"og:image\" content=\"https:\/\/kibrisdakik.com\/wp-content\/uploads\/2024\/05\/dincyurek12-740x420.jpg\" \/>\n\t<meta property=\"og:image:width\" content=\"1600\" \/>\n\t<meta property=\"og:image:height\" content=\"1516\" \/>\n\t<meta property=\"og:image:type\" content=\"image\/jpeg\" \/>\n<meta name=\"author\" content=\"admin\" \/>\n<meta name=\"twitter:card\" content=\"summary_large_image\" \/>\n<meta name=\"twitter:label1\" content=\"Yazan:\" \/>\n\t<meta name=\"twitter:data1\" content=\"admin\" \/>\n\t<meta name=\"twitter:label2\" content=\"Tahmini okuma s\u00fcresi\" \/>\n\t<meta name=\"twitter:data2\" content=\"1 dakika\" \/>\n<script type=\"application\/ld+json\" class=\"yoast-schema-graph\">{\"@context\":\"https:\\\/\\\/schema.org\",\"@graph\":[{\"@type\":\"Article\",\"@id\":\"https:\\\/\\\/kibrisdakik.com\\\/?p=40351#article\",\"isPartOf\":{\"@id\":\"https:\\\/\\\/kibrisdakik.com\\\/?p=40351\"},\"author\":{\"name\":\"admin\",\"@id\":\"https:\\\/\\\/kibrisdakik.com\\\/#\\\/schema\\\/person\\\/9cd9d437bbb44f72b73ba127e06d8e79\"},\"headline\":\"Sa\u011fl\u0131k Bakan\u0131 Din\u00e7y\u00fcrek: \u201cEbelerimiz sa\u011fl\u0131k hizmetleri ekibinin vazge\u00e7ilmez bir par\u00e7as\u0131d\u0131r\u201d\",\"datePublished\":\"2024-05-05T11:06:37+00:00\",\"mainEntityOfPage\":{\"@id\":\"https:\\\/\\\/kibrisdakik.com\\\/?p=40351\"},\"wordCount\":217,\"commentCount\":0,\"image\":{\"@id\":\"https:\\\/\\\/kibrisdakik.com\\\/?p=40351#primaryimage\"},\"thumbnailUrl\":\"https:\\\/\\\/kibrisdakik.com\\\/wp-content\\\/uploads\\\/2024\\\/05\\\/dincyurek12-740x420.jpg\",\"articleSection\":[\"G\u00fcndem\"],\"inLanguage\":\"tr\",\"potentialAction\":[{\"@type\":\"CommentAction\",\"name\":\"Comment\",\"target\":[\"https:\\\/\\\/kibrisdakik.com\\\/?p=40351#respond\"]}]},{\"@type\":\"WebPage\",\"@id\":\"https:\\\/\\\/kibrisdakik.com\\\/?p=40351\",\"url\":\"https:\\\/\\\/kibrisdakik.com\\\/?p=40351\",\"name\":\"Sa\u011fl\u0131k Bakan\u0131 Din\u00e7y\u00fcrek: \u201cEbelerimiz sa\u011fl\u0131k hizmetleri ekibinin vazge\u00e7ilmez bir par\u00e7as\u0131d\u0131r\u201d -\",\"isPartOf\":{\"@id\":\"https:\\\/\\\/kibrisdakik.com\\\/#website\"},\"primaryImageOfPage\":{\"@id\":\"https:\\\/\\\/kibrisdakik.com\\\/?p=40351#primaryimage\"},\"image\":{\"@id\":\"https:\\\/\\\/kibrisdakik.com\\\/?p=40351#primaryimage\"},\"thumbnailUrl\":\"https:\\\/\\\/kibrisdakik.com\\\/wp-content\\\/uploads\\\/2024\\\/05\\\/dincyurek12-740x420.jpg\",\"datePublished\":\"2024-05-05T11:06:37+00:00\",\"author\":{\"@id\":\"https:\\\/\\\/kibrisdakik.com\\\/#\\\/schema\\\/person\\\/9cd9d437bbb44f72b73ba127e06d8e79\"},\"breadcrumb\":{\"@id\":\"https:\\\/\\\/kibrisdakik.com\\\/?p=40351#breadcrumb\"},\"inLanguage\":\"tr\",\"potentialAction\":[{\"@type\":\"ReadAction\",\"target\":[\"https:\\\/\\\/kibrisdakik.com\\\/?p=40351\"]}]},{\"@type\":\"ImageObject\",\"inLanguage\":\"tr\",\"@id\":\"https:\\\/\\\/kibrisdakik.com\\\/?p=40351#primaryimage\",\"url\":\"https:\\\/\\\/kibrisdakik.com\\\/wp-content\\\/uploads\\\/2024\\\/05\\\/dincyurek12-740x420.jpg\",\"contentUrl\":\"https:\\\/\\\/kibrisdakik.com\\\/wp-content\\\/uploads\\\/2024\\\/05\\\/dincyurek12-740x420.jpg\",\"width\":1600,\"height\":1516},{\"@type\":\"BreadcrumbList\",\"@id\":\"https:\\\/\\\/kibrisdakik.com\\\/?p=40351#breadcrumb\",\"itemListElement\":[{\"@type\":\"ListItem\",\"position\":1,\"name\":\"Home\",\"item\":\"https:\\\/\\\/kibrisdakik.com\\\/\"},{\"@type\":\"ListItem\",\"position\":2,\"name\":\"Sa\u011fl\u0131k Bakan\u0131 Din\u00e7y\u00fcrek: \u201cEbelerimiz sa\u011fl\u0131k hizmetleri ekibinin vazge\u00e7ilmez bir par\u00e7as\u0131d\u0131r\u201d\"}]},{\"@type\":\"WebSite\",\"@id\":\"https:\\\/\\\/kibrisdakik.com\\\/#website\",\"url\":\"https:\\\/\\\/kibrisdakik.com\\\/\",\"name\":\"\",\"description\":\"Tam vaktinde haber\",\"potentialAction\":[{\"@type\":\"SearchAction\",\"target\":{\"@type\":\"EntryPoint\",\"urlTemplate\":\"https:\\\/\\\/kibrisdakik.com\\\/?s={search_term_string}\"},\"query-input\":{\"@type\":\"PropertyValueSpecification\",\"valueRequired\":true,\"valueName\":\"search_term_string\"}}],\"inLanguage\":\"tr\"},{\"@type\":\"Person\",\"@id\":\"https:\\\/\\\/kibrisdakik.com\\\/#\\\/schema\\\/person\\\/9cd9d437bbb44f72b73ba127e06d8e79\",\"name\":\"admin\",\"image\":{\"@type\":\"ImageObject\",\"inLanguage\":\"tr\",\"@id\":\"https:\\\/\\\/secure.gravatar.com\\\/avatar\\\/ccc17943b9d660506c869530f897617f7cb1c21a4bf30023f252596d83e1f007?s=96&d=mm&r=g\",\"url\":\"https:\\\/\\\/secure.gravatar.com\\\/avatar\\\/ccc17943b9d660506c869530f897617f7cb1c21a4bf30023f252596d83e1f007?s=96&d=mm&r=g\",\"contentUrl\":\"https:\\\/\\\/secure.gravatar.com\\\/avatar\\\/ccc17943b9d660506c869530f897617f7cb1c21a4bf30023f252596d83e1f007?s=96&d=mm&r=g\",\"caption\":\"admin\"},\"sameAs\":[\"https:\\\/\\\/kibrisdakik.com\"],\"url\":\"https:\\\/\\\/kibrisdakik.com\\\/?author=1\"}]}<\/script>\n<!-- \/ Yoast SEO plugin. -->","yoast_head_json":{"title":"Sa\u011fl\u0131k Bakan\u0131 Din\u00e7y\u00fcrek: \u201cEbelerimiz sa\u011fl\u0131k hizmetleri ekibinin vazge\u00e7ilmez bir par\u00e7as\u0131d\u0131r\u201d -","robots":{"index":"index","follow":"follow","max-snippet":"max-snippet:-1","max-image-preview":"max-image-preview:large","max-video-preview":"max-video-preview:-1"},"canonical":"https:\/\/kibrisdakik.com\/?p=40351","og_locale":"tr_TR","og_type":"article","og_title":"Sa\u011fl\u0131k Bakan\u0131 Din\u00e7y\u00fcrek: \u201cEbelerimiz sa\u011fl\u0131k hizmetleri ekibinin vazge\u00e7ilmez bir par\u00e7as\u0131d\u0131r\u201d -","og_description":"Sa\u011fl\u0131k Bakan\u0131 Hakan Din\u00e7y\u00fcrek, 5 May\u0131s D\u00fcnya Ebeler G\u00fcn\u00fc nedeniyle mesaj yay\u0131mlad\u0131. \u201cEbelerimiz sa\u011fl\u0131k hizmetleri ekibinin vazge\u00e7ilmez bir par\u00e7as\u0131d\u0131r\u201d diyen Din\u00e7y\u00fcrek, mesaj\u0131nda \u015fu ifadelere yer verdi: \u201cToplumlar\u0131n sa\u011fl\u0131k seviyesinin y\u00fckseltilmesi anne ve \u00e7ocuk sa\u011fl\u0131\u011f\u0131n\u0131n iyile\u015ftirilmesi ile m\u00fcmk\u00fcnd\u00fcr. \u0130nsan hayat\u0131nda bebek ve anne sa\u011fl\u0131\u011f\u0131 a\u00e7\u0131s\u0131ndan do\u011fum \u00f6ncesi, do\u011fum esnas\u0131 ve sonras\u0131nda verdi\u011fi sa\u011fl\u0131k hizmetleri ile sa\u011fl\u0131kl\u0131","og_url":"https:\/\/kibrisdakik.com\/?p=40351","article_published_time":"2024-05-05T11:06:37+00:00","og_image":[{"width":1600,"height":1516,"url":"https:\/\/kibrisdakik.com\/wp-content\/uploads\/2024\/05\/dincyurek12-740x420.jpg","type":"image\/jpeg"}],"author":"admin","twitter_card":"summary_large_image","twitter_misc":{"Yazan:":"admin","Tahmini okuma s\u00fcresi":"1 dakika"},"schema":{"@context":"https:\/\/schema.org","@graph":[{"@type":"Article","@id":"https:\/\/kibrisdakik.com\/?p=40351#article","isPartOf":{"@id":"https:\/\/kibrisdakik.com\/?p=40351"},"author":{"name":"admin","@id":"https:\/\/kibrisdakik.com\/#\/schema\/person\/9cd9d437bbb44f72b73ba127e06d8e79"},"headline":"Sa\u011fl\u0131k Bakan\u0131 Din\u00e7y\u00fcrek: \u201cEbelerimiz sa\u011fl\u0131k hizmetleri ekibinin vazge\u00e7ilmez bir par\u00e7as\u0131d\u0131r\u201d","datePublished":"2024-05-05T11:06:37+00:00","mainEntityOfPage":{"@id":"https:\/\/kibrisdakik.com\/?p=40351"},"wordCount":217,"commentCount":0,"image":{"@id":"https:\/\/kibrisdakik.com\/?p=40351#primaryimage"},"thumbnailUrl":"https:\/\/kibrisdakik.com\/wp-content\/uploads\/2024\/05\/dincyurek12-740x420.jpg","articleSection":["G\u00fcndem"],"inLanguage":"tr","potentialAction":[{"@type":"CommentAction","name":"Comment","target":["https:\/\/kibrisdakik.com\/?p=40351#respond"]}]},{"@type":"WebPage","@id":"https:\/\/kibrisdakik.com\/?p=40351","url":"https:\/\/kibrisdakik.com\/?p=40351","name":"Sa\u011fl\u0131k Bakan\u0131 Din\u00e7y\u00fcrek: \u201cEbelerimiz sa\u011fl\u0131k hizmetleri ekibinin vazge\u00e7ilmez bir par\u00e7as\u0131d\u0131r\u201d -","isPartOf":{"@id":"https:\/\/kibrisdakik.com\/#website"},"primaryImageOfPage":{"@id":"https:\/\/kibrisdakik.com\/?p=40351#primaryimage"},"image":{"@id":"https:\/\/kibrisdakik.com\/?p=40351#primaryimage"},"thumbnailUrl":"https:\/\/kibrisdakik.com\/wp-content\/uploads\/2024\/05\/dincyurek12-740x420.jpg","datePublished":"2024-05-05T11:06:37+00:00","author":{"@id":"https:\/\/kibrisdakik.com\/#\/schema\/person\/9cd9d437bbb44f72b73ba127e06d8e79"},"breadcrumb":{"@id":"https:\/\/kibrisdakik.com\/?p=40351#breadcrumb"},"inLanguage":"tr","potentialAction":[{"@type":"ReadAction","target":["https:\/\/kibrisdakik.com\/?p=40351"]}]},{"@type":"ImageObject","inLanguage":"tr","@id":"https:\/\/kibrisdakik.com\/?p=40351#primaryimage","url":"https:\/\/kibrisdakik.com\/wp-content\/uploads\/2024\/05\/dincyurek12-740x420.jpg","contentUrl":"https:\/\/kibrisdakik.com\/wp-content\/uploads\/2024\/05\/dincyurek12-740x420.jpg","width":1600,"height":1516},{"@type":"BreadcrumbList","@id":"https:\/\/kibrisdakik.com\/?p=40351#breadcrumb","itemListElement":[{"@type":"ListItem","position":1,"name":"Home","item":"https:\/\/kibrisdakik.com\/"},{"@type":"ListItem","position":2,"name":"Sa\u011fl\u0131k Bakan\u0131 Din\u00e7y\u00fcrek: \u201cEbelerimiz sa\u011fl\u0131k hizmetleri ekibinin vazge\u00e7ilmez bir par\u00e7as\u0131d\u0131r\u201d"}]},{"@type":"WebSite","@id":"https:\/\/kibrisdakik.com\/#website","url":"https:\/\/kibrisdakik.com\/","name":"","description":"Tam vaktinde haber","potentialAction":[{"@type":"SearchAction","target":{"@type":"EntryPoint","urlTemplate":"https:\/\/kibrisdakik.com\/?s={search_term_string}"},"query-input":{"@type":"PropertyValueSpecification","valueRequired":true,"valueName":"search_term_string"}}],"inLanguage":"tr"},{"@type":"Person","@id":"https:\/\/kibrisdakik.com\/#\/schema\/person\/9cd9d437bbb44f72b73ba127e06d8e79","name":"admin","image":{"@type":"ImageObject","inLanguage":"tr","@id":"https:\/\/secure.gravatar.com\/avatar\/ccc17943b9d660506c869530f897617f7cb1c21a4bf30023f252596d83e1f007?s=96&d=mm&r=g","url":"https:\/\/secure.gravatar.com\/avatar\/ccc17943b9d660506c869530f897617f7cb1c21a4bf30023f252596d83e1f007?s=96&d=mm&r=g","contentUrl":"https:\/\/secure.gravatar.com\/avatar\/ccc17943b9d660506c869530f897617f7cb1c21a4bf30023f252596d83e1f007?s=96&d=mm&r=g","caption":"admin"},"sameAs":["https:\/\/kibrisdakik.com"],"url":"https:\/\/kibrisdakik.com\/?author=1"}]}},"_links":{"self":[{"href":"https:\/\/kibrisdakik.com\/index.php?rest_route=\/wp\/v2\/posts\/40351","targetHints":{"allow":["GET"]}}],"collection":[{"href":"https:\/\/kibrisdakik.com\/index.php?rest_route=\/wp\/v2\/posts"}],"about":[{"href":"https:\/\/kibrisdakik.com\/index.php?rest_route=\/wp\/v2\/types\/post"}],"author":[{"embeddable":true,"href":"https:\/\/kibrisdakik.com\/index.php?rest_route=\/wp\/v2\/users\/1"}],"replies":[{"embeddable":true,"href":"https:\/\/kibrisdakik.com\/index.php?rest_route=%2Fwp%2Fv2%2Fcomments&post=40351"}],"version-history":[{"count":0,"href":"https:\/\/kibrisdakik.com\/index.php?rest_route=\/wp\/v2\/posts\/40351\/revisions"}],"wp:featuredmedia":[{"embeddable":true,"href":"https:\/\/kibrisdakik.com\/index.php?rest_route=\/wp\/v2\/media\/40352"}],"wp:attachment":[{"href":"https:\/\/kibrisdakik.com\/index.php?rest_route=%2Fwp%2Fv2%2Fmedia&parent=40351"}],"wp:term":[{"taxonomy":"category","embeddable":true,"href":"https:\/\/kibrisdakik.com\/index.php?rest_route=%2Fwp%2Fv2%2Fcategories&post=40351"},{"taxonomy":"post_tag","embeddable":true,"href":"https:\/\/kibrisdakik.com\/index.php?rest_route=%2Fwp%2Fv2%2Ftags&post=40351"}],"curies":[{"name":"wp","href":"https:\/\/api.w.org\/{rel}","templated":true}]}}