{"id":40371,"date":"2024-05-05T14:05:13","date_gmt":"2024-05-05T14:05:13","guid":{"rendered":"https:\/\/kibrisdakik.com\/index.php\/2024\/05\/05\/siddetli-ruzgar-yanginlara-sebep-oldu\/"},"modified":"2024-05-05T14:05:13","modified_gmt":"2024-05-05T14:05:13","slug":"siddetli-ruzgar-yanginlara-sebep-oldu","status":"publish","type":"post","link":"https:\/\/kibrisdakik.com\/?p=40371","title":{"rendered":"\u015eiddetli r\u00fczgar yang\u0131nlara sebep oldu"},"content":{"rendered":"<p><\/p>\n<div>\n<div class=\"mariselle-image-container center\">\n                <img loading=\"lazy\" decoding=\"async\" width=\"300\" height=\"168\" class=\"lazy-image\" alt=\"\" src=\"https:\/\/brtk.net\/wp-content\/uploads\/2024\/05\/05\/polis-yeni55.jpg?ver=65f113810af9b90f9fb6f10259b00e01\"\/>                            <\/div>\n<p>\u015eiddetli r\u00fczgar Gazima\u011fusa, Beyarmudu ve Yedidalga\u2019da yang\u0131nlara sebep oldu. Lefko\u015fa bir ara\u00e7ta, Serdarl\u0131-Uluk\u0131\u015fla aras\u0131nda ise arpa, an\u0131z, balya ve zeytin a\u011fa\u00e7lar\u0131 yand\u0131.  <\/p>\n<p>Polis Bas\u0131n B\u00fcltenine g\u00f6re, Lefko\u015fa\u2019da \u00d6zker \u00d6zg\u00fcr Caddesi \u00fczerinde \u00d6mer \u00d6zkarata\u015f\u2019\u0131n kullan\u0131m\u0131nda bulunan seyir halindeki DM 462 plakal\u0131 ara\u00e7ta, muhtemelen benzin hortumundan s\u0131zan benzinin motor b\u00f6l\u00fcm\u00fcndeki s\u0131cak aksamlara temas etmesi sonucu yang\u0131n meydana geldi.<\/p>\n<p>Yang\u0131n itfaiye ekipleri taraf\u0131ndan s\u00f6nd\u00fcr\u00fcl\u00fcrken, \u00e7\u0131kan yang\u0131n sonucu arac\u0131n motor b\u00f6l\u00fcm\u00fcndeki plastik aksamlar ile hortumlar ve arac\u0131n \u00fcst makine kapa\u011f\u0131 yand\u0131. Yang\u0131n itfaiye ekipleri taraf\u0131ndan s\u00f6nd\u00fcr\u00fcl\u00fcrken, soru\u015fturma devam ediyor.<\/p>\n<p>Beyarmudu\u2019nda \u015fiddetli r\u00fczgar nedeniyle palmiye a\u011fac\u0131n\u0131n dallar\u0131n\u0131n elektrik tellerine temas etmesi neticesinde olu\u015fan k\u0131v\u0131lc\u0131mlar\u0131n kuru otlar\u0131 tutu\u015fturmas\u0131 sonucu yang\u0131n meydana geldi. Yang\u0131n itfaiye ekipleri taraf\u0131ndan s\u00f6nd\u00fcr\u00fcl\u00fcrken, yang\u0131n sonucu H\u00fcseyin Nevzat Aksal\u2019a ait yakla\u015f\u0131k 6 d\u00f6n\u00fcml\u00fck arazi i\u00e7erisinde bulunan an\u0131zlar ile bir badem a\u011fac\u0131 yand\u0131. <\/p>\n<p>Serdarl\u0131 \u2013 Uluk\u0131\u015fla k\u00f6ylerinin bat\u0131 k\u0131sm\u0131nda hen\u00fcz tespit edilemeyen sebepten dolay\u0131 meydana gelen yang\u0131n sonucu, 5 ayr\u0131 \u015fahsa ait toplam 12 d\u00f6n\u00fcm bi\u00e7ilmemi\u015f arpa, 40 d\u00f6n\u00fcm an\u0131z ve 20 adet rulo balya tamamen, 7 adet zeytin a\u011fac\u0131 ise k\u0131smen yand\u0131. <\/p>\n<p>Gazima\u011fusa\u2019da Elek Sokak \u00fczerinde, \u015fiddetli r\u00fczgar\u0131n etkisi ile elektrik tellerinin birbirine temas etmesi sonucu olu\u015fan k\u0131v\u0131lc\u0131mlar\u0131n hurma a\u011fac\u0131 dallar\u0131n\u0131 tutu\u015fturmas\u0131 sonucu yang\u0131n meydana geldi. Yang\u0131n itfaiye ekipleri taraf\u0131ndan s\u00f6nd\u00fcr\u00fcl\u00fcrken, \u00e7\u0131kan yang\u0131n sonucu 2 adet hurma a\u011fac\u0131 k\u0131smen yand\u0131. Yanan hurma dallar\u0131n\u0131n park halinde bulunan bir ara\u00e7 ile yang\u0131na m\u00fcdahale eden itfaiye arac\u0131 \u00fczerine d\u00fc\u015fmesi sonucu her iki ara\u00e7 da hasar g\u00f6rd\u00fc. <\/p>\n<p>Yedidalga\u2019da \u015fiddetli r\u00fczgar\u0131n etkisi ile elektrik tellerinin birbirine \u00e7arpmas\u0131 sonucu olu\u015fan k\u0131v\u0131lc\u0131mlar\u0131n kuru otlar\u0131 tutu\u015fturmas\u0131 neticesinde yang\u0131n meydana geldi. Yang\u0131n itfaiye ekipleri taraf\u0131ndan s\u00f6nd\u00fcr\u00fcl\u00fcrken, \u00e7\u0131kan yang\u0131n sonucu 3 ayr\u0131 \u015fahsa ait yakla\u015f\u0131k 2 d\u00f6n\u00fcml\u00fck arazi i\u00e7erisindeki kuru otlar ile damlama sulama lastikleri ve bir adet hurma a\u011fac\u0131 yand\u0131. Soru\u015fturma devam ediyor.<\/p>\n<\/p><\/div>\n<p><script async\n                    defer\n                    crossorigin=\"anonymous\"\n                    src=\"https:\/\/connect.facebook.net\/tr_TR\/sdk.js#xfbml=1&#038;version=v3.3\"\n            ><\/script><\/p>\n","protected":false},"excerpt":{"rendered":"<p>\u015eiddetli r\u00fczgar Gazima\u011fusa, Beyarmudu ve Yedidalga\u2019da yang\u0131nlara sebep oldu. Lefko\u015fa bir ara\u00e7ta, Serdarl\u0131-Uluk\u0131\u015fla aras\u0131nda ise arpa, an\u0131z, balya ve zeytin a\u011fa\u00e7lar\u0131 yand\u0131. Polis Bas\u0131n B\u00fcltenine g\u00f6re, Lefko\u015fa\u2019da \u00d6zker \u00d6zg\u00fcr Caddesi \u00fczerinde \u00d6mer \u00d6zkarata\u015f\u2019\u0131n kullan\u0131m\u0131nda bulunan seyir halindeki DM 462 plakal\u0131 ara\u00e7ta, muhtemelen benzin hortumundan s\u0131zan benzinin motor b\u00f6l\u00fcm\u00fcndeki s\u0131cak aksamlara temas etmesi sonucu yang\u0131n meydana<\/p>\n","protected":false},"author":1,"featured_media":1927,"comment_status":"open","ping_status":"open","sticky":false,"template":"","format":"standard","meta":{"footnotes":""},"categories":[1],"tags":[],"class_list":["post-40371","post","type-post","status-publish","format-standard","has-post-thumbnail","hentry","category-gundem"],"yoast_head":"<!-- This site is optimized with the Yoast SEO plugin v27.5 - https:\/\/yoast.com\/product\/yoast-seo-wordpress\/ -->\n<title>\u015eiddetli r\u00fczgar yang\u0131nlara sebep oldu -<\/title>\n<meta name=\"robots\" content=\"index, follow, max-snippet:-1, max-image-preview:large, max-video-preview:-1\" \/>\n<link rel=\"canonical\" href=\"https:\/\/kibrisdakik.com\/?p=40371\" \/>\n<meta property=\"og:locale\" content=\"tr_TR\" \/>\n<meta property=\"og:type\" content=\"article\" \/>\n<meta property=\"og:title\" content=\"\u015eiddetli r\u00fczgar yang\u0131nlara sebep oldu -\" \/>\n<meta property=\"og:description\" content=\"\u015eiddetli r\u00fczgar Gazima\u011fusa, Beyarmudu ve Yedidalga\u2019da yang\u0131nlara sebep oldu. Lefko\u015fa bir ara\u00e7ta, Serdarl\u0131-Uluk\u0131\u015fla aras\u0131nda ise arpa, an\u0131z, balya ve zeytin a\u011fa\u00e7lar\u0131 yand\u0131. Polis Bas\u0131n B\u00fcltenine g\u00f6re, Lefko\u015fa\u2019da \u00d6zker \u00d6zg\u00fcr Caddesi \u00fczerinde \u00d6mer \u00d6zkarata\u015f\u2019\u0131n kullan\u0131m\u0131nda bulunan seyir halindeki DM 462 plakal\u0131 ara\u00e7ta, muhtemelen benzin hortumundan s\u0131zan benzinin motor b\u00f6l\u00fcm\u00fcndeki s\u0131cak aksamlara temas etmesi sonucu yang\u0131n meydana\" \/>\n<meta property=\"og:url\" content=\"https:\/\/kibrisdakik.com\/?p=40371\" \/>\n<meta property=\"article:published_time\" content=\"2024-05-05T14:05:13+00:00\" \/>\n<meta property=\"og:image\" content=\"https:\/\/kibrisdakik.com\/wp-content\/uploads\/2023\/02\/yangin-5454-740x420.jpg\" \/>\n\t<meta property=\"og:image:width\" content=\"1200\" \/>\n\t<meta property=\"og:image:height\" content=\"700\" \/>\n\t<meta property=\"og:image:type\" content=\"image\/jpeg\" \/>\n<meta name=\"author\" content=\"admin\" \/>\n<meta name=\"twitter:card\" content=\"summary_large_image\" \/>\n<meta name=\"twitter:label1\" content=\"Yazan:\" \/>\n\t<meta name=\"twitter:data1\" content=\"admin\" \/>\n\t<meta name=\"twitter:label2\" content=\"Tahmini okuma s\u00fcresi\" \/>\n\t<meta name=\"twitter:data2\" content=\"2 dakika\" \/>\n<script type=\"application\/ld+json\" class=\"yoast-schema-graph\">{\"@context\":\"https:\\\/\\\/schema.org\",\"@graph\":[{\"@type\":\"Article\",\"@id\":\"https:\\\/\\\/kibrisdakik.com\\\/?p=40371#article\",\"isPartOf\":{\"@id\":\"https:\\\/\\\/kibrisdakik.com\\\/?p=40371\"},\"author\":{\"name\":\"admin\",\"@id\":\"https:\\\/\\\/kibrisdakik.com\\\/#\\\/schema\\\/person\\\/9cd9d437bbb44f72b73ba127e06d8e79\"},\"headline\":\"\u015eiddetli r\u00fczgar yang\u0131nlara sebep oldu\",\"datePublished\":\"2024-05-05T14:05:13+00:00\",\"mainEntityOfPage\":{\"@id\":\"https:\\\/\\\/kibrisdakik.com\\\/?p=40371\"},\"wordCount\":420,\"commentCount\":0,\"image\":{\"@id\":\"https:\\\/\\\/kibrisdakik.com\\\/?p=40371#primaryimage\"},\"thumbnailUrl\":\"https:\\\/\\\/kibrisdakik.com\\\/wp-content\\\/uploads\\\/2023\\\/02\\\/yangin-5454-740x420.jpg\",\"articleSection\":[\"G\u00fcndem\"],\"inLanguage\":\"tr\",\"potentialAction\":[{\"@type\":\"CommentAction\",\"name\":\"Comment\",\"target\":[\"https:\\\/\\\/kibrisdakik.com\\\/?p=40371#respond\"]}]},{\"@type\":\"WebPage\",\"@id\":\"https:\\\/\\\/kibrisdakik.com\\\/?p=40371\",\"url\":\"https:\\\/\\\/kibrisdakik.com\\\/?p=40371\",\"name\":\"\u015eiddetli r\u00fczgar yang\u0131nlara sebep oldu -\",\"isPartOf\":{\"@id\":\"https:\\\/\\\/kibrisdakik.com\\\/#website\"},\"primaryImageOfPage\":{\"@id\":\"https:\\\/\\\/kibrisdakik.com\\\/?p=40371#primaryimage\"},\"image\":{\"@id\":\"https:\\\/\\\/kibrisdakik.com\\\/?p=40371#primaryimage\"},\"thumbnailUrl\":\"https:\\\/\\\/kibrisdakik.com\\\/wp-content\\\/uploads\\\/2023\\\/02\\\/yangin-5454-740x420.jpg\",\"datePublished\":\"2024-05-05T14:05:13+00:00\",\"author\":{\"@id\":\"https:\\\/\\\/kibrisdakik.com\\\/#\\\/schema\\\/person\\\/9cd9d437bbb44f72b73ba127e06d8e79\"},\"breadcrumb\":{\"@id\":\"https:\\\/\\\/kibrisdakik.com\\\/?p=40371#breadcrumb\"},\"inLanguage\":\"tr\",\"potentialAction\":[{\"@type\":\"ReadAction\",\"target\":[\"https:\\\/\\\/kibrisdakik.com\\\/?p=40371\"]}]},{\"@type\":\"ImageObject\",\"inLanguage\":\"tr\",\"@id\":\"https:\\\/\\\/kibrisdakik.com\\\/?p=40371#primaryimage\",\"url\":\"https:\\\/\\\/kibrisdakik.com\\\/wp-content\\\/uploads\\\/2023\\\/02\\\/yangin-5454-740x420.jpg\",\"contentUrl\":\"https:\\\/\\\/kibrisdakik.com\\\/wp-content\\\/uploads\\\/2023\\\/02\\\/yangin-5454-740x420.jpg\",\"width\":1200,\"height\":700},{\"@type\":\"BreadcrumbList\",\"@id\":\"https:\\\/\\\/kibrisdakik.com\\\/?p=40371#breadcrumb\",\"itemListElement\":[{\"@type\":\"ListItem\",\"position\":1,\"name\":\"Home\",\"item\":\"https:\\\/\\\/kibrisdakik.com\\\/\"},{\"@type\":\"ListItem\",\"position\":2,\"name\":\"\u015eiddetli r\u00fczgar yang\u0131nlara sebep oldu\"}]},{\"@type\":\"WebSite\",\"@id\":\"https:\\\/\\\/kibrisdakik.com\\\/#website\",\"url\":\"https:\\\/\\\/kibrisdakik.com\\\/\",\"name\":\"\",\"description\":\"Tam vaktinde haber\",\"potentialAction\":[{\"@type\":\"SearchAction\",\"target\":{\"@type\":\"EntryPoint\",\"urlTemplate\":\"https:\\\/\\\/kibrisdakik.com\\\/?s={search_term_string}\"},\"query-input\":{\"@type\":\"PropertyValueSpecification\",\"valueRequired\":true,\"valueName\":\"search_term_string\"}}],\"inLanguage\":\"tr\"},{\"@type\":\"Person\",\"@id\":\"https:\\\/\\\/kibrisdakik.com\\\/#\\\/schema\\\/person\\\/9cd9d437bbb44f72b73ba127e06d8e79\",\"name\":\"admin\",\"image\":{\"@type\":\"ImageObject\",\"inLanguage\":\"tr\",\"@id\":\"https:\\\/\\\/secure.gravatar.com\\\/avatar\\\/ccc17943b9d660506c869530f897617f7cb1c21a4bf30023f252596d83e1f007?s=96&d=mm&r=g\",\"url\":\"https:\\\/\\\/secure.gravatar.com\\\/avatar\\\/ccc17943b9d660506c869530f897617f7cb1c21a4bf30023f252596d83e1f007?s=96&d=mm&r=g\",\"contentUrl\":\"https:\\\/\\\/secure.gravatar.com\\\/avatar\\\/ccc17943b9d660506c869530f897617f7cb1c21a4bf30023f252596d83e1f007?s=96&d=mm&r=g\",\"caption\":\"admin\"},\"sameAs\":[\"https:\\\/\\\/kibrisdakik.com\"],\"url\":\"https:\\\/\\\/kibrisdakik.com\\\/?author=1\"}]}<\/script>\n<!-- \/ Yoast SEO plugin. -->","yoast_head_json":{"title":"\u015eiddetli r\u00fczgar yang\u0131nlara sebep oldu -","robots":{"index":"index","follow":"follow","max-snippet":"max-snippet:-1","max-image-preview":"max-image-preview:large","max-video-preview":"max-video-preview:-1"},"canonical":"https:\/\/kibrisdakik.com\/?p=40371","og_locale":"tr_TR","og_type":"article","og_title":"\u015eiddetli r\u00fczgar yang\u0131nlara sebep oldu -","og_description":"\u015eiddetli r\u00fczgar Gazima\u011fusa, Beyarmudu ve Yedidalga\u2019da yang\u0131nlara sebep oldu. Lefko\u015fa bir ara\u00e7ta, Serdarl\u0131-Uluk\u0131\u015fla aras\u0131nda ise arpa, an\u0131z, balya ve zeytin a\u011fa\u00e7lar\u0131 yand\u0131. Polis Bas\u0131n B\u00fcltenine g\u00f6re, Lefko\u015fa\u2019da \u00d6zker \u00d6zg\u00fcr Caddesi \u00fczerinde \u00d6mer \u00d6zkarata\u015f\u2019\u0131n kullan\u0131m\u0131nda bulunan seyir halindeki DM 462 plakal\u0131 ara\u00e7ta, muhtemelen benzin hortumundan s\u0131zan benzinin motor b\u00f6l\u00fcm\u00fcndeki s\u0131cak aksamlara temas etmesi sonucu yang\u0131n meydana","og_url":"https:\/\/kibrisdakik.com\/?p=40371","article_published_time":"2024-05-05T14:05:13+00:00","og_image":[{"width":1200,"height":700,"url":"https:\/\/kibrisdakik.com\/wp-content\/uploads\/2023\/02\/yangin-5454-740x420.jpg","type":"image\/jpeg"}],"author":"admin","twitter_card":"summary_large_image","twitter_misc":{"Yazan:":"admin","Tahmini okuma s\u00fcresi":"2 dakika"},"schema":{"@context":"https:\/\/schema.org","@graph":[{"@type":"Article","@id":"https:\/\/kibrisdakik.com\/?p=40371#article","isPartOf":{"@id":"https:\/\/kibrisdakik.com\/?p=40371"},"author":{"name":"admin","@id":"https:\/\/kibrisdakik.com\/#\/schema\/person\/9cd9d437bbb44f72b73ba127e06d8e79"},"headline":"\u015eiddetli r\u00fczgar yang\u0131nlara sebep oldu","datePublished":"2024-05-05T14:05:13+00:00","mainEntityOfPage":{"@id":"https:\/\/kibrisdakik.com\/?p=40371"},"wordCount":420,"commentCount":0,"image":{"@id":"https:\/\/kibrisdakik.com\/?p=40371#primaryimage"},"thumbnailUrl":"https:\/\/kibrisdakik.com\/wp-content\/uploads\/2023\/02\/yangin-5454-740x420.jpg","articleSection":["G\u00fcndem"],"inLanguage":"tr","potentialAction":[{"@type":"CommentAction","name":"Comment","target":["https:\/\/kibrisdakik.com\/?p=40371#respond"]}]},{"@type":"WebPage","@id":"https:\/\/kibrisdakik.com\/?p=40371","url":"https:\/\/kibrisdakik.com\/?p=40371","name":"\u015eiddetli r\u00fczgar yang\u0131nlara sebep oldu -","isPartOf":{"@id":"https:\/\/kibrisdakik.com\/#website"},"primaryImageOfPage":{"@id":"https:\/\/kibrisdakik.com\/?p=40371#primaryimage"},"image":{"@id":"https:\/\/kibrisdakik.com\/?p=40371#primaryimage"},"thumbnailUrl":"https:\/\/kibrisdakik.com\/wp-content\/uploads\/2023\/02\/yangin-5454-740x420.jpg","datePublished":"2024-05-05T14:05:13+00:00","author":{"@id":"https:\/\/kibrisdakik.com\/#\/schema\/person\/9cd9d437bbb44f72b73ba127e06d8e79"},"breadcrumb":{"@id":"https:\/\/kibrisdakik.com\/?p=40371#breadcrumb"},"inLanguage":"tr","potentialAction":[{"@type":"ReadAction","target":["https:\/\/kibrisdakik.com\/?p=40371"]}]},{"@type":"ImageObject","inLanguage":"tr","@id":"https:\/\/kibrisdakik.com\/?p=40371#primaryimage","url":"https:\/\/kibrisdakik.com\/wp-content\/uploads\/2023\/02\/yangin-5454-740x420.jpg","contentUrl":"https:\/\/kibrisdakik.com\/wp-content\/uploads\/2023\/02\/yangin-5454-740x420.jpg","width":1200,"height":700},{"@type":"BreadcrumbList","@id":"https:\/\/kibrisdakik.com\/?p=40371#breadcrumb","itemListElement":[{"@type":"ListItem","position":1,"name":"Home","item":"https:\/\/kibrisdakik.com\/"},{"@type":"ListItem","position":2,"name":"\u015eiddetli r\u00fczgar yang\u0131nlara sebep oldu"}]},{"@type":"WebSite","@id":"https:\/\/kibrisdakik.com\/#website","url":"https:\/\/kibrisdakik.com\/","name":"","description":"Tam vaktinde haber","potentialAction":[{"@type":"SearchAction","target":{"@type":"EntryPoint","urlTemplate":"https:\/\/kibrisdakik.com\/?s={search_term_string}"},"query-input":{"@type":"PropertyValueSpecification","valueRequired":true,"valueName":"search_term_string"}}],"inLanguage":"tr"},{"@type":"Person","@id":"https:\/\/kibrisdakik.com\/#\/schema\/person\/9cd9d437bbb44f72b73ba127e06d8e79","name":"admin","image":{"@type":"ImageObject","inLanguage":"tr","@id":"https:\/\/secure.gravatar.com\/avatar\/ccc17943b9d660506c869530f897617f7cb1c21a4bf30023f252596d83e1f007?s=96&d=mm&r=g","url":"https:\/\/secure.gravatar.com\/avatar\/ccc17943b9d660506c869530f897617f7cb1c21a4bf30023f252596d83e1f007?s=96&d=mm&r=g","contentUrl":"https:\/\/secure.gravatar.com\/avatar\/ccc17943b9d660506c869530f897617f7cb1c21a4bf30023f252596d83e1f007?s=96&d=mm&r=g","caption":"admin"},"sameAs":["https:\/\/kibrisdakik.com"],"url":"https:\/\/kibrisdakik.com\/?author=1"}]}},"_links":{"self":[{"href":"https:\/\/kibrisdakik.com\/index.php?rest_route=\/wp\/v2\/posts\/40371","targetHints":{"allow":["GET"]}}],"collection":[{"href":"https:\/\/kibrisdakik.com\/index.php?rest_route=\/wp\/v2\/posts"}],"about":[{"href":"https:\/\/kibrisdakik.com\/index.php?rest_route=\/wp\/v2\/types\/post"}],"author":[{"embeddable":true,"href":"https:\/\/kibrisdakik.com\/index.php?rest_route=\/wp\/v2\/users\/1"}],"replies":[{"embeddable":true,"href":"https:\/\/kibrisdakik.com\/index.php?rest_route=%2Fwp%2Fv2%2Fcomments&post=40371"}],"version-history":[{"count":0,"href":"https:\/\/kibrisdakik.com\/index.php?rest_route=\/wp\/v2\/posts\/40371\/revisions"}],"wp:featuredmedia":[{"embeddable":true,"href":"https:\/\/kibrisdakik.com\/index.php?rest_route=\/wp\/v2\/media\/1927"}],"wp:attachment":[{"href":"https:\/\/kibrisdakik.com\/index.php?rest_route=%2Fwp%2Fv2%2Fmedia&parent=40371"}],"wp:term":[{"taxonomy":"category","embeddable":true,"href":"https:\/\/kibrisdakik.com\/index.php?rest_route=%2Fwp%2Fv2%2Fcategories&post=40371"},{"taxonomy":"post_tag","embeddable":true,"href":"https:\/\/kibrisdakik.com\/index.php?rest_route=%2Fwp%2Fv2%2Ftags&post=40371"}],"curies":[{"name":"wp","href":"https:\/\/api.w.org\/{rel}","templated":true}]}}