{"id":40448,"date":"2024-05-06T11:27:05","date_gmt":"2024-05-06T11:27:05","guid":{"rendered":"https:\/\/kibrisdakik.com\/index.php\/2024\/05\/06\/verilen-mucadele-genc-nesillere-anlatilmalidir\/"},"modified":"2024-05-06T11:27:05","modified_gmt":"2024-05-06T11:27:05","slug":"verilen-mucadele-genc-nesillere-anlatilmalidir","status":"publish","type":"post","link":"https:\/\/kibrisdakik.com\/?p=40448","title":{"rendered":"\u201cVerilen m\u00fccadele gen\u00e7 nesillere anlat\u0131lmal\u0131d\u0131r\u201d"},"content":{"rendered":"<p><img decoding=\"async\" src=\"https:\/\/www.kibristurk.com\/images\/haberler\/2024\/05\/verilen-mucadele-genc-nesillere-anlatilmalidir-1714993709.webp\" \/><\/p>\n<p style=\"text-align:left\"><span style=\"font-size:16px\"><span style=\"font-family:Merriweather,serif !important\"><span style=\"color:#000000\"><span style=\"background-color:#ffffff\">Meclis&#8217;ten yap\u0131lan a\u00e7\u0131klamaya g\u00f6re, Meclis \u015eeref Salonu\u2019nda yer alan kabulde konu\u015fan T\u00f6re, \u201cm\u00fccahit ve mukavemet ruhunun azald\u0131k\u00e7a be\u015finci kol faaliyetlerinin artt\u0131\u011f\u0131n\u0131\u201d s\u00f6yledi.<\/span><\/span><\/span><\/span><\/p>\n<p style=\"text-align:left\"><span style=\"font-size:16px\"><span style=\"font-family:Merriweather,serif !important\"><span style=\"color:#000000\"><span style=\"background-color:#ffffff\">T\u00f6re, \u201cdevlet, T\u00fcrkiye ve TMT kar\u015f\u0131tl\u0131\u011f\u0131n\u0131n bir propaganda arac\u0131 olarak be\u015finci kol taraf\u0131ndan devam ettirildi\u011fini\u201d ifade etti.<\/span><\/span><\/span><\/span><\/p>\n<p style=\"text-align:left\"><span style=\"font-size:16px\"><span style=\"font-family:Merriweather,serif !important\"><span style=\"color:#000000\"><span style=\"background-color:#ffffff\">T\u00f6re, \u201cVolkan, Kara\u00e7ete ve 9 Eyl\u00fcl te\u015fkilatlar\u0131n\u0131n ba\u015flatt\u0131\u011f\u0131 m\u00fccadelenin T\u00fcrk Mukavemet Te\u015fkilat\u0131 ile devam etti\u011fini ve 20 Temmuz 1974 Mutlu Bar\u0131\u015f Harekat\u0131\u2019na kadar gelindi\u011fini\u201d belirtti.<\/span><\/span><\/span><\/span><\/p>\n<p style=\"text-align:left\"><span style=\"font-size:16px\"><span style=\"font-family:Merriweather,serif !important\"><span style=\"color:#000000\"><span style=\"background-color:#ffffff\">GKK\u2019n\u0131n TMT\u2019nin devam\u0131 oldu\u011funu belirten T\u00f6re, \u201cMutlu Bar\u0131\u015f Harekat\u0131\u2019ndan sonra g\u00f6revin GKK\u2019ya devredildi\u011fini, bug\u00fcn GKK ve K\u0131br\u0131s T\u00fcrk Bar\u0131\u015f Kuvvetleri Komutanl\u0131\u011f\u0131 g\u00fcvencesinde huzurla ya\u015fad\u0131klar\u0131n\u0131\u201d s\u00f6yledi.<\/span><\/span><\/span><\/span><\/p>\n<p style=\"text-align:left\"><span style=\"font-size:16px\"><span style=\"font-family:Merriweather,serif !important\"><span style=\"color:#000000\"><span style=\"background-color:#ffffff\">\u201cKKTC\u2019nin ebediyete kadar ya\u015fayaca\u011f\u0131n\u0131 ve kendilerinin de sahip \u00e7\u0131kaca\u011f\u0131n\u0131\u201d vurgulayan T\u00f6re, \u201cgen\u00e7 nesillere verilen m\u00fccadelenin anlat\u0131lmas\u0131nda TMT Derne\u011fi \u00fcyelerine de g\u00f6revler d\u00fc\u015ft\u00fc\u011f\u00fcn\u00fc ve bu ruhun devam etmesi gerekti\u011fini\u201d s\u00f6yledi.<\/span><\/span><\/span><\/span><\/p>\n<p style=\"text-align:left\"><span style=\"font-size:16px\"><span style=\"font-family:Merriweather,serif !important\"><span style=\"color:#000000\"><span style=\"background-color:#ffffff\">T\u00fcrk Mukavemet Te\u015fkilat\u0131\u2019n\u0131n bug\u00fcnlere gelmesinde eme\u011fi ge\u00e7en herkese te\u015fekk\u00fcr eden T\u00f6re, \u201cHep birlikte yola devam edece\u011fiz\u201d dedi.<\/span><\/span><\/span><\/span><\/p>\n<p style=\"text-align:left\"><span style=\"font-size:16px\"><span style=\"font-family:Merriweather,serif !important\"><span style=\"color:#000000\"><span style=\"background-color:#ffffff\">K\u0131br\u0131s TMT M\u00fccahitler Derne\u011fi Genel Ba\u015fkan\u0131 Celal Bayar da T\u00f6re\u2019ye verdi\u011fi destekten dolay\u0131 te\u015fekk\u00fcr ederek yeni olu\u015fan y\u00f6netim kurulunu tan\u0131tt\u0131.<\/span><\/span><\/span><\/span><\/p>\n<p style=\"text-align:left\"><span style=\"font-size:16px\"><span style=\"font-family:Merriweather,serif !important\"><span style=\"color:#000000\"><span style=\"background-color:#ffffff\">Konu\u015fmalar\u0131n ard\u0131ndan kar\u015f\u0131l\u0131k hediye teatisinde bulunuldu.<\/span><\/span><\/span><\/span><\/p>\n","protected":false},"excerpt":{"rendered":"<p>Meclis&#8217;ten yap\u0131lan a\u00e7\u0131klamaya g\u00f6re, Meclis \u015eeref Salonu\u2019nda yer alan kabulde konu\u015fan T\u00f6re, \u201cm\u00fccahit ve mukavemet ruhunun azald\u0131k\u00e7a be\u015finci kol faaliyetlerinin artt\u0131\u011f\u0131n\u0131\u201d s\u00f6yledi. T\u00f6re, \u201cdevlet, T\u00fcrkiye ve TMT kar\u015f\u0131tl\u0131\u011f\u0131n\u0131n bir propaganda arac\u0131 olarak be\u015finci kol taraf\u0131ndan devam ettirildi\u011fini\u201d ifade etti. T\u00f6re, \u201cVolkan, Kara\u00e7ete ve 9 Eyl\u00fcl te\u015fkilatlar\u0131n\u0131n ba\u015flatt\u0131\u011f\u0131 m\u00fccadelenin T\u00fcrk Mukavemet Te\u015fkilat\u0131 ile devam etti\u011fini ve<\/p>\n","protected":false},"author":1,"featured_media":40449,"comment_status":"open","ping_status":"open","sticky":false,"template":"","format":"standard","meta":{"footnotes":""},"categories":[79],"tags":[],"class_list":["post-40448","post","type-post","status-publish","format-standard","has-post-thumbnail","hentry","category-ekonomi"],"yoast_head":"<!-- This site is optimized with the Yoast SEO plugin v27.5 - https:\/\/yoast.com\/product\/yoast-seo-wordpress\/ -->\n<title>\u201cVerilen m\u00fccadele gen\u00e7 nesillere anlat\u0131lmal\u0131d\u0131r\u201d -<\/title>\n<meta name=\"robots\" content=\"index, follow, max-snippet:-1, max-image-preview:large, max-video-preview:-1\" \/>\n<link rel=\"canonical\" href=\"https:\/\/kibrisdakik.com\/?p=40448\" \/>\n<meta property=\"og:locale\" content=\"tr_TR\" \/>\n<meta property=\"og:type\" content=\"article\" \/>\n<meta property=\"og:title\" content=\"\u201cVerilen m\u00fccadele gen\u00e7 nesillere anlat\u0131lmal\u0131d\u0131r\u201d -\" \/>\n<meta property=\"og:description\" content=\"Meclis&#8217;ten yap\u0131lan a\u00e7\u0131klamaya g\u00f6re, Meclis \u015eeref Salonu\u2019nda yer alan kabulde konu\u015fan T\u00f6re, \u201cm\u00fccahit ve mukavemet ruhunun azald\u0131k\u00e7a be\u015finci kol faaliyetlerinin artt\u0131\u011f\u0131n\u0131\u201d s\u00f6yledi. T\u00f6re, \u201cdevlet, T\u00fcrkiye ve TMT kar\u015f\u0131tl\u0131\u011f\u0131n\u0131n bir propaganda arac\u0131 olarak be\u015finci kol taraf\u0131ndan devam ettirildi\u011fini\u201d ifade etti. T\u00f6re, \u201cVolkan, Kara\u00e7ete ve 9 Eyl\u00fcl te\u015fkilatlar\u0131n\u0131n ba\u015flatt\u0131\u011f\u0131 m\u00fccadelenin T\u00fcrk Mukavemet Te\u015fkilat\u0131 ile devam etti\u011fini ve\" \/>\n<meta property=\"og:url\" content=\"https:\/\/kibrisdakik.com\/?p=40448\" \/>\n<meta property=\"article:published_time\" content=\"2024-05-06T11:27:05+00:00\" \/>\n<meta property=\"og:image\" content=\"https:\/\/kibrisdakik.com\/wp-content\/uploads\/2024\/05\/verilen-mucadele-genc-nesillere-anlatilmalidir-1714993709.webp.webp\" \/>\n\t<meta property=\"og:image:width\" content=\"710\" \/>\n\t<meta property=\"og:image:height\" content=\"370\" \/>\n\t<meta property=\"og:image:type\" content=\"image\/webp\" \/>\n<meta name=\"author\" content=\"admin\" \/>\n<meta name=\"twitter:card\" content=\"summary_large_image\" \/>\n<meta name=\"twitter:label1\" content=\"Yazan:\" \/>\n\t<meta name=\"twitter:data1\" content=\"admin\" \/>\n\t<meta name=\"twitter:label2\" content=\"Tahmini okuma s\u00fcresi\" \/>\n\t<meta name=\"twitter:data2\" content=\"1 dakika\" \/>\n<script type=\"application\/ld+json\" class=\"yoast-schema-graph\">{\"@context\":\"https:\\\/\\\/schema.org\",\"@graph\":[{\"@type\":\"Article\",\"@id\":\"https:\\\/\\\/kibrisdakik.com\\\/?p=40448#article\",\"isPartOf\":{\"@id\":\"https:\\\/\\\/kibrisdakik.com\\\/?p=40448\"},\"author\":{\"name\":\"admin\",\"@id\":\"https:\\\/\\\/kibrisdakik.com\\\/#\\\/schema\\\/person\\\/9cd9d437bbb44f72b73ba127e06d8e79\"},\"headline\":\"\u201cVerilen m\u00fccadele gen\u00e7 nesillere anlat\u0131lmal\u0131d\u0131r\u201d\",\"datePublished\":\"2024-05-06T11:27:05+00:00\",\"mainEntityOfPage\":{\"@id\":\"https:\\\/\\\/kibrisdakik.com\\\/?p=40448\"},\"wordCount\":261,\"commentCount\":0,\"image\":{\"@id\":\"https:\\\/\\\/kibrisdakik.com\\\/?p=40448#primaryimage\"},\"thumbnailUrl\":\"https:\\\/\\\/kibrisdakik.com\\\/wp-content\\\/uploads\\\/2024\\\/05\\\/verilen-mucadele-genc-nesillere-anlatilmalidir-1714993709.webp.webp\",\"articleSection\":[\"Ekonomi\"],\"inLanguage\":\"tr\",\"potentialAction\":[{\"@type\":\"CommentAction\",\"name\":\"Comment\",\"target\":[\"https:\\\/\\\/kibrisdakik.com\\\/?p=40448#respond\"]}]},{\"@type\":\"WebPage\",\"@id\":\"https:\\\/\\\/kibrisdakik.com\\\/?p=40448\",\"url\":\"https:\\\/\\\/kibrisdakik.com\\\/?p=40448\",\"name\":\"\u201cVerilen m\u00fccadele gen\u00e7 nesillere anlat\u0131lmal\u0131d\u0131r\u201d -\",\"isPartOf\":{\"@id\":\"https:\\\/\\\/kibrisdakik.com\\\/#website\"},\"primaryImageOfPage\":{\"@id\":\"https:\\\/\\\/kibrisdakik.com\\\/?p=40448#primaryimage\"},\"image\":{\"@id\":\"https:\\\/\\\/kibrisdakik.com\\\/?p=40448#primaryimage\"},\"thumbnailUrl\":\"https:\\\/\\\/kibrisdakik.com\\\/wp-content\\\/uploads\\\/2024\\\/05\\\/verilen-mucadele-genc-nesillere-anlatilmalidir-1714993709.webp.webp\",\"datePublished\":\"2024-05-06T11:27:05+00:00\",\"author\":{\"@id\":\"https:\\\/\\\/kibrisdakik.com\\\/#\\\/schema\\\/person\\\/9cd9d437bbb44f72b73ba127e06d8e79\"},\"breadcrumb\":{\"@id\":\"https:\\\/\\\/kibrisdakik.com\\\/?p=40448#breadcrumb\"},\"inLanguage\":\"tr\",\"potentialAction\":[{\"@type\":\"ReadAction\",\"target\":[\"https:\\\/\\\/kibrisdakik.com\\\/?p=40448\"]}]},{\"@type\":\"ImageObject\",\"inLanguage\":\"tr\",\"@id\":\"https:\\\/\\\/kibrisdakik.com\\\/?p=40448#primaryimage\",\"url\":\"https:\\\/\\\/kibrisdakik.com\\\/wp-content\\\/uploads\\\/2024\\\/05\\\/verilen-mucadele-genc-nesillere-anlatilmalidir-1714993709.webp.webp\",\"contentUrl\":\"https:\\\/\\\/kibrisdakik.com\\\/wp-content\\\/uploads\\\/2024\\\/05\\\/verilen-mucadele-genc-nesillere-anlatilmalidir-1714993709.webp.webp\",\"width\":710,\"height\":370},{\"@type\":\"BreadcrumbList\",\"@id\":\"https:\\\/\\\/kibrisdakik.com\\\/?p=40448#breadcrumb\",\"itemListElement\":[{\"@type\":\"ListItem\",\"position\":1,\"name\":\"Home\",\"item\":\"https:\\\/\\\/kibrisdakik.com\\\/\"},{\"@type\":\"ListItem\",\"position\":2,\"name\":\"\u201cVerilen m\u00fccadele gen\u00e7 nesillere anlat\u0131lmal\u0131d\u0131r\u201d\"}]},{\"@type\":\"WebSite\",\"@id\":\"https:\\\/\\\/kibrisdakik.com\\\/#website\",\"url\":\"https:\\\/\\\/kibrisdakik.com\\\/\",\"name\":\"\",\"description\":\"Tam vaktinde haber\",\"potentialAction\":[{\"@type\":\"SearchAction\",\"target\":{\"@type\":\"EntryPoint\",\"urlTemplate\":\"https:\\\/\\\/kibrisdakik.com\\\/?s={search_term_string}\"},\"query-input\":{\"@type\":\"PropertyValueSpecification\",\"valueRequired\":true,\"valueName\":\"search_term_string\"}}],\"inLanguage\":\"tr\"},{\"@type\":\"Person\",\"@id\":\"https:\\\/\\\/kibrisdakik.com\\\/#\\\/schema\\\/person\\\/9cd9d437bbb44f72b73ba127e06d8e79\",\"name\":\"admin\",\"image\":{\"@type\":\"ImageObject\",\"inLanguage\":\"tr\",\"@id\":\"https:\\\/\\\/secure.gravatar.com\\\/avatar\\\/ccc17943b9d660506c869530f897617f7cb1c21a4bf30023f252596d83e1f007?s=96&d=mm&r=g\",\"url\":\"https:\\\/\\\/secure.gravatar.com\\\/avatar\\\/ccc17943b9d660506c869530f897617f7cb1c21a4bf30023f252596d83e1f007?s=96&d=mm&r=g\",\"contentUrl\":\"https:\\\/\\\/secure.gravatar.com\\\/avatar\\\/ccc17943b9d660506c869530f897617f7cb1c21a4bf30023f252596d83e1f007?s=96&d=mm&r=g\",\"caption\":\"admin\"},\"sameAs\":[\"https:\\\/\\\/kibrisdakik.com\"],\"url\":\"https:\\\/\\\/kibrisdakik.com\\\/?author=1\"}]}<\/script>\n<!-- \/ Yoast SEO plugin. -->","yoast_head_json":{"title":"\u201cVerilen m\u00fccadele gen\u00e7 nesillere anlat\u0131lmal\u0131d\u0131r\u201d -","robots":{"index":"index","follow":"follow","max-snippet":"max-snippet:-1","max-image-preview":"max-image-preview:large","max-video-preview":"max-video-preview:-1"},"canonical":"https:\/\/kibrisdakik.com\/?p=40448","og_locale":"tr_TR","og_type":"article","og_title":"\u201cVerilen m\u00fccadele gen\u00e7 nesillere anlat\u0131lmal\u0131d\u0131r\u201d -","og_description":"Meclis&#8217;ten yap\u0131lan a\u00e7\u0131klamaya g\u00f6re, Meclis \u015eeref Salonu\u2019nda yer alan kabulde konu\u015fan T\u00f6re, \u201cm\u00fccahit ve mukavemet ruhunun azald\u0131k\u00e7a be\u015finci kol faaliyetlerinin artt\u0131\u011f\u0131n\u0131\u201d s\u00f6yledi. T\u00f6re, \u201cdevlet, T\u00fcrkiye ve TMT kar\u015f\u0131tl\u0131\u011f\u0131n\u0131n bir propaganda arac\u0131 olarak be\u015finci kol taraf\u0131ndan devam ettirildi\u011fini\u201d ifade etti. T\u00f6re, \u201cVolkan, Kara\u00e7ete ve 9 Eyl\u00fcl te\u015fkilatlar\u0131n\u0131n ba\u015flatt\u0131\u011f\u0131 m\u00fccadelenin T\u00fcrk Mukavemet Te\u015fkilat\u0131 ile devam etti\u011fini ve","og_url":"https:\/\/kibrisdakik.com\/?p=40448","article_published_time":"2024-05-06T11:27:05+00:00","og_image":[{"width":710,"height":370,"url":"https:\/\/kibrisdakik.com\/wp-content\/uploads\/2024\/05\/verilen-mucadele-genc-nesillere-anlatilmalidir-1714993709.webp.webp","type":"image\/webp"}],"author":"admin","twitter_card":"summary_large_image","twitter_misc":{"Yazan:":"admin","Tahmini okuma s\u00fcresi":"1 dakika"},"schema":{"@context":"https:\/\/schema.org","@graph":[{"@type":"Article","@id":"https:\/\/kibrisdakik.com\/?p=40448#article","isPartOf":{"@id":"https:\/\/kibrisdakik.com\/?p=40448"},"author":{"name":"admin","@id":"https:\/\/kibrisdakik.com\/#\/schema\/person\/9cd9d437bbb44f72b73ba127e06d8e79"},"headline":"\u201cVerilen m\u00fccadele gen\u00e7 nesillere anlat\u0131lmal\u0131d\u0131r\u201d","datePublished":"2024-05-06T11:27:05+00:00","mainEntityOfPage":{"@id":"https:\/\/kibrisdakik.com\/?p=40448"},"wordCount":261,"commentCount":0,"image":{"@id":"https:\/\/kibrisdakik.com\/?p=40448#primaryimage"},"thumbnailUrl":"https:\/\/kibrisdakik.com\/wp-content\/uploads\/2024\/05\/verilen-mucadele-genc-nesillere-anlatilmalidir-1714993709.webp.webp","articleSection":["Ekonomi"],"inLanguage":"tr","potentialAction":[{"@type":"CommentAction","name":"Comment","target":["https:\/\/kibrisdakik.com\/?p=40448#respond"]}]},{"@type":"WebPage","@id":"https:\/\/kibrisdakik.com\/?p=40448","url":"https:\/\/kibrisdakik.com\/?p=40448","name":"\u201cVerilen m\u00fccadele gen\u00e7 nesillere anlat\u0131lmal\u0131d\u0131r\u201d -","isPartOf":{"@id":"https:\/\/kibrisdakik.com\/#website"},"primaryImageOfPage":{"@id":"https:\/\/kibrisdakik.com\/?p=40448#primaryimage"},"image":{"@id":"https:\/\/kibrisdakik.com\/?p=40448#primaryimage"},"thumbnailUrl":"https:\/\/kibrisdakik.com\/wp-content\/uploads\/2024\/05\/verilen-mucadele-genc-nesillere-anlatilmalidir-1714993709.webp.webp","datePublished":"2024-05-06T11:27:05+00:00","author":{"@id":"https:\/\/kibrisdakik.com\/#\/schema\/person\/9cd9d437bbb44f72b73ba127e06d8e79"},"breadcrumb":{"@id":"https:\/\/kibrisdakik.com\/?p=40448#breadcrumb"},"inLanguage":"tr","potentialAction":[{"@type":"ReadAction","target":["https:\/\/kibrisdakik.com\/?p=40448"]}]},{"@type":"ImageObject","inLanguage":"tr","@id":"https:\/\/kibrisdakik.com\/?p=40448#primaryimage","url":"https:\/\/kibrisdakik.com\/wp-content\/uploads\/2024\/05\/verilen-mucadele-genc-nesillere-anlatilmalidir-1714993709.webp.webp","contentUrl":"https:\/\/kibrisdakik.com\/wp-content\/uploads\/2024\/05\/verilen-mucadele-genc-nesillere-anlatilmalidir-1714993709.webp.webp","width":710,"height":370},{"@type":"BreadcrumbList","@id":"https:\/\/kibrisdakik.com\/?p=40448#breadcrumb","itemListElement":[{"@type":"ListItem","position":1,"name":"Home","item":"https:\/\/kibrisdakik.com\/"},{"@type":"ListItem","position":2,"name":"\u201cVerilen m\u00fccadele gen\u00e7 nesillere anlat\u0131lmal\u0131d\u0131r\u201d"}]},{"@type":"WebSite","@id":"https:\/\/kibrisdakik.com\/#website","url":"https:\/\/kibrisdakik.com\/","name":"","description":"Tam vaktinde haber","potentialAction":[{"@type":"SearchAction","target":{"@type":"EntryPoint","urlTemplate":"https:\/\/kibrisdakik.com\/?s={search_term_string}"},"query-input":{"@type":"PropertyValueSpecification","valueRequired":true,"valueName":"search_term_string"}}],"inLanguage":"tr"},{"@type":"Person","@id":"https:\/\/kibrisdakik.com\/#\/schema\/person\/9cd9d437bbb44f72b73ba127e06d8e79","name":"admin","image":{"@type":"ImageObject","inLanguage":"tr","@id":"https:\/\/secure.gravatar.com\/avatar\/ccc17943b9d660506c869530f897617f7cb1c21a4bf30023f252596d83e1f007?s=96&d=mm&r=g","url":"https:\/\/secure.gravatar.com\/avatar\/ccc17943b9d660506c869530f897617f7cb1c21a4bf30023f252596d83e1f007?s=96&d=mm&r=g","contentUrl":"https:\/\/secure.gravatar.com\/avatar\/ccc17943b9d660506c869530f897617f7cb1c21a4bf30023f252596d83e1f007?s=96&d=mm&r=g","caption":"admin"},"sameAs":["https:\/\/kibrisdakik.com"],"url":"https:\/\/kibrisdakik.com\/?author=1"}]}},"_links":{"self":[{"href":"https:\/\/kibrisdakik.com\/index.php?rest_route=\/wp\/v2\/posts\/40448","targetHints":{"allow":["GET"]}}],"collection":[{"href":"https:\/\/kibrisdakik.com\/index.php?rest_route=\/wp\/v2\/posts"}],"about":[{"href":"https:\/\/kibrisdakik.com\/index.php?rest_route=\/wp\/v2\/types\/post"}],"author":[{"embeddable":true,"href":"https:\/\/kibrisdakik.com\/index.php?rest_route=\/wp\/v2\/users\/1"}],"replies":[{"embeddable":true,"href":"https:\/\/kibrisdakik.com\/index.php?rest_route=%2Fwp%2Fv2%2Fcomments&post=40448"}],"version-history":[{"count":0,"href":"https:\/\/kibrisdakik.com\/index.php?rest_route=\/wp\/v2\/posts\/40448\/revisions"}],"wp:featuredmedia":[{"embeddable":true,"href":"https:\/\/kibrisdakik.com\/index.php?rest_route=\/wp\/v2\/media\/40449"}],"wp:attachment":[{"href":"https:\/\/kibrisdakik.com\/index.php?rest_route=%2Fwp%2Fv2%2Fmedia&parent=40448"}],"wp:term":[{"taxonomy":"category","embeddable":true,"href":"https:\/\/kibrisdakik.com\/index.php?rest_route=%2Fwp%2Fv2%2Fcategories&post=40448"},{"taxonomy":"post_tag","embeddable":true,"href":"https:\/\/kibrisdakik.com\/index.php?rest_route=%2Fwp%2Fv2%2Ftags&post=40448"}],"curies":[{"name":"wp","href":"https:\/\/api.w.org\/{rel}","templated":true}]}}