{"id":40606,"date":"2024-05-07T13:01:50","date_gmt":"2024-05-07T13:01:50","guid":{"rendered":"https:\/\/kibrisdakik.com\/index.php\/2024\/05\/07\/polis-haberleri-bir-otel-insaatinda-calisan-ahmet-ezer-iki-metre-yukseklikten-dustu\/"},"modified":"2024-05-07T13:01:50","modified_gmt":"2024-05-07T13:01:50","slug":"polis-haberleri-bir-otel-insaatinda-calisan-ahmet-ezer-iki-metre-yukseklikten-dustu","status":"publish","type":"post","link":"https:\/\/kibrisdakik.com\/?p=40606","title":{"rendered":"Polis haberleri\u2026 Bir otel in\u015faat\u0131nda \u00e7al\u0131\u015fan Ahmet Ezer iki metre y\u00fckseklikten d\u00fc\u015ft\u00fc"},"content":{"rendered":"<p><\/p>\n<div>\n<div class=\"mariselle-image-container center\">\n                <img loading=\"lazy\" decoding=\"async\" width=\"1920\" height=\"1280\" class=\"lazy-image\" alt=\"\" sizes=\"auto, (max-width: 1920px) 100vw, 1920px\" src=\"https:\/\/brtk.net\/wp-content\/uploads\/2024\/05\/07\/is-kazasi14.jpg?ver=769a069d08f881def7d9035f62b848d3\" srcset=\"https:\/\/brtk.net\/wp-content\/uploads\/2024\/05\/07\/is-kazasi14.jpg?ver=769a069d08f881def7d9035f62b848d3 1920w, https:\/\/brtk.net\/wp-content\/uploads\/2024\/05\/07\/is-kazasi14-300x200.jpg?ver=769a069d08f881def7d9035f62b848d3 300w, https:\/\/brtk.net\/wp-content\/uploads\/2024\/05\/07\/is-kazasi14-1024x683.jpg?ver=ff5b363354b9d56720dc77c0ac9c701c 1024w, https:\/\/brtk.net\/wp-content\/uploads\/2024\/05\/07\/is-kazasi14-768x512.jpg?ver=ff5b363354b9d56720dc77c0ac9c701c 768w, https:\/\/brtk.net\/wp-content\/uploads\/2024\/05\/07\/is-kazasi14-1536x1024.jpg?ver=a30e2c87861aed94031db1536867d1e2 1536w\"\/>                            <\/div>\n<p>\u00c7atalk\u00f6y\u2019de d\u00fcn bir otel in\u015faat\u0131nda \u00e7al\u0131\u015fan 21 ya\u015f\u0131ndaki Ahmet Ezer, yakla\u015f\u0131k iki metre y\u00fckseklikten d\u00fc\u015ferek, her iki ayak topu\u011funu k\u0131rd\u0131.<\/p>\n<p>Polis Bas\u0131n Subayl\u0131\u011f\u0131\u2019ndan yap\u0131lan a\u00e7\u0131klamaya g\u00f6re, yap\u0131m\u0131 devam eden bir otel in\u015faat\u0131nda kal\u0131p\u00e7\u0131 olarak \u00e7al\u0131\u015fan Ahmet Ezer, kolon \u00fczerinde kal\u0131p \u00e7akt\u0131\u011f\u0131 s\u0131rada dengesini kaybederek, yakla\u015f\u0131k iki metre y\u00fckseklikten zemine d\u00fc\u015fmesi sonucu yaraland\u0131.<\/p>\n<p>Ezer, kald\u0131r\u0131ld\u0131\u011f\u0131 Girne Dr. Ak\u00e7i\u00e7ek Hastanesi\u2019nde, her iki ayak topu\u011funda k\u0131r\u0131k te\u015fhisiyle yap\u0131lan tedavisinin ard\u0131ndan taburcu edildi.<\/p>\n<p>-Sahtekarl\u0131kla 291 bin 200 Nijerya Nairas\u0131 temin etti<\/p>\n<p>Girne\u2019de 30 Nisan\u2019da I.A.O.\u2019nun (E-33), Lefko\u015fa\u2019da faaliyet g\u00f6steren bir \u00fcniversitenin \u00f6\u011frenci belgesini sahteledikten sonra, WhatsApp \u00fczerinden bir \u015fahsa g\u00f6ndererek tedav\u00fcle s\u00fcr\u00fcp, bahse konu \u015fah\u0131stan sahtekarl\u0131kla 291 bin 200 Nijerya Nairas\u0131 para temin etti\u011fi tespit edildi.<\/p>\n<p>Olay polisin bilgisine gelmesi \u00fczerine I.O.A. tutukland\u0131.<\/p>\n<p>-Sahte not d\u00f6k\u00fcm belgelerini tedav\u00fcle s\u00fcren \u00fc\u00e7 ki\u015fi tutukland\u0131<\/p>\n<p>G.M.M.B.(E-20) ve C.M.K.\u2019nin (K-22) 13 Mart\u2019ta Girne\u2019de faaliyet g\u00f6steren bir \u00fcniversiteye kay\u0131t yapt\u0131rabilmek ve 2023-2024 y\u0131llar\u0131 i\u00e7erisindeki kay\u0131tlar\u0131n\u0131 yenilemek amac\u0131yla, ba\u015fka bir \u00fcniversitede haz\u0131rl\u0131k b\u00f6l\u00fcm\u00fcn\u00fc tamamlad\u0131klar\u0131n\u0131 g\u00f6steren, K.K.E.(E-26) arac\u0131l\u0131\u011f\u0131yla temin ettikleri sahte not d\u00f6k\u00fcm\u00fc belgelerini, kay\u0131t yapt\u0131rmak istedikleri \u00fcniversiteye verip, tedav\u00fcle s\u00fcrd\u00fckleri tespit edildi.<\/p>\n<p>Olay polisin bilgisine gelmesi \u00fczerine bahse konu \u015fah\u0131slar tutukland\u0131.<\/p>\n<p>-\u0130kamet izinsiz d\u00f6rt ki\u015fi tutukland\u0131<\/p>\n<p>\u00dclke genelinde d\u00fcn polis taraf\u0131ndan ger\u00e7ekle\u015ftirilen denetim ve kontroller sonucunda ikamet izinsiz d\u00f6rt ki\u015fi tutuklanarak, aleyhlerinde yasal i\u015flem ba\u015flat\u0131ld\u0131.<\/p>\n<\/p><\/div>\n<p><script async\n                    defer\n                    crossorigin=\"anonymous\"\n                    src=\"https:\/\/connect.facebook.net\/tr_TR\/sdk.js#xfbml=1&#038;version=v3.3\"\n            ><\/script><\/p>\n","protected":false},"excerpt":{"rendered":"<p>\u00c7atalk\u00f6y\u2019de d\u00fcn bir otel in\u015faat\u0131nda \u00e7al\u0131\u015fan 21 ya\u015f\u0131ndaki Ahmet Ezer, yakla\u015f\u0131k iki metre y\u00fckseklikten d\u00fc\u015ferek, her iki ayak topu\u011funu k\u0131rd\u0131. Polis Bas\u0131n Subayl\u0131\u011f\u0131\u2019ndan yap\u0131lan a\u00e7\u0131klamaya g\u00f6re, yap\u0131m\u0131 devam eden bir otel in\u015faat\u0131nda kal\u0131p\u00e7\u0131 olarak \u00e7al\u0131\u015fan Ahmet Ezer, kolon \u00fczerinde kal\u0131p \u00e7akt\u0131\u011f\u0131 s\u0131rada dengesini kaybederek, yakla\u015f\u0131k iki metre y\u00fckseklikten zemine d\u00fc\u015fmesi sonucu yaraland\u0131. Ezer, kald\u0131r\u0131ld\u0131\u011f\u0131 Girne<\/p>\n","protected":false},"author":1,"featured_media":40607,"comment_status":"open","ping_status":"open","sticky":false,"template":"","format":"standard","meta":{"footnotes":""},"categories":[1],"tags":[],"class_list":["post-40606","post","type-post","status-publish","format-standard","has-post-thumbnail","hentry","category-gundem"],"yoast_head":"<!-- This site is optimized with the Yoast SEO plugin v27.5 - https:\/\/yoast.com\/product\/yoast-seo-wordpress\/ -->\n<title>Polis haberleri\u2026 Bir otel in\u015faat\u0131nda \u00e7al\u0131\u015fan Ahmet Ezer iki metre y\u00fckseklikten d\u00fc\u015ft\u00fc -<\/title>\n<meta name=\"robots\" content=\"index, follow, max-snippet:-1, max-image-preview:large, max-video-preview:-1\" \/>\n<link rel=\"canonical\" href=\"https:\/\/kibrisdakik.com\/?p=40606\" \/>\n<meta property=\"og:locale\" content=\"tr_TR\" \/>\n<meta property=\"og:type\" content=\"article\" \/>\n<meta property=\"og:title\" content=\"Polis haberleri\u2026 Bir otel in\u015faat\u0131nda \u00e7al\u0131\u015fan Ahmet Ezer iki metre y\u00fckseklikten d\u00fc\u015ft\u00fc -\" \/>\n<meta property=\"og:description\" content=\"\u00c7atalk\u00f6y\u2019de d\u00fcn bir otel in\u015faat\u0131nda \u00e7al\u0131\u015fan 21 ya\u015f\u0131ndaki Ahmet Ezer, yakla\u015f\u0131k iki metre y\u00fckseklikten d\u00fc\u015ferek, her iki ayak topu\u011funu k\u0131rd\u0131. Polis Bas\u0131n Subayl\u0131\u011f\u0131\u2019ndan yap\u0131lan a\u00e7\u0131klamaya g\u00f6re, yap\u0131m\u0131 devam eden bir otel in\u015faat\u0131nda kal\u0131p\u00e7\u0131 olarak \u00e7al\u0131\u015fan Ahmet Ezer, kolon \u00fczerinde kal\u0131p \u00e7akt\u0131\u011f\u0131 s\u0131rada dengesini kaybederek, yakla\u015f\u0131k iki metre y\u00fckseklikten zemine d\u00fc\u015fmesi sonucu yaraland\u0131. Ezer, kald\u0131r\u0131ld\u0131\u011f\u0131 Girne\" \/>\n<meta property=\"og:url\" content=\"https:\/\/kibrisdakik.com\/?p=40606\" \/>\n<meta property=\"article:published_time\" content=\"2024-05-07T13:01:50+00:00\" \/>\n<meta property=\"og:image\" content=\"https:\/\/kibrisdakik.com\/wp-content\/uploads\/2024\/05\/is-kazasi14-740x420.jpg\" \/>\n\t<meta property=\"og:image:width\" content=\"1920\" \/>\n\t<meta property=\"og:image:height\" content=\"1280\" \/>\n\t<meta property=\"og:image:type\" content=\"image\/jpeg\" \/>\n<meta name=\"author\" content=\"admin\" \/>\n<meta name=\"twitter:card\" content=\"summary_large_image\" \/>\n<meta name=\"twitter:label1\" content=\"Yazan:\" \/>\n\t<meta name=\"twitter:data1\" content=\"admin\" \/>\n\t<meta name=\"twitter:label2\" content=\"Tahmini okuma s\u00fcresi\" \/>\n\t<meta name=\"twitter:data2\" content=\"2 dakika\" \/>\n<script type=\"application\/ld+json\" class=\"yoast-schema-graph\">{\"@context\":\"https:\\\/\\\/schema.org\",\"@graph\":[{\"@type\":\"Article\",\"@id\":\"https:\\\/\\\/kibrisdakik.com\\\/?p=40606#article\",\"isPartOf\":{\"@id\":\"https:\\\/\\\/kibrisdakik.com\\\/?p=40606\"},\"author\":{\"name\":\"admin\",\"@id\":\"https:\\\/\\\/kibrisdakik.com\\\/#\\\/schema\\\/person\\\/9cd9d437bbb44f72b73ba127e06d8e79\"},\"headline\":\"Polis haberleri\u2026 Bir otel in\u015faat\u0131nda \u00e7al\u0131\u015fan Ahmet Ezer iki metre y\u00fckseklikten d\u00fc\u015ft\u00fc\",\"datePublished\":\"2024-05-07T13:01:50+00:00\",\"mainEntityOfPage\":{\"@id\":\"https:\\\/\\\/kibrisdakik.com\\\/?p=40606\"},\"wordCount\":326,\"commentCount\":0,\"image\":{\"@id\":\"https:\\\/\\\/kibrisdakik.com\\\/?p=40606#primaryimage\"},\"thumbnailUrl\":\"https:\\\/\\\/kibrisdakik.com\\\/wp-content\\\/uploads\\\/2024\\\/05\\\/is-kazasi14-740x420.jpg\",\"articleSection\":[\"G\u00fcndem\"],\"inLanguage\":\"tr\",\"potentialAction\":[{\"@type\":\"CommentAction\",\"name\":\"Comment\",\"target\":[\"https:\\\/\\\/kibrisdakik.com\\\/?p=40606#respond\"]}]},{\"@type\":\"WebPage\",\"@id\":\"https:\\\/\\\/kibrisdakik.com\\\/?p=40606\",\"url\":\"https:\\\/\\\/kibrisdakik.com\\\/?p=40606\",\"name\":\"Polis haberleri\u2026 Bir otel in\u015faat\u0131nda \u00e7al\u0131\u015fan Ahmet Ezer iki metre y\u00fckseklikten d\u00fc\u015ft\u00fc -\",\"isPartOf\":{\"@id\":\"https:\\\/\\\/kibrisdakik.com\\\/#website\"},\"primaryImageOfPage\":{\"@id\":\"https:\\\/\\\/kibrisdakik.com\\\/?p=40606#primaryimage\"},\"image\":{\"@id\":\"https:\\\/\\\/kibrisdakik.com\\\/?p=40606#primaryimage\"},\"thumbnailUrl\":\"https:\\\/\\\/kibrisdakik.com\\\/wp-content\\\/uploads\\\/2024\\\/05\\\/is-kazasi14-740x420.jpg\",\"datePublished\":\"2024-05-07T13:01:50+00:00\",\"author\":{\"@id\":\"https:\\\/\\\/kibrisdakik.com\\\/#\\\/schema\\\/person\\\/9cd9d437bbb44f72b73ba127e06d8e79\"},\"breadcrumb\":{\"@id\":\"https:\\\/\\\/kibrisdakik.com\\\/?p=40606#breadcrumb\"},\"inLanguage\":\"tr\",\"potentialAction\":[{\"@type\":\"ReadAction\",\"target\":[\"https:\\\/\\\/kibrisdakik.com\\\/?p=40606\"]}]},{\"@type\":\"ImageObject\",\"inLanguage\":\"tr\",\"@id\":\"https:\\\/\\\/kibrisdakik.com\\\/?p=40606#primaryimage\",\"url\":\"https:\\\/\\\/kibrisdakik.com\\\/wp-content\\\/uploads\\\/2024\\\/05\\\/is-kazasi14-740x420.jpg\",\"contentUrl\":\"https:\\\/\\\/kibrisdakik.com\\\/wp-content\\\/uploads\\\/2024\\\/05\\\/is-kazasi14-740x420.jpg\",\"width\":1920,\"height\":1280},{\"@type\":\"BreadcrumbList\",\"@id\":\"https:\\\/\\\/kibrisdakik.com\\\/?p=40606#breadcrumb\",\"itemListElement\":[{\"@type\":\"ListItem\",\"position\":1,\"name\":\"Home\",\"item\":\"https:\\\/\\\/kibrisdakik.com\\\/\"},{\"@type\":\"ListItem\",\"position\":2,\"name\":\"Polis haberleri\u2026 Bir otel in\u015faat\u0131nda \u00e7al\u0131\u015fan Ahmet Ezer iki metre y\u00fckseklikten d\u00fc\u015ft\u00fc\"}]},{\"@type\":\"WebSite\",\"@id\":\"https:\\\/\\\/kibrisdakik.com\\\/#website\",\"url\":\"https:\\\/\\\/kibrisdakik.com\\\/\",\"name\":\"\",\"description\":\"Tam vaktinde haber\",\"potentialAction\":[{\"@type\":\"SearchAction\",\"target\":{\"@type\":\"EntryPoint\",\"urlTemplate\":\"https:\\\/\\\/kibrisdakik.com\\\/?s={search_term_string}\"},\"query-input\":{\"@type\":\"PropertyValueSpecification\",\"valueRequired\":true,\"valueName\":\"search_term_string\"}}],\"inLanguage\":\"tr\"},{\"@type\":\"Person\",\"@id\":\"https:\\\/\\\/kibrisdakik.com\\\/#\\\/schema\\\/person\\\/9cd9d437bbb44f72b73ba127e06d8e79\",\"name\":\"admin\",\"image\":{\"@type\":\"ImageObject\",\"inLanguage\":\"tr\",\"@id\":\"https:\\\/\\\/secure.gravatar.com\\\/avatar\\\/ccc17943b9d660506c869530f897617f7cb1c21a4bf30023f252596d83e1f007?s=96&d=mm&r=g\",\"url\":\"https:\\\/\\\/secure.gravatar.com\\\/avatar\\\/ccc17943b9d660506c869530f897617f7cb1c21a4bf30023f252596d83e1f007?s=96&d=mm&r=g\",\"contentUrl\":\"https:\\\/\\\/secure.gravatar.com\\\/avatar\\\/ccc17943b9d660506c869530f897617f7cb1c21a4bf30023f252596d83e1f007?s=96&d=mm&r=g\",\"caption\":\"admin\"},\"sameAs\":[\"https:\\\/\\\/kibrisdakik.com\"],\"url\":\"https:\\\/\\\/kibrisdakik.com\\\/?author=1\"}]}<\/script>\n<!-- \/ Yoast SEO plugin. -->","yoast_head_json":{"title":"Polis haberleri\u2026 Bir otel in\u015faat\u0131nda \u00e7al\u0131\u015fan Ahmet Ezer iki metre y\u00fckseklikten d\u00fc\u015ft\u00fc -","robots":{"index":"index","follow":"follow","max-snippet":"max-snippet:-1","max-image-preview":"max-image-preview:large","max-video-preview":"max-video-preview:-1"},"canonical":"https:\/\/kibrisdakik.com\/?p=40606","og_locale":"tr_TR","og_type":"article","og_title":"Polis haberleri\u2026 Bir otel in\u015faat\u0131nda \u00e7al\u0131\u015fan Ahmet Ezer iki metre y\u00fckseklikten d\u00fc\u015ft\u00fc -","og_description":"\u00c7atalk\u00f6y\u2019de d\u00fcn bir otel in\u015faat\u0131nda \u00e7al\u0131\u015fan 21 ya\u015f\u0131ndaki Ahmet Ezer, yakla\u015f\u0131k iki metre y\u00fckseklikten d\u00fc\u015ferek, her iki ayak topu\u011funu k\u0131rd\u0131. Polis Bas\u0131n Subayl\u0131\u011f\u0131\u2019ndan yap\u0131lan a\u00e7\u0131klamaya g\u00f6re, yap\u0131m\u0131 devam eden bir otel in\u015faat\u0131nda kal\u0131p\u00e7\u0131 olarak \u00e7al\u0131\u015fan Ahmet Ezer, kolon \u00fczerinde kal\u0131p \u00e7akt\u0131\u011f\u0131 s\u0131rada dengesini kaybederek, yakla\u015f\u0131k iki metre y\u00fckseklikten zemine d\u00fc\u015fmesi sonucu yaraland\u0131. Ezer, kald\u0131r\u0131ld\u0131\u011f\u0131 Girne","og_url":"https:\/\/kibrisdakik.com\/?p=40606","article_published_time":"2024-05-07T13:01:50+00:00","og_image":[{"width":1920,"height":1280,"url":"https:\/\/kibrisdakik.com\/wp-content\/uploads\/2024\/05\/is-kazasi14-740x420.jpg","type":"image\/jpeg"}],"author":"admin","twitter_card":"summary_large_image","twitter_misc":{"Yazan:":"admin","Tahmini okuma s\u00fcresi":"2 dakika"},"schema":{"@context":"https:\/\/schema.org","@graph":[{"@type":"Article","@id":"https:\/\/kibrisdakik.com\/?p=40606#article","isPartOf":{"@id":"https:\/\/kibrisdakik.com\/?p=40606"},"author":{"name":"admin","@id":"https:\/\/kibrisdakik.com\/#\/schema\/person\/9cd9d437bbb44f72b73ba127e06d8e79"},"headline":"Polis haberleri\u2026 Bir otel in\u015faat\u0131nda \u00e7al\u0131\u015fan Ahmet Ezer iki metre y\u00fckseklikten d\u00fc\u015ft\u00fc","datePublished":"2024-05-07T13:01:50+00:00","mainEntityOfPage":{"@id":"https:\/\/kibrisdakik.com\/?p=40606"},"wordCount":326,"commentCount":0,"image":{"@id":"https:\/\/kibrisdakik.com\/?p=40606#primaryimage"},"thumbnailUrl":"https:\/\/kibrisdakik.com\/wp-content\/uploads\/2024\/05\/is-kazasi14-740x420.jpg","articleSection":["G\u00fcndem"],"inLanguage":"tr","potentialAction":[{"@type":"CommentAction","name":"Comment","target":["https:\/\/kibrisdakik.com\/?p=40606#respond"]}]},{"@type":"WebPage","@id":"https:\/\/kibrisdakik.com\/?p=40606","url":"https:\/\/kibrisdakik.com\/?p=40606","name":"Polis haberleri\u2026 Bir otel in\u015faat\u0131nda \u00e7al\u0131\u015fan Ahmet Ezer iki metre y\u00fckseklikten d\u00fc\u015ft\u00fc -","isPartOf":{"@id":"https:\/\/kibrisdakik.com\/#website"},"primaryImageOfPage":{"@id":"https:\/\/kibrisdakik.com\/?p=40606#primaryimage"},"image":{"@id":"https:\/\/kibrisdakik.com\/?p=40606#primaryimage"},"thumbnailUrl":"https:\/\/kibrisdakik.com\/wp-content\/uploads\/2024\/05\/is-kazasi14-740x420.jpg","datePublished":"2024-05-07T13:01:50+00:00","author":{"@id":"https:\/\/kibrisdakik.com\/#\/schema\/person\/9cd9d437bbb44f72b73ba127e06d8e79"},"breadcrumb":{"@id":"https:\/\/kibrisdakik.com\/?p=40606#breadcrumb"},"inLanguage":"tr","potentialAction":[{"@type":"ReadAction","target":["https:\/\/kibrisdakik.com\/?p=40606"]}]},{"@type":"ImageObject","inLanguage":"tr","@id":"https:\/\/kibrisdakik.com\/?p=40606#primaryimage","url":"https:\/\/kibrisdakik.com\/wp-content\/uploads\/2024\/05\/is-kazasi14-740x420.jpg","contentUrl":"https:\/\/kibrisdakik.com\/wp-content\/uploads\/2024\/05\/is-kazasi14-740x420.jpg","width":1920,"height":1280},{"@type":"BreadcrumbList","@id":"https:\/\/kibrisdakik.com\/?p=40606#breadcrumb","itemListElement":[{"@type":"ListItem","position":1,"name":"Home","item":"https:\/\/kibrisdakik.com\/"},{"@type":"ListItem","position":2,"name":"Polis haberleri\u2026 Bir otel in\u015faat\u0131nda \u00e7al\u0131\u015fan Ahmet Ezer iki metre y\u00fckseklikten d\u00fc\u015ft\u00fc"}]},{"@type":"WebSite","@id":"https:\/\/kibrisdakik.com\/#website","url":"https:\/\/kibrisdakik.com\/","name":"","description":"Tam vaktinde haber","potentialAction":[{"@type":"SearchAction","target":{"@type":"EntryPoint","urlTemplate":"https:\/\/kibrisdakik.com\/?s={search_term_string}"},"query-input":{"@type":"PropertyValueSpecification","valueRequired":true,"valueName":"search_term_string"}}],"inLanguage":"tr"},{"@type":"Person","@id":"https:\/\/kibrisdakik.com\/#\/schema\/person\/9cd9d437bbb44f72b73ba127e06d8e79","name":"admin","image":{"@type":"ImageObject","inLanguage":"tr","@id":"https:\/\/secure.gravatar.com\/avatar\/ccc17943b9d660506c869530f897617f7cb1c21a4bf30023f252596d83e1f007?s=96&d=mm&r=g","url":"https:\/\/secure.gravatar.com\/avatar\/ccc17943b9d660506c869530f897617f7cb1c21a4bf30023f252596d83e1f007?s=96&d=mm&r=g","contentUrl":"https:\/\/secure.gravatar.com\/avatar\/ccc17943b9d660506c869530f897617f7cb1c21a4bf30023f252596d83e1f007?s=96&d=mm&r=g","caption":"admin"},"sameAs":["https:\/\/kibrisdakik.com"],"url":"https:\/\/kibrisdakik.com\/?author=1"}]}},"_links":{"self":[{"href":"https:\/\/kibrisdakik.com\/index.php?rest_route=\/wp\/v2\/posts\/40606","targetHints":{"allow":["GET"]}}],"collection":[{"href":"https:\/\/kibrisdakik.com\/index.php?rest_route=\/wp\/v2\/posts"}],"about":[{"href":"https:\/\/kibrisdakik.com\/index.php?rest_route=\/wp\/v2\/types\/post"}],"author":[{"embeddable":true,"href":"https:\/\/kibrisdakik.com\/index.php?rest_route=\/wp\/v2\/users\/1"}],"replies":[{"embeddable":true,"href":"https:\/\/kibrisdakik.com\/index.php?rest_route=%2Fwp%2Fv2%2Fcomments&post=40606"}],"version-history":[{"count":0,"href":"https:\/\/kibrisdakik.com\/index.php?rest_route=\/wp\/v2\/posts\/40606\/revisions"}],"wp:featuredmedia":[{"embeddable":true,"href":"https:\/\/kibrisdakik.com\/index.php?rest_route=\/wp\/v2\/media\/40607"}],"wp:attachment":[{"href":"https:\/\/kibrisdakik.com\/index.php?rest_route=%2Fwp%2Fv2%2Fmedia&parent=40606"}],"wp:term":[{"taxonomy":"category","embeddable":true,"href":"https:\/\/kibrisdakik.com\/index.php?rest_route=%2Fwp%2Fv2%2Fcategories&post=40606"},{"taxonomy":"post_tag","embeddable":true,"href":"https:\/\/kibrisdakik.com\/index.php?rest_route=%2Fwp%2Fv2%2Ftags&post=40606"}],"curies":[{"name":"wp","href":"https:\/\/api.w.org\/{rel}","templated":true}]}}