{"id":40612,"date":"2024-05-07T13:55:17","date_gmt":"2024-05-07T13:55:17","guid":{"rendered":"https:\/\/kibrisdakik.com\/index.php\/2024\/05\/07\/buyukelci-feyzioglunu-ziyaret-etti\/"},"modified":"2024-05-07T13:55:17","modified_gmt":"2024-05-07T13:55:17","slug":"buyukelci-feyzioglunu-ziyaret-etti","status":"publish","type":"post","link":"https:\/\/kibrisdakik.com\/?p=40612","title":{"rendered":"B\u00fcy\u00fckel\u00e7i Feyzio\u011flu\u2019nu ziyaret etti"},"content":{"rendered":"<p><img decoding=\"async\" src=\"https:\/\/www.kibristurk.com\/images\/haberler\/2024\/05\/buyukelci-feyzioglunu-ziyaret-etti-1715087111.webp\" \/><\/p>\n<p>B\u00fcy\u00fckel\u00e7i Feyzio\u011flu, 6-10 May\u0131s tarihleri aras\u0131nda d\u00fczenlenen anma program\u0131 kapsam\u0131nda \u00e7e\u015fitli temaslarda bulunan yakla\u015f\u0131k 50 ki\u015filik heyeti, T\u00fcrkiye Cumhuriyeti B\u00fcy\u00fckel\u00e7ilik Konutu\u2019nda kabul etti.&nbsp;<\/p>\n<p>Kabulde, B\u00fcy\u00fckel\u00e7i Feyzio\u011flu\u2019nun konu\u015fmas\u0131n\u0131n ard\u0131ndan s\u00f6z alan gaziler an\u0131lar\u0131n\u0131 payla\u015ft\u0131.&nbsp;<\/p>\n<p>&#8211; \u201cK\u0131br\u0131s T\u00fcrk\u00fc hi\u00e7bir zaman az\u0131nl\u0131k olmayacakt\u0131r ve asimile edilmeyecektir\u201d<\/p>\n<p>B\u00fcy\u00fckel\u00e7i Feyzio\u011flu, kabulde yapt\u0131\u011f\u0131 konu\u015fmada, bug\u00fcn b\u00f6yle bir heyeti B\u00fcy\u00fckel\u00e7ilikte a\u011f\u0131rlamaktan duydu\u011fu \u015ferefi ifade ederek, heyet i\u00e7erisinde tarihin ak\u0131\u015f\u0131n\u0131 de\u011fi\u015ftiren askerler ve komutanlar oldu\u011funa dikkat \u00e7ekti, varl\u0131klar\u0131n\u0131n her zaman kendilerine gurur ve g\u00fcven verdi\u011fini kaydetti.&nbsp;<\/p>\n<p>\u201cBug\u00fcn e\u011fer T\u00fcrkiye Cumhuriyeti olarak d\u00fcnyan\u0131n say\u0131l\u0131 g\u00fc\u00e7lerinden biri haline geldiysek, sadece b\u00f6lgemizde de\u011fil, d\u00fcnyada T\u00fcrkiye s\u00f6z sahibi ise ve&nbsp; bu b\u00f6lgede emperyal g\u00fc\u00e7ler kendi kendilerine oyun kuram\u0131yorsa, sizin K\u0131br\u0131s adas\u0131nda yapt\u0131\u011f\u0131n\u0131z fedakarl\u0131klar\u0131n, y\u00fcr\u00fctt\u00fc\u011f\u00fcn\u00fcz m\u00fccadelenin ve g\u00f6reviniz burada sona erdikten devam ettirdi\u011finiz faaliyetlerinizin \u00e7ok b\u00fcy\u00fck etkisi ve katk\u0131s\u0131 vard\u0131r.\u201d diyen Feyzio\u011flu, temsil etti\u011fi T\u00fcrkiye Cumhuriyeti ad\u0131na te\u015fekk\u00fcrlerini iletti.<\/p>\n<p>K\u0131br\u0131s adas\u0131nda 50 y\u0131ld\u0131r bar\u0131\u015f oldu\u011funu ve bu bar\u0131\u015f\u0131n mimarlar\u0131n\u0131n Mehmet\u00e7ik ve m\u00fccahit oldu\u011funu belirten Feyzio\u011flu, \u201cArt\u0131k bar\u0131\u015f istiyoruz.\u201d sloganlar\u0131 atanlar\u0131n ge\u00e7mi\u015f y\u0131llar\u0131 hat\u0131rlamas\u0131, K\u0131br\u0131s T\u00fcrklerinin katledildi\u011fi \u00f6l\u00fcm \u00e7ukurlar\u0131n\u0131 g\u00f6rmesi ve \u015fehitlikleri gezmesi gerekti\u011fini kaydetti.&nbsp;<\/p>\n<p>Feyzio\u011flu, \u201cK\u0131br\u0131s T\u00fcrk\u00fc adada asli unsurdur. T\u00fcrk milletinin asli unsurudur. Bu adada K\u0131br\u0131s T\u00fcrk\u00fc her zaman vard\u0131r, kurucudur. Hi\u00e7bir zaman az\u0131nl\u0131k olmayacakt\u0131r ve asimile edilemeyecektir.\u201d diye konu\u015ftu.<\/p>\n<p>\u201cK\u0131br\u0131s meselesi\u201d ifadesine de de\u011finen Feyzio\u011flu, K\u0131br\u0131s\u2019\u0131n kendileri i\u00e7in bir mesele olmad\u0131\u011f\u0131n\u0131, meselelerin insanlar\u0131 yordu\u011funu, K\u0131br\u0131s\u2019\u0131n T\u00fcrkiye i\u00e7in bir milli dava oldu\u011funu vurgulad\u0131.<\/p>\n<p>&#8211; \u201c1983&#8217;ten bu yana da KKTC sonsuzlu\u011fa do\u011fru yelkenlerini a\u00e7m\u0131\u015ft\u0131r ve her g\u00fcn bir ba\u015far\u0131ya do\u011fru ko\u015fmaktad\u0131r\u201d<\/p>\n<p>B\u00fcy\u00fckel\u00e7i Feyzio\u011flu, yeni nesillere de tarihi anlatman\u0131n,&nbsp; yap\u0131lanlar\u0131 ve \u00e7ekilenleri t\u00fcm objektifli\u011fiyle aktarman\u0131n milli m\u00fccadelenin bir par\u00e7as\u0131 oldu\u011funu kaydetti.<\/p>\n<p>KKTC ve T\u00fcrkiye Cumhuriyeti\u2019nin savundu\u011fu siyasete dikkat \u00e7ekerek, K\u0131br\u0131s adas\u0131nda iki egemen devlet oldu\u011funa ve bu devletlerin uluslararas\u0131 e\u015fit stat\u00fcye sahip olmas\u0131 gerekti\u011fine i\u015faret eden Feyzio\u011flu, KKTC\u2019nin bir devlet oldu\u011funu, g\u00fcneydeki Rum y\u00f6netiminin de devletle\u015fmesinin adadaki ger\u00e7ekleri kabul etmesinden ge\u00e7ti\u011fini belirtti.&nbsp;<\/p>\n<p>K\u0131br\u0131s T\u00fcrklerinin \u00f6nce \u0130ngiliz \u0130mparatorlu\u011fu&#8217;nun s\u00f6m\u00fcrge idaresinde bayraklar\u0131n\u0131, milletlerini milli ve manevi de\u011ferlerini \u00e7ok az destekle korudu\u011funu ve ard\u0131ndan Rumlar\u0131n devletlerini gasp ettiklerinde K\u0131br\u0131s T\u00fcrk y\u00f6netimini kurarak devletle\u015ftiklerini ve bu devletin Mutlu Bar\u0131\u015f Harekat\u0131\u2019yla kal\u0131c\u0131 hale geldi\u011fini s\u00f6yleyen Feyzio\u011flu, \u201c1983&#8217;ten bu yana da KKTC sonsuzlu\u011fa do\u011fru yelkenlerini a\u00e7m\u0131\u015ft\u0131r ve her g\u00fcn bir ba\u015far\u0131ya do\u011fru ko\u015fmaktad\u0131r. Bunlar sizin sayenizdedir.\u201d ifadelerini kulland\u0131.<\/p>\n<p>B\u00fcy\u00fckel\u00e7i Feyzio\u011flu, \u015fehitleri ve hayatlar\u0131n\u0131 kaybeden gazileri rahmetle anarak, hayatta olanlara uzun, sa\u011fl\u0131kl\u0131 \u00f6m\u00fcrler diledi.&nbsp;<\/p>\n<p>Ard\u0131ndan gaziler ve \u015fehit ailelerden olu\u015fan heyet ve Feyzio\u011flu, B\u00fcy\u00fckel\u00e7ilik konutu \u00f6n\u00fcnde an\u0131 foto\u011fraf\u0131 \u00e7ekti.<\/p>\n","protected":false},"excerpt":{"rendered":"<p>B\u00fcy\u00fckel\u00e7i Feyzio\u011flu, 6-10 May\u0131s tarihleri aras\u0131nda d\u00fczenlenen anma program\u0131 kapsam\u0131nda \u00e7e\u015fitli temaslarda bulunan yakla\u015f\u0131k 50 ki\u015filik heyeti, T\u00fcrkiye Cumhuriyeti B\u00fcy\u00fckel\u00e7ilik Konutu\u2019nda kabul etti.&nbsp; Kabulde, B\u00fcy\u00fckel\u00e7i Feyzio\u011flu\u2019nun konu\u015fmas\u0131n\u0131n ard\u0131ndan s\u00f6z alan gaziler an\u0131lar\u0131n\u0131 payla\u015ft\u0131.&nbsp; &#8211; \u201cK\u0131br\u0131s T\u00fcrk\u00fc hi\u00e7bir zaman az\u0131nl\u0131k olmayacakt\u0131r ve asimile edilmeyecektir\u201d B\u00fcy\u00fckel\u00e7i Feyzio\u011flu, kabulde yapt\u0131\u011f\u0131 konu\u015fmada, bug\u00fcn b\u00f6yle bir heyeti B\u00fcy\u00fckel\u00e7ilikte a\u011f\u0131rlamaktan duydu\u011fu<\/p>\n","protected":false},"author":1,"featured_media":40613,"comment_status":"open","ping_status":"open","sticky":false,"template":"","format":"standard","meta":{"footnotes":""},"categories":[79],"tags":[],"class_list":["post-40612","post","type-post","status-publish","format-standard","has-post-thumbnail","hentry","category-ekonomi"],"yoast_head":"<!-- This site is optimized with the Yoast SEO plugin v28.4 - https:\/\/yoast.com\/product\/yoast-seo-wordpress\/ -->\n<title>B\u00fcy\u00fckel\u00e7i Feyzio\u011flu\u2019nu ziyaret etti -<\/title>\n<meta name=\"robots\" content=\"index, follow, max-snippet:-1, max-image-preview:large, max-video-preview:-1\" \/>\n<link rel=\"canonical\" href=\"https:\/\/kibrisdakik.com\/?p=40612\" \/>\n<meta property=\"og:locale\" content=\"tr_TR\" \/>\n<meta property=\"og:type\" content=\"article\" \/>\n<meta property=\"og:title\" content=\"B\u00fcy\u00fckel\u00e7i Feyzio\u011flu\u2019nu ziyaret etti -\" \/>\n<meta property=\"og:description\" content=\"B\u00fcy\u00fckel\u00e7i Feyzio\u011flu, 6-10 May\u0131s tarihleri aras\u0131nda d\u00fczenlenen anma program\u0131 kapsam\u0131nda \u00e7e\u015fitli temaslarda bulunan yakla\u015f\u0131k 50 ki\u015filik heyeti, T\u00fcrkiye Cumhuriyeti B\u00fcy\u00fckel\u00e7ilik Konutu\u2019nda kabul etti.&nbsp; Kabulde, B\u00fcy\u00fckel\u00e7i Feyzio\u011flu\u2019nun konu\u015fmas\u0131n\u0131n ard\u0131ndan s\u00f6z alan gaziler an\u0131lar\u0131n\u0131 payla\u015ft\u0131.&nbsp; &#8211; \u201cK\u0131br\u0131s T\u00fcrk\u00fc hi\u00e7bir zaman az\u0131nl\u0131k olmayacakt\u0131r ve asimile edilmeyecektir\u201d B\u00fcy\u00fckel\u00e7i Feyzio\u011flu, kabulde yapt\u0131\u011f\u0131 konu\u015fmada, bug\u00fcn b\u00f6yle bir heyeti B\u00fcy\u00fckel\u00e7ilikte a\u011f\u0131rlamaktan duydu\u011fu\" \/>\n<meta property=\"og:url\" content=\"https:\/\/kibrisdakik.com\/?p=40612\" \/>\n<meta property=\"article:published_time\" content=\"2024-05-07T13:55:17+00:00\" \/>\n<meta property=\"og:image\" content=\"https:\/\/kibrisdakik.com\/wp-content\/uploads\/2024\/05\/buyukelci-feyzioglunu-ziyaret-etti-1715087111.webp.webp\" \/>\n\t<meta property=\"og:image:width\" content=\"710\" \/>\n\t<meta property=\"og:image:height\" content=\"370\" \/>\n\t<meta property=\"og:image:type\" content=\"image\/webp\" \/>\n<meta name=\"author\" content=\"admin\" \/>\n<meta name=\"twitter:card\" content=\"summary_large_image\" \/>\n<meta name=\"twitter:label1\" content=\"Yazan:\" \/>\n\t<meta name=\"twitter:data1\" content=\"admin\" \/>\n\t<meta name=\"twitter:label2\" content=\"Tahmini okuma s\u00fcresi\" \/>\n\t<meta name=\"twitter:data2\" content=\"3 dakika\" \/>\n<script type=\"application\/ld+json\" class=\"yoast-schema-graph\">{\"@context\":\"https:\\\/\\\/schema.org\",\"@graph\":[{\"@type\":\"Article\",\"@id\":\"https:\\\/\\\/kibrisdakik.com\\\/?p=40612#article\",\"isPartOf\":{\"@id\":\"https:\\\/\\\/kibrisdakik.com\\\/?p=40612\"},\"author\":{\"name\":\"admin\",\"@id\":\"https:\\\/\\\/kibrisdakik.com\\\/#\\\/schema\\\/person\\\/9cd9d437bbb44f72b73ba127e06d8e79\"},\"headline\":\"B\u00fcy\u00fckel\u00e7i Feyzio\u011flu\u2019nu ziyaret etti\",\"datePublished\":\"2024-05-07T13:55:17+00:00\",\"mainEntityOfPage\":{\"@id\":\"https:\\\/\\\/kibrisdakik.com\\\/?p=40612\"},\"wordCount\":648,\"commentCount\":0,\"publisher\":{\"@id\":\"https:\\\/\\\/kibrisdakik.com\\\/#organization\"},\"image\":{\"@id\":\"https:\\\/\\\/kibrisdakik.com\\\/?p=40612#primaryimage\"},\"thumbnailUrl\":\"https:\\\/\\\/kibrisdakik.com\\\/wp-content\\\/uploads\\\/2024\\\/05\\\/buyukelci-feyzioglunu-ziyaret-etti-1715087111.webp.webp\",\"articleSection\":[\"Ekonomi\"],\"inLanguage\":\"tr\",\"potentialAction\":[{\"@type\":\"CommentAction\",\"name\":\"Comment\",\"target\":[\"https:\\\/\\\/kibrisdakik.com\\\/?p=40612#respond\"]}]},{\"@type\":\"WebPage\",\"@id\":\"https:\\\/\\\/kibrisdakik.com\\\/?p=40612\",\"url\":\"https:\\\/\\\/kibrisdakik.com\\\/?p=40612\",\"name\":\"B\u00fcy\u00fckel\u00e7i Feyzio\u011flu\u2019nu ziyaret etti -\",\"isPartOf\":{\"@id\":\"https:\\\/\\\/kibrisdakik.com\\\/#website\"},\"primaryImageOfPage\":{\"@id\":\"https:\\\/\\\/kibrisdakik.com\\\/?p=40612#primaryimage\"},\"image\":{\"@id\":\"https:\\\/\\\/kibrisdakik.com\\\/?p=40612#primaryimage\"},\"thumbnailUrl\":\"https:\\\/\\\/kibrisdakik.com\\\/wp-content\\\/uploads\\\/2024\\\/05\\\/buyukelci-feyzioglunu-ziyaret-etti-1715087111.webp.webp\",\"datePublished\":\"2024-05-07T13:55:17+00:00\",\"breadcrumb\":{\"@id\":\"https:\\\/\\\/kibrisdakik.com\\\/?p=40612#breadcrumb\"},\"inLanguage\":\"tr\",\"potentialAction\":[{\"@type\":\"ReadAction\",\"target\":[\"https:\\\/\\\/kibrisdakik.com\\\/?p=40612\"]}]},{\"@type\":\"ImageObject\",\"inLanguage\":\"tr\",\"@id\":\"https:\\\/\\\/kibrisdakik.com\\\/?p=40612#primaryimage\",\"url\":\"https:\\\/\\\/kibrisdakik.com\\\/wp-content\\\/uploads\\\/2024\\\/05\\\/buyukelci-feyzioglunu-ziyaret-etti-1715087111.webp.webp\",\"contentUrl\":\"https:\\\/\\\/kibrisdakik.com\\\/wp-content\\\/uploads\\\/2024\\\/05\\\/buyukelci-feyzioglunu-ziyaret-etti-1715087111.webp.webp\",\"width\":710,\"height\":370},{\"@type\":\"BreadcrumbList\",\"@id\":\"https:\\\/\\\/kibrisdakik.com\\\/?p=40612#breadcrumb\",\"itemListElement\":[{\"@type\":\"ListItem\",\"position\":1,\"name\":\"Home\",\"item\":\"https:\\\/\\\/kibrisdakik.com\\\/\"},{\"@type\":\"ListItem\",\"position\":2,\"name\":\"B\u00fcy\u00fckel\u00e7i Feyzio\u011flu\u2019nu ziyaret etti\"}]},{\"@type\":\"WebSite\",\"@id\":\"https:\\\/\\\/kibrisdakik.com\\\/#website\",\"url\":\"https:\\\/\\\/kibrisdakik.com\\\/\",\"name\":\"K\u0131br\u0131s Dakik\",\"description\":\"Tam vaktinde haber\",\"publisher\":{\"@id\":\"https:\\\/\\\/kibrisdakik.com\\\/#organization\"},\"potentialAction\":[{\"@type\":\"SearchAction\",\"target\":{\"@type\":\"EntryPoint\",\"urlTemplate\":\"https:\\\/\\\/kibrisdakik.com\\\/?s={search_term_string}\"},\"query-input\":{\"@type\":\"PropertyValueSpecification\",\"valueRequired\":true,\"valueName\":\"search_term_string\"}}],\"inLanguage\":\"tr\"},{\"@type\":\"Organization\",\"@id\":\"https:\\\/\\\/kibrisdakik.com\\\/#organization\",\"name\":\"K\u0131br\u0131s Dakik\",\"url\":\"https:\\\/\\\/kibrisdakik.com\\\/\",\"logo\":{\"@type\":\"ImageObject\",\"inLanguage\":\"tr\",\"@id\":\"https:\\\/\\\/kibrisdakik.com\\\/#\\\/schema\\\/logo\\\/image\\\/\",\"url\":\"https:\\\/\\\/kibrisdakik.com\\\/wp-content\\\/uploads\\\/2025\\\/10\\\/cropped-WhatsApp-Image-2025-10-02-at-12.58.31.jpeg\",\"contentUrl\":\"https:\\\/\\\/kibrisdakik.com\\\/wp-content\\\/uploads\\\/2025\\\/10\\\/cropped-WhatsApp-Image-2025-10-02-at-12.58.31.jpeg\",\"width\":1237,\"height\":190,\"caption\":\"K\u0131br\u0131s Dakik\"},\"image\":{\"@id\":\"https:\\\/\\\/kibrisdakik.com\\\/#\\\/schema\\\/logo\\\/image\\\/\"}},{\"@type\":\"Person\",\"@id\":\"https:\\\/\\\/kibrisdakik.com\\\/#\\\/schema\\\/person\\\/9cd9d437bbb44f72b73ba127e06d8e79\",\"name\":\"admin\",\"image\":{\"@type\":\"ImageObject\",\"inLanguage\":\"tr\",\"@id\":\"https:\\\/\\\/secure.gravatar.com\\\/avatar\\\/ccc17943b9d660506c869530f897617f7cb1c21a4bf30023f252596d83e1f007?s=96&d=mm&r=g\",\"url\":\"https:\\\/\\\/secure.gravatar.com\\\/avatar\\\/ccc17943b9d660506c869530f897617f7cb1c21a4bf30023f252596d83e1f007?s=96&d=mm&r=g\",\"contentUrl\":\"https:\\\/\\\/secure.gravatar.com\\\/avatar\\\/ccc17943b9d660506c869530f897617f7cb1c21a4bf30023f252596d83e1f007?s=96&d=mm&r=g\",\"caption\":\"admin\"},\"sameAs\":[\"https:\\\/\\\/kibrisdakik.com\"],\"url\":\"https:\\\/\\\/kibrisdakik.com\\\/?author=1\"}]}<\/script>\n<!-- \/ Yoast SEO plugin. -->","yoast_head_json":{"title":"B\u00fcy\u00fckel\u00e7i Feyzio\u011flu\u2019nu ziyaret etti -","robots":{"index":"index","follow":"follow","max-snippet":"max-snippet:-1","max-image-preview":"max-image-preview:large","max-video-preview":"max-video-preview:-1"},"canonical":"https:\/\/kibrisdakik.com\/?p=40612","og_locale":"tr_TR","og_type":"article","og_title":"B\u00fcy\u00fckel\u00e7i Feyzio\u011flu\u2019nu ziyaret etti -","og_description":"B\u00fcy\u00fckel\u00e7i Feyzio\u011flu, 6-10 May\u0131s tarihleri aras\u0131nda d\u00fczenlenen anma program\u0131 kapsam\u0131nda \u00e7e\u015fitli temaslarda bulunan yakla\u015f\u0131k 50 ki\u015filik heyeti, T\u00fcrkiye Cumhuriyeti B\u00fcy\u00fckel\u00e7ilik Konutu\u2019nda kabul etti.&nbsp; Kabulde, B\u00fcy\u00fckel\u00e7i Feyzio\u011flu\u2019nun konu\u015fmas\u0131n\u0131n ard\u0131ndan s\u00f6z alan gaziler an\u0131lar\u0131n\u0131 payla\u015ft\u0131.&nbsp; &#8211; \u201cK\u0131br\u0131s T\u00fcrk\u00fc hi\u00e7bir zaman az\u0131nl\u0131k olmayacakt\u0131r ve asimile edilmeyecektir\u201d B\u00fcy\u00fckel\u00e7i Feyzio\u011flu, kabulde yapt\u0131\u011f\u0131 konu\u015fmada, bug\u00fcn b\u00f6yle bir heyeti B\u00fcy\u00fckel\u00e7ilikte a\u011f\u0131rlamaktan duydu\u011fu","og_url":"https:\/\/kibrisdakik.com\/?p=40612","article_published_time":"2024-05-07T13:55:17+00:00","og_image":[{"width":710,"height":370,"url":"https:\/\/kibrisdakik.com\/wp-content\/uploads\/2024\/05\/buyukelci-feyzioglunu-ziyaret-etti-1715087111.webp.webp","type":"image\/webp"}],"author":"admin","twitter_card":"summary_large_image","twitter_misc":{"Yazan:":"admin","Tahmini okuma s\u00fcresi":"3 dakika"},"schema":{"@context":"https:\/\/schema.org","@graph":[{"@type":"Article","@id":"https:\/\/kibrisdakik.com\/?p=40612#article","isPartOf":{"@id":"https:\/\/kibrisdakik.com\/?p=40612"},"author":{"name":"admin","@id":"https:\/\/kibrisdakik.com\/#\/schema\/person\/9cd9d437bbb44f72b73ba127e06d8e79"},"headline":"B\u00fcy\u00fckel\u00e7i Feyzio\u011flu\u2019nu ziyaret etti","datePublished":"2024-05-07T13:55:17+00:00","mainEntityOfPage":{"@id":"https:\/\/kibrisdakik.com\/?p=40612"},"wordCount":648,"commentCount":0,"publisher":{"@id":"https:\/\/kibrisdakik.com\/#organization"},"image":{"@id":"https:\/\/kibrisdakik.com\/?p=40612#primaryimage"},"thumbnailUrl":"https:\/\/kibrisdakik.com\/wp-content\/uploads\/2024\/05\/buyukelci-feyzioglunu-ziyaret-etti-1715087111.webp.webp","articleSection":["Ekonomi"],"inLanguage":"tr","potentialAction":[{"@type":"CommentAction","name":"Comment","target":["https:\/\/kibrisdakik.com\/?p=40612#respond"]}]},{"@type":"WebPage","@id":"https:\/\/kibrisdakik.com\/?p=40612","url":"https:\/\/kibrisdakik.com\/?p=40612","name":"B\u00fcy\u00fckel\u00e7i Feyzio\u011flu\u2019nu ziyaret etti -","isPartOf":{"@id":"https:\/\/kibrisdakik.com\/#website"},"primaryImageOfPage":{"@id":"https:\/\/kibrisdakik.com\/?p=40612#primaryimage"},"image":{"@id":"https:\/\/kibrisdakik.com\/?p=40612#primaryimage"},"thumbnailUrl":"https:\/\/kibrisdakik.com\/wp-content\/uploads\/2024\/05\/buyukelci-feyzioglunu-ziyaret-etti-1715087111.webp.webp","datePublished":"2024-05-07T13:55:17+00:00","breadcrumb":{"@id":"https:\/\/kibrisdakik.com\/?p=40612#breadcrumb"},"inLanguage":"tr","potentialAction":[{"@type":"ReadAction","target":["https:\/\/kibrisdakik.com\/?p=40612"]}]},{"@type":"ImageObject","inLanguage":"tr","@id":"https:\/\/kibrisdakik.com\/?p=40612#primaryimage","url":"https:\/\/kibrisdakik.com\/wp-content\/uploads\/2024\/05\/buyukelci-feyzioglunu-ziyaret-etti-1715087111.webp.webp","contentUrl":"https:\/\/kibrisdakik.com\/wp-content\/uploads\/2024\/05\/buyukelci-feyzioglunu-ziyaret-etti-1715087111.webp.webp","width":710,"height":370},{"@type":"BreadcrumbList","@id":"https:\/\/kibrisdakik.com\/?p=40612#breadcrumb","itemListElement":[{"@type":"ListItem","position":1,"name":"Home","item":"https:\/\/kibrisdakik.com\/"},{"@type":"ListItem","position":2,"name":"B\u00fcy\u00fckel\u00e7i Feyzio\u011flu\u2019nu ziyaret etti"}]},{"@type":"WebSite","@id":"https:\/\/kibrisdakik.com\/#website","url":"https:\/\/kibrisdakik.com\/","name":"K\u0131br\u0131s Dakik","description":"Tam vaktinde haber","publisher":{"@id":"https:\/\/kibrisdakik.com\/#organization"},"potentialAction":[{"@type":"SearchAction","target":{"@type":"EntryPoint","urlTemplate":"https:\/\/kibrisdakik.com\/?s={search_term_string}"},"query-input":{"@type":"PropertyValueSpecification","valueRequired":true,"valueName":"search_term_string"}}],"inLanguage":"tr"},{"@type":"Organization","@id":"https:\/\/kibrisdakik.com\/#organization","name":"K\u0131br\u0131s Dakik","url":"https:\/\/kibrisdakik.com\/","logo":{"@type":"ImageObject","inLanguage":"tr","@id":"https:\/\/kibrisdakik.com\/#\/schema\/logo\/image\/","url":"https:\/\/kibrisdakik.com\/wp-content\/uploads\/2025\/10\/cropped-WhatsApp-Image-2025-10-02-at-12.58.31.jpeg","contentUrl":"https:\/\/kibrisdakik.com\/wp-content\/uploads\/2025\/10\/cropped-WhatsApp-Image-2025-10-02-at-12.58.31.jpeg","width":1237,"height":190,"caption":"K\u0131br\u0131s Dakik"},"image":{"@id":"https:\/\/kibrisdakik.com\/#\/schema\/logo\/image\/"}},{"@type":"Person","@id":"https:\/\/kibrisdakik.com\/#\/schema\/person\/9cd9d437bbb44f72b73ba127e06d8e79","name":"admin","image":{"@type":"ImageObject","inLanguage":"tr","@id":"https:\/\/secure.gravatar.com\/avatar\/ccc17943b9d660506c869530f897617f7cb1c21a4bf30023f252596d83e1f007?s=96&d=mm&r=g","url":"https:\/\/secure.gravatar.com\/avatar\/ccc17943b9d660506c869530f897617f7cb1c21a4bf30023f252596d83e1f007?s=96&d=mm&r=g","contentUrl":"https:\/\/secure.gravatar.com\/avatar\/ccc17943b9d660506c869530f897617f7cb1c21a4bf30023f252596d83e1f007?s=96&d=mm&r=g","caption":"admin"},"sameAs":["https:\/\/kibrisdakik.com"],"url":"https:\/\/kibrisdakik.com\/?author=1"}]}},"_links":{"self":[{"href":"https:\/\/kibrisdakik.com\/index.php?rest_route=\/wp\/v2\/posts\/40612","targetHints":{"allow":["GET"]}}],"collection":[{"href":"https:\/\/kibrisdakik.com\/index.php?rest_route=\/wp\/v2\/posts"}],"about":[{"href":"https:\/\/kibrisdakik.com\/index.php?rest_route=\/wp\/v2\/types\/post"}],"author":[{"embeddable":true,"href":"https:\/\/kibrisdakik.com\/index.php?rest_route=\/wp\/v2\/users\/1"}],"replies":[{"embeddable":true,"href":"https:\/\/kibrisdakik.com\/index.php?rest_route=%2Fwp%2Fv2%2Fcomments&post=40612"}],"version-history":[{"count":0,"href":"https:\/\/kibrisdakik.com\/index.php?rest_route=\/wp\/v2\/posts\/40612\/revisions"}],"wp:featuredmedia":[{"embeddable":true,"href":"https:\/\/kibrisdakik.com\/index.php?rest_route=\/wp\/v2\/media\/40613"}],"wp:attachment":[{"href":"https:\/\/kibrisdakik.com\/index.php?rest_route=%2Fwp%2Fv2%2Fmedia&parent=40612"}],"wp:term":[{"taxonomy":"category","embeddable":true,"href":"https:\/\/kibrisdakik.com\/index.php?rest_route=%2Fwp%2Fv2%2Fcategories&post=40612"},{"taxonomy":"post_tag","embeddable":true,"href":"https:\/\/kibrisdakik.com\/index.php?rest_route=%2Fwp%2Fv2%2Ftags&post=40612"}],"curies":[{"name":"wp","href":"https:\/\/api.w.org\/{rel}","templated":true}]}}