{"id":40618,"date":"2024-05-07T14:47:02","date_gmt":"2024-05-07T14:47:02","guid":{"rendered":"https:\/\/kibrisdakik.com\/index.php\/2024\/05\/07\/mesleki-egitim-ve-yerli-urunler-fuari-acildi\/"},"modified":"2024-05-07T14:47:02","modified_gmt":"2024-05-07T14:47:02","slug":"mesleki-egitim-ve-yerli-urunler-fuari-acildi","status":"publish","type":"post","link":"https:\/\/kibrisdakik.com\/?p=40618","title":{"rendered":"Mesleki E\u011fitim ve Yerli \u00dcr\u00fcnler Fuar\u0131 a\u00e7\u0131ld\u0131"},"content":{"rendered":"<p><img decoding=\"async\" src=\"https:\/\/www.kibristurk.com\/images\/haberler\/2024\/05\/mesleki-egitim-ve-yerli-urunler-fuari-acildi-1715091023.webp\" \/><\/p>\n<p style=\"text-align:left\"><span style=\"font-size:16px\"><span style=\"font-family:Merriweather,serif !important\"><span style=\"color:#000000\"><span style=\"background-color:#ffffff\">Mill\u00ee E\u011fitim Bakanl\u0131\u011f\u0131\u2019na ba\u011fl\u0131 Mesleki Teknik \u00d6\u011fretim Dairesi taraf\u0131ndan organize edilen fuarda 12 meslek lisesi, \u00c7\u0131rakl\u0131k E\u011fitim Merkezi, Ya\u015fam Boyu E\u011fitim Merkezi ve 11 \u00fcniversite, \u00fcr\u00fcn ve \u015fovlar sergileyerek tan\u0131t\u0131m yapacak.<\/span><\/span><\/span><\/span><\/p>\n<p style=\"text-align:left\">&nbsp;<\/p>\n<p style=\"text-align:left\"><span style=\"font-size:16px\"><span style=\"font-family:Merriweather,serif !important\"><span style=\"color:#000000\"><span style=\"background-color:#ffffff\">-Tatar: \u201cS\u00fcrd\u00fcr\u00fclebilir yap\u0131 \u00fczerine kafa yormak gerek\u201d<\/span><\/span><\/span><\/span><\/p>\n<p style=\"text-align:left\"><span style=\"font-size:16px\"><span style=\"font-family:Merriweather,serif !important\"><span style=\"color:#000000\"><span style=\"background-color:#ffffff\">Fuar\u0131n a\u00e7\u0131l\u0131\u015f\u0131nda konu\u015fan Cumhurba\u015fkan\u0131 Ersin Tatar, mesleki teknik e\u011fitimi dijital d\u00f6n\u00fc\u015f\u00fcmle birlikte kullanarak \u201cAday\u0131 nas\u0131l daha s\u00fcrd\u00fcr\u00fclebilir bir yap\u0131ya d\u00f6n\u00fc\u015ft\u00fcr\u00fcr\u00fcz\u201d \u00fczerine kafa yormak gerekti\u011fini s\u00f6yledi.<\/span><\/span><\/span><\/span><\/p>\n<p style=\"text-align:left\"><span style=\"font-size:16px\"><span style=\"font-family:Merriweather,serif !important\"><span style=\"color:#000000\"><span style=\"background-color:#ffffff\">Tatar, hayat boyu e\u011fitimin \u00f6nemine de i\u015faret ederek, meslekleri \u015fekillendirme, anlay\u0131\u015flar\u0131 geli\u015ftirme ile birlikte daha verimli olunabilece\u011fini ifade etti.<\/span><\/span><\/span><\/span><\/p>\n<p style=\"text-align:left\"><span style=\"font-size:16px\"><span style=\"font-family:Merriweather,serif !important\"><span style=\"color:#000000\"><span style=\"background-color:#ffffff\">Ara eleman yeti\u015ftirmenin yan\u0131nda ustalar yeti\u015ftirerek yurt insan\u0131n\u0131 do\u011fdu\u011fu topraklara ba\u011flamak istediklerini belirten Tatar, ayn\u0131 zamanda yurt d\u0131\u015f\u0131nda bulunan yeti\u015fmi\u015f K\u0131br\u0131sl\u0131 T\u00fcrkleri de tekrardan vatanlar\u0131na d\u00f6nd\u00fcrmenin yollar\u0131n\u0131n bulunmas\u0131 gerekti\u011fini de s\u00f6zlerine ekledi.<\/span><\/span><\/span><\/span><\/p>\n<p style=\"text-align:left\">&nbsp;<\/p>\n<p style=\"text-align:left\"><span style=\"font-size:16px\"><span style=\"font-family:Merriweather,serif !important\"><span style=\"color:#000000\"><span style=\"background-color:#ffffff\">-T\u00f6re: \u201cGeli\u015fimin s\u00fcrmesi i\u00e7in mesleki e\u011fitim hayati\u201d<\/span><\/span><\/span><\/span><\/p>\n<p style=\"text-align:left\"><span style=\"font-size:16px\"><span style=\"font-family:Merriweather,serif !important\"><span style=\"color:#000000\"><span style=\"background-color:#ffffff\">Cumhuriyet Meclisi Ba\u015fkan\u0131 Zorlu T\u00f6re a\u00e7\u0131l\u0131\u015fta yapt\u0131\u011f\u0131 konu\u015fmada, mesleki e\u011fitim ve yerli \u00fcretimin \u00f6nemini vurgulad\u0131. Bu y\u00f6nde at\u0131lan ad\u0131mlara de\u011finen T\u00f6re, \u00fclkedeki \u00fcretim faaliyetlerine i\u015faret etti. Geli\u015fimin s\u00fcrmesi i\u00e7in mesleki e\u011fitimin hayati oldu\u011funu ifade eden T\u00f6re \u00fclkenin geli\u015fmeye devam etti\u011fini vurgulad\u0131.<\/span><\/span><\/span><\/span><\/p>\n<p style=\"text-align:left\">&nbsp;<\/p>\n<p style=\"text-align:left\"><span style=\"font-size:16px\"><span style=\"font-family:Merriweather,serif !important\"><span style=\"color:#000000\"><span style=\"background-color:#ffffff\">-\u00dcstel: \u201cK\u0131br\u0131s T\u00fcrk\u00fc t\u00fcm izolasyon, bask\u0131 ve olumsuzluklara \u00fcreterek g\u00f6\u011f\u00fcs gerdi\u201d<\/span><\/span><\/span><\/span><\/p>\n<p style=\"text-align:left\"><span style=\"font-size:16px\"><span style=\"font-family:Merriweather,serif !important\"><span style=\"color:#000000\"><span style=\"background-color:#ffffff\">Ba\u015fbakan \u00dcnal \u00dcstel, K\u0131br\u0131s T\u00fcrk\u00fc&#8217;n\u00fcn t\u00fcm izolasyon, bask\u0131 ve olumsuzluklara \u00e7\u00f6z\u00fcm \u00fcreterek g\u00f6\u011f\u00fcs gerdi\u011fini ve ayakta durdu\u011funu ifade ederek, KKTC\u2019nin \u00fcretimde her ge\u00e7en g\u00fcn daha da ileriye gitti\u011fini s\u00f6yledi.<\/span><\/span><\/span><\/span><\/p>\n<p style=\"text-align:left\"><span style=\"font-size:16px\"><span style=\"font-family:Merriweather,serif !important\"><span style=\"color:#000000\"><span style=\"background-color:#ffffff\">\u00dcstel, \u00e7ocuk ve gen\u00e7lere yat\u0131r\u0131m\u0131n \u00f6nemine de i\u015faret etti\u011fi konu\u015fmas\u0131nda, e\u011fitimlerini alan bu gen\u00e7lerin yar\u0131nlarda \u00fclkedeki bir\u00e7ok bo\u015flu\u011fu dolduraca\u011f\u0131n\u0131, ithalat-ihracat dengesinin de sa\u011flanmas\u0131yla birlikte \u00fclkenin daha iyi noktalarda olaca\u011f\u0131n\u0131 kaydetti.<\/span><\/span><\/span><\/span><\/p>\n<p style=\"text-align:left\">&nbsp;<\/p>\n<p style=\"text-align:left\"><span style=\"font-size:16px\"><span style=\"font-family:Merriweather,serif !important\"><span style=\"color:#000000\"><span style=\"background-color:#ffffff\">-Erh\u00fcrman: \u201cVarolu\u015fun en \u00f6nemli unsurlar\u0131ndan biri \u00fcretim\u201d<\/span><\/span><\/span><\/span><\/p>\n<p style=\"text-align:left\">&nbsp;<\/p>\n<p style=\"text-align:left\"><span style=\"font-size:16px\"><span style=\"font-family:Merriweather,serif !important\"><span style=\"color:#000000\"><span style=\"background-color:#ffffff\">Konu\u015fmas\u0131nda \u00fcretimin \u00f6nemine i\u015faret eden CTP Genel Ba\u015fkan\u0131 Tufan Erh\u00fcrman, varolu\u015fun en \u00f6nemli unsurlar\u0131ndan birinin \u00fcretim oldu\u011funu vurgulad\u0131.<\/span><\/span><\/span><\/span><\/p>\n<p style=\"text-align:left\"><span style=\"font-size:16px\"><span style=\"font-family:Merriweather,serif !important\"><span style=\"color:#000000\"><span style=\"background-color:#ffffff\">Ara eleman say\u0131s\u0131n\u0131n y\u0131llard\u0131r arzu edilen noktaya getirilemedi\u011fini anlatan Erh\u00fcrman, mevcut durumun ihtiyac\u0131 kar\u015f\u0131lamad\u0131\u011f\u0131n\u0131 ifade etti.<\/span><\/span><\/span><\/span><\/p>\n<p style=\"text-align:left\"><span style=\"font-size:16px\"><span style=\"font-family:Merriweather,serif !important\"><span style=\"color:#000000\"><span style=\"background-color:#ffffff\">Bunun yabanc\u0131 i\u015f\u00e7ilere ihtiyac\u0131 art\u0131rd\u0131\u011f\u0131n\u0131 dile getiren Erh\u00fcrman, \u201cara eleman\u201d laf\u0131ndan kurtulmak gerekti\u011fini dile getirdi.<\/span><\/span><\/span><\/span><\/p>\n<p style=\"text-align:left\"><span style=\"font-size:16px\"><span style=\"font-family:Merriweather,serif !important\"><span style=\"color:#000000\"><span style=\"background-color:#ffffff\">Ailelerin, \u00e7ocuklar\u0131 meslek sahibi olursa geleceklerinin ayd\u0131nl\u0131k olaca\u011f\u0131na inanmas\u0131 gerekti\u011fini ifade eden Erh\u00fcrman, bu konuda bir kampanyaya ihtiya\u00e7 oldu\u011funu kaydetti.<\/span><\/span><\/span><\/span><\/p>\n<p style=\"text-align:left\"><span style=\"font-size:16px\"><span style=\"font-family:Merriweather,serif !important\"><span style=\"color:#000000\"><span style=\"background-color:#ffffff\">Yerli i\u015f g\u00fcc\u00fcn\u00fc destekleyen politikalara da ihtiya\u00e7 oldu\u011funu ifade eden Erh\u00fcrman, \u201cBu i\u015fler uzun vadeli plan program i\u015fidir\u201d dedi.<\/span><\/span><\/span><\/span><\/p>\n<p style=\"text-align:left\"><span style=\"font-size:16px\"><span style=\"font-family:Merriweather,serif !important\"><span style=\"color:#000000\"><span style=\"background-color:#ffffff\">E\u011fitimde tart\u0131\u015fma yaratman\u0131n bir marifet olmad\u0131\u011f\u0131n\u0131 s\u00f6yleyen Erh\u00fcrman, \u201cMarifet hepimizin y\u00f6netsel s\u00fcre\u00e7lere kat\u0131laca\u011f\u0131 bir mekanizmay\u0131 devreye koymakt\u0131r\u201d diye konu\u015ftu.<\/span><\/span><\/span><\/span><\/p>\n<p style=\"text-align:left\">&nbsp;<\/p>\n<p style=\"text-align:left\"><span style=\"font-size:16px\"><span style=\"font-family:Merriweather,serif !important\"><span style=\"color:#000000\"><span style=\"background-color:#ffffff\">-Atao\u011flu: \u201cYerli ara eleman, i\u015fi bilen, kalifiye i\u015f\u00e7ilere i\u015f yerlerinin sahip \u00e7\u0131kmas\u0131 \u00f6nemli\u201d<\/span><\/span><\/span><\/span><\/p>\n<p style=\"text-align:left\"><span style=\"font-size:16px\"><span style=\"font-family:Merriweather,serif !important\"><span style=\"color:#000000\"><span style=\"background-color:#ffffff\">Ba\u015fbakan Yard\u0131mc\u0131s\u0131, Turizm, K\u00fclt\u00fcr, \u00c7evre ve Gen\u00e7lik Bakan\u0131 Fikri Atao\u011flu, \u00fclke i\u00e7in yerli ara eleman, i\u015fi bilen, kalifiye i\u015f\u00e7ilere i\u015fyerlerinin sahip \u00e7\u0131kmas\u0131n\u0131n \u00f6nemine dikkat \u00e7ekti ve fuara katk\u0131 koyan t\u00fcm kesimlere te\u015fekk\u00fcr etti.<\/span><\/span><\/span><\/span><\/p>\n<p style=\"text-align:left\">&nbsp;<\/p>\n<p style=\"text-align:left\">&nbsp;<\/p>\n<p style=\"text-align:left\"><span style=\"font-size:16px\"><span style=\"font-family:Merriweather,serif !important\"><span style=\"color:#000000\"><span style=\"background-color:#ffffff\">-Amcao\u011flu: \u201cMesleki e\u011fitim odakl\u0131 ilerleme en do\u011fru yol\u201d<\/span><\/span><\/span><\/span><\/p>\n<p style=\"text-align:left\"><span style=\"font-size:16px\"><span style=\"font-family:Merriweather,serif !important\"><span style=\"color:#000000\"><span style=\"background-color:#ffffff\">Ekonomi ve Enerji Bakan\u0131 Olgun Amcao\u011flu, ge\u00e7mi\u015fte E\u011fitim Bakanl\u0131\u011f\u0131 yapt\u0131\u011f\u0131 zamanlarda mesleki e\u011fitime yapt\u0131klar\u0131 katk\u0131lardan ve uygulad\u0131klar\u0131 projelerden bahsederek, yeti\u015fen her ara eleman\u0131n istihdam, be\u015fer\u00ee g\u00fc\u00e7 ve teknolojik geli\u015fimle birlikte ilerleyen zamanlarda \u00fclkenin g\u00fcc\u00fc olaca\u011f\u0131n\u0131 ifade etti.<\/span><\/span><\/span><\/span><\/p>\n<p style=\"text-align:left\"><span style=\"font-size:16px\"><span style=\"font-family:Merriweather,serif !important\"><span style=\"color:#000000\"><span style=\"background-color:#ffffff\">E\u011fitimli i\u015f g\u00fcc\u00fc yeti\u015ftirmenin kolay olmad\u0131\u011f\u0131n\u0131 ve bu konuda ellerinden gelen gayretle desteklemeye devam edeceklerini kaydeden Amcao\u011flu, mesleki e\u011fitim odakl\u0131 ilerlemenin en do\u011fru yol olaca\u011f\u0131n\u0131 ekledi.<\/span><\/span><\/span><\/span><\/p>\n<p style=\"text-align:left\">&nbsp;<\/p>\n<p style=\"text-align:left\"><span style=\"font-size:16px\"><span style=\"font-family:Merriweather,serif !important\"><span style=\"color:#000000\"><span style=\"background-color:#ffffff\">-\u00c7avu\u015fo\u011flu: \u201c\u00dclkenin ayakta kalmas\u0131 i\u00e7in mesleki e\u011fitim hayati\u201d<\/span><\/span><\/span><\/span><\/p>\n<p style=\"text-align:left\"><span style=\"font-size:16px\"><span style=\"font-family:Merriweather,serif !important\"><span style=\"color:#000000\"><span style=\"background-color:#ffffff\">Milli E\u011fitim Bakan\u0131 Naz\u0131m \u00c7avu\u015fo\u011flu, mesleki e\u011fitimin \u00f6neminin bilincinde olduklar\u0131n\u0131, bu y\u00f6nde \u00e7al\u0131\u015fma y\u00fcr\u00fctmekten dolay\u0131 \u00e7ok mutlu olduklar\u0131n\u0131 kaydetti, \u00fclkenin ayakta kalmas\u0131 i\u00e7in mesleki e\u011fitimin hayati oldu\u011funu belirtti.<\/span><\/span><\/span><\/span><\/p>\n<p style=\"text-align:left\"><span style=\"font-size:16px\"><span style=\"font-family:Merriweather,serif !important\"><span style=\"color:#000000\"><span style=\"background-color:#ffffff\">Pandemi d\u00f6neminde ya\u015fanan maske eksikli\u011finde mesleki e\u011fitimin \u00f6neminin bir kez daha ortaya \u00e7\u0131kt\u0131\u011f\u0131n\u0131 dile getiren \u00c7avu\u015fo\u011flu o d\u00f6nem Mesleki Teknik \u00d6\u011fretim Dairesi\u2019nin maske \u00fcretimi yapt\u0131\u011f\u0131n\u0131 an\u0131msatt\u0131.<\/span><\/span><\/span><\/span><\/p>\n<p style=\"text-align:left\"><span style=\"font-size:16px\"><span style=\"font-family:Merriweather,serif !important\"><span style=\"color:#000000\"><span style=\"background-color:#ffffff\">Mesleki e\u011fitimi geli\u015ftirilmek ve meslek e\u011fitimi alanlar\u0131n ger\u00e7ek i\u015flerde \u00e7al\u0131\u015farak piyasaya haz\u0131r hale gelmesini sa\u011flamak i\u00e7in \u00e7al\u0131\u015fmalar\u0131n\u0131 s\u00fcrd\u00fcrd\u00fcklerini kaydeden \u00c7avu\u015fo\u011flu, fuar\u0131n ger\u00e7ekle\u015fmesine katk\u0131da bulunanlara te\u015fekk\u00fcr etti, mesleki e\u011fitime yat\u0131r\u0131m\u0131n \u00fclkenin gelece\u011fine haz\u0131rl\u0131k oldu\u011funu belirtti.<\/span><\/span><\/span><\/span><\/p>\n<p style=\"text-align:left\"><span style=\"font-size:16px\"><span style=\"font-family:Merriweather,serif !important\"><span style=\"color:#000000\"><span style=\"background-color:#ffffff\">\u00c7avu\u015fo\u011flu, \u201c\u00dclkenin daha iyi olmas\u0131 i\u00e7in tart\u0131\u015fma yaratmaya, i\u015f yapmaya\u201d devam edeceklerini kaydetti.<\/span><\/span><\/span><\/span><\/p>\n<p style=\"text-align:left\">&nbsp;<\/p>\n<p style=\"text-align:left\"><span style=\"font-size:16px\"><span style=\"font-family:Merriweather,serif !important\"><span style=\"color:#000000\"><span style=\"background-color:#ffffff\">-Hocan\u0131n: \u201cFuar geni\u015f kat\u0131l\u0131ml\u0131 olacak\u201d<\/span><\/span><\/span><\/span><\/p>\n<p style=\"text-align:left\">&nbsp;<\/p>\n<p style=\"text-align:left\"><span style=\"font-size:16px\"><span style=\"font-family:Merriweather,serif !important\"><span style=\"color:#000000\"><span style=\"background-color:#ffffff\">Mesleki Teknik \u00d6\u011fretim Dairesi M\u00fcd\u00fcr\u00fc G\u00fcl\u015fen Hocan\u0131n, Atat\u00fcrk\u2019\u00fcn mesleki e\u011fitim ve meslek se\u00e7imine verdi\u011fi \u00f6neme at\u0131fta bulunarak, geni\u015f kat\u0131l\u0131ml\u0131 ger\u00e7ekle\u015fecek fuarda \u00f6\u011frencilerin hem okulda hem kendi evlerinde \u00fcrettiklerini sergileme f\u0131rsat\u0131 sunaca\u011f\u0131n\u0131 aktard\u0131.<\/span><\/span><\/span><\/span><\/p>\n<p style=\"text-align:left\"><span style=\"font-size:16px\"><span style=\"font-family:Merriweather,serif !important\"><span style=\"color:#000000\"><span style=\"background-color:#ffffff\">Hocan\u0131n, fuar\u0131n g\u00fczellik ve bak\u0131mdan unutulmaya y\u00fcz tutmu\u015f mesleklere kadar bir\u00e7ok konuya ev sahipli\u011fi yapaca\u011f\u0131n\u0131 belirterek fuar i\u00e7in emek ve destek veren t\u00fcm kesimlere te\u015fekk\u00fcr etti.<\/span><\/span><\/span><\/span><\/p>\n<p style=\"text-align:left\">&nbsp;<\/p>\n<p style=\"text-align:left\"><span style=\"font-size:16px\"><span style=\"font-family:Merriweather,serif !important\"><span style=\"color:#000000\"><span style=\"background-color:#ffffff\">-Tulga: \u201cMesleki e\u011fitim kalk\u0131nma, geli\u015fme, katma de\u011fer, f\u0131rsat e\u015fitli\u011fi demek\u201d<\/span><\/span><\/span><\/span><\/p>\n<p style=\"text-align:left\"><span style=\"font-size:16px\"><span style=\"font-family:Merriweather,serif !important\"><span style=\"color:#000000\"><span style=\"background-color:#ffffff\">Mesleki e\u011fitimin kalk\u0131nma, geli\u015fme, katma de\u011fer, f\u0131rsat e\u015fitli\u011fi anlam\u0131na geldi\u011fini ifade eden K\u0131br\u0131s T\u00fcrk Esnaf ve Zanaatkarlar Odas\u0131 Koordinat\u00f6r\u00fc H\u00fcrrem Tulga, \u00e7\u0131rakl\u0131k e\u011fitimi ve belgelendirmesi konusunda yapt\u0131klar\u0131 \u00e7al\u0131\u015fmalara de\u011findi.<\/span><\/span><\/span><\/span><\/p>\n<p style=\"text-align:left\"><span style=\"font-size:16px\"><span style=\"font-family:Merriweather,serif !important\"><span style=\"color:#000000\"><span style=\"background-color:#ffffff\">Tulga, meslek de\u011fi\u015ftirmek ve meslek edinmek isteyen 18 ya\u015f \u00fcst\u00fc ki\u015filer i\u00e7in y\u00fcr\u00fct\u00fclen \u00e7al\u0131\u015fmalar hakk\u0131nda da bilgi vererek bu projelerinin ve bu etkinli\u011fin hayata ge\u00e7mesine katk\u0131 koyanlara te\u015fekk\u00fcr etti.<\/span><\/span><\/span><\/span><\/p>\n<p style=\"text-align:left\">&nbsp;<\/p>\n<p style=\"text-align:left\"><span style=\"font-size:16px\"><span style=\"font-family:Merriweather,serif !important\"><span style=\"color:#000000\"><span style=\"background-color:#ffffff\">-Kamac\u0131o\u011flu: \u201cMesleki e\u011fitim \u00fclkede s\u00fcreklilik demek\u201d<\/span><\/span><\/span><\/span><\/p>\n<p style=\"text-align:left\">&nbsp;<\/p>\n<p style=\"text-align:left\"><span style=\"font-size:16px\"><span style=\"font-family:Merriweather,serif !important\"><span style=\"color:#000000\"><span style=\"background-color:#ffffff\">K\u0131br\u0131s T\u00fcrk Sanayi Odas\u0131 (KTSO) Ba\u015fkan\u0131 Ali Kamac\u0131o\u011flu da, mesleki e\u011fitimin \u00fclkede s\u00fcreklilik anlam\u0131na geldi\u011fini s\u00f6yledi.<\/span><\/span><\/span><\/span><\/p>\n<p style=\"text-align:left\"><span style=\"font-size:16px\"><span style=\"font-family:Merriweather,serif !important\"><span style=\"color:#000000\"><span style=\"background-color:#ffffff\">Her mezun olan \u00e7ocu\u011fun \u00fclke \u00fcretimine katk\u0131 koyan ba\u015far\u0131l\u0131 bir insan oldu\u011funu dile getiren Kamac\u0131o\u011flu, fuar\u0131n organizasyonunda katk\u0131s\u0131 bulunanlara te\u015fekk\u00fcr etti.<\/span><\/span><\/span><\/span><\/p>\n<p style=\"text-align:left\">&nbsp;<\/p>\n<p style=\"text-align:left\"><span style=\"font-size:16px\"><span style=\"font-family:Merriweather,serif !important\"><span style=\"color:#000000\"><span style=\"background-color:#ffffff\">-Deniz: \u201cMesleki e\u011fitimin geli\u015fmesine katk\u0131 sa\u011flamaya devam edece\u011fiz\u201d<\/span><\/span><\/span><\/span><\/p>\n<p style=\"text-align:left\"><span style=\"font-size:16px\"><span style=\"font-family:Merriweather,serif !important\"><span style=\"color:#000000\"><span style=\"background-color:#ffffff\">K\u0131br\u0131s T\u00fcrk Ticaret Odas\u0131 (KTTO) Ba\u015fkan\u0131 Turgay Deniz ise KTTO olarak b\u00f6ylesi g\u00fczel bir organizasyonun payda\u015f\u0131 olmaktan duydu\u011fu memnuniyeti ifade etti.<\/span><\/span><\/span><\/span><\/p>\n<p style=\"text-align:left\"><span style=\"font-size:16px\"><span style=\"font-family:Merriweather,serif !important\"><span style=\"color:#000000\"><span style=\"background-color:#ffffff\">Artan k\u00fcresel rekabet ve bilgi toplumuna ge\u00e7i\u015fin yaratt\u0131\u011f\u0131 de\u011fi\u015fime i\u015faret eden Deniz, bu geli\u015fmelere ve sekt\u00f6rlerin ihtiya\u00e7lar\u0131na uygun \u015fekilde, nitelikli i\u015f g\u00fcc\u00fc yeti\u015ftirilmesinin elzem oldu\u011funu kaydetti.<\/span><\/span><\/span><\/span><\/p>\n<p style=\"text-align:left\"><span style=\"font-size:16px\"><span style=\"font-family:Merriweather,serif !important\"><span style=\"color:#000000\"><span style=\"background-color:#ffffff\">Bu bak\u0131mdan mesleki e\u011fitimin b\u00fcy\u00fck \u00f6nem ta\u015f\u0131d\u0131\u011f\u0131n\u0131 dile getiren Deniz, bu alandaki i\u015f birli\u011finin yarataca\u011f\u0131 katk\u0131y\u0131 vurgulad\u0131.<\/span><\/span><\/span><\/span><\/p>\n<p style=\"text-align:left\"><span style=\"font-size:16px\"><span style=\"font-family:Merriweather,serif !important\"><span style=\"color:#000000\"><span style=\"background-color:#ffffff\">Bu fuar\u0131n da i\u015f birli\u011fi ad\u0131na \u00e7ok de\u011ferli oldu\u011funu kaydeden Deniz, KTTO olarak mesleki e\u011fitimin geli\u015fmesine katk\u0131 sa\u011flamaya devam edeceklerini s\u00f6yledi.<\/span><\/span><\/span><\/span><\/p>\n<p style=\"text-align:left\"><span style=\"font-size:16px\"><span style=\"font-family:Merriweather,serif !important\"><span style=\"color:#000000\"><span style=\"background-color:#ffffff\">Konu\u015fmalar\u0131n ard\u0131ndan etkinli\u011fin hayata ge\u00e7mesine katk\u0131 sa\u011flayanlara te\u015fekk\u00fcr belgesi takdim edildi.&nbsp;<\/span><\/span><\/span><\/span><\/p>\n<p style=\"text-align:left\">&nbsp;<\/p>\n<p style=\"text-align:left\"><span style=\"font-size:16px\"><span style=\"font-family:Merriweather,serif !important\"><span style=\"color:#000000\"><span style=\"background-color:#ffffff\">-KTOE\u00d6S &#8220;\u015fok eylem&#8221; yapt\u0131<\/span><\/span><\/span><\/span><\/p>\n<p style=\"text-align:left\"><span style=\"font-size:16px\"><span style=\"font-family:Merriweather,serif !important\"><span style=\"color:#000000\"><span style=\"background-color:#ffffff\">\u00d6te yandan K\u0131br\u0131s T\u00fcrk Orta E\u011fitim \u00d6\u011fretmenler Sendikas\u0131 (KTOE\u00d6S), a\u00e7\u0131l\u0131\u015f t\u00f6renin yap\u0131ld\u0131\u011f\u0131 binan\u0131n \u00f6n\u00fcnde &#8220;\u015fok eylem&#8221; yapt\u0131. Aralar\u0131nda KTOE\u00d6S Ba\u015fkan\u0131 Selma Eylem\u2019in de bulundu\u011fu eylemciler, davul \u00e7ald\u0131, \u201cM\u00fcd\u00fcr yok, muavin yok, g\u00fcvenlik yok, b\u00fct\u00e7e yok, nitelik yok, \u015fov \u00e7ok\u201d yaz\u0131l\u0131 pankart a\u00e7t\u0131.<\/span><\/span><\/span><\/span><\/p>\n<p style=\"text-align:left\">&nbsp;<\/p>\n<p style=\"text-align:left\"><span style=\"font-size:16px\"><span style=\"font-family:Merriweather,serif !important\"><span style=\"color:#000000\"><span style=\"background-color:#ffffff\">-Fuar 9 May\u0131s\u2019a kadar s\u00fcrecek<\/span><\/span><\/span><\/span><\/p>\n<p style=\"text-align:left\"><span style=\"font-size:16px\"><span style=\"font-family:Merriweather,serif !important\"><span style=\"color:#000000\"><span style=\"background-color:#ffffff\">K\u0131br\u0131s T\u00fcrk Esnaf ve Zanaatkarlar Odas\u0131, K\u0131br\u0131s T\u00fcrk Ticaret Odas\u0131, K\u0131br\u0131s T\u00fcrk Sanayi Odas\u0131, K\u0131br\u0131s T\u00fcrk Otelciler Birli\u011fi, K\u0131br\u0131s T\u00fcrk Elektrik M\u00fcteahhitleri Birli\u011fi, \u00c7\u0131rakl\u0131k E\u011fitim Merkezi, \u00fcniversiteler ve meslek liselerinin i\u015f birli\u011fiyle d\u00fczenlenen fuarda El Sanatlar\u0131 Kooperatifi, K\u0131rsal kalk\u0131nma Kad\u0131n Kooperatifi (4K Koop) ve K\u0131br\u0131s T\u00fcrk Giri\u015fimci Kad\u0131nlar Derne\u011fi (G\u0130KAD) de yer al\u0131yor.<\/span><\/span><\/span><\/span><\/p>\n<p style=\"text-align:left\"><span style=\"font-size:16px\"><span style=\"font-family:Merriweather,serif !important\"><span style=\"color:#000000\"><span style=\"background-color:#ffffff\">Bug\u00fcn ba\u015flayan ve 9 May\u0131s Per\u015fembe g\u00fcn\u00fcne kadar s\u00fcrecek fuar\u0131n organizasyonuna; K\u0131br\u0131s Vak\u0131flar \u0130daresi, Lefko\u015fa T\u00fcrk Belediyesi, G\u00f6nyeli-Alayk\u00f6y Belediyesi, Girne Belediyesi, Gazima\u011fusa Belediyesi, \u00c7atalk\u00f6y Belediyesi, Lapta-Alsancak Belediyesi, Dikmen Belediyesi, G\u00fczelyurt Belediyesi katk\u0131da bulundu.<\/span><\/span><\/span><\/span><\/p>\n<p style=\"text-align:left\"><span style=\"font-size:16px\"><span style=\"font-family:Merriweather,serif !important\"><span style=\"color:#000000\"><span style=\"background-color:#ffffff\">Etkinli\u011fin sosyal medya ileti\u015fimi Telsim, t\u00fcm tasar\u0131m i\u015fleri de Magic Touch taraf\u0131ndan kar\u015f\u0131land\u0131.<\/span><\/span><\/span><\/span><\/p>\n","protected":false},"excerpt":{"rendered":"<p>Mill\u00ee E\u011fitim Bakanl\u0131\u011f\u0131\u2019na ba\u011fl\u0131 Mesleki Teknik \u00d6\u011fretim Dairesi taraf\u0131ndan organize edilen fuarda 12 meslek lisesi, \u00c7\u0131rakl\u0131k E\u011fitim Merkezi, Ya\u015fam Boyu E\u011fitim Merkezi ve 11 \u00fcniversite, \u00fcr\u00fcn ve \u015fovlar sergileyerek tan\u0131t\u0131m yapacak. &nbsp; -Tatar: \u201cS\u00fcrd\u00fcr\u00fclebilir yap\u0131 \u00fczerine kafa yormak gerek\u201d Fuar\u0131n a\u00e7\u0131l\u0131\u015f\u0131nda konu\u015fan Cumhurba\u015fkan\u0131 Ersin Tatar, mesleki teknik e\u011fitimi dijital d\u00f6n\u00fc\u015f\u00fcmle birlikte kullanarak \u201cAday\u0131 nas\u0131l daha<\/p>\n","protected":false},"author":1,"featured_media":40619,"comment_status":"open","ping_status":"open","sticky":false,"template":"","format":"standard","meta":{"footnotes":""},"categories":[85],"tags":[],"class_list":["post-40618","post","type-post","status-publish","format-standard","has-post-thumbnail","hentry","category-spor"],"yoast_head":"<!-- This site is optimized with the Yoast SEO plugin v27.5 - https:\/\/yoast.com\/product\/yoast-seo-wordpress\/ -->\n<title>Mesleki E\u011fitim ve Yerli \u00dcr\u00fcnler Fuar\u0131 a\u00e7\u0131ld\u0131 -<\/title>\n<meta name=\"robots\" content=\"index, follow, max-snippet:-1, max-image-preview:large, max-video-preview:-1\" \/>\n<link rel=\"canonical\" href=\"https:\/\/kibrisdakik.com\/?p=40618\" \/>\n<meta property=\"og:locale\" content=\"tr_TR\" \/>\n<meta property=\"og:type\" content=\"article\" \/>\n<meta property=\"og:title\" content=\"Mesleki E\u011fitim ve Yerli \u00dcr\u00fcnler Fuar\u0131 a\u00e7\u0131ld\u0131 -\" \/>\n<meta property=\"og:description\" content=\"Mill\u00ee E\u011fitim Bakanl\u0131\u011f\u0131\u2019na ba\u011fl\u0131 Mesleki Teknik \u00d6\u011fretim Dairesi taraf\u0131ndan organize edilen fuarda 12 meslek lisesi, \u00c7\u0131rakl\u0131k E\u011fitim Merkezi, Ya\u015fam Boyu E\u011fitim Merkezi ve 11 \u00fcniversite, \u00fcr\u00fcn ve \u015fovlar sergileyerek tan\u0131t\u0131m yapacak. &nbsp; -Tatar: \u201cS\u00fcrd\u00fcr\u00fclebilir yap\u0131 \u00fczerine kafa yormak gerek\u201d Fuar\u0131n a\u00e7\u0131l\u0131\u015f\u0131nda konu\u015fan Cumhurba\u015fkan\u0131 Ersin Tatar, mesleki teknik e\u011fitimi dijital d\u00f6n\u00fc\u015f\u00fcmle birlikte kullanarak \u201cAday\u0131 nas\u0131l daha\" \/>\n<meta property=\"og:url\" content=\"https:\/\/kibrisdakik.com\/?p=40618\" \/>\n<meta property=\"article:published_time\" content=\"2024-05-07T14:47:02+00:00\" \/>\n<meta property=\"og:image\" content=\"https:\/\/kibrisdakik.com\/wp-content\/uploads\/2024\/05\/mesleki-egitim-ve-yerli-urunler-fuari-acildi-1715091023.webp.webp\" \/>\n\t<meta property=\"og:image:width\" content=\"710\" \/>\n\t<meta property=\"og:image:height\" content=\"370\" \/>\n\t<meta property=\"og:image:type\" content=\"image\/webp\" \/>\n<meta name=\"author\" content=\"admin\" \/>\n<meta name=\"twitter:card\" content=\"summary_large_image\" \/>\n<meta name=\"twitter:label1\" content=\"Yazan:\" \/>\n\t<meta name=\"twitter:data1\" content=\"admin\" \/>\n\t<meta name=\"twitter:label2\" content=\"Tahmini okuma s\u00fcresi\" \/>\n\t<meta name=\"twitter:data2\" content=\"8 dakika\" \/>\n<script type=\"application\/ld+json\" class=\"yoast-schema-graph\">{\"@context\":\"https:\\\/\\\/schema.org\",\"@graph\":[{\"@type\":\"Article\",\"@id\":\"https:\\\/\\\/kibrisdakik.com\\\/?p=40618#article\",\"isPartOf\":{\"@id\":\"https:\\\/\\\/kibrisdakik.com\\\/?p=40618\"},\"author\":{\"name\":\"admin\",\"@id\":\"https:\\\/\\\/kibrisdakik.com\\\/#\\\/schema\\\/person\\\/9cd9d437bbb44f72b73ba127e06d8e79\"},\"headline\":\"Mesleki E\u011fitim ve Yerli \u00dcr\u00fcnler Fuar\u0131 a\u00e7\u0131ld\u0131\",\"datePublished\":\"2024-05-07T14:47:02+00:00\",\"mainEntityOfPage\":{\"@id\":\"https:\\\/\\\/kibrisdakik.com\\\/?p=40618\"},\"wordCount\":1535,\"commentCount\":0,\"image\":{\"@id\":\"https:\\\/\\\/kibrisdakik.com\\\/?p=40618#primaryimage\"},\"thumbnailUrl\":\"https:\\\/\\\/kibrisdakik.com\\\/wp-content\\\/uploads\\\/2024\\\/05\\\/mesleki-egitim-ve-yerli-urunler-fuari-acildi-1715091023.webp.webp\",\"articleSection\":[\"Spor\"],\"inLanguage\":\"tr\",\"potentialAction\":[{\"@type\":\"CommentAction\",\"name\":\"Comment\",\"target\":[\"https:\\\/\\\/kibrisdakik.com\\\/?p=40618#respond\"]}]},{\"@type\":\"WebPage\",\"@id\":\"https:\\\/\\\/kibrisdakik.com\\\/?p=40618\",\"url\":\"https:\\\/\\\/kibrisdakik.com\\\/?p=40618\",\"name\":\"Mesleki E\u011fitim ve Yerli \u00dcr\u00fcnler Fuar\u0131 a\u00e7\u0131ld\u0131 -\",\"isPartOf\":{\"@id\":\"https:\\\/\\\/kibrisdakik.com\\\/#website\"},\"primaryImageOfPage\":{\"@id\":\"https:\\\/\\\/kibrisdakik.com\\\/?p=40618#primaryimage\"},\"image\":{\"@id\":\"https:\\\/\\\/kibrisdakik.com\\\/?p=40618#primaryimage\"},\"thumbnailUrl\":\"https:\\\/\\\/kibrisdakik.com\\\/wp-content\\\/uploads\\\/2024\\\/05\\\/mesleki-egitim-ve-yerli-urunler-fuari-acildi-1715091023.webp.webp\",\"datePublished\":\"2024-05-07T14:47:02+00:00\",\"author\":{\"@id\":\"https:\\\/\\\/kibrisdakik.com\\\/#\\\/schema\\\/person\\\/9cd9d437bbb44f72b73ba127e06d8e79\"},\"breadcrumb\":{\"@id\":\"https:\\\/\\\/kibrisdakik.com\\\/?p=40618#breadcrumb\"},\"inLanguage\":\"tr\",\"potentialAction\":[{\"@type\":\"ReadAction\",\"target\":[\"https:\\\/\\\/kibrisdakik.com\\\/?p=40618\"]}]},{\"@type\":\"ImageObject\",\"inLanguage\":\"tr\",\"@id\":\"https:\\\/\\\/kibrisdakik.com\\\/?p=40618#primaryimage\",\"url\":\"https:\\\/\\\/kibrisdakik.com\\\/wp-content\\\/uploads\\\/2024\\\/05\\\/mesleki-egitim-ve-yerli-urunler-fuari-acildi-1715091023.webp.webp\",\"contentUrl\":\"https:\\\/\\\/kibrisdakik.com\\\/wp-content\\\/uploads\\\/2024\\\/05\\\/mesleki-egitim-ve-yerli-urunler-fuari-acildi-1715091023.webp.webp\",\"width\":710,\"height\":370},{\"@type\":\"BreadcrumbList\",\"@id\":\"https:\\\/\\\/kibrisdakik.com\\\/?p=40618#breadcrumb\",\"itemListElement\":[{\"@type\":\"ListItem\",\"position\":1,\"name\":\"Home\",\"item\":\"https:\\\/\\\/kibrisdakik.com\\\/\"},{\"@type\":\"ListItem\",\"position\":2,\"name\":\"Mesleki E\u011fitim ve Yerli \u00dcr\u00fcnler Fuar\u0131 a\u00e7\u0131ld\u0131\"}]},{\"@type\":\"WebSite\",\"@id\":\"https:\\\/\\\/kibrisdakik.com\\\/#website\",\"url\":\"https:\\\/\\\/kibrisdakik.com\\\/\",\"name\":\"\",\"description\":\"Tam vaktinde haber\",\"potentialAction\":[{\"@type\":\"SearchAction\",\"target\":{\"@type\":\"EntryPoint\",\"urlTemplate\":\"https:\\\/\\\/kibrisdakik.com\\\/?s={search_term_string}\"},\"query-input\":{\"@type\":\"PropertyValueSpecification\",\"valueRequired\":true,\"valueName\":\"search_term_string\"}}],\"inLanguage\":\"tr\"},{\"@type\":\"Person\",\"@id\":\"https:\\\/\\\/kibrisdakik.com\\\/#\\\/schema\\\/person\\\/9cd9d437bbb44f72b73ba127e06d8e79\",\"name\":\"admin\",\"image\":{\"@type\":\"ImageObject\",\"inLanguage\":\"tr\",\"@id\":\"https:\\\/\\\/secure.gravatar.com\\\/avatar\\\/ccc17943b9d660506c869530f897617f7cb1c21a4bf30023f252596d83e1f007?s=96&d=mm&r=g\",\"url\":\"https:\\\/\\\/secure.gravatar.com\\\/avatar\\\/ccc17943b9d660506c869530f897617f7cb1c21a4bf30023f252596d83e1f007?s=96&d=mm&r=g\",\"contentUrl\":\"https:\\\/\\\/secure.gravatar.com\\\/avatar\\\/ccc17943b9d660506c869530f897617f7cb1c21a4bf30023f252596d83e1f007?s=96&d=mm&r=g\",\"caption\":\"admin\"},\"sameAs\":[\"https:\\\/\\\/kibrisdakik.com\"],\"url\":\"https:\\\/\\\/kibrisdakik.com\\\/?author=1\"}]}<\/script>\n<!-- \/ Yoast SEO plugin. -->","yoast_head_json":{"title":"Mesleki E\u011fitim ve Yerli \u00dcr\u00fcnler Fuar\u0131 a\u00e7\u0131ld\u0131 -","robots":{"index":"index","follow":"follow","max-snippet":"max-snippet:-1","max-image-preview":"max-image-preview:large","max-video-preview":"max-video-preview:-1"},"canonical":"https:\/\/kibrisdakik.com\/?p=40618","og_locale":"tr_TR","og_type":"article","og_title":"Mesleki E\u011fitim ve Yerli \u00dcr\u00fcnler Fuar\u0131 a\u00e7\u0131ld\u0131 -","og_description":"Mill\u00ee E\u011fitim Bakanl\u0131\u011f\u0131\u2019na ba\u011fl\u0131 Mesleki Teknik \u00d6\u011fretim Dairesi taraf\u0131ndan organize edilen fuarda 12 meslek lisesi, \u00c7\u0131rakl\u0131k E\u011fitim Merkezi, Ya\u015fam Boyu E\u011fitim Merkezi ve 11 \u00fcniversite, \u00fcr\u00fcn ve \u015fovlar sergileyerek tan\u0131t\u0131m yapacak. &nbsp; -Tatar: \u201cS\u00fcrd\u00fcr\u00fclebilir yap\u0131 \u00fczerine kafa yormak gerek\u201d Fuar\u0131n a\u00e7\u0131l\u0131\u015f\u0131nda konu\u015fan Cumhurba\u015fkan\u0131 Ersin Tatar, mesleki teknik e\u011fitimi dijital d\u00f6n\u00fc\u015f\u00fcmle birlikte kullanarak \u201cAday\u0131 nas\u0131l daha","og_url":"https:\/\/kibrisdakik.com\/?p=40618","article_published_time":"2024-05-07T14:47:02+00:00","og_image":[{"width":710,"height":370,"url":"https:\/\/kibrisdakik.com\/wp-content\/uploads\/2024\/05\/mesleki-egitim-ve-yerli-urunler-fuari-acildi-1715091023.webp.webp","type":"image\/webp"}],"author":"admin","twitter_card":"summary_large_image","twitter_misc":{"Yazan:":"admin","Tahmini okuma s\u00fcresi":"8 dakika"},"schema":{"@context":"https:\/\/schema.org","@graph":[{"@type":"Article","@id":"https:\/\/kibrisdakik.com\/?p=40618#article","isPartOf":{"@id":"https:\/\/kibrisdakik.com\/?p=40618"},"author":{"name":"admin","@id":"https:\/\/kibrisdakik.com\/#\/schema\/person\/9cd9d437bbb44f72b73ba127e06d8e79"},"headline":"Mesleki E\u011fitim ve Yerli \u00dcr\u00fcnler Fuar\u0131 a\u00e7\u0131ld\u0131","datePublished":"2024-05-07T14:47:02+00:00","mainEntityOfPage":{"@id":"https:\/\/kibrisdakik.com\/?p=40618"},"wordCount":1535,"commentCount":0,"image":{"@id":"https:\/\/kibrisdakik.com\/?p=40618#primaryimage"},"thumbnailUrl":"https:\/\/kibrisdakik.com\/wp-content\/uploads\/2024\/05\/mesleki-egitim-ve-yerli-urunler-fuari-acildi-1715091023.webp.webp","articleSection":["Spor"],"inLanguage":"tr","potentialAction":[{"@type":"CommentAction","name":"Comment","target":["https:\/\/kibrisdakik.com\/?p=40618#respond"]}]},{"@type":"WebPage","@id":"https:\/\/kibrisdakik.com\/?p=40618","url":"https:\/\/kibrisdakik.com\/?p=40618","name":"Mesleki E\u011fitim ve Yerli \u00dcr\u00fcnler Fuar\u0131 a\u00e7\u0131ld\u0131 -","isPartOf":{"@id":"https:\/\/kibrisdakik.com\/#website"},"primaryImageOfPage":{"@id":"https:\/\/kibrisdakik.com\/?p=40618#primaryimage"},"image":{"@id":"https:\/\/kibrisdakik.com\/?p=40618#primaryimage"},"thumbnailUrl":"https:\/\/kibrisdakik.com\/wp-content\/uploads\/2024\/05\/mesleki-egitim-ve-yerli-urunler-fuari-acildi-1715091023.webp.webp","datePublished":"2024-05-07T14:47:02+00:00","author":{"@id":"https:\/\/kibrisdakik.com\/#\/schema\/person\/9cd9d437bbb44f72b73ba127e06d8e79"},"breadcrumb":{"@id":"https:\/\/kibrisdakik.com\/?p=40618#breadcrumb"},"inLanguage":"tr","potentialAction":[{"@type":"ReadAction","target":["https:\/\/kibrisdakik.com\/?p=40618"]}]},{"@type":"ImageObject","inLanguage":"tr","@id":"https:\/\/kibrisdakik.com\/?p=40618#primaryimage","url":"https:\/\/kibrisdakik.com\/wp-content\/uploads\/2024\/05\/mesleki-egitim-ve-yerli-urunler-fuari-acildi-1715091023.webp.webp","contentUrl":"https:\/\/kibrisdakik.com\/wp-content\/uploads\/2024\/05\/mesleki-egitim-ve-yerli-urunler-fuari-acildi-1715091023.webp.webp","width":710,"height":370},{"@type":"BreadcrumbList","@id":"https:\/\/kibrisdakik.com\/?p=40618#breadcrumb","itemListElement":[{"@type":"ListItem","position":1,"name":"Home","item":"https:\/\/kibrisdakik.com\/"},{"@type":"ListItem","position":2,"name":"Mesleki E\u011fitim ve Yerli \u00dcr\u00fcnler Fuar\u0131 a\u00e7\u0131ld\u0131"}]},{"@type":"WebSite","@id":"https:\/\/kibrisdakik.com\/#website","url":"https:\/\/kibrisdakik.com\/","name":"","description":"Tam vaktinde haber","potentialAction":[{"@type":"SearchAction","target":{"@type":"EntryPoint","urlTemplate":"https:\/\/kibrisdakik.com\/?s={search_term_string}"},"query-input":{"@type":"PropertyValueSpecification","valueRequired":true,"valueName":"search_term_string"}}],"inLanguage":"tr"},{"@type":"Person","@id":"https:\/\/kibrisdakik.com\/#\/schema\/person\/9cd9d437bbb44f72b73ba127e06d8e79","name":"admin","image":{"@type":"ImageObject","inLanguage":"tr","@id":"https:\/\/secure.gravatar.com\/avatar\/ccc17943b9d660506c869530f897617f7cb1c21a4bf30023f252596d83e1f007?s=96&d=mm&r=g","url":"https:\/\/secure.gravatar.com\/avatar\/ccc17943b9d660506c869530f897617f7cb1c21a4bf30023f252596d83e1f007?s=96&d=mm&r=g","contentUrl":"https:\/\/secure.gravatar.com\/avatar\/ccc17943b9d660506c869530f897617f7cb1c21a4bf30023f252596d83e1f007?s=96&d=mm&r=g","caption":"admin"},"sameAs":["https:\/\/kibrisdakik.com"],"url":"https:\/\/kibrisdakik.com\/?author=1"}]}},"_links":{"self":[{"href":"https:\/\/kibrisdakik.com\/index.php?rest_route=\/wp\/v2\/posts\/40618","targetHints":{"allow":["GET"]}}],"collection":[{"href":"https:\/\/kibrisdakik.com\/index.php?rest_route=\/wp\/v2\/posts"}],"about":[{"href":"https:\/\/kibrisdakik.com\/index.php?rest_route=\/wp\/v2\/types\/post"}],"author":[{"embeddable":true,"href":"https:\/\/kibrisdakik.com\/index.php?rest_route=\/wp\/v2\/users\/1"}],"replies":[{"embeddable":true,"href":"https:\/\/kibrisdakik.com\/index.php?rest_route=%2Fwp%2Fv2%2Fcomments&post=40618"}],"version-history":[{"count":0,"href":"https:\/\/kibrisdakik.com\/index.php?rest_route=\/wp\/v2\/posts\/40618\/revisions"}],"wp:featuredmedia":[{"embeddable":true,"href":"https:\/\/kibrisdakik.com\/index.php?rest_route=\/wp\/v2\/media\/40619"}],"wp:attachment":[{"href":"https:\/\/kibrisdakik.com\/index.php?rest_route=%2Fwp%2Fv2%2Fmedia&parent=40618"}],"wp:term":[{"taxonomy":"category","embeddable":true,"href":"https:\/\/kibrisdakik.com\/index.php?rest_route=%2Fwp%2Fv2%2Fcategories&post=40618"},{"taxonomy":"post_tag","embeddable":true,"href":"https:\/\/kibrisdakik.com\/index.php?rest_route=%2Fwp%2Fv2%2Ftags&post=40618"}],"curies":[{"name":"wp","href":"https:\/\/api.w.org\/{rel}","templated":true}]}}