{"id":40673,"date":"2024-05-07T21:13:53","date_gmt":"2024-05-07T21:13:53","guid":{"rendered":"https:\/\/kibrisdakik.com\/index.php\/2024\/05\/07\/turk-devletleri-meclisleri-kadin-konularindaki-ihtisas-komisyonu-toplantisi-kktcde-yapilacak\/"},"modified":"2024-05-07T21:13:53","modified_gmt":"2024-05-07T21:13:53","slug":"turk-devletleri-meclisleri-kadin-konularindaki-ihtisas-komisyonu-toplantisi-kktcde-yapilacak","status":"publish","type":"post","link":"https:\/\/kibrisdakik.com\/?p=40673","title":{"rendered":"T\u00fcrk Devletleri Meclisleri Kad\u0131n Konular\u0131ndaki \u0130htisas Komisyonu toplant\u0131s\u0131 KKTC\u2019de yap\u0131lacak"},"content":{"rendered":"<p><\/p>\n<div>\n<div class=\"mariselle-image-container center\">\n                <img loading=\"lazy\" decoding=\"async\" width=\"1800\" height=\"1200\" class=\"lazy-image\" alt=\"\" sizes=\"auto, (max-width: 1800px) 100vw, 1800px\" src=\"https:\/\/brtk.net\/wp-content\/uploads\/2024\/05\/07\/turk-devletleri-meclisleri-1l3a2220-1-.jpg?ver=0b492a84b87d787399f1128e44be2a3c\" srcset=\"https:\/\/brtk.net\/wp-content\/uploads\/2024\/05\/07\/turk-devletleri-meclisleri-1l3a2220-1-.jpg?ver=0b492a84b87d787399f1128e44be2a3c 1800w, https:\/\/brtk.net\/wp-content\/uploads\/2024\/05\/07\/turk-devletleri-meclisleri-1l3a2220-1--300x200.jpg?ver=0b492a84b87d787399f1128e44be2a3c 300w, https:\/\/brtk.net\/wp-content\/uploads\/2024\/05\/07\/turk-devletleri-meclisleri-1l3a2220-1--1024x683.jpg?ver=f4d18f593b643c06fcfa5504ace5ce79 1024w, https:\/\/brtk.net\/wp-content\/uploads\/2024\/05\/07\/turk-devletleri-meclisleri-1l3a2220-1--768x512.jpg?ver=f4d18f593b643c06fcfa5504ace5ce79 768w, https:\/\/brtk.net\/wp-content\/uploads\/2024\/05\/07\/turk-devletleri-meclisleri-1l3a2220-1--1536x1024.jpg?ver=e396f096724f9db010aa33fc35211d03 1536w\"\/>                            <\/div>\n<p>Cumhuriyet Meclisi Yasalardaki Cinsiyet Ayr\u0131mc\u0131l\u0131\u011f\u0131n\u0131 \u0130zleme Komitesi Ba\u015fkan Vekili Resmiye Ero\u011flu Canaltay, Ankara\u2019da T\u00fcrkiye B\u00fcy\u00fck Millet Meclisi Kad\u0131n Erkek F\u0131rsat E\u015fitli\u011fi Komisyonu Ba\u015fkan\u0131 \u00c7i\u011fdem Erdo\u011fan ve Azerbaycan Milli Meclisi Aile Kad\u0131n ve \u00c7ocuk Komisyonu Ba\u015fkan\u0131 Hicran Huseynova ile bir araya geldi.<\/p>\n<p>Meclis\u2019ten verilen bilgiye g\u00f6re, TBMM\u2019de yer alan g\u00f6r\u00fc\u015fmede daha \u00f6nce Antalya\u2019da yap\u0131lan T\u00fcrk D\u00fcnyas\u0131 Meclisleri Kad\u0131n Konular\u0131ndaki \u0130htisas Komisyonu toplant\u0131s\u0131n\u0131n \u00f6n\u00fcm\u00fczdeki aylarda <a href=\"https:\/\/brtk.net\/\"\/><a href=\"https:\/\/brtk.net\/\"\/><a href=\"https:\/\/brtk.net\/\"\/><a href=\"https:\/\/brtk.net\/\"\/><a href=\"https:\/\/brtk.net\/\">KKTC<\/a>\u2019de yap\u0131lmas\u0131 kararla\u015ft\u0131r\u0131ld\u0131.<\/p>\n<p>TBMM Kad\u0131n Erkek F\u0131rsat E\u015fitli\u011fi Komisyonu Ba\u015fkan\u0131 AK Parti Sakarya Milletvekili \u00c7i\u011fdem Erdo\u011fan, g\u00f6r\u00fc\u015fmede yapt\u0131\u011f\u0131 konu\u015fmada iki \u00fclke komisyon temsilcilerini Meclis\u2019te a\u011f\u0131rlamaktan memnuniyet duyduklar\u0131n\u0131 s\u00f6yledi.<\/p>\n<p>Erdo\u011fan, Antalya\u2019da \u00e7ok verimli bir toplant\u0131 ger\u00e7ekle\u015ftirdiklerini an\u0131msatarak bir sonraki toplant\u0131n\u0131n <a href=\"https:\/\/brtk.net\/\"\/><a href=\"https:\/\/brtk.net\/\"\/><a href=\"https:\/\/brtk.net\/\"\/><a href=\"https:\/\/brtk.net\/\"\/><a href=\"https:\/\/brtk.net\/\">KKTC<\/a>\u2019nde yapacak olman\u0131n mutlulu\u011funu ya\u015fad\u0131klar\u0131n\u0131 ifade etti.<\/p>\n<p>\u00dc\u00e7 \u00fclkenin birbirine karde\u015flik hukuku ile ba\u011fl\u0131 oldu\u011funu dile getiren Erdo\u011fan, \u00fclke meclislerinin de bu ba\u011flamda ili\u015fkiler kurmas\u0131n\u0131n \u00e7ok k\u0131ymetli oldu\u011funu kaydetti.<\/p>\n<p>Azerbaycan Milli Meclisi Aile Kad\u0131n ve \u00c7ocuk Komisyonu Ba\u015fkan\u0131, eski Aile Kad\u0131n ve \u00c7ocuk \u0130\u015fleri Bakan\u0131 Hicran Huseynova da konu\u015fmas\u0131nda art\u0131k \u00e7ok g\u00fc\u00e7l\u00fc ba\u011flar ile ba\u011fl\u0131 olduklar\u0131na i\u015faret ederek T\u00fcrk d\u00fcnyas\u0131nda sadece \u00fclke liderlerinin de\u011fil kad\u0131nlar\u0131n da ba\u011flar\u0131 g\u00fc\u00e7lendirdi\u011fine de\u011findi.<\/p>\n<p>D\u00fcnyadaki de\u011fi\u015fen \u015fartlar kar\u015f\u0131s\u0131nda T\u00fcrkiye, Azerbaycan ve <a href=\"https:\/\/brtk.net\/\"\/><a href=\"https:\/\/brtk.net\/\"\/><a href=\"https:\/\/brtk.net\/\"\/><a href=\"https:\/\/brtk.net\/\"\/><a href=\"https:\/\/brtk.net\/\">KKTC<\/a>\u2019nin dostlu\u011funun iyi bir \u00f6rnek oldu\u011funa i\u015faret eden Huseynova, en zor d\u00f6nemlerde bile dayan\u0131\u015fman\u0131n \u00f6rne\u011fini \u00e7ok iyi g\u00f6rd\u00fcklerini s\u00f6yledi.<\/p>\n<p>Bu birliktelikle \u00e7ok iyi i\u015fler yapacaklar\u0131na inand\u0131klar\u0131n\u0131 ifade eden Huseynova, bu dayan\u0131\u015fman\u0131n g\u00fcc\u00fcn\u00fc herkese g\u00f6stermek istediklerini kaydetti.<\/p>\n<p>Cumhuriyet Meclisi Yasalardaki Cinsiyet Ayr\u0131mc\u0131l\u0131\u011f\u0131n\u0131 \u0130zleme Komitesi Ba\u015fkan Vekili Resmiye Ero\u011flu Canaltay da konu\u015fmas\u0131nda T\u00fcrkiye ve Azerbaycan ile gazi Meclis TBMM\u2019nde olmaktan gurur duyduklar\u0131n\u0131 ifade ederek, bir sonraki toplant\u0131n\u0131n <a href=\"https:\/\/brtk.net\/\"\/><a href=\"https:\/\/brtk.net\/\"\/><a href=\"https:\/\/brtk.net\/\"\/><a href=\"https:\/\/brtk.net\/\"\/><a href=\"https:\/\/brtk.net\/\">KKTC<\/a>\u2019nde olmas\u0131ndan b\u00fcy\u00fck memnuniyet duyduklar\u0131n\u0131 belirtti.<\/p>\n<p><a href=\"https:\/\/brtk.net\/\"\/><a href=\"https:\/\/brtk.net\/\"\/><a href=\"https:\/\/brtk.net\/\"\/><a href=\"https:\/\/brtk.net\/\"\/><a href=\"https:\/\/brtk.net\/\">KKTC<\/a>\u2019nin T\u00fcrkiye d\u0131\u015f\u0131nda tan\u0131nmad\u0131\u011f\u0131n\u0131 an\u0131msatan Canaltay, y\u0131llard\u0131r bu tu tip toplant\u0131lara kat\u0131lmak ve seslerini duyurabilmek ad\u0131na m\u00fccadele verdiklerini s\u00f6yledi.<\/p>\n<p>Canaltay, T\u00fcrkiye Cumhuriyeti Cumhurba\u015fkan\u0131 Recep Tayyip Erdo\u011fan\u2019\u0131n b\u00fcy\u00fck deste\u011fi ve giri\u015fimleri ile T\u00fcrk d\u00fcnyas\u0131na mensup \u00fclkelerde seslerini duyurmaya ba\u015flad\u0131klar\u0131na de\u011finerek \u201c\u00dc\u00e7 devlet bir millet\u201d \u015fiar\u0131na uygun olarak bir arada olmaktan b\u00fcy\u00fck mutluluk duyduklar\u0131na i\u015faret etti.<\/p>\n<p>Kad\u0131n\u0131n her alanda g\u00fc\u00e7lenmesine b\u00fcy\u00fck \u00f6nem verdiklerini ifade eden Canaltay, bu anlamda <a href=\"https:\/\/brtk.net\/\"\/><a href=\"https:\/\/brtk.net\/\"\/><a href=\"https:\/\/brtk.net\/\"\/><a href=\"https:\/\/brtk.net\/\"\/><a href=\"https:\/\/brtk.net\/\">KKTC<\/a>\u2019nde kad\u0131nlar\u0131n elinin g\u00fc\u00e7lenmesi ad\u0131na yasalar\u0131 de\u011fi\u015ftirmeye gayret g\u00f6sterdiklerini kaydetti.<\/p>\n<p>G\u00f6r\u00fc\u015fmede Cumhuriyet Meclisi Genel Sekreteri Seral F\u0131rat da yer ald\u0131 <\/p>\n<p>-Canaltay ve heyetinin Ankara temaslar\u0131\u2026<\/p>\n<p>\u00d6te yandan Canaltay, Cumhuriyet Meclisi Ekonomi, Maliye, B\u00fct\u00e7e ve Plan Komitesi Ba\u015fkan\u0131 olarak Komite \u00fcyesi milletvekillerinden olu\u015fan heyetle birlikte yar\u0131n Ankara\u2019da temaslarda bulunacak.<\/p>\n<p>Meclis heyetinin TBMM\u2019deki baz\u0131 komisyonlar ba\u015fta olmak \u00fczere baz\u0131 bakanl\u0131k ve kurumlar ile de bir araya gelmesi bekleniyor.<\/p>\n<\/p><\/div>\n<p><script async\n                    defer\n                    crossorigin=\"anonymous\"\n                    src=\"https:\/\/connect.facebook.net\/tr_TR\/sdk.js#xfbml=1&#038;version=v3.3\"\n            ><\/script><\/p>\n","protected":false},"excerpt":{"rendered":"<p>Cumhuriyet Meclisi Yasalardaki Cinsiyet Ayr\u0131mc\u0131l\u0131\u011f\u0131n\u0131 \u0130zleme Komitesi Ba\u015fkan Vekili Resmiye Ero\u011flu Canaltay, Ankara\u2019da T\u00fcrkiye B\u00fcy\u00fck Millet Meclisi Kad\u0131n Erkek F\u0131rsat E\u015fitli\u011fi Komisyonu Ba\u015fkan\u0131 \u00c7i\u011fdem Erdo\u011fan ve Azerbaycan Milli Meclisi Aile Kad\u0131n ve \u00c7ocuk Komisyonu Ba\u015fkan\u0131 Hicran Huseynova ile bir araya geldi. Meclis\u2019ten verilen bilgiye g\u00f6re, TBMM\u2019de yer alan g\u00f6r\u00fc\u015fmede daha \u00f6nce Antalya\u2019da yap\u0131lan T\u00fcrk D\u00fcnyas\u0131<\/p>\n","protected":false},"author":1,"featured_media":40674,"comment_status":"open","ping_status":"open","sticky":false,"template":"","format":"standard","meta":{"footnotes":""},"categories":[1],"tags":[],"class_list":["post-40673","post","type-post","status-publish","format-standard","has-post-thumbnail","hentry","category-gundem"],"yoast_head":"<!-- This site is optimized with the Yoast SEO plugin v27.5 - https:\/\/yoast.com\/product\/yoast-seo-wordpress\/ -->\n<title>T\u00fcrk Devletleri Meclisleri Kad\u0131n Konular\u0131ndaki \u0130htisas Komisyonu toplant\u0131s\u0131 KKTC\u2019de yap\u0131lacak -<\/title>\n<meta name=\"robots\" content=\"index, follow, max-snippet:-1, max-image-preview:large, max-video-preview:-1\" \/>\n<link rel=\"canonical\" href=\"https:\/\/kibrisdakik.com\/?p=40673\" \/>\n<meta property=\"og:locale\" content=\"tr_TR\" \/>\n<meta property=\"og:type\" content=\"article\" \/>\n<meta property=\"og:title\" content=\"T\u00fcrk Devletleri Meclisleri Kad\u0131n Konular\u0131ndaki \u0130htisas Komisyonu toplant\u0131s\u0131 KKTC\u2019de yap\u0131lacak -\" \/>\n<meta property=\"og:description\" content=\"Cumhuriyet Meclisi Yasalardaki Cinsiyet Ayr\u0131mc\u0131l\u0131\u011f\u0131n\u0131 \u0130zleme Komitesi Ba\u015fkan Vekili Resmiye Ero\u011flu Canaltay, Ankara\u2019da T\u00fcrkiye B\u00fcy\u00fck Millet Meclisi Kad\u0131n Erkek F\u0131rsat E\u015fitli\u011fi Komisyonu Ba\u015fkan\u0131 \u00c7i\u011fdem Erdo\u011fan ve Azerbaycan Milli Meclisi Aile Kad\u0131n ve \u00c7ocuk Komisyonu Ba\u015fkan\u0131 Hicran Huseynova ile bir araya geldi. Meclis\u2019ten verilen bilgiye g\u00f6re, TBMM\u2019de yer alan g\u00f6r\u00fc\u015fmede daha \u00f6nce Antalya\u2019da yap\u0131lan T\u00fcrk D\u00fcnyas\u0131\" \/>\n<meta property=\"og:url\" content=\"https:\/\/kibrisdakik.com\/?p=40673\" \/>\n<meta property=\"article:published_time\" content=\"2024-05-07T21:13:53+00:00\" \/>\n<meta property=\"og:image\" content=\"https:\/\/kibrisdakik.com\/wp-content\/uploads\/2024\/05\/turk-devletleri-meclisleri-1l3a2220-1--740x420.jpg\" \/>\n\t<meta property=\"og:image:width\" content=\"1800\" \/>\n\t<meta property=\"og:image:height\" content=\"1200\" \/>\n\t<meta property=\"og:image:type\" content=\"image\/jpeg\" \/>\n<meta name=\"author\" content=\"admin\" \/>\n<meta name=\"twitter:card\" content=\"summary_large_image\" \/>\n<meta name=\"twitter:label1\" content=\"Yazan:\" \/>\n\t<meta name=\"twitter:data1\" content=\"admin\" \/>\n\t<meta name=\"twitter:label2\" content=\"Tahmini okuma s\u00fcresi\" \/>\n\t<meta name=\"twitter:data2\" content=\"3 dakika\" \/>\n<script type=\"application\/ld+json\" class=\"yoast-schema-graph\">{\"@context\":\"https:\\\/\\\/schema.org\",\"@graph\":[{\"@type\":\"Article\",\"@id\":\"https:\\\/\\\/kibrisdakik.com\\\/?p=40673#article\",\"isPartOf\":{\"@id\":\"https:\\\/\\\/kibrisdakik.com\\\/?p=40673\"},\"author\":{\"name\":\"admin\",\"@id\":\"https:\\\/\\\/kibrisdakik.com\\\/#\\\/schema\\\/person\\\/9cd9d437bbb44f72b73ba127e06d8e79\"},\"headline\":\"T\u00fcrk Devletleri Meclisleri Kad\u0131n Konular\u0131ndaki \u0130htisas Komisyonu toplant\u0131s\u0131 KKTC\u2019de yap\u0131lacak\",\"datePublished\":\"2024-05-07T21:13:53+00:00\",\"mainEntityOfPage\":{\"@id\":\"https:\\\/\\\/kibrisdakik.com\\\/?p=40673\"},\"wordCount\":593,\"commentCount\":0,\"image\":{\"@id\":\"https:\\\/\\\/kibrisdakik.com\\\/?p=40673#primaryimage\"},\"thumbnailUrl\":\"https:\\\/\\\/kibrisdakik.com\\\/wp-content\\\/uploads\\\/2024\\\/05\\\/turk-devletleri-meclisleri-1l3a2220-1--740x420.jpg\",\"articleSection\":[\"G\u00fcndem\"],\"inLanguage\":\"tr\",\"potentialAction\":[{\"@type\":\"CommentAction\",\"name\":\"Comment\",\"target\":[\"https:\\\/\\\/kibrisdakik.com\\\/?p=40673#respond\"]}]},{\"@type\":\"WebPage\",\"@id\":\"https:\\\/\\\/kibrisdakik.com\\\/?p=40673\",\"url\":\"https:\\\/\\\/kibrisdakik.com\\\/?p=40673\",\"name\":\"T\u00fcrk Devletleri Meclisleri Kad\u0131n Konular\u0131ndaki \u0130htisas Komisyonu toplant\u0131s\u0131 KKTC\u2019de yap\u0131lacak -\",\"isPartOf\":{\"@id\":\"https:\\\/\\\/kibrisdakik.com\\\/#website\"},\"primaryImageOfPage\":{\"@id\":\"https:\\\/\\\/kibrisdakik.com\\\/?p=40673#primaryimage\"},\"image\":{\"@id\":\"https:\\\/\\\/kibrisdakik.com\\\/?p=40673#primaryimage\"},\"thumbnailUrl\":\"https:\\\/\\\/kibrisdakik.com\\\/wp-content\\\/uploads\\\/2024\\\/05\\\/turk-devletleri-meclisleri-1l3a2220-1--740x420.jpg\",\"datePublished\":\"2024-05-07T21:13:53+00:00\",\"author\":{\"@id\":\"https:\\\/\\\/kibrisdakik.com\\\/#\\\/schema\\\/person\\\/9cd9d437bbb44f72b73ba127e06d8e79\"},\"breadcrumb\":{\"@id\":\"https:\\\/\\\/kibrisdakik.com\\\/?p=40673#breadcrumb\"},\"inLanguage\":\"tr\",\"potentialAction\":[{\"@type\":\"ReadAction\",\"target\":[\"https:\\\/\\\/kibrisdakik.com\\\/?p=40673\"]}]},{\"@type\":\"ImageObject\",\"inLanguage\":\"tr\",\"@id\":\"https:\\\/\\\/kibrisdakik.com\\\/?p=40673#primaryimage\",\"url\":\"https:\\\/\\\/kibrisdakik.com\\\/wp-content\\\/uploads\\\/2024\\\/05\\\/turk-devletleri-meclisleri-1l3a2220-1--740x420.jpg\",\"contentUrl\":\"https:\\\/\\\/kibrisdakik.com\\\/wp-content\\\/uploads\\\/2024\\\/05\\\/turk-devletleri-meclisleri-1l3a2220-1--740x420.jpg\",\"width\":1800,\"height\":1200},{\"@type\":\"BreadcrumbList\",\"@id\":\"https:\\\/\\\/kibrisdakik.com\\\/?p=40673#breadcrumb\",\"itemListElement\":[{\"@type\":\"ListItem\",\"position\":1,\"name\":\"Home\",\"item\":\"https:\\\/\\\/kibrisdakik.com\\\/\"},{\"@type\":\"ListItem\",\"position\":2,\"name\":\"T\u00fcrk Devletleri Meclisleri Kad\u0131n Konular\u0131ndaki \u0130htisas Komisyonu toplant\u0131s\u0131 KKTC\u2019de yap\u0131lacak\"}]},{\"@type\":\"WebSite\",\"@id\":\"https:\\\/\\\/kibrisdakik.com\\\/#website\",\"url\":\"https:\\\/\\\/kibrisdakik.com\\\/\",\"name\":\"\",\"description\":\"Tam vaktinde haber\",\"potentialAction\":[{\"@type\":\"SearchAction\",\"target\":{\"@type\":\"EntryPoint\",\"urlTemplate\":\"https:\\\/\\\/kibrisdakik.com\\\/?s={search_term_string}\"},\"query-input\":{\"@type\":\"PropertyValueSpecification\",\"valueRequired\":true,\"valueName\":\"search_term_string\"}}],\"inLanguage\":\"tr\"},{\"@type\":\"Person\",\"@id\":\"https:\\\/\\\/kibrisdakik.com\\\/#\\\/schema\\\/person\\\/9cd9d437bbb44f72b73ba127e06d8e79\",\"name\":\"admin\",\"image\":{\"@type\":\"ImageObject\",\"inLanguage\":\"tr\",\"@id\":\"https:\\\/\\\/secure.gravatar.com\\\/avatar\\\/ccc17943b9d660506c869530f897617f7cb1c21a4bf30023f252596d83e1f007?s=96&d=mm&r=g\",\"url\":\"https:\\\/\\\/secure.gravatar.com\\\/avatar\\\/ccc17943b9d660506c869530f897617f7cb1c21a4bf30023f252596d83e1f007?s=96&d=mm&r=g\",\"contentUrl\":\"https:\\\/\\\/secure.gravatar.com\\\/avatar\\\/ccc17943b9d660506c869530f897617f7cb1c21a4bf30023f252596d83e1f007?s=96&d=mm&r=g\",\"caption\":\"admin\"},\"sameAs\":[\"https:\\\/\\\/kibrisdakik.com\"],\"url\":\"https:\\\/\\\/kibrisdakik.com\\\/?author=1\"}]}<\/script>\n<!-- \/ Yoast SEO plugin. -->","yoast_head_json":{"title":"T\u00fcrk Devletleri Meclisleri Kad\u0131n Konular\u0131ndaki \u0130htisas Komisyonu toplant\u0131s\u0131 KKTC\u2019de yap\u0131lacak -","robots":{"index":"index","follow":"follow","max-snippet":"max-snippet:-1","max-image-preview":"max-image-preview:large","max-video-preview":"max-video-preview:-1"},"canonical":"https:\/\/kibrisdakik.com\/?p=40673","og_locale":"tr_TR","og_type":"article","og_title":"T\u00fcrk Devletleri Meclisleri Kad\u0131n Konular\u0131ndaki \u0130htisas Komisyonu toplant\u0131s\u0131 KKTC\u2019de yap\u0131lacak -","og_description":"Cumhuriyet Meclisi Yasalardaki Cinsiyet Ayr\u0131mc\u0131l\u0131\u011f\u0131n\u0131 \u0130zleme Komitesi Ba\u015fkan Vekili Resmiye Ero\u011flu Canaltay, Ankara\u2019da T\u00fcrkiye B\u00fcy\u00fck Millet Meclisi Kad\u0131n Erkek F\u0131rsat E\u015fitli\u011fi Komisyonu Ba\u015fkan\u0131 \u00c7i\u011fdem Erdo\u011fan ve Azerbaycan Milli Meclisi Aile Kad\u0131n ve \u00c7ocuk Komisyonu Ba\u015fkan\u0131 Hicran Huseynova ile bir araya geldi. Meclis\u2019ten verilen bilgiye g\u00f6re, TBMM\u2019de yer alan g\u00f6r\u00fc\u015fmede daha \u00f6nce Antalya\u2019da yap\u0131lan T\u00fcrk D\u00fcnyas\u0131","og_url":"https:\/\/kibrisdakik.com\/?p=40673","article_published_time":"2024-05-07T21:13:53+00:00","og_image":[{"width":1800,"height":1200,"url":"https:\/\/kibrisdakik.com\/wp-content\/uploads\/2024\/05\/turk-devletleri-meclisleri-1l3a2220-1--740x420.jpg","type":"image\/jpeg"}],"author":"admin","twitter_card":"summary_large_image","twitter_misc":{"Yazan:":"admin","Tahmini okuma s\u00fcresi":"3 dakika"},"schema":{"@context":"https:\/\/schema.org","@graph":[{"@type":"Article","@id":"https:\/\/kibrisdakik.com\/?p=40673#article","isPartOf":{"@id":"https:\/\/kibrisdakik.com\/?p=40673"},"author":{"name":"admin","@id":"https:\/\/kibrisdakik.com\/#\/schema\/person\/9cd9d437bbb44f72b73ba127e06d8e79"},"headline":"T\u00fcrk Devletleri Meclisleri Kad\u0131n Konular\u0131ndaki \u0130htisas Komisyonu toplant\u0131s\u0131 KKTC\u2019de yap\u0131lacak","datePublished":"2024-05-07T21:13:53+00:00","mainEntityOfPage":{"@id":"https:\/\/kibrisdakik.com\/?p=40673"},"wordCount":593,"commentCount":0,"image":{"@id":"https:\/\/kibrisdakik.com\/?p=40673#primaryimage"},"thumbnailUrl":"https:\/\/kibrisdakik.com\/wp-content\/uploads\/2024\/05\/turk-devletleri-meclisleri-1l3a2220-1--740x420.jpg","articleSection":["G\u00fcndem"],"inLanguage":"tr","potentialAction":[{"@type":"CommentAction","name":"Comment","target":["https:\/\/kibrisdakik.com\/?p=40673#respond"]}]},{"@type":"WebPage","@id":"https:\/\/kibrisdakik.com\/?p=40673","url":"https:\/\/kibrisdakik.com\/?p=40673","name":"T\u00fcrk Devletleri Meclisleri Kad\u0131n Konular\u0131ndaki \u0130htisas Komisyonu toplant\u0131s\u0131 KKTC\u2019de yap\u0131lacak -","isPartOf":{"@id":"https:\/\/kibrisdakik.com\/#website"},"primaryImageOfPage":{"@id":"https:\/\/kibrisdakik.com\/?p=40673#primaryimage"},"image":{"@id":"https:\/\/kibrisdakik.com\/?p=40673#primaryimage"},"thumbnailUrl":"https:\/\/kibrisdakik.com\/wp-content\/uploads\/2024\/05\/turk-devletleri-meclisleri-1l3a2220-1--740x420.jpg","datePublished":"2024-05-07T21:13:53+00:00","author":{"@id":"https:\/\/kibrisdakik.com\/#\/schema\/person\/9cd9d437bbb44f72b73ba127e06d8e79"},"breadcrumb":{"@id":"https:\/\/kibrisdakik.com\/?p=40673#breadcrumb"},"inLanguage":"tr","potentialAction":[{"@type":"ReadAction","target":["https:\/\/kibrisdakik.com\/?p=40673"]}]},{"@type":"ImageObject","inLanguage":"tr","@id":"https:\/\/kibrisdakik.com\/?p=40673#primaryimage","url":"https:\/\/kibrisdakik.com\/wp-content\/uploads\/2024\/05\/turk-devletleri-meclisleri-1l3a2220-1--740x420.jpg","contentUrl":"https:\/\/kibrisdakik.com\/wp-content\/uploads\/2024\/05\/turk-devletleri-meclisleri-1l3a2220-1--740x420.jpg","width":1800,"height":1200},{"@type":"BreadcrumbList","@id":"https:\/\/kibrisdakik.com\/?p=40673#breadcrumb","itemListElement":[{"@type":"ListItem","position":1,"name":"Home","item":"https:\/\/kibrisdakik.com\/"},{"@type":"ListItem","position":2,"name":"T\u00fcrk Devletleri Meclisleri Kad\u0131n Konular\u0131ndaki \u0130htisas Komisyonu toplant\u0131s\u0131 KKTC\u2019de yap\u0131lacak"}]},{"@type":"WebSite","@id":"https:\/\/kibrisdakik.com\/#website","url":"https:\/\/kibrisdakik.com\/","name":"","description":"Tam vaktinde haber","potentialAction":[{"@type":"SearchAction","target":{"@type":"EntryPoint","urlTemplate":"https:\/\/kibrisdakik.com\/?s={search_term_string}"},"query-input":{"@type":"PropertyValueSpecification","valueRequired":true,"valueName":"search_term_string"}}],"inLanguage":"tr"},{"@type":"Person","@id":"https:\/\/kibrisdakik.com\/#\/schema\/person\/9cd9d437bbb44f72b73ba127e06d8e79","name":"admin","image":{"@type":"ImageObject","inLanguage":"tr","@id":"https:\/\/secure.gravatar.com\/avatar\/ccc17943b9d660506c869530f897617f7cb1c21a4bf30023f252596d83e1f007?s=96&d=mm&r=g","url":"https:\/\/secure.gravatar.com\/avatar\/ccc17943b9d660506c869530f897617f7cb1c21a4bf30023f252596d83e1f007?s=96&d=mm&r=g","contentUrl":"https:\/\/secure.gravatar.com\/avatar\/ccc17943b9d660506c869530f897617f7cb1c21a4bf30023f252596d83e1f007?s=96&d=mm&r=g","caption":"admin"},"sameAs":["https:\/\/kibrisdakik.com"],"url":"https:\/\/kibrisdakik.com\/?author=1"}]}},"_links":{"self":[{"href":"https:\/\/kibrisdakik.com\/index.php?rest_route=\/wp\/v2\/posts\/40673","targetHints":{"allow":["GET"]}}],"collection":[{"href":"https:\/\/kibrisdakik.com\/index.php?rest_route=\/wp\/v2\/posts"}],"about":[{"href":"https:\/\/kibrisdakik.com\/index.php?rest_route=\/wp\/v2\/types\/post"}],"author":[{"embeddable":true,"href":"https:\/\/kibrisdakik.com\/index.php?rest_route=\/wp\/v2\/users\/1"}],"replies":[{"embeddable":true,"href":"https:\/\/kibrisdakik.com\/index.php?rest_route=%2Fwp%2Fv2%2Fcomments&post=40673"}],"version-history":[{"count":0,"href":"https:\/\/kibrisdakik.com\/index.php?rest_route=\/wp\/v2\/posts\/40673\/revisions"}],"wp:featuredmedia":[{"embeddable":true,"href":"https:\/\/kibrisdakik.com\/index.php?rest_route=\/wp\/v2\/media\/40674"}],"wp:attachment":[{"href":"https:\/\/kibrisdakik.com\/index.php?rest_route=%2Fwp%2Fv2%2Fmedia&parent=40673"}],"wp:term":[{"taxonomy":"category","embeddable":true,"href":"https:\/\/kibrisdakik.com\/index.php?rest_route=%2Fwp%2Fv2%2Fcategories&post=40673"},{"taxonomy":"post_tag","embeddable":true,"href":"https:\/\/kibrisdakik.com\/index.php?rest_route=%2Fwp%2Fv2%2Ftags&post=40673"}],"curies":[{"name":"wp","href":"https:\/\/api.w.org\/{rel}","templated":true}]}}