{"id":40725,"date":"2024-05-08T07:10:58","date_gmt":"2024-05-08T07:10:58","guid":{"rendered":"https:\/\/kibrisdakik.com\/index.php\/2024\/05\/08\/ustel-kibris-turku-tum-izolasyon-baski-ve-olumsuzluklara-ureterek-gogus-gerdi\/"},"modified":"2024-05-08T07:10:58","modified_gmt":"2024-05-08T07:10:58","slug":"ustel-kibris-turku-tum-izolasyon-baski-ve-olumsuzluklara-ureterek-gogus-gerdi","status":"publish","type":"post","link":"https:\/\/kibrisdakik.com\/?p=40725","title":{"rendered":"\u00dcstel: &#039;&#039;K\u0131br\u0131s T\u00fcrk\u00fc t\u00fcm izolasyon, bask\u0131 ve olumsuzluklara \u00fcreterek g\u00f6\u011f\u00fcs gerdi&#039;&#039;"},"content":{"rendered":"<p><img decoding=\"async\" src=\"https:\/\/www.kibristurk.com\/images\/haberler\/2024\/05\/ustel-kibris-turku-tum-izolasyon-baski-ve-olumsuzluklara-ureterek-gogus-gerdi-1715151443.webp\" \/><\/p>\n<p>A\u00e7\u0131l\u0131\u015fta konu\u015fan&nbsp;Ba\u015fbakan \u00dcnal \u00dcstel, K\u0131br\u0131s T\u00fcrk\u00fc&#8217;n\u00fcn t\u00fcm izolasyon, bask\u0131 ve olumsuzluklara \u00e7\u00f6z\u00fcm \u00fcreterek g\u00f6\u011f\u00fcs gerdi\u011fini ve ayakta durdu\u011funu ifade ederek, KKTC\u2019nin \u00fcretimde her ge\u00e7en g\u00fcn daha da ileriye gitti\u011fini s\u00f6yledi.<\/p>\n<p>\u00dcstel, \u00e7ocuk ve gen\u00e7lere yat\u0131r\u0131m\u0131n \u00f6nemine de i\u015faret etti\u011fi konu\u015fmas\u0131nda, e\u011fitimlerini alan bu gen\u00e7lerin yar\u0131nlarda \u00fclkedeki bir\u00e7ok bo\u015flu\u011fu dolduraca\u011f\u0131n\u0131, ithalat-ihracat dengesinin de sa\u011flanmas\u0131yla birlikte \u00fclkenin daha iyi noktalarda olaca\u011f\u0131n\u0131 kaydetti.<\/p>\n","protected":false},"excerpt":{"rendered":"<p>A\u00e7\u0131l\u0131\u015fta konu\u015fan&nbsp;Ba\u015fbakan \u00dcnal \u00dcstel, K\u0131br\u0131s T\u00fcrk\u00fc&#8217;n\u00fcn t\u00fcm izolasyon, bask\u0131 ve olumsuzluklara \u00e7\u00f6z\u00fcm \u00fcreterek g\u00f6\u011f\u00fcs gerdi\u011fini ve ayakta durdu\u011funu ifade ederek, KKTC\u2019nin \u00fcretimde her ge\u00e7en g\u00fcn daha da ileriye gitti\u011fini s\u00f6yledi. \u00dcstel, \u00e7ocuk ve gen\u00e7lere yat\u0131r\u0131m\u0131n \u00f6nemine de i\u015faret etti\u011fi konu\u015fmas\u0131nda, e\u011fitimlerini alan bu gen\u00e7lerin yar\u0131nlarda \u00fclkedeki bir\u00e7ok bo\u015flu\u011fu dolduraca\u011f\u0131n\u0131, ithalat-ihracat dengesinin de sa\u011flanmas\u0131yla birlikte \u00fclkenin<\/p>\n","protected":false},"author":1,"featured_media":40726,"comment_status":"open","ping_status":"open","sticky":false,"template":"","format":"standard","meta":{"footnotes":""},"categories":[79],"tags":[],"class_list":["post-40725","post","type-post","status-publish","format-standard","has-post-thumbnail","hentry","category-ekonomi"],"yoast_head":"<!-- This site is optimized with the Yoast SEO plugin v27.5 - https:\/\/yoast.com\/product\/yoast-seo-wordpress\/ -->\n<title>\u00dcstel: &#039;&#039;K\u0131br\u0131s T\u00fcrk\u00fc t\u00fcm izolasyon, bask\u0131 ve olumsuzluklara \u00fcreterek g\u00f6\u011f\u00fcs gerdi&#039;&#039; -<\/title>\n<meta name=\"robots\" content=\"index, follow, max-snippet:-1, max-image-preview:large, max-video-preview:-1\" \/>\n<link rel=\"canonical\" href=\"https:\/\/kibrisdakik.com\/?p=40725\" \/>\n<meta property=\"og:locale\" content=\"tr_TR\" \/>\n<meta property=\"og:type\" content=\"article\" \/>\n<meta property=\"og:title\" content=\"\u00dcstel: &#039;&#039;K\u0131br\u0131s T\u00fcrk\u00fc t\u00fcm izolasyon, bask\u0131 ve olumsuzluklara \u00fcreterek g\u00f6\u011f\u00fcs gerdi&#039;&#039; -\" \/>\n<meta property=\"og:description\" content=\"A\u00e7\u0131l\u0131\u015fta konu\u015fan&nbsp;Ba\u015fbakan \u00dcnal \u00dcstel, K\u0131br\u0131s T\u00fcrk\u00fc&#8217;n\u00fcn t\u00fcm izolasyon, bask\u0131 ve olumsuzluklara \u00e7\u00f6z\u00fcm \u00fcreterek g\u00f6\u011f\u00fcs gerdi\u011fini ve ayakta durdu\u011funu ifade ederek, KKTC\u2019nin \u00fcretimde her ge\u00e7en g\u00fcn daha da ileriye gitti\u011fini s\u00f6yledi. \u00dcstel, \u00e7ocuk ve gen\u00e7lere yat\u0131r\u0131m\u0131n \u00f6nemine de i\u015faret etti\u011fi konu\u015fmas\u0131nda, e\u011fitimlerini alan bu gen\u00e7lerin yar\u0131nlarda \u00fclkedeki bir\u00e7ok bo\u015flu\u011fu dolduraca\u011f\u0131n\u0131, ithalat-ihracat dengesinin de sa\u011flanmas\u0131yla birlikte \u00fclkenin\" \/>\n<meta property=\"og:url\" content=\"https:\/\/kibrisdakik.com\/?p=40725\" \/>\n<meta property=\"article:published_time\" content=\"2024-05-08T07:10:58+00:00\" \/>\n<meta property=\"og:image\" content=\"https:\/\/kibrisdakik.com\/wp-content\/uploads\/2024\/05\/ustel-kibris-turku-tum-izolasyon-baski-ve-olumsuzluklara-ureterek-gogus-gerdi-1715151443.webp.webp\" \/>\n\t<meta property=\"og:image:width\" content=\"710\" \/>\n\t<meta property=\"og:image:height\" content=\"370\" \/>\n\t<meta property=\"og:image:type\" content=\"image\/webp\" \/>\n<meta name=\"author\" content=\"admin\" \/>\n<meta name=\"twitter:card\" content=\"summary_large_image\" \/>\n<meta name=\"twitter:label1\" content=\"Yazan:\" \/>\n\t<meta name=\"twitter:data1\" content=\"admin\" \/>\n<script type=\"application\/ld+json\" class=\"yoast-schema-graph\">{\"@context\":\"https:\\\/\\\/schema.org\",\"@graph\":[{\"@type\":\"Article\",\"@id\":\"https:\\\/\\\/kibrisdakik.com\\\/?p=40725#article\",\"isPartOf\":{\"@id\":\"https:\\\/\\\/kibrisdakik.com\\\/?p=40725\"},\"author\":{\"name\":\"admin\",\"@id\":\"https:\\\/\\\/kibrisdakik.com\\\/#\\\/schema\\\/person\\\/9cd9d437bbb44f72b73ba127e06d8e79\"},\"headline\":\"\u00dcstel: &#039;&#039;K\u0131br\u0131s T\u00fcrk\u00fc t\u00fcm izolasyon, bask\u0131 ve olumsuzluklara \u00fcreterek g\u00f6\u011f\u00fcs gerdi&#039;&#039;\",\"datePublished\":\"2024-05-08T07:10:58+00:00\",\"mainEntityOfPage\":{\"@id\":\"https:\\\/\\\/kibrisdakik.com\\\/?p=40725\"},\"wordCount\":115,\"commentCount\":0,\"image\":{\"@id\":\"https:\\\/\\\/kibrisdakik.com\\\/?p=40725#primaryimage\"},\"thumbnailUrl\":\"https:\\\/\\\/kibrisdakik.com\\\/wp-content\\\/uploads\\\/2024\\\/05\\\/ustel-kibris-turku-tum-izolasyon-baski-ve-olumsuzluklara-ureterek-gogus-gerdi-1715151443.webp.webp\",\"articleSection\":[\"Ekonomi\"],\"inLanguage\":\"tr\",\"potentialAction\":[{\"@type\":\"CommentAction\",\"name\":\"Comment\",\"target\":[\"https:\\\/\\\/kibrisdakik.com\\\/?p=40725#respond\"]}]},{\"@type\":\"WebPage\",\"@id\":\"https:\\\/\\\/kibrisdakik.com\\\/?p=40725\",\"url\":\"https:\\\/\\\/kibrisdakik.com\\\/?p=40725\",\"name\":\"\u00dcstel: &#039;&#039;K\u0131br\u0131s T\u00fcrk\u00fc t\u00fcm izolasyon, bask\u0131 ve olumsuzluklara \u00fcreterek g\u00f6\u011f\u00fcs gerdi&#039;&#039; -\",\"isPartOf\":{\"@id\":\"https:\\\/\\\/kibrisdakik.com\\\/#website\"},\"primaryImageOfPage\":{\"@id\":\"https:\\\/\\\/kibrisdakik.com\\\/?p=40725#primaryimage\"},\"image\":{\"@id\":\"https:\\\/\\\/kibrisdakik.com\\\/?p=40725#primaryimage\"},\"thumbnailUrl\":\"https:\\\/\\\/kibrisdakik.com\\\/wp-content\\\/uploads\\\/2024\\\/05\\\/ustel-kibris-turku-tum-izolasyon-baski-ve-olumsuzluklara-ureterek-gogus-gerdi-1715151443.webp.webp\",\"datePublished\":\"2024-05-08T07:10:58+00:00\",\"author\":{\"@id\":\"https:\\\/\\\/kibrisdakik.com\\\/#\\\/schema\\\/person\\\/9cd9d437bbb44f72b73ba127e06d8e79\"},\"breadcrumb\":{\"@id\":\"https:\\\/\\\/kibrisdakik.com\\\/?p=40725#breadcrumb\"},\"inLanguage\":\"tr\",\"potentialAction\":[{\"@type\":\"ReadAction\",\"target\":[\"https:\\\/\\\/kibrisdakik.com\\\/?p=40725\"]}]},{\"@type\":\"ImageObject\",\"inLanguage\":\"tr\",\"@id\":\"https:\\\/\\\/kibrisdakik.com\\\/?p=40725#primaryimage\",\"url\":\"https:\\\/\\\/kibrisdakik.com\\\/wp-content\\\/uploads\\\/2024\\\/05\\\/ustel-kibris-turku-tum-izolasyon-baski-ve-olumsuzluklara-ureterek-gogus-gerdi-1715151443.webp.webp\",\"contentUrl\":\"https:\\\/\\\/kibrisdakik.com\\\/wp-content\\\/uploads\\\/2024\\\/05\\\/ustel-kibris-turku-tum-izolasyon-baski-ve-olumsuzluklara-ureterek-gogus-gerdi-1715151443.webp.webp\",\"width\":710,\"height\":370},{\"@type\":\"BreadcrumbList\",\"@id\":\"https:\\\/\\\/kibrisdakik.com\\\/?p=40725#breadcrumb\",\"itemListElement\":[{\"@type\":\"ListItem\",\"position\":1,\"name\":\"Home\",\"item\":\"https:\\\/\\\/kibrisdakik.com\\\/\"},{\"@type\":\"ListItem\",\"position\":2,\"name\":\"\u00dcstel: &#039;&#039;K\u0131br\u0131s T\u00fcrk\u00fc t\u00fcm izolasyon, bask\u0131 ve olumsuzluklara \u00fcreterek g\u00f6\u011f\u00fcs gerdi&#039;&#039;\"}]},{\"@type\":\"WebSite\",\"@id\":\"https:\\\/\\\/kibrisdakik.com\\\/#website\",\"url\":\"https:\\\/\\\/kibrisdakik.com\\\/\",\"name\":\"\",\"description\":\"Tam vaktinde haber\",\"potentialAction\":[{\"@type\":\"SearchAction\",\"target\":{\"@type\":\"EntryPoint\",\"urlTemplate\":\"https:\\\/\\\/kibrisdakik.com\\\/?s={search_term_string}\"},\"query-input\":{\"@type\":\"PropertyValueSpecification\",\"valueRequired\":true,\"valueName\":\"search_term_string\"}}],\"inLanguage\":\"tr\"},{\"@type\":\"Person\",\"@id\":\"https:\\\/\\\/kibrisdakik.com\\\/#\\\/schema\\\/person\\\/9cd9d437bbb44f72b73ba127e06d8e79\",\"name\":\"admin\",\"image\":{\"@type\":\"ImageObject\",\"inLanguage\":\"tr\",\"@id\":\"https:\\\/\\\/secure.gravatar.com\\\/avatar\\\/ccc17943b9d660506c869530f897617f7cb1c21a4bf30023f252596d83e1f007?s=96&d=mm&r=g\",\"url\":\"https:\\\/\\\/secure.gravatar.com\\\/avatar\\\/ccc17943b9d660506c869530f897617f7cb1c21a4bf30023f252596d83e1f007?s=96&d=mm&r=g\",\"contentUrl\":\"https:\\\/\\\/secure.gravatar.com\\\/avatar\\\/ccc17943b9d660506c869530f897617f7cb1c21a4bf30023f252596d83e1f007?s=96&d=mm&r=g\",\"caption\":\"admin\"},\"sameAs\":[\"https:\\\/\\\/kibrisdakik.com\"],\"url\":\"https:\\\/\\\/kibrisdakik.com\\\/?author=1\"}]}<\/script>\n<!-- \/ Yoast SEO plugin. -->","yoast_head_json":{"title":"\u00dcstel: &#039;&#039;K\u0131br\u0131s T\u00fcrk\u00fc t\u00fcm izolasyon, bask\u0131 ve olumsuzluklara \u00fcreterek g\u00f6\u011f\u00fcs gerdi&#039;&#039; -","robots":{"index":"index","follow":"follow","max-snippet":"max-snippet:-1","max-image-preview":"max-image-preview:large","max-video-preview":"max-video-preview:-1"},"canonical":"https:\/\/kibrisdakik.com\/?p=40725","og_locale":"tr_TR","og_type":"article","og_title":"\u00dcstel: &#039;&#039;K\u0131br\u0131s T\u00fcrk\u00fc t\u00fcm izolasyon, bask\u0131 ve olumsuzluklara \u00fcreterek g\u00f6\u011f\u00fcs gerdi&#039;&#039; -","og_description":"A\u00e7\u0131l\u0131\u015fta konu\u015fan&nbsp;Ba\u015fbakan \u00dcnal \u00dcstel, K\u0131br\u0131s T\u00fcrk\u00fc&#8217;n\u00fcn t\u00fcm izolasyon, bask\u0131 ve olumsuzluklara \u00e7\u00f6z\u00fcm \u00fcreterek g\u00f6\u011f\u00fcs gerdi\u011fini ve ayakta durdu\u011funu ifade ederek, KKTC\u2019nin \u00fcretimde her ge\u00e7en g\u00fcn daha da ileriye gitti\u011fini s\u00f6yledi. \u00dcstel, \u00e7ocuk ve gen\u00e7lere yat\u0131r\u0131m\u0131n \u00f6nemine de i\u015faret etti\u011fi konu\u015fmas\u0131nda, e\u011fitimlerini alan bu gen\u00e7lerin yar\u0131nlarda \u00fclkedeki bir\u00e7ok bo\u015flu\u011fu dolduraca\u011f\u0131n\u0131, ithalat-ihracat dengesinin de sa\u011flanmas\u0131yla birlikte \u00fclkenin","og_url":"https:\/\/kibrisdakik.com\/?p=40725","article_published_time":"2024-05-08T07:10:58+00:00","og_image":[{"width":710,"height":370,"url":"https:\/\/kibrisdakik.com\/wp-content\/uploads\/2024\/05\/ustel-kibris-turku-tum-izolasyon-baski-ve-olumsuzluklara-ureterek-gogus-gerdi-1715151443.webp.webp","type":"image\/webp"}],"author":"admin","twitter_card":"summary_large_image","twitter_misc":{"Yazan:":"admin"},"schema":{"@context":"https:\/\/schema.org","@graph":[{"@type":"Article","@id":"https:\/\/kibrisdakik.com\/?p=40725#article","isPartOf":{"@id":"https:\/\/kibrisdakik.com\/?p=40725"},"author":{"name":"admin","@id":"https:\/\/kibrisdakik.com\/#\/schema\/person\/9cd9d437bbb44f72b73ba127e06d8e79"},"headline":"\u00dcstel: &#039;&#039;K\u0131br\u0131s T\u00fcrk\u00fc t\u00fcm izolasyon, bask\u0131 ve olumsuzluklara \u00fcreterek g\u00f6\u011f\u00fcs gerdi&#039;&#039;","datePublished":"2024-05-08T07:10:58+00:00","mainEntityOfPage":{"@id":"https:\/\/kibrisdakik.com\/?p=40725"},"wordCount":115,"commentCount":0,"image":{"@id":"https:\/\/kibrisdakik.com\/?p=40725#primaryimage"},"thumbnailUrl":"https:\/\/kibrisdakik.com\/wp-content\/uploads\/2024\/05\/ustel-kibris-turku-tum-izolasyon-baski-ve-olumsuzluklara-ureterek-gogus-gerdi-1715151443.webp.webp","articleSection":["Ekonomi"],"inLanguage":"tr","potentialAction":[{"@type":"CommentAction","name":"Comment","target":["https:\/\/kibrisdakik.com\/?p=40725#respond"]}]},{"@type":"WebPage","@id":"https:\/\/kibrisdakik.com\/?p=40725","url":"https:\/\/kibrisdakik.com\/?p=40725","name":"\u00dcstel: &#039;&#039;K\u0131br\u0131s T\u00fcrk\u00fc t\u00fcm izolasyon, bask\u0131 ve olumsuzluklara \u00fcreterek g\u00f6\u011f\u00fcs gerdi&#039;&#039; -","isPartOf":{"@id":"https:\/\/kibrisdakik.com\/#website"},"primaryImageOfPage":{"@id":"https:\/\/kibrisdakik.com\/?p=40725#primaryimage"},"image":{"@id":"https:\/\/kibrisdakik.com\/?p=40725#primaryimage"},"thumbnailUrl":"https:\/\/kibrisdakik.com\/wp-content\/uploads\/2024\/05\/ustel-kibris-turku-tum-izolasyon-baski-ve-olumsuzluklara-ureterek-gogus-gerdi-1715151443.webp.webp","datePublished":"2024-05-08T07:10:58+00:00","author":{"@id":"https:\/\/kibrisdakik.com\/#\/schema\/person\/9cd9d437bbb44f72b73ba127e06d8e79"},"breadcrumb":{"@id":"https:\/\/kibrisdakik.com\/?p=40725#breadcrumb"},"inLanguage":"tr","potentialAction":[{"@type":"ReadAction","target":["https:\/\/kibrisdakik.com\/?p=40725"]}]},{"@type":"ImageObject","inLanguage":"tr","@id":"https:\/\/kibrisdakik.com\/?p=40725#primaryimage","url":"https:\/\/kibrisdakik.com\/wp-content\/uploads\/2024\/05\/ustel-kibris-turku-tum-izolasyon-baski-ve-olumsuzluklara-ureterek-gogus-gerdi-1715151443.webp.webp","contentUrl":"https:\/\/kibrisdakik.com\/wp-content\/uploads\/2024\/05\/ustel-kibris-turku-tum-izolasyon-baski-ve-olumsuzluklara-ureterek-gogus-gerdi-1715151443.webp.webp","width":710,"height":370},{"@type":"BreadcrumbList","@id":"https:\/\/kibrisdakik.com\/?p=40725#breadcrumb","itemListElement":[{"@type":"ListItem","position":1,"name":"Home","item":"https:\/\/kibrisdakik.com\/"},{"@type":"ListItem","position":2,"name":"\u00dcstel: &#039;&#039;K\u0131br\u0131s T\u00fcrk\u00fc t\u00fcm izolasyon, bask\u0131 ve olumsuzluklara \u00fcreterek g\u00f6\u011f\u00fcs gerdi&#039;&#039;"}]},{"@type":"WebSite","@id":"https:\/\/kibrisdakik.com\/#website","url":"https:\/\/kibrisdakik.com\/","name":"","description":"Tam vaktinde haber","potentialAction":[{"@type":"SearchAction","target":{"@type":"EntryPoint","urlTemplate":"https:\/\/kibrisdakik.com\/?s={search_term_string}"},"query-input":{"@type":"PropertyValueSpecification","valueRequired":true,"valueName":"search_term_string"}}],"inLanguage":"tr"},{"@type":"Person","@id":"https:\/\/kibrisdakik.com\/#\/schema\/person\/9cd9d437bbb44f72b73ba127e06d8e79","name":"admin","image":{"@type":"ImageObject","inLanguage":"tr","@id":"https:\/\/secure.gravatar.com\/avatar\/ccc17943b9d660506c869530f897617f7cb1c21a4bf30023f252596d83e1f007?s=96&d=mm&r=g","url":"https:\/\/secure.gravatar.com\/avatar\/ccc17943b9d660506c869530f897617f7cb1c21a4bf30023f252596d83e1f007?s=96&d=mm&r=g","contentUrl":"https:\/\/secure.gravatar.com\/avatar\/ccc17943b9d660506c869530f897617f7cb1c21a4bf30023f252596d83e1f007?s=96&d=mm&r=g","caption":"admin"},"sameAs":["https:\/\/kibrisdakik.com"],"url":"https:\/\/kibrisdakik.com\/?author=1"}]}},"_links":{"self":[{"href":"https:\/\/kibrisdakik.com\/index.php?rest_route=\/wp\/v2\/posts\/40725","targetHints":{"allow":["GET"]}}],"collection":[{"href":"https:\/\/kibrisdakik.com\/index.php?rest_route=\/wp\/v2\/posts"}],"about":[{"href":"https:\/\/kibrisdakik.com\/index.php?rest_route=\/wp\/v2\/types\/post"}],"author":[{"embeddable":true,"href":"https:\/\/kibrisdakik.com\/index.php?rest_route=\/wp\/v2\/users\/1"}],"replies":[{"embeddable":true,"href":"https:\/\/kibrisdakik.com\/index.php?rest_route=%2Fwp%2Fv2%2Fcomments&post=40725"}],"version-history":[{"count":0,"href":"https:\/\/kibrisdakik.com\/index.php?rest_route=\/wp\/v2\/posts\/40725\/revisions"}],"wp:featuredmedia":[{"embeddable":true,"href":"https:\/\/kibrisdakik.com\/index.php?rest_route=\/wp\/v2\/media\/40726"}],"wp:attachment":[{"href":"https:\/\/kibrisdakik.com\/index.php?rest_route=%2Fwp%2Fv2%2Fmedia&parent=40725"}],"wp:term":[{"taxonomy":"category","embeddable":true,"href":"https:\/\/kibrisdakik.com\/index.php?rest_route=%2Fwp%2Fv2%2Fcategories&post=40725"},{"taxonomy":"post_tag","embeddable":true,"href":"https:\/\/kibrisdakik.com\/index.php?rest_route=%2Fwp%2Fv2%2Ftags&post=40725"}],"curies":[{"name":"wp","href":"https:\/\/api.w.org\/{rel}","templated":true}]}}