{"id":40772,"date":"2024-05-08T14:17:53","date_gmt":"2024-05-08T14:17:53","guid":{"rendered":"https:\/\/kibrisdakik.com\/index.php\/2024\/05\/08\/dincyurek-duzenli-kan-bagisi-buyuk-onem-tasiyor\/"},"modified":"2024-05-08T14:17:53","modified_gmt":"2024-05-08T14:17:53","slug":"dincyurek-duzenli-kan-bagisi-buyuk-onem-tasiyor","status":"publish","type":"post","link":"https:\/\/kibrisdakik.com\/?p=40772","title":{"rendered":"Din\u00e7y\u00fcrek:\u201d D\u00fczenli kan ba\u011f\u0131\u015f\u0131 b\u00fcy\u00fck \u00f6nem ta\u015f\u0131yor\u201d"},"content":{"rendered":"<p><img decoding=\"async\" src=\"https:\/\/www.kibristurk.com\/images\/haberler\/2024\/05\/dincyurek-duzenli-kan-bagisi-buyuk-onem-tasiyor-1715175684.webp\" \/><\/p>\n<p style=\"text-align:left\"><span style=\"font-size:16px\"><span style=\"font-family:Merriweather,serif !important\"><span style=\"color:#000000\"><span style=\"background-color:#ffffff\">Din\u00e7y\u00fcrek, 8 May\u0131s D\u00fcnya Talasemia G\u00fcn\u00fc nedeniyle yapt\u0131\u011f\u0131 a\u00e7\u0131klamada, Talasemia- Akdeniz Anemisi hastal\u0131\u011f\u0131 hakk\u0131nda bilgi verdi. Din\u00e7y\u00fcrek, hastal\u0131\u011f\u0131n genetik ge\u00e7i\u015fli oldu\u011funu ve \u00e7ocuklara anne ve\/veya babalar\u0131ndan genler yoluyla ge\u00e7ti\u011fine i\u015faret etti.<\/span><\/span><\/span><\/span><\/p>\n<p style=\"text-align:left\"><span style=\"font-size:16px\"><span style=\"font-family:Merriweather,serif !important\"><span style=\"color:#000000\"><span style=\"background-color:#ffffff\">Talasemia tedavisinin zorlu\u011funa dikkat \u00e7eken Din\u00e7y\u00fcrek, \u00fclkede evlenen \u00e7iftlerin talasemi ta\u015f\u0131y\u0131c\u0131s\u0131 olup olmad\u0131klar\u0131n\u0131 belirlemek i\u00e7in yasal d\u00fczenlemeler oldu\u011funu kaydetti.<\/span><\/span><\/span><\/span><\/p>\n<p style=\"text-align:left\"><span style=\"font-size:16px\"><span style=\"font-family:Merriweather,serif !important\"><span style=\"color:#000000\"><span style=\"background-color:#ffffff\">Din\u00e7y\u00fcrek, buna g\u00f6re talasemia ta\u015f\u0131y\u0131c\u0131l\u0131\u011f\u0131n\u0131n evlilik \u00f6ncesi tespitinin \u00f6nemine vurgu yaparak, bundan dolay\u0131 Talasemia laboratuvar\u0131nda 1980 y\u0131l\u0131ndan itibaren Talasemia ta\u015f\u0131y\u0131c\u0131l\u0131k testlerinin yap\u0131lmakta oldu\u011funu belirtti.<\/span><\/span><\/span><\/span><\/p>\n<p style=\"text-align:left\"><span style=\"font-size:16px\"><span style=\"font-family:Merriweather,serif !important\"><span style=\"color:#000000\"><span style=\"background-color:#ffffff\">Sa\u011fl\u0131k Bakan\u0131 Din\u00e7y\u00fcrek, talasemia tedavisinde kan ba\u011f\u0131\u015f\u0131n\u0131n \u00f6nemine de\u011finerek, g\u00f6n\u00fcll\u00fc kan ba\u011f\u0131\u015f\u0131n\u0131n geli\u015fmesi i\u00e7in kendilerine ve sivil toplum \u00f6rg\u00fctlerine b\u00fcy\u00fck g\u00f6rev d\u00fc\u015ft\u00fc\u011f\u00fcn\u00fc s\u00f6yledi.<\/span><\/span><\/span><\/span><\/p>\n<p style=\"text-align:left\"><span style=\"font-size:16px\"><span style=\"font-family:Merriweather,serif !important\"><span style=\"color:#000000\"><span style=\"background-color:#ffffff\">Talasemia tedavisinde yeterli ve d\u00fczenli kan nakli yap\u0131lmas\u0131n\u0131n \u00f6nem arz etti\u011fine dikkat \u00e7eken Din\u00e7y\u00fcrek, vatanda\u015flar Sa\u011fl\u0131k Bakanl\u0131\u011f\u0131 b\u00fcnyesinde kurulan G\u00f6n\u00fcll\u00fc Kan Ba\u011f\u0131\u015f\u00e7\u0131lar\u0131 Birimi&#8217;ne ba\u015fvuru yaparak, kan ba\u011f\u0131\u015f\u00e7\u0131s\u0131 olmalar\u0131 \u00e7a\u011fr\u0131s\u0131nda bulundu.<\/span><\/span><\/span><\/span><\/p>\n","protected":false},"excerpt":{"rendered":"<p>Din\u00e7y\u00fcrek, 8 May\u0131s D\u00fcnya Talasemia G\u00fcn\u00fc nedeniyle yapt\u0131\u011f\u0131 a\u00e7\u0131klamada, Talasemia- Akdeniz Anemisi hastal\u0131\u011f\u0131 hakk\u0131nda bilgi verdi. Din\u00e7y\u00fcrek, hastal\u0131\u011f\u0131n genetik ge\u00e7i\u015fli oldu\u011funu ve \u00e7ocuklara anne ve\/veya babalar\u0131ndan genler yoluyla ge\u00e7ti\u011fine i\u015faret etti. Talasemia tedavisinin zorlu\u011funa dikkat \u00e7eken Din\u00e7y\u00fcrek, \u00fclkede evlenen \u00e7iftlerin talasemi ta\u015f\u0131y\u0131c\u0131s\u0131 olup olmad\u0131klar\u0131n\u0131 belirlemek i\u00e7in yasal d\u00fczenlemeler oldu\u011funu kaydetti. Din\u00e7y\u00fcrek, buna g\u00f6re talasemia ta\u015f\u0131y\u0131c\u0131l\u0131\u011f\u0131n\u0131n<\/p>\n","protected":false},"author":1,"featured_media":40773,"comment_status":"open","ping_status":"open","sticky":false,"template":"","format":"standard","meta":{"footnotes":""},"categories":[79],"tags":[],"class_list":["post-40772","post","type-post","status-publish","format-standard","has-post-thumbnail","hentry","category-ekonomi"],"yoast_head":"<!-- This site is optimized with the Yoast SEO plugin v27.4 - https:\/\/yoast.com\/product\/yoast-seo-wordpress\/ -->\n<title>Din\u00e7y\u00fcrek:\u201d D\u00fczenli kan ba\u011f\u0131\u015f\u0131 b\u00fcy\u00fck \u00f6nem ta\u015f\u0131yor\u201d -<\/title>\n<meta name=\"robots\" content=\"index, follow, max-snippet:-1, max-image-preview:large, max-video-preview:-1\" \/>\n<link rel=\"canonical\" href=\"https:\/\/kibrisdakik.com\/?p=40772\" \/>\n<meta property=\"og:locale\" content=\"tr_TR\" \/>\n<meta property=\"og:type\" content=\"article\" \/>\n<meta property=\"og:title\" content=\"Din\u00e7y\u00fcrek:\u201d D\u00fczenli kan ba\u011f\u0131\u015f\u0131 b\u00fcy\u00fck \u00f6nem ta\u015f\u0131yor\u201d -\" \/>\n<meta property=\"og:description\" content=\"Din\u00e7y\u00fcrek, 8 May\u0131s D\u00fcnya Talasemia G\u00fcn\u00fc nedeniyle yapt\u0131\u011f\u0131 a\u00e7\u0131klamada, Talasemia- Akdeniz Anemisi hastal\u0131\u011f\u0131 hakk\u0131nda bilgi verdi. Din\u00e7y\u00fcrek, hastal\u0131\u011f\u0131n genetik ge\u00e7i\u015fli oldu\u011funu ve \u00e7ocuklara anne ve\/veya babalar\u0131ndan genler yoluyla ge\u00e7ti\u011fine i\u015faret etti. Talasemia tedavisinin zorlu\u011funa dikkat \u00e7eken Din\u00e7y\u00fcrek, \u00fclkede evlenen \u00e7iftlerin talasemi ta\u015f\u0131y\u0131c\u0131s\u0131 olup olmad\u0131klar\u0131n\u0131 belirlemek i\u00e7in yasal d\u00fczenlemeler oldu\u011funu kaydetti. Din\u00e7y\u00fcrek, buna g\u00f6re talasemia ta\u015f\u0131y\u0131c\u0131l\u0131\u011f\u0131n\u0131n\" \/>\n<meta property=\"og:url\" content=\"https:\/\/kibrisdakik.com\/?p=40772\" \/>\n<meta property=\"article:published_time\" content=\"2024-05-08T14:17:53+00:00\" \/>\n<meta property=\"og:image\" content=\"https:\/\/kibrisdakik.com\/wp-content\/uploads\/2024\/05\/dincyurek-duzenli-kan-bagisi-buyuk-onem-tasiyor-1715175684.webp.webp\" \/>\n\t<meta property=\"og:image:width\" content=\"710\" \/>\n\t<meta property=\"og:image:height\" content=\"370\" \/>\n\t<meta property=\"og:image:type\" content=\"image\/webp\" \/>\n<meta name=\"author\" content=\"admin\" \/>\n<meta name=\"twitter:card\" content=\"summary_large_image\" \/>\n<meta name=\"twitter:label1\" content=\"Yazan:\" \/>\n\t<meta name=\"twitter:data1\" content=\"admin\" \/>\n\t<meta name=\"twitter:label2\" content=\"Tahmini okuma s\u00fcresi\" \/>\n\t<meta name=\"twitter:data2\" content=\"1 dakika\" \/>\n<script type=\"application\/ld+json\" class=\"yoast-schema-graph\">{\"@context\":\"https:\\\/\\\/schema.org\",\"@graph\":[{\"@type\":\"Article\",\"@id\":\"https:\\\/\\\/kibrisdakik.com\\\/?p=40772#article\",\"isPartOf\":{\"@id\":\"https:\\\/\\\/kibrisdakik.com\\\/?p=40772\"},\"author\":{\"name\":\"admin\",\"@id\":\"https:\\\/\\\/kibrisdakik.com\\\/#\\\/schema\\\/person\\\/9cd9d437bbb44f72b73ba127e06d8e79\"},\"headline\":\"Din\u00e7y\u00fcrek:\u201d D\u00fczenli kan ba\u011f\u0131\u015f\u0131 b\u00fcy\u00fck \u00f6nem ta\u015f\u0131yor\u201d\",\"datePublished\":\"2024-05-08T14:17:53+00:00\",\"mainEntityOfPage\":{\"@id\":\"https:\\\/\\\/kibrisdakik.com\\\/?p=40772\"},\"wordCount\":223,\"commentCount\":0,\"image\":{\"@id\":\"https:\\\/\\\/kibrisdakik.com\\\/?p=40772#primaryimage\"},\"thumbnailUrl\":\"https:\\\/\\\/kibrisdakik.com\\\/wp-content\\\/uploads\\\/2024\\\/05\\\/dincyurek-duzenli-kan-bagisi-buyuk-onem-tasiyor-1715175684.webp.webp\",\"articleSection\":[\"Ekonomi\"],\"inLanguage\":\"tr\",\"potentialAction\":[{\"@type\":\"CommentAction\",\"name\":\"Comment\",\"target\":[\"https:\\\/\\\/kibrisdakik.com\\\/?p=40772#respond\"]}]},{\"@type\":\"WebPage\",\"@id\":\"https:\\\/\\\/kibrisdakik.com\\\/?p=40772\",\"url\":\"https:\\\/\\\/kibrisdakik.com\\\/?p=40772\",\"name\":\"Din\u00e7y\u00fcrek:\u201d D\u00fczenli kan ba\u011f\u0131\u015f\u0131 b\u00fcy\u00fck \u00f6nem ta\u015f\u0131yor\u201d -\",\"isPartOf\":{\"@id\":\"https:\\\/\\\/kibrisdakik.com\\\/#website\"},\"primaryImageOfPage\":{\"@id\":\"https:\\\/\\\/kibrisdakik.com\\\/?p=40772#primaryimage\"},\"image\":{\"@id\":\"https:\\\/\\\/kibrisdakik.com\\\/?p=40772#primaryimage\"},\"thumbnailUrl\":\"https:\\\/\\\/kibrisdakik.com\\\/wp-content\\\/uploads\\\/2024\\\/05\\\/dincyurek-duzenli-kan-bagisi-buyuk-onem-tasiyor-1715175684.webp.webp\",\"datePublished\":\"2024-05-08T14:17:53+00:00\",\"author\":{\"@id\":\"https:\\\/\\\/kibrisdakik.com\\\/#\\\/schema\\\/person\\\/9cd9d437bbb44f72b73ba127e06d8e79\"},\"breadcrumb\":{\"@id\":\"https:\\\/\\\/kibrisdakik.com\\\/?p=40772#breadcrumb\"},\"inLanguage\":\"tr\",\"potentialAction\":[{\"@type\":\"ReadAction\",\"target\":[\"https:\\\/\\\/kibrisdakik.com\\\/?p=40772\"]}]},{\"@type\":\"ImageObject\",\"inLanguage\":\"tr\",\"@id\":\"https:\\\/\\\/kibrisdakik.com\\\/?p=40772#primaryimage\",\"url\":\"https:\\\/\\\/kibrisdakik.com\\\/wp-content\\\/uploads\\\/2024\\\/05\\\/dincyurek-duzenli-kan-bagisi-buyuk-onem-tasiyor-1715175684.webp.webp\",\"contentUrl\":\"https:\\\/\\\/kibrisdakik.com\\\/wp-content\\\/uploads\\\/2024\\\/05\\\/dincyurek-duzenli-kan-bagisi-buyuk-onem-tasiyor-1715175684.webp.webp\",\"width\":710,\"height\":370},{\"@type\":\"BreadcrumbList\",\"@id\":\"https:\\\/\\\/kibrisdakik.com\\\/?p=40772#breadcrumb\",\"itemListElement\":[{\"@type\":\"ListItem\",\"position\":1,\"name\":\"Home\",\"item\":\"https:\\\/\\\/kibrisdakik.com\\\/\"},{\"@type\":\"ListItem\",\"position\":2,\"name\":\"Din\u00e7y\u00fcrek:\u201d D\u00fczenli kan ba\u011f\u0131\u015f\u0131 b\u00fcy\u00fck \u00f6nem ta\u015f\u0131yor\u201d\"}]},{\"@type\":\"WebSite\",\"@id\":\"https:\\\/\\\/kibrisdakik.com\\\/#website\",\"url\":\"https:\\\/\\\/kibrisdakik.com\\\/\",\"name\":\"\",\"description\":\"Tam vaktinde haber\",\"potentialAction\":[{\"@type\":\"SearchAction\",\"target\":{\"@type\":\"EntryPoint\",\"urlTemplate\":\"https:\\\/\\\/kibrisdakik.com\\\/?s={search_term_string}\"},\"query-input\":{\"@type\":\"PropertyValueSpecification\",\"valueRequired\":true,\"valueName\":\"search_term_string\"}}],\"inLanguage\":\"tr\"},{\"@type\":\"Person\",\"@id\":\"https:\\\/\\\/kibrisdakik.com\\\/#\\\/schema\\\/person\\\/9cd9d437bbb44f72b73ba127e06d8e79\",\"name\":\"admin\",\"image\":{\"@type\":\"ImageObject\",\"inLanguage\":\"tr\",\"@id\":\"https:\\\/\\\/secure.gravatar.com\\\/avatar\\\/ccc17943b9d660506c869530f897617f7cb1c21a4bf30023f252596d83e1f007?s=96&d=mm&r=g\",\"url\":\"https:\\\/\\\/secure.gravatar.com\\\/avatar\\\/ccc17943b9d660506c869530f897617f7cb1c21a4bf30023f252596d83e1f007?s=96&d=mm&r=g\",\"contentUrl\":\"https:\\\/\\\/secure.gravatar.com\\\/avatar\\\/ccc17943b9d660506c869530f897617f7cb1c21a4bf30023f252596d83e1f007?s=96&d=mm&r=g\",\"caption\":\"admin\"},\"sameAs\":[\"https:\\\/\\\/kibrisdakik.com\"],\"url\":\"https:\\\/\\\/kibrisdakik.com\\\/?author=1\"}]}<\/script>\n<!-- \/ Yoast SEO plugin. -->","yoast_head_json":{"title":"Din\u00e7y\u00fcrek:\u201d D\u00fczenli kan ba\u011f\u0131\u015f\u0131 b\u00fcy\u00fck \u00f6nem ta\u015f\u0131yor\u201d -","robots":{"index":"index","follow":"follow","max-snippet":"max-snippet:-1","max-image-preview":"max-image-preview:large","max-video-preview":"max-video-preview:-1"},"canonical":"https:\/\/kibrisdakik.com\/?p=40772","og_locale":"tr_TR","og_type":"article","og_title":"Din\u00e7y\u00fcrek:\u201d D\u00fczenli kan ba\u011f\u0131\u015f\u0131 b\u00fcy\u00fck \u00f6nem ta\u015f\u0131yor\u201d -","og_description":"Din\u00e7y\u00fcrek, 8 May\u0131s D\u00fcnya Talasemia G\u00fcn\u00fc nedeniyle yapt\u0131\u011f\u0131 a\u00e7\u0131klamada, Talasemia- Akdeniz Anemisi hastal\u0131\u011f\u0131 hakk\u0131nda bilgi verdi. Din\u00e7y\u00fcrek, hastal\u0131\u011f\u0131n genetik ge\u00e7i\u015fli oldu\u011funu ve \u00e7ocuklara anne ve\/veya babalar\u0131ndan genler yoluyla ge\u00e7ti\u011fine i\u015faret etti. Talasemia tedavisinin zorlu\u011funa dikkat \u00e7eken Din\u00e7y\u00fcrek, \u00fclkede evlenen \u00e7iftlerin talasemi ta\u015f\u0131y\u0131c\u0131s\u0131 olup olmad\u0131klar\u0131n\u0131 belirlemek i\u00e7in yasal d\u00fczenlemeler oldu\u011funu kaydetti. Din\u00e7y\u00fcrek, buna g\u00f6re talasemia ta\u015f\u0131y\u0131c\u0131l\u0131\u011f\u0131n\u0131n","og_url":"https:\/\/kibrisdakik.com\/?p=40772","article_published_time":"2024-05-08T14:17:53+00:00","og_image":[{"width":710,"height":370,"url":"https:\/\/kibrisdakik.com\/wp-content\/uploads\/2024\/05\/dincyurek-duzenli-kan-bagisi-buyuk-onem-tasiyor-1715175684.webp.webp","type":"image\/webp"}],"author":"admin","twitter_card":"summary_large_image","twitter_misc":{"Yazan:":"admin","Tahmini okuma s\u00fcresi":"1 dakika"},"schema":{"@context":"https:\/\/schema.org","@graph":[{"@type":"Article","@id":"https:\/\/kibrisdakik.com\/?p=40772#article","isPartOf":{"@id":"https:\/\/kibrisdakik.com\/?p=40772"},"author":{"name":"admin","@id":"https:\/\/kibrisdakik.com\/#\/schema\/person\/9cd9d437bbb44f72b73ba127e06d8e79"},"headline":"Din\u00e7y\u00fcrek:\u201d D\u00fczenli kan ba\u011f\u0131\u015f\u0131 b\u00fcy\u00fck \u00f6nem ta\u015f\u0131yor\u201d","datePublished":"2024-05-08T14:17:53+00:00","mainEntityOfPage":{"@id":"https:\/\/kibrisdakik.com\/?p=40772"},"wordCount":223,"commentCount":0,"image":{"@id":"https:\/\/kibrisdakik.com\/?p=40772#primaryimage"},"thumbnailUrl":"https:\/\/kibrisdakik.com\/wp-content\/uploads\/2024\/05\/dincyurek-duzenli-kan-bagisi-buyuk-onem-tasiyor-1715175684.webp.webp","articleSection":["Ekonomi"],"inLanguage":"tr","potentialAction":[{"@type":"CommentAction","name":"Comment","target":["https:\/\/kibrisdakik.com\/?p=40772#respond"]}]},{"@type":"WebPage","@id":"https:\/\/kibrisdakik.com\/?p=40772","url":"https:\/\/kibrisdakik.com\/?p=40772","name":"Din\u00e7y\u00fcrek:\u201d D\u00fczenli kan ba\u011f\u0131\u015f\u0131 b\u00fcy\u00fck \u00f6nem ta\u015f\u0131yor\u201d -","isPartOf":{"@id":"https:\/\/kibrisdakik.com\/#website"},"primaryImageOfPage":{"@id":"https:\/\/kibrisdakik.com\/?p=40772#primaryimage"},"image":{"@id":"https:\/\/kibrisdakik.com\/?p=40772#primaryimage"},"thumbnailUrl":"https:\/\/kibrisdakik.com\/wp-content\/uploads\/2024\/05\/dincyurek-duzenli-kan-bagisi-buyuk-onem-tasiyor-1715175684.webp.webp","datePublished":"2024-05-08T14:17:53+00:00","author":{"@id":"https:\/\/kibrisdakik.com\/#\/schema\/person\/9cd9d437bbb44f72b73ba127e06d8e79"},"breadcrumb":{"@id":"https:\/\/kibrisdakik.com\/?p=40772#breadcrumb"},"inLanguage":"tr","potentialAction":[{"@type":"ReadAction","target":["https:\/\/kibrisdakik.com\/?p=40772"]}]},{"@type":"ImageObject","inLanguage":"tr","@id":"https:\/\/kibrisdakik.com\/?p=40772#primaryimage","url":"https:\/\/kibrisdakik.com\/wp-content\/uploads\/2024\/05\/dincyurek-duzenli-kan-bagisi-buyuk-onem-tasiyor-1715175684.webp.webp","contentUrl":"https:\/\/kibrisdakik.com\/wp-content\/uploads\/2024\/05\/dincyurek-duzenli-kan-bagisi-buyuk-onem-tasiyor-1715175684.webp.webp","width":710,"height":370},{"@type":"BreadcrumbList","@id":"https:\/\/kibrisdakik.com\/?p=40772#breadcrumb","itemListElement":[{"@type":"ListItem","position":1,"name":"Home","item":"https:\/\/kibrisdakik.com\/"},{"@type":"ListItem","position":2,"name":"Din\u00e7y\u00fcrek:\u201d D\u00fczenli kan ba\u011f\u0131\u015f\u0131 b\u00fcy\u00fck \u00f6nem ta\u015f\u0131yor\u201d"}]},{"@type":"WebSite","@id":"https:\/\/kibrisdakik.com\/#website","url":"https:\/\/kibrisdakik.com\/","name":"","description":"Tam vaktinde haber","potentialAction":[{"@type":"SearchAction","target":{"@type":"EntryPoint","urlTemplate":"https:\/\/kibrisdakik.com\/?s={search_term_string}"},"query-input":{"@type":"PropertyValueSpecification","valueRequired":true,"valueName":"search_term_string"}}],"inLanguage":"tr"},{"@type":"Person","@id":"https:\/\/kibrisdakik.com\/#\/schema\/person\/9cd9d437bbb44f72b73ba127e06d8e79","name":"admin","image":{"@type":"ImageObject","inLanguage":"tr","@id":"https:\/\/secure.gravatar.com\/avatar\/ccc17943b9d660506c869530f897617f7cb1c21a4bf30023f252596d83e1f007?s=96&d=mm&r=g","url":"https:\/\/secure.gravatar.com\/avatar\/ccc17943b9d660506c869530f897617f7cb1c21a4bf30023f252596d83e1f007?s=96&d=mm&r=g","contentUrl":"https:\/\/secure.gravatar.com\/avatar\/ccc17943b9d660506c869530f897617f7cb1c21a4bf30023f252596d83e1f007?s=96&d=mm&r=g","caption":"admin"},"sameAs":["https:\/\/kibrisdakik.com"],"url":"https:\/\/kibrisdakik.com\/?author=1"}]}},"_links":{"self":[{"href":"https:\/\/kibrisdakik.com\/index.php?rest_route=\/wp\/v2\/posts\/40772","targetHints":{"allow":["GET"]}}],"collection":[{"href":"https:\/\/kibrisdakik.com\/index.php?rest_route=\/wp\/v2\/posts"}],"about":[{"href":"https:\/\/kibrisdakik.com\/index.php?rest_route=\/wp\/v2\/types\/post"}],"author":[{"embeddable":true,"href":"https:\/\/kibrisdakik.com\/index.php?rest_route=\/wp\/v2\/users\/1"}],"replies":[{"embeddable":true,"href":"https:\/\/kibrisdakik.com\/index.php?rest_route=%2Fwp%2Fv2%2Fcomments&post=40772"}],"version-history":[{"count":0,"href":"https:\/\/kibrisdakik.com\/index.php?rest_route=\/wp\/v2\/posts\/40772\/revisions"}],"wp:featuredmedia":[{"embeddable":true,"href":"https:\/\/kibrisdakik.com\/index.php?rest_route=\/wp\/v2\/media\/40773"}],"wp:attachment":[{"href":"https:\/\/kibrisdakik.com\/index.php?rest_route=%2Fwp%2Fv2%2Fmedia&parent=40772"}],"wp:term":[{"taxonomy":"category","embeddable":true,"href":"https:\/\/kibrisdakik.com\/index.php?rest_route=%2Fwp%2Fv2%2Fcategories&post=40772"},{"taxonomy":"post_tag","embeddable":true,"href":"https:\/\/kibrisdakik.com\/index.php?rest_route=%2Fwp%2Fv2%2Ftags&post=40772"}],"curies":[{"name":"wp","href":"https:\/\/api.w.org\/{rel}","templated":true}]}}