{"id":40805,"date":"2024-05-08T19:22:48","date_gmt":"2024-05-08T19:22:48","guid":{"rendered":"https:\/\/kibrisdakik.com\/index.php\/2024\/05\/08\/fenerbahcede-edin-dzeko-idmana-cikmadi\/"},"modified":"2024-05-08T19:22:48","modified_gmt":"2024-05-08T19:22:48","slug":"fenerbahcede-edin-dzeko-idmana-cikmadi","status":"publish","type":"post","link":"https:\/\/kibrisdakik.com\/?p=40805","title":{"rendered":"Fenerbah\u00e7e&#039;de Edin Dzeko idmana \u00e7\u0131kmad\u0131!"},"content":{"rendered":"<p><\/p>\n<p>Fenerbah\u00e7e, Trendyol S\u00fcper Lig\u2019in 36. haftas\u0131nda pazar g\u00fcn\u00fc sahas\u0131nda Kayserispor ile oynayaca\u011f\u0131 kar\u015f\u0131la\u015fman\u0131n haz\u0131rl\u0131klar\u0131na ba\u015flad\u0131.<\/p>\n<p>Can Bartu Tesisleri&#8217;nde, Teknik Direkt\u00f6r \u0130smail Kartal y\u00f6netiminde ko\u015fu, \u0131s\u0131nma ve koordinasyon hareketleriyle ba\u015flayan antrenman, 2 grup 5\u2019e 2 top kapma ve pas \u00e7al\u0131\u015fmalar\u0131yla s\u00fcrd\u00fc. \u0130dman, dar alanda yap\u0131lan \u00e7ift kale ma\u00e7larla sona erdi.<\/p>\n<p><img decoding=\"async\" alt=\"Fenerbah\u00e7e'de Edin Dzeko idmana \u00e7\u0131kmad\u0131! - 1. Resim\" src=\"https:\/\/i.tgrthaber.com\/images\/haberler\/24-05\/08\/fenerbahcede-edin-dzeko-idmana-cikmadi-17151881098941_1.jpg\" title=\"Fenerbah\u00e7e'de Edin Dzeko idmana \u00e7\u0131kmad\u0131!\" \/><\/p>\n<h3>ED\u0130N DZEKO \u015eOKU! \u0130DMANA \u00c7IKMADI<\/h3>\n<p>Pazar g\u00fcn\u00fc kritik ma\u00e7ta Kayserispor&#8217;u a\u011f\u0131rlayacak Fenerbah\u00e7e&#8217;de Edin Dzeko \u015foku ya\u015fan\u0131yor.<\/p>\n<p>Sports Digitale&#8217;da yer alan haberde; Sar\u0131-lacivertli tak\u0131mda Bosnal\u0131 y\u0131ld\u0131z Edin Dzeko&#8217;nun bug\u00fcnk\u00fc yap\u0131lan antrenmanda yer almad\u0131\u011f\u0131 ifade edildi.<\/p>\n<h3>1 YIL DAHA S\u00d6ZLE\u015eMES\u0130 VAR<\/h3>\n<p>38 ya\u015f\u0131ndaki Edin Dzeko, bu sezon Fenerbah\u00e7e formas\u0131yla \u00e7\u0131kt\u0131\u011f\u0131 44 kar\u015f\u0131la\u015fmada 24 gol ve 9 asistlik performans sergiledi.&nbsp;<\/p>\n<p>Edin Dzeko&#8217;nun sar\u0131-lacivertli tak\u0131mla olan s\u00f6zle\u015fmesi 30 Haziran 2025 y\u0131l\u0131na kadar devam ediyor.<\/p>\n<p><img decoding=\"async\" alt=\"Fenerbah\u00e7e'de Edin Dzeko idmana \u00e7\u0131kmad\u0131! - 2. Resim\" src=\"https:\/\/i.tgrthaber.com\/images\/haberler\/24-05\/08\/fenerbahcede-edin-dzeko-idmana-cikmadi-17151881091994_2.jpg\" title=\"Fenerbah\u00e7e'de Edin Dzeko idmana \u00e7\u0131kmad\u0131!\" \/><\/p>\n<h3>OOSTERWOLDE M\u00dcJDES\u0130<\/h3>\n<p>Sar\u0131 lacivertli tak\u0131m\u0131n Olympiakos ile oynad\u0131\u011f\u0131 ma\u00e7ta sakatlanan ve 3.5 hafta \u00f6nce menisk\u00fcs ameliyat\u0131 olan Jayden Oosterwolde, antrenman\u0131n tamam\u0131nda tak\u0131mla birlikte \u00e7al\u0131\u015ft\u0131.<\/p>\n<p>Oosterwolde&#8217;nin Kayserispor&#8217;a kar\u015f\u0131 kadroda olma ihtimalinin bulundu\u011fu, teknik heyet ve sa\u011fl\u0131k ekibinin futbolcunun durumunu de\u011ferlendirip son karar\u0131 verece\u011fi belirtildi.<\/p>\n<p>Sar\u0131-lacivertliler, Kayserispor ma\u00e7\u0131n\u0131n haz\u0131rl\u0131klar\u0131n\u0131 yar\u0131n yapaca\u011f\u0131 antrenmanla s\u00fcrd\u00fcrecek.<\/p>\n","protected":false},"excerpt":{"rendered":"<p>Fenerbah\u00e7e, Trendyol S\u00fcper Lig\u2019in 36. haftas\u0131nda pazar g\u00fcn\u00fc sahas\u0131nda Kayserispor ile oynayaca\u011f\u0131 kar\u015f\u0131la\u015fman\u0131n haz\u0131rl\u0131klar\u0131na ba\u015flad\u0131. Can Bartu Tesisleri&#8217;nde, Teknik Direkt\u00f6r \u0130smail Kartal y\u00f6netiminde ko\u015fu, \u0131s\u0131nma ve koordinasyon hareketleriyle ba\u015flayan antrenman, 2 grup 5\u2019e 2 top kapma ve pas \u00e7al\u0131\u015fmalar\u0131yla s\u00fcrd\u00fc. \u0130dman, dar alanda yap\u0131lan \u00e7ift kale ma\u00e7larla sona erdi. ED\u0130N DZEKO \u015eOKU! \u0130DMANA \u00c7IKMADI Pazar<\/p>\n","protected":false},"author":1,"featured_media":40806,"comment_status":"open","ping_status":"open","sticky":false,"template":"","format":"standard","meta":{"footnotes":""},"categories":[79],"tags":[],"class_list":["post-40805","post","type-post","status-publish","format-standard","has-post-thumbnail","hentry","category-ekonomi"],"yoast_head":"<!-- This site is optimized with the Yoast SEO plugin v27.4 - https:\/\/yoast.com\/product\/yoast-seo-wordpress\/ -->\n<title>Fenerbah\u00e7e&#039;de Edin Dzeko idmana \u00e7\u0131kmad\u0131! -<\/title>\n<meta name=\"robots\" content=\"index, follow, max-snippet:-1, max-image-preview:large, max-video-preview:-1\" \/>\n<link rel=\"canonical\" href=\"https:\/\/kibrisdakik.com\/?p=40805\" \/>\n<meta property=\"og:locale\" content=\"tr_TR\" \/>\n<meta property=\"og:type\" content=\"article\" \/>\n<meta property=\"og:title\" content=\"Fenerbah\u00e7e&#039;de Edin Dzeko idmana \u00e7\u0131kmad\u0131! -\" \/>\n<meta property=\"og:description\" content=\"Fenerbah\u00e7e, Trendyol S\u00fcper Lig\u2019in 36. haftas\u0131nda pazar g\u00fcn\u00fc sahas\u0131nda Kayserispor ile oynayaca\u011f\u0131 kar\u015f\u0131la\u015fman\u0131n haz\u0131rl\u0131klar\u0131na ba\u015flad\u0131. Can Bartu Tesisleri&#8217;nde, Teknik Direkt\u00f6r \u0130smail Kartal y\u00f6netiminde ko\u015fu, \u0131s\u0131nma ve koordinasyon hareketleriyle ba\u015flayan antrenman, 2 grup 5\u2019e 2 top kapma ve pas \u00e7al\u0131\u015fmalar\u0131yla s\u00fcrd\u00fc. \u0130dman, dar alanda yap\u0131lan \u00e7ift kale ma\u00e7larla sona erdi. ED\u0130N DZEKO \u015eOKU! \u0130DMANA \u00c7IKMADI Pazar\" \/>\n<meta property=\"og:url\" content=\"https:\/\/kibrisdakik.com\/?p=40805\" \/>\n<meta property=\"article:published_time\" content=\"2024-05-08T19:22:48+00:00\" \/>\n<meta property=\"og:image\" content=\"https:\/\/kibrisdakik.com\/wp-content\/uploads\/2024\/05\/fenerbahcede-edin-dzeko-idmana-cikmadi-17151881098941_1-740x420.jpg\" \/>\n\t<meta property=\"og:image:width\" content=\"1280\" \/>\n\t<meta property=\"og:image:height\" content=\"828\" \/>\n\t<meta property=\"og:image:type\" content=\"image\/jpeg\" \/>\n<meta name=\"author\" content=\"admin\" \/>\n<meta name=\"twitter:card\" content=\"summary_large_image\" \/>\n<meta name=\"twitter:label1\" content=\"Yazan:\" \/>\n\t<meta name=\"twitter:data1\" content=\"admin\" \/>\n\t<meta name=\"twitter:label2\" content=\"Tahmini okuma s\u00fcresi\" \/>\n\t<meta name=\"twitter:data2\" content=\"1 dakika\" \/>\n<script type=\"application\/ld+json\" class=\"yoast-schema-graph\">{\"@context\":\"https:\\\/\\\/schema.org\",\"@graph\":[{\"@type\":\"Article\",\"@id\":\"https:\\\/\\\/kibrisdakik.com\\\/?p=40805#article\",\"isPartOf\":{\"@id\":\"https:\\\/\\\/kibrisdakik.com\\\/?p=40805\"},\"author\":{\"name\":\"admin\",\"@id\":\"https:\\\/\\\/kibrisdakik.com\\\/#\\\/schema\\\/person\\\/9cd9d437bbb44f72b73ba127e06d8e79\"},\"headline\":\"Fenerbah\u00e7e&#039;de Edin Dzeko idmana \u00e7\u0131kmad\u0131!\",\"datePublished\":\"2024-05-08T19:22:48+00:00\",\"mainEntityOfPage\":{\"@id\":\"https:\\\/\\\/kibrisdakik.com\\\/?p=40805\"},\"wordCount\":239,\"commentCount\":0,\"image\":{\"@id\":\"https:\\\/\\\/kibrisdakik.com\\\/?p=40805#primaryimage\"},\"thumbnailUrl\":\"https:\\\/\\\/kibrisdakik.com\\\/wp-content\\\/uploads\\\/2024\\\/05\\\/fenerbahcede-edin-dzeko-idmana-cikmadi-17151881098941_1-740x420.jpg\",\"articleSection\":[\"Ekonomi\"],\"inLanguage\":\"tr\",\"potentialAction\":[{\"@type\":\"CommentAction\",\"name\":\"Comment\",\"target\":[\"https:\\\/\\\/kibrisdakik.com\\\/?p=40805#respond\"]}]},{\"@type\":\"WebPage\",\"@id\":\"https:\\\/\\\/kibrisdakik.com\\\/?p=40805\",\"url\":\"https:\\\/\\\/kibrisdakik.com\\\/?p=40805\",\"name\":\"Fenerbah\u00e7e&#039;de Edin Dzeko idmana \u00e7\u0131kmad\u0131! -\",\"isPartOf\":{\"@id\":\"https:\\\/\\\/kibrisdakik.com\\\/#website\"},\"primaryImageOfPage\":{\"@id\":\"https:\\\/\\\/kibrisdakik.com\\\/?p=40805#primaryimage\"},\"image\":{\"@id\":\"https:\\\/\\\/kibrisdakik.com\\\/?p=40805#primaryimage\"},\"thumbnailUrl\":\"https:\\\/\\\/kibrisdakik.com\\\/wp-content\\\/uploads\\\/2024\\\/05\\\/fenerbahcede-edin-dzeko-idmana-cikmadi-17151881098941_1-740x420.jpg\",\"datePublished\":\"2024-05-08T19:22:48+00:00\",\"author\":{\"@id\":\"https:\\\/\\\/kibrisdakik.com\\\/#\\\/schema\\\/person\\\/9cd9d437bbb44f72b73ba127e06d8e79\"},\"breadcrumb\":{\"@id\":\"https:\\\/\\\/kibrisdakik.com\\\/?p=40805#breadcrumb\"},\"inLanguage\":\"tr\",\"potentialAction\":[{\"@type\":\"ReadAction\",\"target\":[\"https:\\\/\\\/kibrisdakik.com\\\/?p=40805\"]}]},{\"@type\":\"ImageObject\",\"inLanguage\":\"tr\",\"@id\":\"https:\\\/\\\/kibrisdakik.com\\\/?p=40805#primaryimage\",\"url\":\"https:\\\/\\\/kibrisdakik.com\\\/wp-content\\\/uploads\\\/2024\\\/05\\\/fenerbahcede-edin-dzeko-idmana-cikmadi-17151881098941_1-740x420.jpg\",\"contentUrl\":\"https:\\\/\\\/kibrisdakik.com\\\/wp-content\\\/uploads\\\/2024\\\/05\\\/fenerbahcede-edin-dzeko-idmana-cikmadi-17151881098941_1-740x420.jpg\",\"width\":1280,\"height\":828},{\"@type\":\"BreadcrumbList\",\"@id\":\"https:\\\/\\\/kibrisdakik.com\\\/?p=40805#breadcrumb\",\"itemListElement\":[{\"@type\":\"ListItem\",\"position\":1,\"name\":\"Home\",\"item\":\"https:\\\/\\\/kibrisdakik.com\\\/\"},{\"@type\":\"ListItem\",\"position\":2,\"name\":\"Fenerbah\u00e7e&#039;de Edin Dzeko idmana \u00e7\u0131kmad\u0131!\"}]},{\"@type\":\"WebSite\",\"@id\":\"https:\\\/\\\/kibrisdakik.com\\\/#website\",\"url\":\"https:\\\/\\\/kibrisdakik.com\\\/\",\"name\":\"\",\"description\":\"Tam vaktinde haber\",\"potentialAction\":[{\"@type\":\"SearchAction\",\"target\":{\"@type\":\"EntryPoint\",\"urlTemplate\":\"https:\\\/\\\/kibrisdakik.com\\\/?s={search_term_string}\"},\"query-input\":{\"@type\":\"PropertyValueSpecification\",\"valueRequired\":true,\"valueName\":\"search_term_string\"}}],\"inLanguage\":\"tr\"},{\"@type\":\"Person\",\"@id\":\"https:\\\/\\\/kibrisdakik.com\\\/#\\\/schema\\\/person\\\/9cd9d437bbb44f72b73ba127e06d8e79\",\"name\":\"admin\",\"image\":{\"@type\":\"ImageObject\",\"inLanguage\":\"tr\",\"@id\":\"https:\\\/\\\/secure.gravatar.com\\\/avatar\\\/ccc17943b9d660506c869530f897617f7cb1c21a4bf30023f252596d83e1f007?s=96&d=mm&r=g\",\"url\":\"https:\\\/\\\/secure.gravatar.com\\\/avatar\\\/ccc17943b9d660506c869530f897617f7cb1c21a4bf30023f252596d83e1f007?s=96&d=mm&r=g\",\"contentUrl\":\"https:\\\/\\\/secure.gravatar.com\\\/avatar\\\/ccc17943b9d660506c869530f897617f7cb1c21a4bf30023f252596d83e1f007?s=96&d=mm&r=g\",\"caption\":\"admin\"},\"sameAs\":[\"https:\\\/\\\/kibrisdakik.com\"],\"url\":\"https:\\\/\\\/kibrisdakik.com\\\/?author=1\"}]}<\/script>\n<!-- \/ Yoast SEO plugin. -->","yoast_head_json":{"title":"Fenerbah\u00e7e&#039;de Edin Dzeko idmana \u00e7\u0131kmad\u0131! -","robots":{"index":"index","follow":"follow","max-snippet":"max-snippet:-1","max-image-preview":"max-image-preview:large","max-video-preview":"max-video-preview:-1"},"canonical":"https:\/\/kibrisdakik.com\/?p=40805","og_locale":"tr_TR","og_type":"article","og_title":"Fenerbah\u00e7e&#039;de Edin Dzeko idmana \u00e7\u0131kmad\u0131! -","og_description":"Fenerbah\u00e7e, Trendyol S\u00fcper Lig\u2019in 36. haftas\u0131nda pazar g\u00fcn\u00fc sahas\u0131nda Kayserispor ile oynayaca\u011f\u0131 kar\u015f\u0131la\u015fman\u0131n haz\u0131rl\u0131klar\u0131na ba\u015flad\u0131. Can Bartu Tesisleri&#8217;nde, Teknik Direkt\u00f6r \u0130smail Kartal y\u00f6netiminde ko\u015fu, \u0131s\u0131nma ve koordinasyon hareketleriyle ba\u015flayan antrenman, 2 grup 5\u2019e 2 top kapma ve pas \u00e7al\u0131\u015fmalar\u0131yla s\u00fcrd\u00fc. \u0130dman, dar alanda yap\u0131lan \u00e7ift kale ma\u00e7larla sona erdi. ED\u0130N DZEKO \u015eOKU! \u0130DMANA \u00c7IKMADI Pazar","og_url":"https:\/\/kibrisdakik.com\/?p=40805","article_published_time":"2024-05-08T19:22:48+00:00","og_image":[{"width":1280,"height":828,"url":"https:\/\/kibrisdakik.com\/wp-content\/uploads\/2024\/05\/fenerbahcede-edin-dzeko-idmana-cikmadi-17151881098941_1-740x420.jpg","type":"image\/jpeg"}],"author":"admin","twitter_card":"summary_large_image","twitter_misc":{"Yazan:":"admin","Tahmini okuma s\u00fcresi":"1 dakika"},"schema":{"@context":"https:\/\/schema.org","@graph":[{"@type":"Article","@id":"https:\/\/kibrisdakik.com\/?p=40805#article","isPartOf":{"@id":"https:\/\/kibrisdakik.com\/?p=40805"},"author":{"name":"admin","@id":"https:\/\/kibrisdakik.com\/#\/schema\/person\/9cd9d437bbb44f72b73ba127e06d8e79"},"headline":"Fenerbah\u00e7e&#039;de Edin Dzeko idmana \u00e7\u0131kmad\u0131!","datePublished":"2024-05-08T19:22:48+00:00","mainEntityOfPage":{"@id":"https:\/\/kibrisdakik.com\/?p=40805"},"wordCount":239,"commentCount":0,"image":{"@id":"https:\/\/kibrisdakik.com\/?p=40805#primaryimage"},"thumbnailUrl":"https:\/\/kibrisdakik.com\/wp-content\/uploads\/2024\/05\/fenerbahcede-edin-dzeko-idmana-cikmadi-17151881098941_1-740x420.jpg","articleSection":["Ekonomi"],"inLanguage":"tr","potentialAction":[{"@type":"CommentAction","name":"Comment","target":["https:\/\/kibrisdakik.com\/?p=40805#respond"]}]},{"@type":"WebPage","@id":"https:\/\/kibrisdakik.com\/?p=40805","url":"https:\/\/kibrisdakik.com\/?p=40805","name":"Fenerbah\u00e7e&#039;de Edin Dzeko idmana \u00e7\u0131kmad\u0131! -","isPartOf":{"@id":"https:\/\/kibrisdakik.com\/#website"},"primaryImageOfPage":{"@id":"https:\/\/kibrisdakik.com\/?p=40805#primaryimage"},"image":{"@id":"https:\/\/kibrisdakik.com\/?p=40805#primaryimage"},"thumbnailUrl":"https:\/\/kibrisdakik.com\/wp-content\/uploads\/2024\/05\/fenerbahcede-edin-dzeko-idmana-cikmadi-17151881098941_1-740x420.jpg","datePublished":"2024-05-08T19:22:48+00:00","author":{"@id":"https:\/\/kibrisdakik.com\/#\/schema\/person\/9cd9d437bbb44f72b73ba127e06d8e79"},"breadcrumb":{"@id":"https:\/\/kibrisdakik.com\/?p=40805#breadcrumb"},"inLanguage":"tr","potentialAction":[{"@type":"ReadAction","target":["https:\/\/kibrisdakik.com\/?p=40805"]}]},{"@type":"ImageObject","inLanguage":"tr","@id":"https:\/\/kibrisdakik.com\/?p=40805#primaryimage","url":"https:\/\/kibrisdakik.com\/wp-content\/uploads\/2024\/05\/fenerbahcede-edin-dzeko-idmana-cikmadi-17151881098941_1-740x420.jpg","contentUrl":"https:\/\/kibrisdakik.com\/wp-content\/uploads\/2024\/05\/fenerbahcede-edin-dzeko-idmana-cikmadi-17151881098941_1-740x420.jpg","width":1280,"height":828},{"@type":"BreadcrumbList","@id":"https:\/\/kibrisdakik.com\/?p=40805#breadcrumb","itemListElement":[{"@type":"ListItem","position":1,"name":"Home","item":"https:\/\/kibrisdakik.com\/"},{"@type":"ListItem","position":2,"name":"Fenerbah\u00e7e&#039;de Edin Dzeko idmana \u00e7\u0131kmad\u0131!"}]},{"@type":"WebSite","@id":"https:\/\/kibrisdakik.com\/#website","url":"https:\/\/kibrisdakik.com\/","name":"","description":"Tam vaktinde haber","potentialAction":[{"@type":"SearchAction","target":{"@type":"EntryPoint","urlTemplate":"https:\/\/kibrisdakik.com\/?s={search_term_string}"},"query-input":{"@type":"PropertyValueSpecification","valueRequired":true,"valueName":"search_term_string"}}],"inLanguage":"tr"},{"@type":"Person","@id":"https:\/\/kibrisdakik.com\/#\/schema\/person\/9cd9d437bbb44f72b73ba127e06d8e79","name":"admin","image":{"@type":"ImageObject","inLanguage":"tr","@id":"https:\/\/secure.gravatar.com\/avatar\/ccc17943b9d660506c869530f897617f7cb1c21a4bf30023f252596d83e1f007?s=96&d=mm&r=g","url":"https:\/\/secure.gravatar.com\/avatar\/ccc17943b9d660506c869530f897617f7cb1c21a4bf30023f252596d83e1f007?s=96&d=mm&r=g","contentUrl":"https:\/\/secure.gravatar.com\/avatar\/ccc17943b9d660506c869530f897617f7cb1c21a4bf30023f252596d83e1f007?s=96&d=mm&r=g","caption":"admin"},"sameAs":["https:\/\/kibrisdakik.com"],"url":"https:\/\/kibrisdakik.com\/?author=1"}]}},"_links":{"self":[{"href":"https:\/\/kibrisdakik.com\/index.php?rest_route=\/wp\/v2\/posts\/40805","targetHints":{"allow":["GET"]}}],"collection":[{"href":"https:\/\/kibrisdakik.com\/index.php?rest_route=\/wp\/v2\/posts"}],"about":[{"href":"https:\/\/kibrisdakik.com\/index.php?rest_route=\/wp\/v2\/types\/post"}],"author":[{"embeddable":true,"href":"https:\/\/kibrisdakik.com\/index.php?rest_route=\/wp\/v2\/users\/1"}],"replies":[{"embeddable":true,"href":"https:\/\/kibrisdakik.com\/index.php?rest_route=%2Fwp%2Fv2%2Fcomments&post=40805"}],"version-history":[{"count":0,"href":"https:\/\/kibrisdakik.com\/index.php?rest_route=\/wp\/v2\/posts\/40805\/revisions"}],"wp:featuredmedia":[{"embeddable":true,"href":"https:\/\/kibrisdakik.com\/index.php?rest_route=\/wp\/v2\/media\/40806"}],"wp:attachment":[{"href":"https:\/\/kibrisdakik.com\/index.php?rest_route=%2Fwp%2Fv2%2Fmedia&parent=40805"}],"wp:term":[{"taxonomy":"category","embeddable":true,"href":"https:\/\/kibrisdakik.com\/index.php?rest_route=%2Fwp%2Fv2%2Fcategories&post=40805"},{"taxonomy":"post_tag","embeddable":true,"href":"https:\/\/kibrisdakik.com\/index.php?rest_route=%2Fwp%2Fv2%2Ftags&post=40805"}],"curies":[{"name":"wp","href":"https:\/\/api.w.org\/{rel}","templated":true}]}}