{"id":40814,"date":"2024-05-08T21:20:49","date_gmt":"2024-05-08T21:20:49","guid":{"rendered":"https:\/\/kibrisdakik.com\/index.php\/2024\/05\/08\/faili-mechul-cinayet-19-yil-sonra-cozuldu\/"},"modified":"2024-05-08T21:20:49","modified_gmt":"2024-05-08T21:20:49","slug":"faili-mechul-cinayet-19-yil-sonra-cozuldu","status":"publish","type":"post","link":"https:\/\/kibrisdakik.com\/?p=40814","title":{"rendered":"Faili me\u00e7hul cinayet 19 y\u0131l sonra \u00e7\u00f6z\u00fcld\u00fc!"},"content":{"rendered":"<p><img decoding=\"async\" src=\"https:\/\/www.kibristurk.com\/images\/haberler\/2024\/05\/faili-mechul-cinayet-19-yil-sonra-cozuldu-1715199606.webp\" \/><\/p>\n<p>\u0130hlas Haber Ajans\u0131&#8217;nda yer alan bilgiye g\u00f6re, 12 May\u0131s 2005 tarihinde Bolu\u2019nun Sal\u0131beyler Mahallesi\u2019nde 29 ya\u015f\u0131ndaki S.D. isimli ki\u015fi \u00f6l\u00fc halde bulundu.<\/p>\n<p>Olay yerine gelen polis ekipleri taraf\u0131ndan \u015fahs\u0131n cinayete kurban gitti\u011fi belirlendi. 19 y\u0131ld\u0131r faili me\u00e7hul olan cinayet 2024 y\u0131l\u0131nda \u00e7\u00f6z\u00fcme kavu\u015ftu.&nbsp;<\/p>\n<h3>POL\u0130S\u0130N SIKI \u00c7ALI\u015eMASI C\u0130NAYET\u0130 \u00c7\u00d6ZD\u00dc&nbsp;<\/h3>\n<p>Y\u0131llard\u0131r Bolu\u2019da ikamet etti\u011fi tespit edilen cinayetin zanl\u0131s\u0131, polis ekiplerinin uzun s\u00fcren \u00e7al\u0131\u015fmalar\u0131 sonucu k\u0131sk\u0131vrak yakaland\u0131.<\/p>\n<p>Bolu \u0130l Emniyet M\u00fcd\u00fcrl\u00fc\u011f\u00fc Asayi\u015f \u015eube M\u00fcd\u00fcrl\u00fc\u011f\u00fc Cinayet B\u00fcro Amirli\u011fi ekipleri taraf\u0131ndan g\u00f6zalt\u0131na al\u0131nan zanl\u0131 \u0130.\u00c7. (42), \u00e7\u0131kar\u0131ld\u0131\u011f\u0131 mahkemece tutuklanarak cezaevine g\u00f6nderildi.&nbsp;<\/p>\n","protected":false},"excerpt":{"rendered":"<p>\u0130hlas Haber Ajans\u0131&#8217;nda yer alan bilgiye g\u00f6re, 12 May\u0131s 2005 tarihinde Bolu\u2019nun Sal\u0131beyler Mahallesi\u2019nde 29 ya\u015f\u0131ndaki S.D. isimli ki\u015fi \u00f6l\u00fc halde bulundu. Olay yerine gelen polis ekipleri taraf\u0131ndan \u015fahs\u0131n cinayete kurban gitti\u011fi belirlendi. 19 y\u0131ld\u0131r faili me\u00e7hul olan cinayet 2024 y\u0131l\u0131nda \u00e7\u00f6z\u00fcme kavu\u015ftu.&nbsp; POL\u0130S\u0130N SIKI \u00c7ALI\u015eMASI C\u0130NAYET\u0130 \u00c7\u00d6ZD\u00dc&nbsp; Y\u0131llard\u0131r Bolu\u2019da ikamet etti\u011fi tespit edilen cinayetin<\/p>\n","protected":false},"author":1,"featured_media":40815,"comment_status":"open","ping_status":"open","sticky":false,"template":"","format":"standard","meta":{"footnotes":""},"categories":[85],"tags":[],"class_list":["post-40814","post","type-post","status-publish","format-standard","has-post-thumbnail","hentry","category-spor"],"yoast_head":"<!-- This site is optimized with the Yoast SEO plugin v27.4 - https:\/\/yoast.com\/product\/yoast-seo-wordpress\/ -->\n<title>Faili me\u00e7hul cinayet 19 y\u0131l sonra \u00e7\u00f6z\u00fcld\u00fc! -<\/title>\n<meta name=\"robots\" content=\"index, follow, max-snippet:-1, max-image-preview:large, max-video-preview:-1\" \/>\n<link rel=\"canonical\" href=\"https:\/\/kibrisdakik.com\/?p=40814\" \/>\n<meta property=\"og:locale\" content=\"tr_TR\" \/>\n<meta property=\"og:type\" content=\"article\" \/>\n<meta property=\"og:title\" content=\"Faili me\u00e7hul cinayet 19 y\u0131l sonra \u00e7\u00f6z\u00fcld\u00fc! -\" \/>\n<meta property=\"og:description\" content=\"\u0130hlas Haber Ajans\u0131&#8217;nda yer alan bilgiye g\u00f6re, 12 May\u0131s 2005 tarihinde Bolu\u2019nun Sal\u0131beyler Mahallesi\u2019nde 29 ya\u015f\u0131ndaki S.D. isimli ki\u015fi \u00f6l\u00fc halde bulundu. Olay yerine gelen polis ekipleri taraf\u0131ndan \u015fahs\u0131n cinayete kurban gitti\u011fi belirlendi. 19 y\u0131ld\u0131r faili me\u00e7hul olan cinayet 2024 y\u0131l\u0131nda \u00e7\u00f6z\u00fcme kavu\u015ftu.&nbsp; POL\u0130S\u0130N SIKI \u00c7ALI\u015eMASI C\u0130NAYET\u0130 \u00c7\u00d6ZD\u00dc&nbsp; Y\u0131llard\u0131r Bolu\u2019da ikamet etti\u011fi tespit edilen cinayetin\" \/>\n<meta property=\"og:url\" content=\"https:\/\/kibrisdakik.com\/?p=40814\" \/>\n<meta property=\"article:published_time\" content=\"2024-05-08T21:20:49+00:00\" \/>\n<meta property=\"og:image\" content=\"https:\/\/kibrisdakik.com\/wp-content\/uploads\/2024\/05\/faili-mechul-cinayet-19-yil-sonra-cozuldu-1715199606.webp.webp\" \/>\n\t<meta property=\"og:image:width\" content=\"710\" \/>\n\t<meta property=\"og:image:height\" content=\"370\" \/>\n\t<meta property=\"og:image:type\" content=\"image\/webp\" \/>\n<meta name=\"author\" content=\"admin\" \/>\n<meta name=\"twitter:card\" content=\"summary_large_image\" \/>\n<meta name=\"twitter:label1\" content=\"Yazan:\" \/>\n\t<meta name=\"twitter:data1\" content=\"admin\" \/>\n\t<meta name=\"twitter:label2\" content=\"Tahmini okuma s\u00fcresi\" \/>\n\t<meta name=\"twitter:data2\" content=\"1 dakika\" \/>\n<script type=\"application\/ld+json\" class=\"yoast-schema-graph\">{\"@context\":\"https:\\\/\\\/schema.org\",\"@graph\":[{\"@type\":\"Article\",\"@id\":\"https:\\\/\\\/kibrisdakik.com\\\/?p=40814#article\",\"isPartOf\":{\"@id\":\"https:\\\/\\\/kibrisdakik.com\\\/?p=40814\"},\"author\":{\"name\":\"admin\",\"@id\":\"https:\\\/\\\/kibrisdakik.com\\\/#\\\/schema\\\/person\\\/9cd9d437bbb44f72b73ba127e06d8e79\"},\"headline\":\"Faili me\u00e7hul cinayet 19 y\u0131l sonra \u00e7\u00f6z\u00fcld\u00fc!\",\"datePublished\":\"2024-05-08T21:20:49+00:00\",\"mainEntityOfPage\":{\"@id\":\"https:\\\/\\\/kibrisdakik.com\\\/?p=40814\"},\"wordCount\":135,\"commentCount\":0,\"image\":{\"@id\":\"https:\\\/\\\/kibrisdakik.com\\\/?p=40814#primaryimage\"},\"thumbnailUrl\":\"https:\\\/\\\/kibrisdakik.com\\\/wp-content\\\/uploads\\\/2024\\\/05\\\/faili-mechul-cinayet-19-yil-sonra-cozuldu-1715199606.webp.webp\",\"articleSection\":[\"Spor\"],\"inLanguage\":\"tr\",\"potentialAction\":[{\"@type\":\"CommentAction\",\"name\":\"Comment\",\"target\":[\"https:\\\/\\\/kibrisdakik.com\\\/?p=40814#respond\"]}]},{\"@type\":\"WebPage\",\"@id\":\"https:\\\/\\\/kibrisdakik.com\\\/?p=40814\",\"url\":\"https:\\\/\\\/kibrisdakik.com\\\/?p=40814\",\"name\":\"Faili me\u00e7hul cinayet 19 y\u0131l sonra \u00e7\u00f6z\u00fcld\u00fc! -\",\"isPartOf\":{\"@id\":\"https:\\\/\\\/kibrisdakik.com\\\/#website\"},\"primaryImageOfPage\":{\"@id\":\"https:\\\/\\\/kibrisdakik.com\\\/?p=40814#primaryimage\"},\"image\":{\"@id\":\"https:\\\/\\\/kibrisdakik.com\\\/?p=40814#primaryimage\"},\"thumbnailUrl\":\"https:\\\/\\\/kibrisdakik.com\\\/wp-content\\\/uploads\\\/2024\\\/05\\\/faili-mechul-cinayet-19-yil-sonra-cozuldu-1715199606.webp.webp\",\"datePublished\":\"2024-05-08T21:20:49+00:00\",\"author\":{\"@id\":\"https:\\\/\\\/kibrisdakik.com\\\/#\\\/schema\\\/person\\\/9cd9d437bbb44f72b73ba127e06d8e79\"},\"breadcrumb\":{\"@id\":\"https:\\\/\\\/kibrisdakik.com\\\/?p=40814#breadcrumb\"},\"inLanguage\":\"tr\",\"potentialAction\":[{\"@type\":\"ReadAction\",\"target\":[\"https:\\\/\\\/kibrisdakik.com\\\/?p=40814\"]}]},{\"@type\":\"ImageObject\",\"inLanguage\":\"tr\",\"@id\":\"https:\\\/\\\/kibrisdakik.com\\\/?p=40814#primaryimage\",\"url\":\"https:\\\/\\\/kibrisdakik.com\\\/wp-content\\\/uploads\\\/2024\\\/05\\\/faili-mechul-cinayet-19-yil-sonra-cozuldu-1715199606.webp.webp\",\"contentUrl\":\"https:\\\/\\\/kibrisdakik.com\\\/wp-content\\\/uploads\\\/2024\\\/05\\\/faili-mechul-cinayet-19-yil-sonra-cozuldu-1715199606.webp.webp\",\"width\":710,\"height\":370},{\"@type\":\"BreadcrumbList\",\"@id\":\"https:\\\/\\\/kibrisdakik.com\\\/?p=40814#breadcrumb\",\"itemListElement\":[{\"@type\":\"ListItem\",\"position\":1,\"name\":\"Home\",\"item\":\"https:\\\/\\\/kibrisdakik.com\\\/\"},{\"@type\":\"ListItem\",\"position\":2,\"name\":\"Faili me\u00e7hul cinayet 19 y\u0131l sonra \u00e7\u00f6z\u00fcld\u00fc!\"}]},{\"@type\":\"WebSite\",\"@id\":\"https:\\\/\\\/kibrisdakik.com\\\/#website\",\"url\":\"https:\\\/\\\/kibrisdakik.com\\\/\",\"name\":\"\",\"description\":\"Tam vaktinde haber\",\"potentialAction\":[{\"@type\":\"SearchAction\",\"target\":{\"@type\":\"EntryPoint\",\"urlTemplate\":\"https:\\\/\\\/kibrisdakik.com\\\/?s={search_term_string}\"},\"query-input\":{\"@type\":\"PropertyValueSpecification\",\"valueRequired\":true,\"valueName\":\"search_term_string\"}}],\"inLanguage\":\"tr\"},{\"@type\":\"Person\",\"@id\":\"https:\\\/\\\/kibrisdakik.com\\\/#\\\/schema\\\/person\\\/9cd9d437bbb44f72b73ba127e06d8e79\",\"name\":\"admin\",\"image\":{\"@type\":\"ImageObject\",\"inLanguage\":\"tr\",\"@id\":\"https:\\\/\\\/secure.gravatar.com\\\/avatar\\\/ccc17943b9d660506c869530f897617f7cb1c21a4bf30023f252596d83e1f007?s=96&d=mm&r=g\",\"url\":\"https:\\\/\\\/secure.gravatar.com\\\/avatar\\\/ccc17943b9d660506c869530f897617f7cb1c21a4bf30023f252596d83e1f007?s=96&d=mm&r=g\",\"contentUrl\":\"https:\\\/\\\/secure.gravatar.com\\\/avatar\\\/ccc17943b9d660506c869530f897617f7cb1c21a4bf30023f252596d83e1f007?s=96&d=mm&r=g\",\"caption\":\"admin\"},\"sameAs\":[\"https:\\\/\\\/kibrisdakik.com\"],\"url\":\"https:\\\/\\\/kibrisdakik.com\\\/?author=1\"}]}<\/script>\n<!-- \/ Yoast SEO plugin. -->","yoast_head_json":{"title":"Faili me\u00e7hul cinayet 19 y\u0131l sonra \u00e7\u00f6z\u00fcld\u00fc! -","robots":{"index":"index","follow":"follow","max-snippet":"max-snippet:-1","max-image-preview":"max-image-preview:large","max-video-preview":"max-video-preview:-1"},"canonical":"https:\/\/kibrisdakik.com\/?p=40814","og_locale":"tr_TR","og_type":"article","og_title":"Faili me\u00e7hul cinayet 19 y\u0131l sonra \u00e7\u00f6z\u00fcld\u00fc! -","og_description":"\u0130hlas Haber Ajans\u0131&#8217;nda yer alan bilgiye g\u00f6re, 12 May\u0131s 2005 tarihinde Bolu\u2019nun Sal\u0131beyler Mahallesi\u2019nde 29 ya\u015f\u0131ndaki S.D. isimli ki\u015fi \u00f6l\u00fc halde bulundu. Olay yerine gelen polis ekipleri taraf\u0131ndan \u015fahs\u0131n cinayete kurban gitti\u011fi belirlendi. 19 y\u0131ld\u0131r faili me\u00e7hul olan cinayet 2024 y\u0131l\u0131nda \u00e7\u00f6z\u00fcme kavu\u015ftu.&nbsp; POL\u0130S\u0130N SIKI \u00c7ALI\u015eMASI C\u0130NAYET\u0130 \u00c7\u00d6ZD\u00dc&nbsp; Y\u0131llard\u0131r Bolu\u2019da ikamet etti\u011fi tespit edilen cinayetin","og_url":"https:\/\/kibrisdakik.com\/?p=40814","article_published_time":"2024-05-08T21:20:49+00:00","og_image":[{"width":710,"height":370,"url":"https:\/\/kibrisdakik.com\/wp-content\/uploads\/2024\/05\/faili-mechul-cinayet-19-yil-sonra-cozuldu-1715199606.webp.webp","type":"image\/webp"}],"author":"admin","twitter_card":"summary_large_image","twitter_misc":{"Yazan:":"admin","Tahmini okuma s\u00fcresi":"1 dakika"},"schema":{"@context":"https:\/\/schema.org","@graph":[{"@type":"Article","@id":"https:\/\/kibrisdakik.com\/?p=40814#article","isPartOf":{"@id":"https:\/\/kibrisdakik.com\/?p=40814"},"author":{"name":"admin","@id":"https:\/\/kibrisdakik.com\/#\/schema\/person\/9cd9d437bbb44f72b73ba127e06d8e79"},"headline":"Faili me\u00e7hul cinayet 19 y\u0131l sonra \u00e7\u00f6z\u00fcld\u00fc!","datePublished":"2024-05-08T21:20:49+00:00","mainEntityOfPage":{"@id":"https:\/\/kibrisdakik.com\/?p=40814"},"wordCount":135,"commentCount":0,"image":{"@id":"https:\/\/kibrisdakik.com\/?p=40814#primaryimage"},"thumbnailUrl":"https:\/\/kibrisdakik.com\/wp-content\/uploads\/2024\/05\/faili-mechul-cinayet-19-yil-sonra-cozuldu-1715199606.webp.webp","articleSection":["Spor"],"inLanguage":"tr","potentialAction":[{"@type":"CommentAction","name":"Comment","target":["https:\/\/kibrisdakik.com\/?p=40814#respond"]}]},{"@type":"WebPage","@id":"https:\/\/kibrisdakik.com\/?p=40814","url":"https:\/\/kibrisdakik.com\/?p=40814","name":"Faili me\u00e7hul cinayet 19 y\u0131l sonra \u00e7\u00f6z\u00fcld\u00fc! -","isPartOf":{"@id":"https:\/\/kibrisdakik.com\/#website"},"primaryImageOfPage":{"@id":"https:\/\/kibrisdakik.com\/?p=40814#primaryimage"},"image":{"@id":"https:\/\/kibrisdakik.com\/?p=40814#primaryimage"},"thumbnailUrl":"https:\/\/kibrisdakik.com\/wp-content\/uploads\/2024\/05\/faili-mechul-cinayet-19-yil-sonra-cozuldu-1715199606.webp.webp","datePublished":"2024-05-08T21:20:49+00:00","author":{"@id":"https:\/\/kibrisdakik.com\/#\/schema\/person\/9cd9d437bbb44f72b73ba127e06d8e79"},"breadcrumb":{"@id":"https:\/\/kibrisdakik.com\/?p=40814#breadcrumb"},"inLanguage":"tr","potentialAction":[{"@type":"ReadAction","target":["https:\/\/kibrisdakik.com\/?p=40814"]}]},{"@type":"ImageObject","inLanguage":"tr","@id":"https:\/\/kibrisdakik.com\/?p=40814#primaryimage","url":"https:\/\/kibrisdakik.com\/wp-content\/uploads\/2024\/05\/faili-mechul-cinayet-19-yil-sonra-cozuldu-1715199606.webp.webp","contentUrl":"https:\/\/kibrisdakik.com\/wp-content\/uploads\/2024\/05\/faili-mechul-cinayet-19-yil-sonra-cozuldu-1715199606.webp.webp","width":710,"height":370},{"@type":"BreadcrumbList","@id":"https:\/\/kibrisdakik.com\/?p=40814#breadcrumb","itemListElement":[{"@type":"ListItem","position":1,"name":"Home","item":"https:\/\/kibrisdakik.com\/"},{"@type":"ListItem","position":2,"name":"Faili me\u00e7hul cinayet 19 y\u0131l sonra \u00e7\u00f6z\u00fcld\u00fc!"}]},{"@type":"WebSite","@id":"https:\/\/kibrisdakik.com\/#website","url":"https:\/\/kibrisdakik.com\/","name":"","description":"Tam vaktinde haber","potentialAction":[{"@type":"SearchAction","target":{"@type":"EntryPoint","urlTemplate":"https:\/\/kibrisdakik.com\/?s={search_term_string}"},"query-input":{"@type":"PropertyValueSpecification","valueRequired":true,"valueName":"search_term_string"}}],"inLanguage":"tr"},{"@type":"Person","@id":"https:\/\/kibrisdakik.com\/#\/schema\/person\/9cd9d437bbb44f72b73ba127e06d8e79","name":"admin","image":{"@type":"ImageObject","inLanguage":"tr","@id":"https:\/\/secure.gravatar.com\/avatar\/ccc17943b9d660506c869530f897617f7cb1c21a4bf30023f252596d83e1f007?s=96&d=mm&r=g","url":"https:\/\/secure.gravatar.com\/avatar\/ccc17943b9d660506c869530f897617f7cb1c21a4bf30023f252596d83e1f007?s=96&d=mm&r=g","contentUrl":"https:\/\/secure.gravatar.com\/avatar\/ccc17943b9d660506c869530f897617f7cb1c21a4bf30023f252596d83e1f007?s=96&d=mm&r=g","caption":"admin"},"sameAs":["https:\/\/kibrisdakik.com"],"url":"https:\/\/kibrisdakik.com\/?author=1"}]}},"_links":{"self":[{"href":"https:\/\/kibrisdakik.com\/index.php?rest_route=\/wp\/v2\/posts\/40814","targetHints":{"allow":["GET"]}}],"collection":[{"href":"https:\/\/kibrisdakik.com\/index.php?rest_route=\/wp\/v2\/posts"}],"about":[{"href":"https:\/\/kibrisdakik.com\/index.php?rest_route=\/wp\/v2\/types\/post"}],"author":[{"embeddable":true,"href":"https:\/\/kibrisdakik.com\/index.php?rest_route=\/wp\/v2\/users\/1"}],"replies":[{"embeddable":true,"href":"https:\/\/kibrisdakik.com\/index.php?rest_route=%2Fwp%2Fv2%2Fcomments&post=40814"}],"version-history":[{"count":0,"href":"https:\/\/kibrisdakik.com\/index.php?rest_route=\/wp\/v2\/posts\/40814\/revisions"}],"wp:featuredmedia":[{"embeddable":true,"href":"https:\/\/kibrisdakik.com\/index.php?rest_route=\/wp\/v2\/media\/40815"}],"wp:attachment":[{"href":"https:\/\/kibrisdakik.com\/index.php?rest_route=%2Fwp%2Fv2%2Fmedia&parent=40814"}],"wp:term":[{"taxonomy":"category","embeddable":true,"href":"https:\/\/kibrisdakik.com\/index.php?rest_route=%2Fwp%2Fv2%2Fcategories&post=40814"},{"taxonomy":"post_tag","embeddable":true,"href":"https:\/\/kibrisdakik.com\/index.php?rest_route=%2Fwp%2Fv2%2Ftags&post=40814"}],"curies":[{"name":"wp","href":"https:\/\/api.w.org\/{rel}","templated":true}]}}