{"id":40834,"date":"2024-05-09T01:28:58","date_gmt":"2024-05-09T01:28:58","guid":{"rendered":"https:\/\/kibrisdakik.com\/index.php\/2024\/05\/09\/ablasini-sirtindan-bicaklayarak-olduren-cocugun-ifadesi-ortaya-cikti\/"},"modified":"2024-05-09T01:28:58","modified_gmt":"2024-05-09T01:28:58","slug":"ablasini-sirtindan-bicaklayarak-olduren-cocugun-ifadesi-ortaya-cikti","status":"publish","type":"post","link":"https:\/\/kibrisdakik.com\/?p=40834","title":{"rendered":"Ablas\u0131n\u0131 s\u0131rt\u0131ndan b\u0131\u00e7aklayarak \u00f6ld\u00fcren \u00e7ocu\u011fun ifadesi ortaya \u00e7\u0131kt\u0131"},"content":{"rendered":"<p><img decoding=\"async\" src=\"https:\/\/www.kibristurk.com\/images\/haberler\/2024\/05\/ablasini-sirtindan-bicaklayarak-olduren-cocugun-ifadesi-ortaya-cikti-1715173555.webp\" \/><\/p>\n<p>Ankara Alt\u0131nda\u011f\u2019da meydana gelen olayda; psikolojik s\u0131k\u0131nt\u0131lar\u0131 oldu\u011fu iddia edilen 15 ya\u015f\u0131ndaki E.\u0130., 16 ya\u015f\u0131ndaki ablas\u0131 B.S.\u0130.\u2019yi s\u0131rt\u0131ndan d\u00f6rt kez b\u0131\u00e7aklayarak \u00f6ld\u00fcrd\u00fc.<\/p>\n<p>Cinayeti i\u015fledikten sonra emniyete gidip teslim olan sald\u0131rgan, g\u00f6zalt\u0131na al\u0131nd\u0131ktan sonra adliyeye sevk edildi. 15 ya\u015f\u0131ndaki san\u0131k E.\u0130.\u2019nin savc\u0131l\u0131kta verdi\u011fi ifadesi ortaya \u00e7\u0131kt\u0131.<\/p>\n<h3>&#8220;S\u0130GARAMI VE \u00c7AKMA\u011eIMI YANIMA ALIP KARAKOLA TESL\u0130M OLDUM&#8221;<\/h3>\n<p>Ablas\u0131n\u0131n olaydan bir g\u00fcn \u00f6nce evden ka\u00e7t\u0131\u011f\u0131n\u0131 belirten E.\u0130, &#8220;Babamla kendi imkanlar\u0131m\u0131zla bulduk. Evden her ka\u00e7t\u0131\u011f\u0131nda ba\u015fka bir erkek arkada\u015f\u0131n\u0131n yan\u0131na gitti\u011fi i\u00e7in b\u0131\u00e7aklamay\u0131 planl\u0131yordum. Eve geldi\u011fimizde s\u0131rt\u0131na 3-4 kez b\u0131\u00e7ak ile vurdum. Ablam, \u2018imdat \u00f6l\u00fcyorum\u2019 diye ba\u011f\u0131rd\u0131. Sigaram\u0131 ve \u00e7akma\u011f\u0131m\u0131 yan\u0131ma al\u0131p karakola teslim oldum. 1 haftad\u0131r kullanmam gereken psikiyatri ila\u00e7lar\u0131m\u0131 kullanm\u0131yordum, olay nedeniyle \u00e7ok pi\u015fman\u0131m\u201d dedi\u011fi \u00f6\u011frenildi.<\/p>\n","protected":false},"excerpt":{"rendered":"<p>Ankara Alt\u0131nda\u011f\u2019da meydana gelen olayda; psikolojik s\u0131k\u0131nt\u0131lar\u0131 oldu\u011fu iddia edilen 15 ya\u015f\u0131ndaki E.\u0130., 16 ya\u015f\u0131ndaki ablas\u0131 B.S.\u0130.\u2019yi s\u0131rt\u0131ndan d\u00f6rt kez b\u0131\u00e7aklayarak \u00f6ld\u00fcrd\u00fc. Cinayeti i\u015fledikten sonra emniyete gidip teslim olan sald\u0131rgan, g\u00f6zalt\u0131na al\u0131nd\u0131ktan sonra adliyeye sevk edildi. 15 ya\u015f\u0131ndaki san\u0131k E.\u0130.\u2019nin savc\u0131l\u0131kta verdi\u011fi ifadesi ortaya \u00e7\u0131kt\u0131. &#8220;S\u0130GARAMI VE \u00c7AKMA\u011eIMI YANIMA ALIP KARAKOLA TESL\u0130M OLDUM&#8221; Ablas\u0131n\u0131n olaydan<\/p>\n","protected":false},"author":1,"featured_media":40835,"comment_status":"open","ping_status":"open","sticky":false,"template":"","format":"standard","meta":{"footnotes":""},"categories":[79],"tags":[],"class_list":["post-40834","post","type-post","status-publish","format-standard","has-post-thumbnail","hentry","category-ekonomi"],"yoast_head":"<!-- This site is optimized with the Yoast SEO plugin v27.4 - https:\/\/yoast.com\/product\/yoast-seo-wordpress\/ -->\n<title>Ablas\u0131n\u0131 s\u0131rt\u0131ndan b\u0131\u00e7aklayarak \u00f6ld\u00fcren \u00e7ocu\u011fun ifadesi ortaya \u00e7\u0131kt\u0131 -<\/title>\n<meta name=\"robots\" content=\"index, follow, max-snippet:-1, max-image-preview:large, max-video-preview:-1\" \/>\n<link rel=\"canonical\" href=\"https:\/\/kibrisdakik.com\/?p=40834\" \/>\n<meta property=\"og:locale\" content=\"tr_TR\" \/>\n<meta property=\"og:type\" content=\"article\" \/>\n<meta property=\"og:title\" content=\"Ablas\u0131n\u0131 s\u0131rt\u0131ndan b\u0131\u00e7aklayarak \u00f6ld\u00fcren \u00e7ocu\u011fun ifadesi ortaya \u00e7\u0131kt\u0131 -\" \/>\n<meta property=\"og:description\" content=\"Ankara Alt\u0131nda\u011f\u2019da meydana gelen olayda; psikolojik s\u0131k\u0131nt\u0131lar\u0131 oldu\u011fu iddia edilen 15 ya\u015f\u0131ndaki E.\u0130., 16 ya\u015f\u0131ndaki ablas\u0131 B.S.\u0130.\u2019yi s\u0131rt\u0131ndan d\u00f6rt kez b\u0131\u00e7aklayarak \u00f6ld\u00fcrd\u00fc. Cinayeti i\u015fledikten sonra emniyete gidip teslim olan sald\u0131rgan, g\u00f6zalt\u0131na al\u0131nd\u0131ktan sonra adliyeye sevk edildi. 15 ya\u015f\u0131ndaki san\u0131k E.\u0130.\u2019nin savc\u0131l\u0131kta verdi\u011fi ifadesi ortaya \u00e7\u0131kt\u0131. &#8220;S\u0130GARAMI VE \u00c7AKMA\u011eIMI YANIMA ALIP KARAKOLA TESL\u0130M OLDUM&#8221; Ablas\u0131n\u0131n olaydan\" \/>\n<meta property=\"og:url\" content=\"https:\/\/kibrisdakik.com\/?p=40834\" \/>\n<meta property=\"article:published_time\" content=\"2024-05-09T01:28:58+00:00\" \/>\n<meta property=\"og:image\" content=\"https:\/\/kibrisdakik.com\/wp-content\/uploads\/2024\/05\/ablasini-sirtindan-bicaklayarak-olduren-cocugun-ifadesi-ortaya-cikti-1715173555.webp.webp\" \/>\n\t<meta property=\"og:image:width\" content=\"710\" \/>\n\t<meta property=\"og:image:height\" content=\"370\" \/>\n\t<meta property=\"og:image:type\" content=\"image\/webp\" \/>\n<meta name=\"author\" content=\"admin\" \/>\n<meta name=\"twitter:card\" content=\"summary_large_image\" \/>\n<meta name=\"twitter:label1\" content=\"Yazan:\" \/>\n\t<meta name=\"twitter:data1\" content=\"admin\" \/>\n\t<meta name=\"twitter:label2\" content=\"Tahmini okuma s\u00fcresi\" \/>\n\t<meta name=\"twitter:data2\" content=\"1 dakika\" \/>\n<script type=\"application\/ld+json\" class=\"yoast-schema-graph\">{\"@context\":\"https:\\\/\\\/schema.org\",\"@graph\":[{\"@type\":\"Article\",\"@id\":\"https:\\\/\\\/kibrisdakik.com\\\/?p=40834#article\",\"isPartOf\":{\"@id\":\"https:\\\/\\\/kibrisdakik.com\\\/?p=40834\"},\"author\":{\"name\":\"admin\",\"@id\":\"https:\\\/\\\/kibrisdakik.com\\\/#\\\/schema\\\/person\\\/9cd9d437bbb44f72b73ba127e06d8e79\"},\"headline\":\"Ablas\u0131n\u0131 s\u0131rt\u0131ndan b\u0131\u00e7aklayarak \u00f6ld\u00fcren \u00e7ocu\u011fun ifadesi ortaya \u00e7\u0131kt\u0131\",\"datePublished\":\"2024-05-09T01:28:58+00:00\",\"mainEntityOfPage\":{\"@id\":\"https:\\\/\\\/kibrisdakik.com\\\/?p=40834\"},\"wordCount\":185,\"commentCount\":0,\"image\":{\"@id\":\"https:\\\/\\\/kibrisdakik.com\\\/?p=40834#primaryimage\"},\"thumbnailUrl\":\"https:\\\/\\\/kibrisdakik.com\\\/wp-content\\\/uploads\\\/2024\\\/05\\\/ablasini-sirtindan-bicaklayarak-olduren-cocugun-ifadesi-ortaya-cikti-1715173555.webp.webp\",\"articleSection\":[\"Ekonomi\"],\"inLanguage\":\"tr\",\"potentialAction\":[{\"@type\":\"CommentAction\",\"name\":\"Comment\",\"target\":[\"https:\\\/\\\/kibrisdakik.com\\\/?p=40834#respond\"]}]},{\"@type\":\"WebPage\",\"@id\":\"https:\\\/\\\/kibrisdakik.com\\\/?p=40834\",\"url\":\"https:\\\/\\\/kibrisdakik.com\\\/?p=40834\",\"name\":\"Ablas\u0131n\u0131 s\u0131rt\u0131ndan b\u0131\u00e7aklayarak \u00f6ld\u00fcren \u00e7ocu\u011fun ifadesi ortaya \u00e7\u0131kt\u0131 -\",\"isPartOf\":{\"@id\":\"https:\\\/\\\/kibrisdakik.com\\\/#website\"},\"primaryImageOfPage\":{\"@id\":\"https:\\\/\\\/kibrisdakik.com\\\/?p=40834#primaryimage\"},\"image\":{\"@id\":\"https:\\\/\\\/kibrisdakik.com\\\/?p=40834#primaryimage\"},\"thumbnailUrl\":\"https:\\\/\\\/kibrisdakik.com\\\/wp-content\\\/uploads\\\/2024\\\/05\\\/ablasini-sirtindan-bicaklayarak-olduren-cocugun-ifadesi-ortaya-cikti-1715173555.webp.webp\",\"datePublished\":\"2024-05-09T01:28:58+00:00\",\"author\":{\"@id\":\"https:\\\/\\\/kibrisdakik.com\\\/#\\\/schema\\\/person\\\/9cd9d437bbb44f72b73ba127e06d8e79\"},\"breadcrumb\":{\"@id\":\"https:\\\/\\\/kibrisdakik.com\\\/?p=40834#breadcrumb\"},\"inLanguage\":\"tr\",\"potentialAction\":[{\"@type\":\"ReadAction\",\"target\":[\"https:\\\/\\\/kibrisdakik.com\\\/?p=40834\"]}]},{\"@type\":\"ImageObject\",\"inLanguage\":\"tr\",\"@id\":\"https:\\\/\\\/kibrisdakik.com\\\/?p=40834#primaryimage\",\"url\":\"https:\\\/\\\/kibrisdakik.com\\\/wp-content\\\/uploads\\\/2024\\\/05\\\/ablasini-sirtindan-bicaklayarak-olduren-cocugun-ifadesi-ortaya-cikti-1715173555.webp.webp\",\"contentUrl\":\"https:\\\/\\\/kibrisdakik.com\\\/wp-content\\\/uploads\\\/2024\\\/05\\\/ablasini-sirtindan-bicaklayarak-olduren-cocugun-ifadesi-ortaya-cikti-1715173555.webp.webp\",\"width\":710,\"height\":370},{\"@type\":\"BreadcrumbList\",\"@id\":\"https:\\\/\\\/kibrisdakik.com\\\/?p=40834#breadcrumb\",\"itemListElement\":[{\"@type\":\"ListItem\",\"position\":1,\"name\":\"Home\",\"item\":\"https:\\\/\\\/kibrisdakik.com\\\/\"},{\"@type\":\"ListItem\",\"position\":2,\"name\":\"Ablas\u0131n\u0131 s\u0131rt\u0131ndan b\u0131\u00e7aklayarak \u00f6ld\u00fcren \u00e7ocu\u011fun ifadesi ortaya \u00e7\u0131kt\u0131\"}]},{\"@type\":\"WebSite\",\"@id\":\"https:\\\/\\\/kibrisdakik.com\\\/#website\",\"url\":\"https:\\\/\\\/kibrisdakik.com\\\/\",\"name\":\"\",\"description\":\"Tam vaktinde haber\",\"potentialAction\":[{\"@type\":\"SearchAction\",\"target\":{\"@type\":\"EntryPoint\",\"urlTemplate\":\"https:\\\/\\\/kibrisdakik.com\\\/?s={search_term_string}\"},\"query-input\":{\"@type\":\"PropertyValueSpecification\",\"valueRequired\":true,\"valueName\":\"search_term_string\"}}],\"inLanguage\":\"tr\"},{\"@type\":\"Person\",\"@id\":\"https:\\\/\\\/kibrisdakik.com\\\/#\\\/schema\\\/person\\\/9cd9d437bbb44f72b73ba127e06d8e79\",\"name\":\"admin\",\"image\":{\"@type\":\"ImageObject\",\"inLanguage\":\"tr\",\"@id\":\"https:\\\/\\\/secure.gravatar.com\\\/avatar\\\/ccc17943b9d660506c869530f897617f7cb1c21a4bf30023f252596d83e1f007?s=96&d=mm&r=g\",\"url\":\"https:\\\/\\\/secure.gravatar.com\\\/avatar\\\/ccc17943b9d660506c869530f897617f7cb1c21a4bf30023f252596d83e1f007?s=96&d=mm&r=g\",\"contentUrl\":\"https:\\\/\\\/secure.gravatar.com\\\/avatar\\\/ccc17943b9d660506c869530f897617f7cb1c21a4bf30023f252596d83e1f007?s=96&d=mm&r=g\",\"caption\":\"admin\"},\"sameAs\":[\"https:\\\/\\\/kibrisdakik.com\"],\"url\":\"https:\\\/\\\/kibrisdakik.com\\\/?author=1\"}]}<\/script>\n<!-- \/ Yoast SEO plugin. -->","yoast_head_json":{"title":"Ablas\u0131n\u0131 s\u0131rt\u0131ndan b\u0131\u00e7aklayarak \u00f6ld\u00fcren \u00e7ocu\u011fun ifadesi ortaya \u00e7\u0131kt\u0131 -","robots":{"index":"index","follow":"follow","max-snippet":"max-snippet:-1","max-image-preview":"max-image-preview:large","max-video-preview":"max-video-preview:-1"},"canonical":"https:\/\/kibrisdakik.com\/?p=40834","og_locale":"tr_TR","og_type":"article","og_title":"Ablas\u0131n\u0131 s\u0131rt\u0131ndan b\u0131\u00e7aklayarak \u00f6ld\u00fcren \u00e7ocu\u011fun ifadesi ortaya \u00e7\u0131kt\u0131 -","og_description":"Ankara Alt\u0131nda\u011f\u2019da meydana gelen olayda; psikolojik s\u0131k\u0131nt\u0131lar\u0131 oldu\u011fu iddia edilen 15 ya\u015f\u0131ndaki E.\u0130., 16 ya\u015f\u0131ndaki ablas\u0131 B.S.\u0130.\u2019yi s\u0131rt\u0131ndan d\u00f6rt kez b\u0131\u00e7aklayarak \u00f6ld\u00fcrd\u00fc. Cinayeti i\u015fledikten sonra emniyete gidip teslim olan sald\u0131rgan, g\u00f6zalt\u0131na al\u0131nd\u0131ktan sonra adliyeye sevk edildi. 15 ya\u015f\u0131ndaki san\u0131k E.\u0130.\u2019nin savc\u0131l\u0131kta verdi\u011fi ifadesi ortaya \u00e7\u0131kt\u0131. &#8220;S\u0130GARAMI VE \u00c7AKMA\u011eIMI YANIMA ALIP KARAKOLA TESL\u0130M OLDUM&#8221; Ablas\u0131n\u0131n olaydan","og_url":"https:\/\/kibrisdakik.com\/?p=40834","article_published_time":"2024-05-09T01:28:58+00:00","og_image":[{"width":710,"height":370,"url":"https:\/\/kibrisdakik.com\/wp-content\/uploads\/2024\/05\/ablasini-sirtindan-bicaklayarak-olduren-cocugun-ifadesi-ortaya-cikti-1715173555.webp.webp","type":"image\/webp"}],"author":"admin","twitter_card":"summary_large_image","twitter_misc":{"Yazan:":"admin","Tahmini okuma s\u00fcresi":"1 dakika"},"schema":{"@context":"https:\/\/schema.org","@graph":[{"@type":"Article","@id":"https:\/\/kibrisdakik.com\/?p=40834#article","isPartOf":{"@id":"https:\/\/kibrisdakik.com\/?p=40834"},"author":{"name":"admin","@id":"https:\/\/kibrisdakik.com\/#\/schema\/person\/9cd9d437bbb44f72b73ba127e06d8e79"},"headline":"Ablas\u0131n\u0131 s\u0131rt\u0131ndan b\u0131\u00e7aklayarak \u00f6ld\u00fcren \u00e7ocu\u011fun ifadesi ortaya \u00e7\u0131kt\u0131","datePublished":"2024-05-09T01:28:58+00:00","mainEntityOfPage":{"@id":"https:\/\/kibrisdakik.com\/?p=40834"},"wordCount":185,"commentCount":0,"image":{"@id":"https:\/\/kibrisdakik.com\/?p=40834#primaryimage"},"thumbnailUrl":"https:\/\/kibrisdakik.com\/wp-content\/uploads\/2024\/05\/ablasini-sirtindan-bicaklayarak-olduren-cocugun-ifadesi-ortaya-cikti-1715173555.webp.webp","articleSection":["Ekonomi"],"inLanguage":"tr","potentialAction":[{"@type":"CommentAction","name":"Comment","target":["https:\/\/kibrisdakik.com\/?p=40834#respond"]}]},{"@type":"WebPage","@id":"https:\/\/kibrisdakik.com\/?p=40834","url":"https:\/\/kibrisdakik.com\/?p=40834","name":"Ablas\u0131n\u0131 s\u0131rt\u0131ndan b\u0131\u00e7aklayarak \u00f6ld\u00fcren \u00e7ocu\u011fun ifadesi ortaya \u00e7\u0131kt\u0131 -","isPartOf":{"@id":"https:\/\/kibrisdakik.com\/#website"},"primaryImageOfPage":{"@id":"https:\/\/kibrisdakik.com\/?p=40834#primaryimage"},"image":{"@id":"https:\/\/kibrisdakik.com\/?p=40834#primaryimage"},"thumbnailUrl":"https:\/\/kibrisdakik.com\/wp-content\/uploads\/2024\/05\/ablasini-sirtindan-bicaklayarak-olduren-cocugun-ifadesi-ortaya-cikti-1715173555.webp.webp","datePublished":"2024-05-09T01:28:58+00:00","author":{"@id":"https:\/\/kibrisdakik.com\/#\/schema\/person\/9cd9d437bbb44f72b73ba127e06d8e79"},"breadcrumb":{"@id":"https:\/\/kibrisdakik.com\/?p=40834#breadcrumb"},"inLanguage":"tr","potentialAction":[{"@type":"ReadAction","target":["https:\/\/kibrisdakik.com\/?p=40834"]}]},{"@type":"ImageObject","inLanguage":"tr","@id":"https:\/\/kibrisdakik.com\/?p=40834#primaryimage","url":"https:\/\/kibrisdakik.com\/wp-content\/uploads\/2024\/05\/ablasini-sirtindan-bicaklayarak-olduren-cocugun-ifadesi-ortaya-cikti-1715173555.webp.webp","contentUrl":"https:\/\/kibrisdakik.com\/wp-content\/uploads\/2024\/05\/ablasini-sirtindan-bicaklayarak-olduren-cocugun-ifadesi-ortaya-cikti-1715173555.webp.webp","width":710,"height":370},{"@type":"BreadcrumbList","@id":"https:\/\/kibrisdakik.com\/?p=40834#breadcrumb","itemListElement":[{"@type":"ListItem","position":1,"name":"Home","item":"https:\/\/kibrisdakik.com\/"},{"@type":"ListItem","position":2,"name":"Ablas\u0131n\u0131 s\u0131rt\u0131ndan b\u0131\u00e7aklayarak \u00f6ld\u00fcren \u00e7ocu\u011fun ifadesi ortaya \u00e7\u0131kt\u0131"}]},{"@type":"WebSite","@id":"https:\/\/kibrisdakik.com\/#website","url":"https:\/\/kibrisdakik.com\/","name":"","description":"Tam vaktinde haber","potentialAction":[{"@type":"SearchAction","target":{"@type":"EntryPoint","urlTemplate":"https:\/\/kibrisdakik.com\/?s={search_term_string}"},"query-input":{"@type":"PropertyValueSpecification","valueRequired":true,"valueName":"search_term_string"}}],"inLanguage":"tr"},{"@type":"Person","@id":"https:\/\/kibrisdakik.com\/#\/schema\/person\/9cd9d437bbb44f72b73ba127e06d8e79","name":"admin","image":{"@type":"ImageObject","inLanguage":"tr","@id":"https:\/\/secure.gravatar.com\/avatar\/ccc17943b9d660506c869530f897617f7cb1c21a4bf30023f252596d83e1f007?s=96&d=mm&r=g","url":"https:\/\/secure.gravatar.com\/avatar\/ccc17943b9d660506c869530f897617f7cb1c21a4bf30023f252596d83e1f007?s=96&d=mm&r=g","contentUrl":"https:\/\/secure.gravatar.com\/avatar\/ccc17943b9d660506c869530f897617f7cb1c21a4bf30023f252596d83e1f007?s=96&d=mm&r=g","caption":"admin"},"sameAs":["https:\/\/kibrisdakik.com"],"url":"https:\/\/kibrisdakik.com\/?author=1"}]}},"_links":{"self":[{"href":"https:\/\/kibrisdakik.com\/index.php?rest_route=\/wp\/v2\/posts\/40834","targetHints":{"allow":["GET"]}}],"collection":[{"href":"https:\/\/kibrisdakik.com\/index.php?rest_route=\/wp\/v2\/posts"}],"about":[{"href":"https:\/\/kibrisdakik.com\/index.php?rest_route=\/wp\/v2\/types\/post"}],"author":[{"embeddable":true,"href":"https:\/\/kibrisdakik.com\/index.php?rest_route=\/wp\/v2\/users\/1"}],"replies":[{"embeddable":true,"href":"https:\/\/kibrisdakik.com\/index.php?rest_route=%2Fwp%2Fv2%2Fcomments&post=40834"}],"version-history":[{"count":0,"href":"https:\/\/kibrisdakik.com\/index.php?rest_route=\/wp\/v2\/posts\/40834\/revisions"}],"wp:featuredmedia":[{"embeddable":true,"href":"https:\/\/kibrisdakik.com\/index.php?rest_route=\/wp\/v2\/media\/40835"}],"wp:attachment":[{"href":"https:\/\/kibrisdakik.com\/index.php?rest_route=%2Fwp%2Fv2%2Fmedia&parent=40834"}],"wp:term":[{"taxonomy":"category","embeddable":true,"href":"https:\/\/kibrisdakik.com\/index.php?rest_route=%2Fwp%2Fv2%2Fcategories&post=40834"},{"taxonomy":"post_tag","embeddable":true,"href":"https:\/\/kibrisdakik.com\/index.php?rest_route=%2Fwp%2Fv2%2Ftags&post=40834"}],"curies":[{"name":"wp","href":"https:\/\/api.w.org\/{rel}","templated":true}]}}