{"id":40846,"date":"2024-05-09T05:31:15","date_gmt":"2024-05-09T05:31:15","guid":{"rendered":"https:\/\/kibrisdakik.com\/index.php\/2024\/05\/09\/israil-ordusunun-baskin-yaptigi-sifa-hastanesinde-bulunan-ucuncu-toplu-mezardan-49-ceset-cikarildi\/"},"modified":"2024-05-09T05:31:15","modified_gmt":"2024-05-09T05:31:15","slug":"israil-ordusunun-baskin-yaptigi-sifa-hastanesinde-bulunan-ucuncu-toplu-mezardan-49-ceset-cikarildi","status":"publish","type":"post","link":"https:\/\/kibrisdakik.com\/?p=40846","title":{"rendered":"\u0130srail ordusunun bask\u0131n yapt\u0131\u011f\u0131 \u015eifa Hastanesinde bulunan \u00fc\u00e7\u00fcnc\u00fc toplu mezardan 49 ceset \u00e7\u0131kar\u0131ld\u0131"},"content":{"rendered":"<p><img decoding=\"async\" src=\"https:\/\/www.kibristurk.com\/images\/haberler\/2024\/05\/israil-ordusunun-baskin-yaptigi-sifa-hastanesinde-bulunan-ucuncu-toplu-mezardan-49-ceset-cikarildi-1715171313.webp\" \/><\/p>\n<p>Gazze&#8217;deki h\u00fck\u00fcmetin Medya Ofisinden yap\u0131lan a\u00e7\u0131klamada, \u015eifa Hastanesinde s\u00fcrd\u00fcr\u00fclen \u00e7al\u0131\u015fmalara ili\u015fkin bilgi verildi.<\/p>\n<p>A\u00e7\u0131klamada, &#8220;Sa\u011fl\u0131k ekipleri, \u015eifa Hastanesi yerle\u015fkesinde \u015fu ana kadar 3. toplu mezar\u0131 tespit etti ve buradan \u015fu ana kadar 49 Filistinlinin cesedi \u00e7\u0131kar\u0131ld\u0131, \u00e7al\u0131\u015fmalar s\u00fcrd\u00fcr\u00fcl\u00fcyor.&#8221; ifadesi kullan\u0131ld\u0131.<\/p>\n<p>\u0130srail askerleri taraf\u0131ndan \u00e7ok say\u0131da Filistinlinin al\u0131konuldu\u011funa ve kaybedildi\u011fine dikkat \u00e7ekilen a\u00e7\u0131klamada, &#8220;\u00c7al\u0131\u015fmalar bitmedi ve yeni onlarca cesedin \u00e7\u0131kar\u0131lmas\u0131n\u0131 bekliyoruz.&#8221; ifadesine yer verildi.<\/p>\n","protected":false},"excerpt":{"rendered":"<p>Gazze&#8217;deki h\u00fck\u00fcmetin Medya Ofisinden yap\u0131lan a\u00e7\u0131klamada, \u015eifa Hastanesinde s\u00fcrd\u00fcr\u00fclen \u00e7al\u0131\u015fmalara ili\u015fkin bilgi verildi. A\u00e7\u0131klamada, &#8220;Sa\u011fl\u0131k ekipleri, \u015eifa Hastanesi yerle\u015fkesinde \u015fu ana kadar 3. toplu mezar\u0131 tespit etti ve buradan \u015fu ana kadar 49 Filistinlinin cesedi \u00e7\u0131kar\u0131ld\u0131, \u00e7al\u0131\u015fmalar s\u00fcrd\u00fcr\u00fcl\u00fcyor.&#8221; ifadesi kullan\u0131ld\u0131. \u0130srail askerleri taraf\u0131ndan \u00e7ok say\u0131da Filistinlinin al\u0131konuldu\u011funa ve kaybedildi\u011fine dikkat \u00e7ekilen a\u00e7\u0131klamada, &#8220;\u00c7al\u0131\u015fmalar bitmedi ve<\/p>\n","protected":false},"author":1,"featured_media":40847,"comment_status":"open","ping_status":"open","sticky":false,"template":"","format":"standard","meta":{"footnotes":""},"categories":[85],"tags":[],"class_list":["post-40846","post","type-post","status-publish","format-standard","has-post-thumbnail","hentry","category-spor"],"yoast_head":"<!-- This site is optimized with the Yoast SEO plugin v27.4 - https:\/\/yoast.com\/product\/yoast-seo-wordpress\/ -->\n<title>\u0130srail ordusunun bask\u0131n yapt\u0131\u011f\u0131 \u015eifa Hastanesinde bulunan \u00fc\u00e7\u00fcnc\u00fc toplu mezardan 49 ceset \u00e7\u0131kar\u0131ld\u0131 -<\/title>\n<meta name=\"robots\" content=\"index, follow, max-snippet:-1, max-image-preview:large, max-video-preview:-1\" \/>\n<link rel=\"canonical\" href=\"https:\/\/kibrisdakik.com\/?p=40846\" \/>\n<meta property=\"og:locale\" content=\"tr_TR\" \/>\n<meta property=\"og:type\" content=\"article\" \/>\n<meta property=\"og:title\" content=\"\u0130srail ordusunun bask\u0131n yapt\u0131\u011f\u0131 \u015eifa Hastanesinde bulunan \u00fc\u00e7\u00fcnc\u00fc toplu mezardan 49 ceset \u00e7\u0131kar\u0131ld\u0131 -\" \/>\n<meta property=\"og:description\" content=\"Gazze&#8217;deki h\u00fck\u00fcmetin Medya Ofisinden yap\u0131lan a\u00e7\u0131klamada, \u015eifa Hastanesinde s\u00fcrd\u00fcr\u00fclen \u00e7al\u0131\u015fmalara ili\u015fkin bilgi verildi. A\u00e7\u0131klamada, &#8220;Sa\u011fl\u0131k ekipleri, \u015eifa Hastanesi yerle\u015fkesinde \u015fu ana kadar 3. toplu mezar\u0131 tespit etti ve buradan \u015fu ana kadar 49 Filistinlinin cesedi \u00e7\u0131kar\u0131ld\u0131, \u00e7al\u0131\u015fmalar s\u00fcrd\u00fcr\u00fcl\u00fcyor.&#8221; ifadesi kullan\u0131ld\u0131. \u0130srail askerleri taraf\u0131ndan \u00e7ok say\u0131da Filistinlinin al\u0131konuldu\u011funa ve kaybedildi\u011fine dikkat \u00e7ekilen a\u00e7\u0131klamada, &#8220;\u00c7al\u0131\u015fmalar bitmedi ve\" \/>\n<meta property=\"og:url\" content=\"https:\/\/kibrisdakik.com\/?p=40846\" \/>\n<meta property=\"article:published_time\" content=\"2024-05-09T05:31:15+00:00\" \/>\n<meta property=\"og:image\" content=\"https:\/\/kibrisdakik.com\/wp-content\/uploads\/2024\/05\/israil-ordusunun-baskin-yaptigi-sifa-hastanesinde-bulunan-ucuncu-toplu-mezardan-49-ceset-cikarildi-1715171313.webp.webp\" \/>\n\t<meta property=\"og:image:width\" content=\"710\" \/>\n\t<meta property=\"og:image:height\" content=\"370\" \/>\n\t<meta property=\"og:image:type\" content=\"image\/webp\" \/>\n<meta name=\"author\" content=\"admin\" \/>\n<meta name=\"twitter:card\" content=\"summary_large_image\" \/>\n<meta name=\"twitter:label1\" content=\"Yazan:\" \/>\n\t<meta name=\"twitter:data1\" content=\"admin\" \/>\n<script type=\"application\/ld+json\" class=\"yoast-schema-graph\">{\"@context\":\"https:\\\/\\\/schema.org\",\"@graph\":[{\"@type\":\"Article\",\"@id\":\"https:\\\/\\\/kibrisdakik.com\\\/?p=40846#article\",\"isPartOf\":{\"@id\":\"https:\\\/\\\/kibrisdakik.com\\\/?p=40846\"},\"author\":{\"name\":\"admin\",\"@id\":\"https:\\\/\\\/kibrisdakik.com\\\/#\\\/schema\\\/person\\\/9cd9d437bbb44f72b73ba127e06d8e79\"},\"headline\":\"\u0130srail ordusunun bask\u0131n yapt\u0131\u011f\u0131 \u015eifa Hastanesinde bulunan \u00fc\u00e7\u00fcnc\u00fc toplu mezardan 49 ceset \u00e7\u0131kar\u0131ld\u0131\",\"datePublished\":\"2024-05-09T05:31:15+00:00\",\"mainEntityOfPage\":{\"@id\":\"https:\\\/\\\/kibrisdakik.com\\\/?p=40846\"},\"wordCount\":104,\"commentCount\":0,\"image\":{\"@id\":\"https:\\\/\\\/kibrisdakik.com\\\/?p=40846#primaryimage\"},\"thumbnailUrl\":\"https:\\\/\\\/kibrisdakik.com\\\/wp-content\\\/uploads\\\/2024\\\/05\\\/israil-ordusunun-baskin-yaptigi-sifa-hastanesinde-bulunan-ucuncu-toplu-mezardan-49-ceset-cikarildi-1715171313.webp.webp\",\"articleSection\":[\"Spor\"],\"inLanguage\":\"tr\",\"potentialAction\":[{\"@type\":\"CommentAction\",\"name\":\"Comment\",\"target\":[\"https:\\\/\\\/kibrisdakik.com\\\/?p=40846#respond\"]}]},{\"@type\":\"WebPage\",\"@id\":\"https:\\\/\\\/kibrisdakik.com\\\/?p=40846\",\"url\":\"https:\\\/\\\/kibrisdakik.com\\\/?p=40846\",\"name\":\"\u0130srail ordusunun bask\u0131n yapt\u0131\u011f\u0131 \u015eifa Hastanesinde bulunan \u00fc\u00e7\u00fcnc\u00fc toplu mezardan 49 ceset \u00e7\u0131kar\u0131ld\u0131 -\",\"isPartOf\":{\"@id\":\"https:\\\/\\\/kibrisdakik.com\\\/#website\"},\"primaryImageOfPage\":{\"@id\":\"https:\\\/\\\/kibrisdakik.com\\\/?p=40846#primaryimage\"},\"image\":{\"@id\":\"https:\\\/\\\/kibrisdakik.com\\\/?p=40846#primaryimage\"},\"thumbnailUrl\":\"https:\\\/\\\/kibrisdakik.com\\\/wp-content\\\/uploads\\\/2024\\\/05\\\/israil-ordusunun-baskin-yaptigi-sifa-hastanesinde-bulunan-ucuncu-toplu-mezardan-49-ceset-cikarildi-1715171313.webp.webp\",\"datePublished\":\"2024-05-09T05:31:15+00:00\",\"author\":{\"@id\":\"https:\\\/\\\/kibrisdakik.com\\\/#\\\/schema\\\/person\\\/9cd9d437bbb44f72b73ba127e06d8e79\"},\"breadcrumb\":{\"@id\":\"https:\\\/\\\/kibrisdakik.com\\\/?p=40846#breadcrumb\"},\"inLanguage\":\"tr\",\"potentialAction\":[{\"@type\":\"ReadAction\",\"target\":[\"https:\\\/\\\/kibrisdakik.com\\\/?p=40846\"]}]},{\"@type\":\"ImageObject\",\"inLanguage\":\"tr\",\"@id\":\"https:\\\/\\\/kibrisdakik.com\\\/?p=40846#primaryimage\",\"url\":\"https:\\\/\\\/kibrisdakik.com\\\/wp-content\\\/uploads\\\/2024\\\/05\\\/israil-ordusunun-baskin-yaptigi-sifa-hastanesinde-bulunan-ucuncu-toplu-mezardan-49-ceset-cikarildi-1715171313.webp.webp\",\"contentUrl\":\"https:\\\/\\\/kibrisdakik.com\\\/wp-content\\\/uploads\\\/2024\\\/05\\\/israil-ordusunun-baskin-yaptigi-sifa-hastanesinde-bulunan-ucuncu-toplu-mezardan-49-ceset-cikarildi-1715171313.webp.webp\",\"width\":710,\"height\":370},{\"@type\":\"BreadcrumbList\",\"@id\":\"https:\\\/\\\/kibrisdakik.com\\\/?p=40846#breadcrumb\",\"itemListElement\":[{\"@type\":\"ListItem\",\"position\":1,\"name\":\"Home\",\"item\":\"https:\\\/\\\/kibrisdakik.com\\\/\"},{\"@type\":\"ListItem\",\"position\":2,\"name\":\"\u0130srail ordusunun bask\u0131n yapt\u0131\u011f\u0131 \u015eifa Hastanesinde bulunan \u00fc\u00e7\u00fcnc\u00fc toplu mezardan 49 ceset \u00e7\u0131kar\u0131ld\u0131\"}]},{\"@type\":\"WebSite\",\"@id\":\"https:\\\/\\\/kibrisdakik.com\\\/#website\",\"url\":\"https:\\\/\\\/kibrisdakik.com\\\/\",\"name\":\"\",\"description\":\"Tam vaktinde haber\",\"potentialAction\":[{\"@type\":\"SearchAction\",\"target\":{\"@type\":\"EntryPoint\",\"urlTemplate\":\"https:\\\/\\\/kibrisdakik.com\\\/?s={search_term_string}\"},\"query-input\":{\"@type\":\"PropertyValueSpecification\",\"valueRequired\":true,\"valueName\":\"search_term_string\"}}],\"inLanguage\":\"tr\"},{\"@type\":\"Person\",\"@id\":\"https:\\\/\\\/kibrisdakik.com\\\/#\\\/schema\\\/person\\\/9cd9d437bbb44f72b73ba127e06d8e79\",\"name\":\"admin\",\"image\":{\"@type\":\"ImageObject\",\"inLanguage\":\"tr\",\"@id\":\"https:\\\/\\\/secure.gravatar.com\\\/avatar\\\/ccc17943b9d660506c869530f897617f7cb1c21a4bf30023f252596d83e1f007?s=96&d=mm&r=g\",\"url\":\"https:\\\/\\\/secure.gravatar.com\\\/avatar\\\/ccc17943b9d660506c869530f897617f7cb1c21a4bf30023f252596d83e1f007?s=96&d=mm&r=g\",\"contentUrl\":\"https:\\\/\\\/secure.gravatar.com\\\/avatar\\\/ccc17943b9d660506c869530f897617f7cb1c21a4bf30023f252596d83e1f007?s=96&d=mm&r=g\",\"caption\":\"admin\"},\"sameAs\":[\"https:\\\/\\\/kibrisdakik.com\"],\"url\":\"https:\\\/\\\/kibrisdakik.com\\\/?author=1\"}]}<\/script>\n<!-- \/ Yoast SEO plugin. -->","yoast_head_json":{"title":"\u0130srail ordusunun bask\u0131n yapt\u0131\u011f\u0131 \u015eifa Hastanesinde bulunan \u00fc\u00e7\u00fcnc\u00fc toplu mezardan 49 ceset \u00e7\u0131kar\u0131ld\u0131 -","robots":{"index":"index","follow":"follow","max-snippet":"max-snippet:-1","max-image-preview":"max-image-preview:large","max-video-preview":"max-video-preview:-1"},"canonical":"https:\/\/kibrisdakik.com\/?p=40846","og_locale":"tr_TR","og_type":"article","og_title":"\u0130srail ordusunun bask\u0131n yapt\u0131\u011f\u0131 \u015eifa Hastanesinde bulunan \u00fc\u00e7\u00fcnc\u00fc toplu mezardan 49 ceset \u00e7\u0131kar\u0131ld\u0131 -","og_description":"Gazze&#8217;deki h\u00fck\u00fcmetin Medya Ofisinden yap\u0131lan a\u00e7\u0131klamada, \u015eifa Hastanesinde s\u00fcrd\u00fcr\u00fclen \u00e7al\u0131\u015fmalara ili\u015fkin bilgi verildi. A\u00e7\u0131klamada, &#8220;Sa\u011fl\u0131k ekipleri, \u015eifa Hastanesi yerle\u015fkesinde \u015fu ana kadar 3. toplu mezar\u0131 tespit etti ve buradan \u015fu ana kadar 49 Filistinlinin cesedi \u00e7\u0131kar\u0131ld\u0131, \u00e7al\u0131\u015fmalar s\u00fcrd\u00fcr\u00fcl\u00fcyor.&#8221; ifadesi kullan\u0131ld\u0131. \u0130srail askerleri taraf\u0131ndan \u00e7ok say\u0131da Filistinlinin al\u0131konuldu\u011funa ve kaybedildi\u011fine dikkat \u00e7ekilen a\u00e7\u0131klamada, &#8220;\u00c7al\u0131\u015fmalar bitmedi ve","og_url":"https:\/\/kibrisdakik.com\/?p=40846","article_published_time":"2024-05-09T05:31:15+00:00","og_image":[{"width":710,"height":370,"url":"https:\/\/kibrisdakik.com\/wp-content\/uploads\/2024\/05\/israil-ordusunun-baskin-yaptigi-sifa-hastanesinde-bulunan-ucuncu-toplu-mezardan-49-ceset-cikarildi-1715171313.webp.webp","type":"image\/webp"}],"author":"admin","twitter_card":"summary_large_image","twitter_misc":{"Yazan:":"admin"},"schema":{"@context":"https:\/\/schema.org","@graph":[{"@type":"Article","@id":"https:\/\/kibrisdakik.com\/?p=40846#article","isPartOf":{"@id":"https:\/\/kibrisdakik.com\/?p=40846"},"author":{"name":"admin","@id":"https:\/\/kibrisdakik.com\/#\/schema\/person\/9cd9d437bbb44f72b73ba127e06d8e79"},"headline":"\u0130srail ordusunun bask\u0131n yapt\u0131\u011f\u0131 \u015eifa Hastanesinde bulunan \u00fc\u00e7\u00fcnc\u00fc toplu mezardan 49 ceset \u00e7\u0131kar\u0131ld\u0131","datePublished":"2024-05-09T05:31:15+00:00","mainEntityOfPage":{"@id":"https:\/\/kibrisdakik.com\/?p=40846"},"wordCount":104,"commentCount":0,"image":{"@id":"https:\/\/kibrisdakik.com\/?p=40846#primaryimage"},"thumbnailUrl":"https:\/\/kibrisdakik.com\/wp-content\/uploads\/2024\/05\/israil-ordusunun-baskin-yaptigi-sifa-hastanesinde-bulunan-ucuncu-toplu-mezardan-49-ceset-cikarildi-1715171313.webp.webp","articleSection":["Spor"],"inLanguage":"tr","potentialAction":[{"@type":"CommentAction","name":"Comment","target":["https:\/\/kibrisdakik.com\/?p=40846#respond"]}]},{"@type":"WebPage","@id":"https:\/\/kibrisdakik.com\/?p=40846","url":"https:\/\/kibrisdakik.com\/?p=40846","name":"\u0130srail ordusunun bask\u0131n yapt\u0131\u011f\u0131 \u015eifa Hastanesinde bulunan \u00fc\u00e7\u00fcnc\u00fc toplu mezardan 49 ceset \u00e7\u0131kar\u0131ld\u0131 -","isPartOf":{"@id":"https:\/\/kibrisdakik.com\/#website"},"primaryImageOfPage":{"@id":"https:\/\/kibrisdakik.com\/?p=40846#primaryimage"},"image":{"@id":"https:\/\/kibrisdakik.com\/?p=40846#primaryimage"},"thumbnailUrl":"https:\/\/kibrisdakik.com\/wp-content\/uploads\/2024\/05\/israil-ordusunun-baskin-yaptigi-sifa-hastanesinde-bulunan-ucuncu-toplu-mezardan-49-ceset-cikarildi-1715171313.webp.webp","datePublished":"2024-05-09T05:31:15+00:00","author":{"@id":"https:\/\/kibrisdakik.com\/#\/schema\/person\/9cd9d437bbb44f72b73ba127e06d8e79"},"breadcrumb":{"@id":"https:\/\/kibrisdakik.com\/?p=40846#breadcrumb"},"inLanguage":"tr","potentialAction":[{"@type":"ReadAction","target":["https:\/\/kibrisdakik.com\/?p=40846"]}]},{"@type":"ImageObject","inLanguage":"tr","@id":"https:\/\/kibrisdakik.com\/?p=40846#primaryimage","url":"https:\/\/kibrisdakik.com\/wp-content\/uploads\/2024\/05\/israil-ordusunun-baskin-yaptigi-sifa-hastanesinde-bulunan-ucuncu-toplu-mezardan-49-ceset-cikarildi-1715171313.webp.webp","contentUrl":"https:\/\/kibrisdakik.com\/wp-content\/uploads\/2024\/05\/israil-ordusunun-baskin-yaptigi-sifa-hastanesinde-bulunan-ucuncu-toplu-mezardan-49-ceset-cikarildi-1715171313.webp.webp","width":710,"height":370},{"@type":"BreadcrumbList","@id":"https:\/\/kibrisdakik.com\/?p=40846#breadcrumb","itemListElement":[{"@type":"ListItem","position":1,"name":"Home","item":"https:\/\/kibrisdakik.com\/"},{"@type":"ListItem","position":2,"name":"\u0130srail ordusunun bask\u0131n yapt\u0131\u011f\u0131 \u015eifa Hastanesinde bulunan \u00fc\u00e7\u00fcnc\u00fc toplu mezardan 49 ceset \u00e7\u0131kar\u0131ld\u0131"}]},{"@type":"WebSite","@id":"https:\/\/kibrisdakik.com\/#website","url":"https:\/\/kibrisdakik.com\/","name":"","description":"Tam vaktinde haber","potentialAction":[{"@type":"SearchAction","target":{"@type":"EntryPoint","urlTemplate":"https:\/\/kibrisdakik.com\/?s={search_term_string}"},"query-input":{"@type":"PropertyValueSpecification","valueRequired":true,"valueName":"search_term_string"}}],"inLanguage":"tr"},{"@type":"Person","@id":"https:\/\/kibrisdakik.com\/#\/schema\/person\/9cd9d437bbb44f72b73ba127e06d8e79","name":"admin","image":{"@type":"ImageObject","inLanguage":"tr","@id":"https:\/\/secure.gravatar.com\/avatar\/ccc17943b9d660506c869530f897617f7cb1c21a4bf30023f252596d83e1f007?s=96&d=mm&r=g","url":"https:\/\/secure.gravatar.com\/avatar\/ccc17943b9d660506c869530f897617f7cb1c21a4bf30023f252596d83e1f007?s=96&d=mm&r=g","contentUrl":"https:\/\/secure.gravatar.com\/avatar\/ccc17943b9d660506c869530f897617f7cb1c21a4bf30023f252596d83e1f007?s=96&d=mm&r=g","caption":"admin"},"sameAs":["https:\/\/kibrisdakik.com"],"url":"https:\/\/kibrisdakik.com\/?author=1"}]}},"_links":{"self":[{"href":"https:\/\/kibrisdakik.com\/index.php?rest_route=\/wp\/v2\/posts\/40846","targetHints":{"allow":["GET"]}}],"collection":[{"href":"https:\/\/kibrisdakik.com\/index.php?rest_route=\/wp\/v2\/posts"}],"about":[{"href":"https:\/\/kibrisdakik.com\/index.php?rest_route=\/wp\/v2\/types\/post"}],"author":[{"embeddable":true,"href":"https:\/\/kibrisdakik.com\/index.php?rest_route=\/wp\/v2\/users\/1"}],"replies":[{"embeddable":true,"href":"https:\/\/kibrisdakik.com\/index.php?rest_route=%2Fwp%2Fv2%2Fcomments&post=40846"}],"version-history":[{"count":0,"href":"https:\/\/kibrisdakik.com\/index.php?rest_route=\/wp\/v2\/posts\/40846\/revisions"}],"wp:featuredmedia":[{"embeddable":true,"href":"https:\/\/kibrisdakik.com\/index.php?rest_route=\/wp\/v2\/media\/40847"}],"wp:attachment":[{"href":"https:\/\/kibrisdakik.com\/index.php?rest_route=%2Fwp%2Fv2%2Fmedia&parent=40846"}],"wp:term":[{"taxonomy":"category","embeddable":true,"href":"https:\/\/kibrisdakik.com\/index.php?rest_route=%2Fwp%2Fv2%2Fcategories&post=40846"},{"taxonomy":"post_tag","embeddable":true,"href":"https:\/\/kibrisdakik.com\/index.php?rest_route=%2Fwp%2Fv2%2Ftags&post=40846"}],"curies":[{"name":"wp","href":"https:\/\/api.w.org\/{rel}","templated":true}]}}