{"id":40862,"date":"2024-05-09T07:58:48","date_gmt":"2024-05-09T07:58:48","guid":{"rendered":"https:\/\/kibrisdakik.com\/index.php\/2024\/05\/09\/girne-belediyesinden-ikinci-bahar-uyelerine-dogum-gunu-ziyareti\/"},"modified":"2024-05-09T07:58:48","modified_gmt":"2024-05-09T07:58:48","slug":"girne-belediyesinden-ikinci-bahar-uyelerine-dogum-gunu-ziyareti","status":"publish","type":"post","link":"https:\/\/kibrisdakik.com\/?p=40862","title":{"rendered":"Girne Belediyesi\u2019nden \u0130kinci Bahar \u00fcyelerine do\u011fum g\u00fcn\u00fc ziyareti\u2026"},"content":{"rendered":"<p><\/p>\n<div>\n<div class=\"mariselle-image-container center\">\n                <img loading=\"lazy\" decoding=\"async\" width=\"900\" height=\"548\" class=\"lazy-image\" alt=\"\" sizes=\"auto, (max-width: 900px) 100vw, 900px\" src=\"https:\/\/brtk.net\/wp-content\/uploads\/2024\/05\/09\/13213213.jpg?ver=ce82e691e9c2aa0505cff5011d5f087c\" srcset=\"https:\/\/brtk.net\/wp-content\/uploads\/2024\/05\/09\/13213213.jpg?ver=ce82e691e9c2aa0505cff5011d5f087c 900w, https:\/\/brtk.net\/wp-content\/uploads\/2024\/05\/09\/13213213-300x183.jpg?ver=37c5f796d252a7c2bdf662f6cf6e36d8 300w, https:\/\/brtk.net\/wp-content\/uploads\/2024\/05\/09\/13213213-768x468.jpg?ver=37c5f796d252a7c2bdf662f6cf6e36d8 768w\"\/>                            <\/div>\n<p> Girne Belediyesi, \u0130kinci Bahar \u00fcyelerini do\u011fum g\u00fcnlerinde ziyaret ediyor.<\/p>\n<p>Belediye\u2019den yap\u0131lan a\u00e7\u0131klamaya g\u00f6re, Girne Belediyesi\u2019ne kay\u0131tl\u0131 65 ya\u015f \u00fcst\u00fc \u0130kinci Bahar \u00fcyeleri, Belediye\u2019nin Sosyal \u0130\u015fler B\u00f6l\u00fcm\u00fc taraf\u0131ndan do\u011fum g\u00fcnlerinde ziyaret edilerek k\u00fc\u00e7\u00fck bir hediye ile onore ediliyor.<\/p>\n<\/p><\/div>\n<p><script async\n                    defer\n                    crossorigin=\"anonymous\"\n                    src=\"https:\/\/connect.facebook.net\/tr_TR\/sdk.js#xfbml=1&#038;version=v3.3\"\n            ><\/script><\/p>\n","protected":false},"excerpt":{"rendered":"<p>Girne Belediyesi, \u0130kinci Bahar \u00fcyelerini do\u011fum g\u00fcnlerinde ziyaret ediyor. Belediye\u2019den yap\u0131lan a\u00e7\u0131klamaya g\u00f6re, Girne Belediyesi\u2019ne kay\u0131tl\u0131 65 ya\u015f \u00fcst\u00fc \u0130kinci Bahar \u00fcyeleri, Belediye\u2019nin Sosyal \u0130\u015fler B\u00f6l\u00fcm\u00fc taraf\u0131ndan do\u011fum g\u00fcnlerinde ziyaret edilerek k\u00fc\u00e7\u00fck bir hediye ile onore ediliyor.<\/p>\n","protected":false},"author":1,"featured_media":40863,"comment_status":"open","ping_status":"open","sticky":false,"template":"","format":"standard","meta":{"footnotes":""},"categories":[1],"tags":[],"class_list":["post-40862","post","type-post","status-publish","format-standard","has-post-thumbnail","hentry","category-gundem"],"yoast_head":"<!-- This site is optimized with the Yoast SEO plugin v27.5 - https:\/\/yoast.com\/product\/yoast-seo-wordpress\/ -->\n<title>Girne Belediyesi\u2019nden \u0130kinci Bahar \u00fcyelerine do\u011fum g\u00fcn\u00fc ziyareti\u2026 -<\/title>\n<meta name=\"robots\" content=\"index, follow, max-snippet:-1, max-image-preview:large, max-video-preview:-1\" \/>\n<link rel=\"canonical\" href=\"https:\/\/kibrisdakik.com\/?p=40862\" \/>\n<meta property=\"og:locale\" content=\"tr_TR\" \/>\n<meta property=\"og:type\" content=\"article\" \/>\n<meta property=\"og:title\" content=\"Girne Belediyesi\u2019nden \u0130kinci Bahar \u00fcyelerine do\u011fum g\u00fcn\u00fc ziyareti\u2026 -\" \/>\n<meta property=\"og:description\" content=\"Girne Belediyesi, \u0130kinci Bahar \u00fcyelerini do\u011fum g\u00fcnlerinde ziyaret ediyor. Belediye\u2019den yap\u0131lan a\u00e7\u0131klamaya g\u00f6re, Girne Belediyesi\u2019ne kay\u0131tl\u0131 65 ya\u015f \u00fcst\u00fc \u0130kinci Bahar \u00fcyeleri, Belediye\u2019nin Sosyal \u0130\u015fler B\u00f6l\u00fcm\u00fc taraf\u0131ndan do\u011fum g\u00fcnlerinde ziyaret edilerek k\u00fc\u00e7\u00fck bir hediye ile onore ediliyor.\" \/>\n<meta property=\"og:url\" content=\"https:\/\/kibrisdakik.com\/?p=40862\" \/>\n<meta property=\"article:published_time\" content=\"2024-05-09T07:58:48+00:00\" \/>\n<meta property=\"og:image\" content=\"https:\/\/kibrisdakik.com\/wp-content\/uploads\/2024\/05\/13213213-740x420.jpg\" \/>\n\t<meta property=\"og:image:width\" content=\"900\" \/>\n\t<meta property=\"og:image:height\" content=\"548\" \/>\n\t<meta property=\"og:image:type\" content=\"image\/jpeg\" \/>\n<meta name=\"author\" content=\"admin\" \/>\n<meta name=\"twitter:card\" content=\"summary_large_image\" \/>\n<meta name=\"twitter:label1\" content=\"Yazan:\" \/>\n\t<meta name=\"twitter:data1\" content=\"admin\" \/>\n<script type=\"application\/ld+json\" class=\"yoast-schema-graph\">{\"@context\":\"https:\\\/\\\/schema.org\",\"@graph\":[{\"@type\":\"Article\",\"@id\":\"https:\\\/\\\/kibrisdakik.com\\\/?p=40862#article\",\"isPartOf\":{\"@id\":\"https:\\\/\\\/kibrisdakik.com\\\/?p=40862\"},\"author\":{\"name\":\"admin\",\"@id\":\"https:\\\/\\\/kibrisdakik.com\\\/#\\\/schema\\\/person\\\/9cd9d437bbb44f72b73ba127e06d8e79\"},\"headline\":\"Girne Belediyesi\u2019nden \u0130kinci Bahar \u00fcyelerine do\u011fum g\u00fcn\u00fc ziyareti\u2026\",\"datePublished\":\"2024-05-09T07:58:48+00:00\",\"mainEntityOfPage\":{\"@id\":\"https:\\\/\\\/kibrisdakik.com\\\/?p=40862\"},\"wordCount\":62,\"commentCount\":0,\"image\":{\"@id\":\"https:\\\/\\\/kibrisdakik.com\\\/?p=40862#primaryimage\"},\"thumbnailUrl\":\"https:\\\/\\\/kibrisdakik.com\\\/wp-content\\\/uploads\\\/2024\\\/05\\\/13213213-740x420.jpg\",\"articleSection\":[\"G\u00fcndem\"],\"inLanguage\":\"tr\",\"potentialAction\":[{\"@type\":\"CommentAction\",\"name\":\"Comment\",\"target\":[\"https:\\\/\\\/kibrisdakik.com\\\/?p=40862#respond\"]}]},{\"@type\":\"WebPage\",\"@id\":\"https:\\\/\\\/kibrisdakik.com\\\/?p=40862\",\"url\":\"https:\\\/\\\/kibrisdakik.com\\\/?p=40862\",\"name\":\"Girne Belediyesi\u2019nden \u0130kinci Bahar \u00fcyelerine do\u011fum g\u00fcn\u00fc ziyareti\u2026 -\",\"isPartOf\":{\"@id\":\"https:\\\/\\\/kibrisdakik.com\\\/#website\"},\"primaryImageOfPage\":{\"@id\":\"https:\\\/\\\/kibrisdakik.com\\\/?p=40862#primaryimage\"},\"image\":{\"@id\":\"https:\\\/\\\/kibrisdakik.com\\\/?p=40862#primaryimage\"},\"thumbnailUrl\":\"https:\\\/\\\/kibrisdakik.com\\\/wp-content\\\/uploads\\\/2024\\\/05\\\/13213213-740x420.jpg\",\"datePublished\":\"2024-05-09T07:58:48+00:00\",\"author\":{\"@id\":\"https:\\\/\\\/kibrisdakik.com\\\/#\\\/schema\\\/person\\\/9cd9d437bbb44f72b73ba127e06d8e79\"},\"breadcrumb\":{\"@id\":\"https:\\\/\\\/kibrisdakik.com\\\/?p=40862#breadcrumb\"},\"inLanguage\":\"tr\",\"potentialAction\":[{\"@type\":\"ReadAction\",\"target\":[\"https:\\\/\\\/kibrisdakik.com\\\/?p=40862\"]}]},{\"@type\":\"ImageObject\",\"inLanguage\":\"tr\",\"@id\":\"https:\\\/\\\/kibrisdakik.com\\\/?p=40862#primaryimage\",\"url\":\"https:\\\/\\\/kibrisdakik.com\\\/wp-content\\\/uploads\\\/2024\\\/05\\\/13213213-740x420.jpg\",\"contentUrl\":\"https:\\\/\\\/kibrisdakik.com\\\/wp-content\\\/uploads\\\/2024\\\/05\\\/13213213-740x420.jpg\",\"width\":900,\"height\":548},{\"@type\":\"BreadcrumbList\",\"@id\":\"https:\\\/\\\/kibrisdakik.com\\\/?p=40862#breadcrumb\",\"itemListElement\":[{\"@type\":\"ListItem\",\"position\":1,\"name\":\"Home\",\"item\":\"https:\\\/\\\/kibrisdakik.com\\\/\"},{\"@type\":\"ListItem\",\"position\":2,\"name\":\"Girne Belediyesi\u2019nden \u0130kinci Bahar \u00fcyelerine do\u011fum g\u00fcn\u00fc ziyareti\u2026\"}]},{\"@type\":\"WebSite\",\"@id\":\"https:\\\/\\\/kibrisdakik.com\\\/#website\",\"url\":\"https:\\\/\\\/kibrisdakik.com\\\/\",\"name\":\"\",\"description\":\"Tam vaktinde haber\",\"potentialAction\":[{\"@type\":\"SearchAction\",\"target\":{\"@type\":\"EntryPoint\",\"urlTemplate\":\"https:\\\/\\\/kibrisdakik.com\\\/?s={search_term_string}\"},\"query-input\":{\"@type\":\"PropertyValueSpecification\",\"valueRequired\":true,\"valueName\":\"search_term_string\"}}],\"inLanguage\":\"tr\"},{\"@type\":\"Person\",\"@id\":\"https:\\\/\\\/kibrisdakik.com\\\/#\\\/schema\\\/person\\\/9cd9d437bbb44f72b73ba127e06d8e79\",\"name\":\"admin\",\"image\":{\"@type\":\"ImageObject\",\"inLanguage\":\"tr\",\"@id\":\"https:\\\/\\\/secure.gravatar.com\\\/avatar\\\/ccc17943b9d660506c869530f897617f7cb1c21a4bf30023f252596d83e1f007?s=96&d=mm&r=g\",\"url\":\"https:\\\/\\\/secure.gravatar.com\\\/avatar\\\/ccc17943b9d660506c869530f897617f7cb1c21a4bf30023f252596d83e1f007?s=96&d=mm&r=g\",\"contentUrl\":\"https:\\\/\\\/secure.gravatar.com\\\/avatar\\\/ccc17943b9d660506c869530f897617f7cb1c21a4bf30023f252596d83e1f007?s=96&d=mm&r=g\",\"caption\":\"admin\"},\"sameAs\":[\"https:\\\/\\\/kibrisdakik.com\"],\"url\":\"https:\\\/\\\/kibrisdakik.com\\\/?author=1\"}]}<\/script>\n<!-- \/ Yoast SEO plugin. -->","yoast_head_json":{"title":"Girne Belediyesi\u2019nden \u0130kinci Bahar \u00fcyelerine do\u011fum g\u00fcn\u00fc ziyareti\u2026 -","robots":{"index":"index","follow":"follow","max-snippet":"max-snippet:-1","max-image-preview":"max-image-preview:large","max-video-preview":"max-video-preview:-1"},"canonical":"https:\/\/kibrisdakik.com\/?p=40862","og_locale":"tr_TR","og_type":"article","og_title":"Girne Belediyesi\u2019nden \u0130kinci Bahar \u00fcyelerine do\u011fum g\u00fcn\u00fc ziyareti\u2026 -","og_description":"Girne Belediyesi, \u0130kinci Bahar \u00fcyelerini do\u011fum g\u00fcnlerinde ziyaret ediyor. Belediye\u2019den yap\u0131lan a\u00e7\u0131klamaya g\u00f6re, Girne Belediyesi\u2019ne kay\u0131tl\u0131 65 ya\u015f \u00fcst\u00fc \u0130kinci Bahar \u00fcyeleri, Belediye\u2019nin Sosyal \u0130\u015fler B\u00f6l\u00fcm\u00fc taraf\u0131ndan do\u011fum g\u00fcnlerinde ziyaret edilerek k\u00fc\u00e7\u00fck bir hediye ile onore ediliyor.","og_url":"https:\/\/kibrisdakik.com\/?p=40862","article_published_time":"2024-05-09T07:58:48+00:00","og_image":[{"width":900,"height":548,"url":"https:\/\/kibrisdakik.com\/wp-content\/uploads\/2024\/05\/13213213-740x420.jpg","type":"image\/jpeg"}],"author":"admin","twitter_card":"summary_large_image","twitter_misc":{"Yazan:":"admin"},"schema":{"@context":"https:\/\/schema.org","@graph":[{"@type":"Article","@id":"https:\/\/kibrisdakik.com\/?p=40862#article","isPartOf":{"@id":"https:\/\/kibrisdakik.com\/?p=40862"},"author":{"name":"admin","@id":"https:\/\/kibrisdakik.com\/#\/schema\/person\/9cd9d437bbb44f72b73ba127e06d8e79"},"headline":"Girne Belediyesi\u2019nden \u0130kinci Bahar \u00fcyelerine do\u011fum g\u00fcn\u00fc ziyareti\u2026","datePublished":"2024-05-09T07:58:48+00:00","mainEntityOfPage":{"@id":"https:\/\/kibrisdakik.com\/?p=40862"},"wordCount":62,"commentCount":0,"image":{"@id":"https:\/\/kibrisdakik.com\/?p=40862#primaryimage"},"thumbnailUrl":"https:\/\/kibrisdakik.com\/wp-content\/uploads\/2024\/05\/13213213-740x420.jpg","articleSection":["G\u00fcndem"],"inLanguage":"tr","potentialAction":[{"@type":"CommentAction","name":"Comment","target":["https:\/\/kibrisdakik.com\/?p=40862#respond"]}]},{"@type":"WebPage","@id":"https:\/\/kibrisdakik.com\/?p=40862","url":"https:\/\/kibrisdakik.com\/?p=40862","name":"Girne Belediyesi\u2019nden \u0130kinci Bahar \u00fcyelerine do\u011fum g\u00fcn\u00fc ziyareti\u2026 -","isPartOf":{"@id":"https:\/\/kibrisdakik.com\/#website"},"primaryImageOfPage":{"@id":"https:\/\/kibrisdakik.com\/?p=40862#primaryimage"},"image":{"@id":"https:\/\/kibrisdakik.com\/?p=40862#primaryimage"},"thumbnailUrl":"https:\/\/kibrisdakik.com\/wp-content\/uploads\/2024\/05\/13213213-740x420.jpg","datePublished":"2024-05-09T07:58:48+00:00","author":{"@id":"https:\/\/kibrisdakik.com\/#\/schema\/person\/9cd9d437bbb44f72b73ba127e06d8e79"},"breadcrumb":{"@id":"https:\/\/kibrisdakik.com\/?p=40862#breadcrumb"},"inLanguage":"tr","potentialAction":[{"@type":"ReadAction","target":["https:\/\/kibrisdakik.com\/?p=40862"]}]},{"@type":"ImageObject","inLanguage":"tr","@id":"https:\/\/kibrisdakik.com\/?p=40862#primaryimage","url":"https:\/\/kibrisdakik.com\/wp-content\/uploads\/2024\/05\/13213213-740x420.jpg","contentUrl":"https:\/\/kibrisdakik.com\/wp-content\/uploads\/2024\/05\/13213213-740x420.jpg","width":900,"height":548},{"@type":"BreadcrumbList","@id":"https:\/\/kibrisdakik.com\/?p=40862#breadcrumb","itemListElement":[{"@type":"ListItem","position":1,"name":"Home","item":"https:\/\/kibrisdakik.com\/"},{"@type":"ListItem","position":2,"name":"Girne Belediyesi\u2019nden \u0130kinci Bahar \u00fcyelerine do\u011fum g\u00fcn\u00fc ziyareti\u2026"}]},{"@type":"WebSite","@id":"https:\/\/kibrisdakik.com\/#website","url":"https:\/\/kibrisdakik.com\/","name":"","description":"Tam vaktinde haber","potentialAction":[{"@type":"SearchAction","target":{"@type":"EntryPoint","urlTemplate":"https:\/\/kibrisdakik.com\/?s={search_term_string}"},"query-input":{"@type":"PropertyValueSpecification","valueRequired":true,"valueName":"search_term_string"}}],"inLanguage":"tr"},{"@type":"Person","@id":"https:\/\/kibrisdakik.com\/#\/schema\/person\/9cd9d437bbb44f72b73ba127e06d8e79","name":"admin","image":{"@type":"ImageObject","inLanguage":"tr","@id":"https:\/\/secure.gravatar.com\/avatar\/ccc17943b9d660506c869530f897617f7cb1c21a4bf30023f252596d83e1f007?s=96&d=mm&r=g","url":"https:\/\/secure.gravatar.com\/avatar\/ccc17943b9d660506c869530f897617f7cb1c21a4bf30023f252596d83e1f007?s=96&d=mm&r=g","contentUrl":"https:\/\/secure.gravatar.com\/avatar\/ccc17943b9d660506c869530f897617f7cb1c21a4bf30023f252596d83e1f007?s=96&d=mm&r=g","caption":"admin"},"sameAs":["https:\/\/kibrisdakik.com"],"url":"https:\/\/kibrisdakik.com\/?author=1"}]}},"_links":{"self":[{"href":"https:\/\/kibrisdakik.com\/index.php?rest_route=\/wp\/v2\/posts\/40862","targetHints":{"allow":["GET"]}}],"collection":[{"href":"https:\/\/kibrisdakik.com\/index.php?rest_route=\/wp\/v2\/posts"}],"about":[{"href":"https:\/\/kibrisdakik.com\/index.php?rest_route=\/wp\/v2\/types\/post"}],"author":[{"embeddable":true,"href":"https:\/\/kibrisdakik.com\/index.php?rest_route=\/wp\/v2\/users\/1"}],"replies":[{"embeddable":true,"href":"https:\/\/kibrisdakik.com\/index.php?rest_route=%2Fwp%2Fv2%2Fcomments&post=40862"}],"version-history":[{"count":0,"href":"https:\/\/kibrisdakik.com\/index.php?rest_route=\/wp\/v2\/posts\/40862\/revisions"}],"wp:featuredmedia":[{"embeddable":true,"href":"https:\/\/kibrisdakik.com\/index.php?rest_route=\/wp\/v2\/media\/40863"}],"wp:attachment":[{"href":"https:\/\/kibrisdakik.com\/index.php?rest_route=%2Fwp%2Fv2%2Fmedia&parent=40862"}],"wp:term":[{"taxonomy":"category","embeddable":true,"href":"https:\/\/kibrisdakik.com\/index.php?rest_route=%2Fwp%2Fv2%2Fcategories&post=40862"},{"taxonomy":"post_tag","embeddable":true,"href":"https:\/\/kibrisdakik.com\/index.php?rest_route=%2Fwp%2Fv2%2Ftags&post=40862"}],"curies":[{"name":"wp","href":"https:\/\/api.w.org\/{rel}","templated":true}]}}