{"id":40890,"date":"2024-05-09T12:03:11","date_gmt":"2024-05-09T12:03:11","guid":{"rendered":"https:\/\/kibrisdakik.com\/index.php\/2024\/05\/09\/meclis-heyeti-tc-kktc-dostluk-grubu-ile-bir-araya-geldi-2\/"},"modified":"2024-05-09T12:03:11","modified_gmt":"2024-05-09T12:03:11","slug":"meclis-heyeti-tc-kktc-dostluk-grubu-ile-bir-araya-geldi-2","status":"publish","type":"post","link":"https:\/\/kibrisdakik.com\/?p=40890","title":{"rendered":"Meclis heyeti TC-KKTC Dostluk Grubu ile bir araya geldi"},"content":{"rendered":"<p><\/p>\n<div>\n<div class=\"mariselle-image-container center\">\n                <img loading=\"lazy\" decoding=\"async\" width=\"1800\" height=\"1200\" class=\"lazy-image\" alt=\"\" sizes=\"auto, (max-width: 1800px) 100vw, 1800px\" src=\"https:\/\/brtk.net\/wp-content\/uploads\/2024\/05\/09\/meclis-heyeti-dostluk-grubu-3-.jpg?ver=81c9435b68f588b14f4e8587efb1113e\" srcset=\"https:\/\/brtk.net\/wp-content\/uploads\/2024\/05\/09\/meclis-heyeti-dostluk-grubu-3-.jpg?ver=81c9435b68f588b14f4e8587efb1113e 1800w, https:\/\/brtk.net\/wp-content\/uploads\/2024\/05\/09\/meclis-heyeti-dostluk-grubu-3--300x200.jpg?ver=81c9435b68f588b14f4e8587efb1113e 300w, https:\/\/brtk.net\/wp-content\/uploads\/2024\/05\/09\/meclis-heyeti-dostluk-grubu-3--1024x683.jpg?ver=53baf6a18b26f2aacebcfe2f45db2055 1024w, https:\/\/brtk.net\/wp-content\/uploads\/2024\/05\/09\/meclis-heyeti-dostluk-grubu-3--768x512.jpg?ver=53baf6a18b26f2aacebcfe2f45db2055 768w, https:\/\/brtk.net\/wp-content\/uploads\/2024\/05\/09\/meclis-heyeti-dostluk-grubu-3--1536x1024.jpg?ver=630fff77a2d889696ddadf2be151d5b1 1536w\"\/>                            <\/div>\n<p>Ankara\u2019da temaslarda bulunan Cumhuriyet Meclisi Ekonomi Maliye B\u00fct\u00e7e ve Plan Komitesi, T\u00fcrkiye B\u00fcy\u00fck Millet Meclisi T\u00fcrkiye \u2013 <a href=\"https:\/\/brtk.net\/\"\/><a href=\"https:\/\/brtk.net\/\"\/><a href=\"https:\/\/brtk.net\/\"\/><a href=\"https:\/\/brtk.net\/\"\/><a href=\"https:\/\/brtk.net\/\"\/><a href=\"https:\/\/brtk.net\/\"\/><a href=\"https:\/\/brtk.net\/\">KKTC<\/a> Dostluk Grubu ile bir araya geldi.<\/p>\n<p>Meclisten verilen bilgiye g\u00f6re, Ak Parti Konya Milletvekili Orhan Erdem ba\u015fkanl\u0131\u011f\u0131ndaki Dostluk Grubu\u2019nda Ba\u015fkan Vekili \u0130stanbull Milletvekili \u015eamil Ayr\u0131m, Antalya Milletvekili Kemal \u00c7elik, \u0130stanbul Milletvekili Mustafa Cihan Pa\u00e7ac\u0131, K\u00fctahya Milletvekili Ahmet Erba\u015f, Kocaeli Milletvekili Radiye Sezer Kat\u0131rc\u0131o\u011flu ve Ankara Milletvekili Semra Din\u00e7er yer ald\u0131.<\/p>\n<p>G\u00f6r\u00fc\u015fmeye <a href=\"https:\/\/brtk.net\/\"\/><a href=\"https:\/\/brtk.net\/\"\/><a href=\"https:\/\/brtk.net\/\"\/><a href=\"https:\/\/brtk.net\/\"\/><a href=\"https:\/\/brtk.net\/\"\/><a href=\"https:\/\/brtk.net\/\"\/><a href=\"https:\/\/brtk.net\/\">KKTC<\/a> heyetinden ise Ekonomi Maliye B\u00fct\u00e7e ve Plan Komitesi ve ayn\u0131 zamanda Meclis <a href=\"https:\/\/brtk.net\/\"\/><a href=\"https:\/\/brtk.net\/\"\/><a href=\"https:\/\/brtk.net\/\"\/><a href=\"https:\/\/brtk.net\/\"\/><a href=\"https:\/\/brtk.net\/\"\/><a href=\"https:\/\/brtk.net\/\"\/><a href=\"https:\/\/brtk.net\/\">KKTC<\/a>-TC Dostluk Grubu Ba\u015fkan\u0131 Resmiye Ero\u011flu Canaltay ile Komite Ba\u015fkan Vekili <a href=\"https:\/\/brtk.net\/\"\/><a href=\"https:\/\/brtk.net\/\">CTP<\/a> Milletvekili Erkut \u015eahali, Komite \u00fcyeleri <a href=\"https:\/\/brtk.net\/\">UBP<\/a> milletvekilleri Ali\u015fan \u015ean ve Hasan K\u00fc\u00e7\u00fck, <a href=\"https:\/\/brtk.net\/\"\/><a href=\"https:\/\/brtk.net\/\">CTP<\/a> Milletvekili Salahi \u015eahiner ile eski Komite \u00dcyesi <a href=\"https:\/\/brtk.net\/\"\/><a href=\"https:\/\/brtk.net\/\">CTP<\/a> Milletvekili Fikri Toros ve Meclis Genel Sekreteri Seral F\u0131rat da kat\u0131ld\u0131.<\/p>\n<p> TBMM T\u00fcrkiye \u2013 <a href=\"https:\/\/brtk.net\/\"\/><a href=\"https:\/\/brtk.net\/\"\/><a href=\"https:\/\/brtk.net\/\"\/><a href=\"https:\/\/brtk.net\/\"\/><a href=\"https:\/\/brtk.net\/\"\/><a href=\"https:\/\/brtk.net\/\"\/><a href=\"https:\/\/brtk.net\/\">KKTC<\/a> Dostluk Grubu Ba\u015fkan\u0131 Orhan Erdem, komisyonlar aras\u0131nda ziyaretlerin kar\u015f\u0131l\u0131kl\u0131 artarak devam edece\u011fini d\u00fc\u015f\u00fcnd\u00fcklerini s\u00f6yledi.<\/p>\n<p>TBMM\u2019de bir\u00e7ok dostluk grubu oldu\u011funu ancak bunlar\u0131n i\u00e7inde en \u00f6nem verileninin <a href=\"https:\/\/brtk.net\/\"\/><a href=\"https:\/\/brtk.net\/\"\/><a href=\"https:\/\/brtk.net\/\"\/><a href=\"https:\/\/brtk.net\/\"\/><a href=\"https:\/\/brtk.net\/\"\/><a href=\"https:\/\/brtk.net\/\"\/><a href=\"https:\/\/brtk.net\/\">KKTC<\/a> ve Azerbaycan dostluk gruplar\u0131 oldu\u011funu dile getiren Erdem, Meclisteki t\u00fcm partilerin K\u0131br\u0131s konusunda ayn\u0131 fikir birli\u011finde oldu\u011funu belirtti.<\/p>\n<p>Gelecek  hafta Azerbaycan Milli Meclisi\u2019nin olu\u015fturdu\u011fu <a href=\"https:\/\/brtk.net\/\"\/><a href=\"https:\/\/brtk.net\/\"\/><a href=\"https:\/\/brtk.net\/\"\/><a href=\"https:\/\/brtk.net\/\"\/><a href=\"https:\/\/brtk.net\/\"\/><a href=\"https:\/\/brtk.net\/\"\/><a href=\"https:\/\/brtk.net\/\">KKTC<\/a> Dostluk Grubu ile adaya geleceklerini ifade eden Erdem, \u00fc\u00e7 \u00fclkenin dostluk grubunun g\u00fc\u00e7l\u00fc bir mesaj verece\u011fine inand\u0131klar\u0131n\u0131 kaydetti.<\/p>\n<p>Cumhuriyet Meclisi <a href=\"https:\/\/brtk.net\/\"\/><a href=\"https:\/\/brtk.net\/\"\/><a href=\"https:\/\/brtk.net\/\"\/><a href=\"https:\/\/brtk.net\/\"\/><a href=\"https:\/\/brtk.net\/\"\/><a href=\"https:\/\/brtk.net\/\"\/><a href=\"https:\/\/brtk.net\/\">KKTC<\/a>-TC Dostluk Grubu Ba\u015fkan\u0131 Resmiye Ero\u011flu Canaltay da konu\u015fmas\u0131nda TBMM Dostluk Grubu\u2019nun g\u00f6stermi\u015f oldu\u011fu \u00e7abalar nedeniyle \u015fahs\u0131 ve milletvekilleri ad\u0131na te\u015fekk\u00fcr etti.<\/p>\n<p>Azerbaycan\u2019dan dostluk grubunun gelecek hafta <a href=\"https:\/\/brtk.net\/\"\/><a href=\"https:\/\/brtk.net\/\"\/><a href=\"https:\/\/brtk.net\/\"\/><a href=\"https:\/\/brtk.net\/\"\/><a href=\"https:\/\/brtk.net\/\"\/><a href=\"https:\/\/brtk.net\/\"\/><a href=\"https:\/\/brtk.net\/\">KKTC<\/a>\u2019ye yapaca\u011f\u0131 ziyaretin heyecan\u0131n\u0131 ya\u015fad\u0131klar\u0131n\u0131 dile getiren Canaltay, \u00fc\u00e7 \u00fclke meclisinin  bir arada olmas\u0131n\u0131n tarihi bir an olaca\u011f\u0131n\u0131 ifade etti.<\/p>\n<\/p><\/div>\n<p><script async\n                    defer\n                    crossorigin=\"anonymous\"\n                    src=\"https:\/\/connect.facebook.net\/tr_TR\/sdk.js#xfbml=1&#038;version=v3.3\"\n            ><\/script><\/p>\n","protected":false},"excerpt":{"rendered":"<p>Ankara\u2019da temaslarda bulunan Cumhuriyet Meclisi Ekonomi Maliye B\u00fct\u00e7e ve Plan Komitesi, T\u00fcrkiye B\u00fcy\u00fck Millet Meclisi T\u00fcrkiye \u2013 KKTC Dostluk Grubu ile bir araya geldi. Meclisten verilen bilgiye g\u00f6re, Ak Parti Konya Milletvekili Orhan Erdem ba\u015fkanl\u0131\u011f\u0131ndaki Dostluk Grubu\u2019nda Ba\u015fkan Vekili \u0130stanbull Milletvekili \u015eamil Ayr\u0131m, Antalya Milletvekili Kemal \u00c7elik, \u0130stanbul Milletvekili Mustafa Cihan Pa\u00e7ac\u0131, K\u00fctahya Milletvekili Ahmet<\/p>\n","protected":false},"author":1,"featured_media":40891,"comment_status":"open","ping_status":"open","sticky":false,"template":"","format":"standard","meta":{"footnotes":""},"categories":[1],"tags":[],"class_list":["post-40890","post","type-post","status-publish","format-standard","has-post-thumbnail","hentry","category-gundem"],"yoast_head":"<!-- This site is optimized with the Yoast SEO plugin v27.5 - https:\/\/yoast.com\/product\/yoast-seo-wordpress\/ -->\n<title>Meclis heyeti TC-KKTC Dostluk Grubu ile bir araya geldi -<\/title>\n<meta name=\"robots\" content=\"index, follow, max-snippet:-1, max-image-preview:large, max-video-preview:-1\" \/>\n<link rel=\"canonical\" href=\"https:\/\/kibrisdakik.com\/?p=40890\" \/>\n<meta property=\"og:locale\" content=\"tr_TR\" \/>\n<meta property=\"og:type\" content=\"article\" \/>\n<meta property=\"og:title\" content=\"Meclis heyeti TC-KKTC Dostluk Grubu ile bir araya geldi -\" \/>\n<meta property=\"og:description\" content=\"Ankara\u2019da temaslarda bulunan Cumhuriyet Meclisi Ekonomi Maliye B\u00fct\u00e7e ve Plan Komitesi, T\u00fcrkiye B\u00fcy\u00fck Millet Meclisi T\u00fcrkiye \u2013 KKTC Dostluk Grubu ile bir araya geldi. Meclisten verilen bilgiye g\u00f6re, Ak Parti Konya Milletvekili Orhan Erdem ba\u015fkanl\u0131\u011f\u0131ndaki Dostluk Grubu\u2019nda Ba\u015fkan Vekili \u0130stanbull Milletvekili \u015eamil Ayr\u0131m, Antalya Milletvekili Kemal \u00c7elik, \u0130stanbul Milletvekili Mustafa Cihan Pa\u00e7ac\u0131, K\u00fctahya Milletvekili Ahmet\" \/>\n<meta property=\"og:url\" content=\"https:\/\/kibrisdakik.com\/?p=40890\" \/>\n<meta property=\"article:published_time\" content=\"2024-05-09T12:03:11+00:00\" \/>\n<meta property=\"og:image\" content=\"https:\/\/kibrisdakik.com\/wp-content\/uploads\/2024\/05\/meclis-heyeti-dostluk-grubu-3--740x420.jpg\" \/>\n\t<meta property=\"og:image:width\" content=\"1800\" \/>\n\t<meta property=\"og:image:height\" content=\"1200\" \/>\n\t<meta property=\"og:image:type\" content=\"image\/jpeg\" \/>\n<meta name=\"author\" content=\"admin\" \/>\n<meta name=\"twitter:card\" content=\"summary_large_image\" \/>\n<meta name=\"twitter:label1\" content=\"Yazan:\" \/>\n\t<meta name=\"twitter:data1\" content=\"admin\" \/>\n\t<meta name=\"twitter:label2\" content=\"Tahmini okuma s\u00fcresi\" \/>\n\t<meta name=\"twitter:data2\" content=\"2 dakika\" \/>\n<script type=\"application\/ld+json\" class=\"yoast-schema-graph\">{\"@context\":\"https:\\\/\\\/schema.org\",\"@graph\":[{\"@type\":\"Article\",\"@id\":\"https:\\\/\\\/kibrisdakik.com\\\/?p=40890#article\",\"isPartOf\":{\"@id\":\"https:\\\/\\\/kibrisdakik.com\\\/?p=40890\"},\"author\":{\"name\":\"admin\",\"@id\":\"https:\\\/\\\/kibrisdakik.com\\\/#\\\/schema\\\/person\\\/9cd9d437bbb44f72b73ba127e06d8e79\"},\"headline\":\"Meclis heyeti TC-KKTC Dostluk Grubu ile bir araya geldi\",\"datePublished\":\"2024-05-09T12:03:11+00:00\",\"mainEntityOfPage\":{\"@id\":\"https:\\\/\\\/kibrisdakik.com\\\/?p=40890\"},\"wordCount\":329,\"commentCount\":0,\"image\":{\"@id\":\"https:\\\/\\\/kibrisdakik.com\\\/?p=40890#primaryimage\"},\"thumbnailUrl\":\"https:\\\/\\\/kibrisdakik.com\\\/wp-content\\\/uploads\\\/2024\\\/05\\\/meclis-heyeti-dostluk-grubu-3--740x420.jpg\",\"articleSection\":[\"G\u00fcndem\"],\"inLanguage\":\"tr\",\"potentialAction\":[{\"@type\":\"CommentAction\",\"name\":\"Comment\",\"target\":[\"https:\\\/\\\/kibrisdakik.com\\\/?p=40890#respond\"]}]},{\"@type\":\"WebPage\",\"@id\":\"https:\\\/\\\/kibrisdakik.com\\\/?p=40890\",\"url\":\"https:\\\/\\\/kibrisdakik.com\\\/?p=40890\",\"name\":\"Meclis heyeti TC-KKTC Dostluk Grubu ile bir araya geldi -\",\"isPartOf\":{\"@id\":\"https:\\\/\\\/kibrisdakik.com\\\/#website\"},\"primaryImageOfPage\":{\"@id\":\"https:\\\/\\\/kibrisdakik.com\\\/?p=40890#primaryimage\"},\"image\":{\"@id\":\"https:\\\/\\\/kibrisdakik.com\\\/?p=40890#primaryimage\"},\"thumbnailUrl\":\"https:\\\/\\\/kibrisdakik.com\\\/wp-content\\\/uploads\\\/2024\\\/05\\\/meclis-heyeti-dostluk-grubu-3--740x420.jpg\",\"datePublished\":\"2024-05-09T12:03:11+00:00\",\"author\":{\"@id\":\"https:\\\/\\\/kibrisdakik.com\\\/#\\\/schema\\\/person\\\/9cd9d437bbb44f72b73ba127e06d8e79\"},\"breadcrumb\":{\"@id\":\"https:\\\/\\\/kibrisdakik.com\\\/?p=40890#breadcrumb\"},\"inLanguage\":\"tr\",\"potentialAction\":[{\"@type\":\"ReadAction\",\"target\":[\"https:\\\/\\\/kibrisdakik.com\\\/?p=40890\"]}]},{\"@type\":\"ImageObject\",\"inLanguage\":\"tr\",\"@id\":\"https:\\\/\\\/kibrisdakik.com\\\/?p=40890#primaryimage\",\"url\":\"https:\\\/\\\/kibrisdakik.com\\\/wp-content\\\/uploads\\\/2024\\\/05\\\/meclis-heyeti-dostluk-grubu-3--740x420.jpg\",\"contentUrl\":\"https:\\\/\\\/kibrisdakik.com\\\/wp-content\\\/uploads\\\/2024\\\/05\\\/meclis-heyeti-dostluk-grubu-3--740x420.jpg\",\"width\":1800,\"height\":1200},{\"@type\":\"BreadcrumbList\",\"@id\":\"https:\\\/\\\/kibrisdakik.com\\\/?p=40890#breadcrumb\",\"itemListElement\":[{\"@type\":\"ListItem\",\"position\":1,\"name\":\"Home\",\"item\":\"https:\\\/\\\/kibrisdakik.com\\\/\"},{\"@type\":\"ListItem\",\"position\":2,\"name\":\"Meclis heyeti TC-KKTC Dostluk Grubu ile bir araya geldi\"}]},{\"@type\":\"WebSite\",\"@id\":\"https:\\\/\\\/kibrisdakik.com\\\/#website\",\"url\":\"https:\\\/\\\/kibrisdakik.com\\\/\",\"name\":\"\",\"description\":\"Tam vaktinde haber\",\"potentialAction\":[{\"@type\":\"SearchAction\",\"target\":{\"@type\":\"EntryPoint\",\"urlTemplate\":\"https:\\\/\\\/kibrisdakik.com\\\/?s={search_term_string}\"},\"query-input\":{\"@type\":\"PropertyValueSpecification\",\"valueRequired\":true,\"valueName\":\"search_term_string\"}}],\"inLanguage\":\"tr\"},{\"@type\":\"Person\",\"@id\":\"https:\\\/\\\/kibrisdakik.com\\\/#\\\/schema\\\/person\\\/9cd9d437bbb44f72b73ba127e06d8e79\",\"name\":\"admin\",\"image\":{\"@type\":\"ImageObject\",\"inLanguage\":\"tr\",\"@id\":\"https:\\\/\\\/secure.gravatar.com\\\/avatar\\\/ccc17943b9d660506c869530f897617f7cb1c21a4bf30023f252596d83e1f007?s=96&d=mm&r=g\",\"url\":\"https:\\\/\\\/secure.gravatar.com\\\/avatar\\\/ccc17943b9d660506c869530f897617f7cb1c21a4bf30023f252596d83e1f007?s=96&d=mm&r=g\",\"contentUrl\":\"https:\\\/\\\/secure.gravatar.com\\\/avatar\\\/ccc17943b9d660506c869530f897617f7cb1c21a4bf30023f252596d83e1f007?s=96&d=mm&r=g\",\"caption\":\"admin\"},\"sameAs\":[\"https:\\\/\\\/kibrisdakik.com\"],\"url\":\"https:\\\/\\\/kibrisdakik.com\\\/?author=1\"}]}<\/script>\n<!-- \/ Yoast SEO plugin. -->","yoast_head_json":{"title":"Meclis heyeti TC-KKTC Dostluk Grubu ile bir araya geldi -","robots":{"index":"index","follow":"follow","max-snippet":"max-snippet:-1","max-image-preview":"max-image-preview:large","max-video-preview":"max-video-preview:-1"},"canonical":"https:\/\/kibrisdakik.com\/?p=40890","og_locale":"tr_TR","og_type":"article","og_title":"Meclis heyeti TC-KKTC Dostluk Grubu ile bir araya geldi -","og_description":"Ankara\u2019da temaslarda bulunan Cumhuriyet Meclisi Ekonomi Maliye B\u00fct\u00e7e ve Plan Komitesi, T\u00fcrkiye B\u00fcy\u00fck Millet Meclisi T\u00fcrkiye \u2013 KKTC Dostluk Grubu ile bir araya geldi. Meclisten verilen bilgiye g\u00f6re, Ak Parti Konya Milletvekili Orhan Erdem ba\u015fkanl\u0131\u011f\u0131ndaki Dostluk Grubu\u2019nda Ba\u015fkan Vekili \u0130stanbull Milletvekili \u015eamil Ayr\u0131m, Antalya Milletvekili Kemal \u00c7elik, \u0130stanbul Milletvekili Mustafa Cihan Pa\u00e7ac\u0131, K\u00fctahya Milletvekili Ahmet","og_url":"https:\/\/kibrisdakik.com\/?p=40890","article_published_time":"2024-05-09T12:03:11+00:00","og_image":[{"width":1800,"height":1200,"url":"https:\/\/kibrisdakik.com\/wp-content\/uploads\/2024\/05\/meclis-heyeti-dostluk-grubu-3--740x420.jpg","type":"image\/jpeg"}],"author":"admin","twitter_card":"summary_large_image","twitter_misc":{"Yazan:":"admin","Tahmini okuma s\u00fcresi":"2 dakika"},"schema":{"@context":"https:\/\/schema.org","@graph":[{"@type":"Article","@id":"https:\/\/kibrisdakik.com\/?p=40890#article","isPartOf":{"@id":"https:\/\/kibrisdakik.com\/?p=40890"},"author":{"name":"admin","@id":"https:\/\/kibrisdakik.com\/#\/schema\/person\/9cd9d437bbb44f72b73ba127e06d8e79"},"headline":"Meclis heyeti TC-KKTC Dostluk Grubu ile bir araya geldi","datePublished":"2024-05-09T12:03:11+00:00","mainEntityOfPage":{"@id":"https:\/\/kibrisdakik.com\/?p=40890"},"wordCount":329,"commentCount":0,"image":{"@id":"https:\/\/kibrisdakik.com\/?p=40890#primaryimage"},"thumbnailUrl":"https:\/\/kibrisdakik.com\/wp-content\/uploads\/2024\/05\/meclis-heyeti-dostluk-grubu-3--740x420.jpg","articleSection":["G\u00fcndem"],"inLanguage":"tr","potentialAction":[{"@type":"CommentAction","name":"Comment","target":["https:\/\/kibrisdakik.com\/?p=40890#respond"]}]},{"@type":"WebPage","@id":"https:\/\/kibrisdakik.com\/?p=40890","url":"https:\/\/kibrisdakik.com\/?p=40890","name":"Meclis heyeti TC-KKTC Dostluk Grubu ile bir araya geldi -","isPartOf":{"@id":"https:\/\/kibrisdakik.com\/#website"},"primaryImageOfPage":{"@id":"https:\/\/kibrisdakik.com\/?p=40890#primaryimage"},"image":{"@id":"https:\/\/kibrisdakik.com\/?p=40890#primaryimage"},"thumbnailUrl":"https:\/\/kibrisdakik.com\/wp-content\/uploads\/2024\/05\/meclis-heyeti-dostluk-grubu-3--740x420.jpg","datePublished":"2024-05-09T12:03:11+00:00","author":{"@id":"https:\/\/kibrisdakik.com\/#\/schema\/person\/9cd9d437bbb44f72b73ba127e06d8e79"},"breadcrumb":{"@id":"https:\/\/kibrisdakik.com\/?p=40890#breadcrumb"},"inLanguage":"tr","potentialAction":[{"@type":"ReadAction","target":["https:\/\/kibrisdakik.com\/?p=40890"]}]},{"@type":"ImageObject","inLanguage":"tr","@id":"https:\/\/kibrisdakik.com\/?p=40890#primaryimage","url":"https:\/\/kibrisdakik.com\/wp-content\/uploads\/2024\/05\/meclis-heyeti-dostluk-grubu-3--740x420.jpg","contentUrl":"https:\/\/kibrisdakik.com\/wp-content\/uploads\/2024\/05\/meclis-heyeti-dostluk-grubu-3--740x420.jpg","width":1800,"height":1200},{"@type":"BreadcrumbList","@id":"https:\/\/kibrisdakik.com\/?p=40890#breadcrumb","itemListElement":[{"@type":"ListItem","position":1,"name":"Home","item":"https:\/\/kibrisdakik.com\/"},{"@type":"ListItem","position":2,"name":"Meclis heyeti TC-KKTC Dostluk Grubu ile bir araya geldi"}]},{"@type":"WebSite","@id":"https:\/\/kibrisdakik.com\/#website","url":"https:\/\/kibrisdakik.com\/","name":"","description":"Tam vaktinde haber","potentialAction":[{"@type":"SearchAction","target":{"@type":"EntryPoint","urlTemplate":"https:\/\/kibrisdakik.com\/?s={search_term_string}"},"query-input":{"@type":"PropertyValueSpecification","valueRequired":true,"valueName":"search_term_string"}}],"inLanguage":"tr"},{"@type":"Person","@id":"https:\/\/kibrisdakik.com\/#\/schema\/person\/9cd9d437bbb44f72b73ba127e06d8e79","name":"admin","image":{"@type":"ImageObject","inLanguage":"tr","@id":"https:\/\/secure.gravatar.com\/avatar\/ccc17943b9d660506c869530f897617f7cb1c21a4bf30023f252596d83e1f007?s=96&d=mm&r=g","url":"https:\/\/secure.gravatar.com\/avatar\/ccc17943b9d660506c869530f897617f7cb1c21a4bf30023f252596d83e1f007?s=96&d=mm&r=g","contentUrl":"https:\/\/secure.gravatar.com\/avatar\/ccc17943b9d660506c869530f897617f7cb1c21a4bf30023f252596d83e1f007?s=96&d=mm&r=g","caption":"admin"},"sameAs":["https:\/\/kibrisdakik.com"],"url":"https:\/\/kibrisdakik.com\/?author=1"}]}},"_links":{"self":[{"href":"https:\/\/kibrisdakik.com\/index.php?rest_route=\/wp\/v2\/posts\/40890","targetHints":{"allow":["GET"]}}],"collection":[{"href":"https:\/\/kibrisdakik.com\/index.php?rest_route=\/wp\/v2\/posts"}],"about":[{"href":"https:\/\/kibrisdakik.com\/index.php?rest_route=\/wp\/v2\/types\/post"}],"author":[{"embeddable":true,"href":"https:\/\/kibrisdakik.com\/index.php?rest_route=\/wp\/v2\/users\/1"}],"replies":[{"embeddable":true,"href":"https:\/\/kibrisdakik.com\/index.php?rest_route=%2Fwp%2Fv2%2Fcomments&post=40890"}],"version-history":[{"count":0,"href":"https:\/\/kibrisdakik.com\/index.php?rest_route=\/wp\/v2\/posts\/40890\/revisions"}],"wp:featuredmedia":[{"embeddable":true,"href":"https:\/\/kibrisdakik.com\/index.php?rest_route=\/wp\/v2\/media\/40891"}],"wp:attachment":[{"href":"https:\/\/kibrisdakik.com\/index.php?rest_route=%2Fwp%2Fv2%2Fmedia&parent=40890"}],"wp:term":[{"taxonomy":"category","embeddable":true,"href":"https:\/\/kibrisdakik.com\/index.php?rest_route=%2Fwp%2Fv2%2Fcategories&post=40890"},{"taxonomy":"post_tag","embeddable":true,"href":"https:\/\/kibrisdakik.com\/index.php?rest_route=%2Fwp%2Fv2%2Ftags&post=40890"}],"curies":[{"name":"wp","href":"https:\/\/api.w.org\/{rel}","templated":true}]}}