{"id":40907,"date":"2024-05-09T14:04:30","date_gmt":"2024-05-09T14:04:30","guid":{"rendered":"https:\/\/kibrisdakik.com\/index.php\/2024\/05\/09\/engelsiz-yasam-evinde-fidan-dikimi-etkinligi-fidanlara-ozel-gereksinimli-genclerin-adi-verildi\/"},"modified":"2024-05-09T14:04:30","modified_gmt":"2024-05-09T14:04:30","slug":"engelsiz-yasam-evinde-fidan-dikimi-etkinligi-fidanlara-ozel-gereksinimli-genclerin-adi-verildi","status":"publish","type":"post","link":"https:\/\/kibrisdakik.com\/?p=40907","title":{"rendered":"Engelsiz Ya\u015fam Evi\u2019nde fidan dikimi etkinli\u011fi\u2026 Fidanlara \u00f6zel gereksinimli gen\u00e7lerin ad\u0131 verildi"},"content":{"rendered":"<p><\/p>\n<div>\n<div class=\"mariselle-image-container center\">\n                <img loading=\"lazy\" decoding=\"async\" width=\"1600\" height=\"1324\" class=\"lazy-image\" alt=\"\" sizes=\"auto, (max-width: 1600px) 100vw, 1600px\" src=\"https:\/\/brtk.net\/wp-content\/uploads\/2024\/05\/09\/qgpowgq.jpeg?ver=1a59ce6eab6ae6c7873990359b9f35d4\" srcset=\"https:\/\/brtk.net\/wp-content\/uploads\/2024\/05\/09\/qgpowgq.jpeg?ver=1a59ce6eab6ae6c7873990359b9f35d4 1600w, https:\/\/brtk.net\/wp-content\/uploads\/2024\/05\/09\/qgpowgq-300x248.jpeg?ver=1a59ce6eab6ae6c7873990359b9f35d4 300w, https:\/\/brtk.net\/wp-content\/uploads\/2024\/05\/09\/qgpowgq-1024x847.jpeg?ver=de5701e162faf01f99ac17691c1ef3f8 1024w, https:\/\/brtk.net\/wp-content\/uploads\/2024\/05\/09\/qgpowgq-768x636.jpeg?ver=de5701e162faf01f99ac17691c1ef3f8 768w, https:\/\/brtk.net\/wp-content\/uploads\/2024\/05\/09\/qgpowgq-1536x1271.jpeg?ver=cfaf45bb840f90cb91b95f65ba6af836 1536w\"\/>                            <\/div>\n<p> 10-16 May\u0131s Engelliler Haftas\u0131 kapsam\u0131nda, \u201cBenim de bir a\u011fac\u0131m var, engelsiz ya\u015fama k\u00f6k sal\u0131yoruz\u201d slogan\u0131yla, Demirhan\u2019daki Engelsiz Ya\u015fam Evi\u2019nde fidan dikimi etkinli\u011fi yap\u0131ld\u0131. <\/p>\n<p>D\u00fczenlenen t\u00f6rende konu\u015fmalar yap\u0131ld\u0131; ard\u0131ndan gen\u00e7lerin kat\u0131l\u0131m\u0131yla fidanlar dikildi. Dikilen fidanlara \u00f6zel gereksinimli gen\u00e7lerin isimleri verildi. <\/p>\n<p>Etkinli\u011fe \u00c7al\u0131\u015fma ve Sosyal G\u00fcvenlik Bakan\u0131 Sad\u0131k Gardiyano\u011flu, De\u011firmenlik- Ak\u0131nc\u0131lar Belediye Ba\u015fkan\u0131 Ali Karavezirler, Sosyal Hizmetler Dairesi M\u00fcd\u00fcr\u00fc Alev Ecevit, Planlama \u0130n\u015faat Dairesi M\u00fcd\u00fcr\u00fc O\u011fuz Ak\u00e7ay, Engelsiz Ya\u015fam Evi Projesi Mimar\u0131 Tun\u00e7 Adan\u0131r ile Sosyal Hizmetler Dairesi\u2019ne ba\u011fl\u0131 18 ya\u015f \u00fcst\u00fc rehabilitasyon merkezine devam eden \u00f6zel gereksinimli gen\u00e7ler kat\u0131ld\u0131.<\/p>\n<p>Bakanl\u0131ktan verilen bilgiye g\u00f6re, 2014 y\u0131l\u0131nda temeli at\u0131lan ve 2020 y\u0131l\u0131nda in\u015faat\u0131 tamamlanan Engelsiz Ya\u015fam Evi, <a href=\"https:\/\/brtk.net\/\">KKTC<\/a>\u2019de engelli bireylere 7\/24 yat\u0131l\u0131 hizmet verecek ilk tesis olma \u00f6zelli\u011fini ta\u015f\u0131yor.<\/p>\n<p>-120 i\u015f g\u00fcn\u00fc i\u00e7inde tamamlanacak<\/p>\n<p>10 y\u0131ld\u0131r faaliyete ge\u00e7emeyen tesis, 19 Nisan 2024 tarihinde \u00c7al\u0131\u015fma ve Sosyal G\u00fcvenlik Bakanl\u0131\u011f\u0131 ile Cemar Construction aras\u0131nda imzalanan \u201cEngelsiz Ya\u015fam Evi Tamir ve Tadilat Yap\u0131m Projesi\u2019\u2019 \u00e7er\u00e7evesinde 120 i\u015f g\u00fcn\u00fc i\u00e7inde tamamlanacak.<\/p>\n<p>Proje tamamland\u0131ktan sonra, Engelsiz Ya\u015fam Evi, 116 engelliye rehabilitasyon ve 28 engelliye tam zamanl\u0131 bak\u0131m verecek.<\/p>\n<p>-Ak\u00e7ay<\/p>\n<p>Etkinlikte konu\u015fan Planlama \u0130n\u015faat Dairesi M\u00fcd\u00fcr\u00fc O\u011fuz Ak\u00e7ay, iki etap olarak tamamlanan binan\u0131n \u015fu anki ihaleyle, a\u011fustos ay\u0131 ortalar\u0131nda \u00c7al\u0131\u015fma ve Sosyal G\u00fcvenlik Bakanl\u0131\u011f\u0131\u2019na teslim edilmesinin planland\u0131\u011f\u0131n\u0131 s\u00f6yledi.<\/p>\n<p>-Adan\u0131r<\/p>\n<p>Proje mimar\u0131 Tun\u00e7 Adan\u0131r konu\u015fmas\u0131nda, bu kadar uzun olmamas\u0131 gereken bir s\u00fcrecin ard\u0131ndan \u00c7al\u0131\u015fma ve Sosyal G\u00fcvenlik Bakan\u0131 Sad\u0131k Gardiyano\u011flu\u2019nun g\u00f6reve geldi\u011fi andan itibaren binan\u0131n bir an \u00f6nce tamamlanmas\u0131 ve a\u00e7\u0131lmas\u0131 i\u00e7in \u00e7ok \u00e7al\u0131\u015fmalar yapt\u0131\u011f\u0131n\u0131 ifade etti.<\/p>\n<p>Adan\u0131r, \u201cBizi de bu konuda s\u0131ras\u0131nda bask\u0131lad\u0131 diyebilirim. Biz s\u00fcrecin ba\u015f\u0131ndan beri devletimize bu projeyi g\u00f6n\u00fcll\u00fcl\u00fck esas\u0131 ile haz\u0131rlarken, esas kullan\u0131c\u0131 olan engelli bireylerin bu binaya ta\u015f\u0131nmas\u0131 ve bir an \u00f6nce bu binada gerekti\u011fi gibi hizmet ve e\u011fitim almas\u0131 i\u00e7in bug\u00fcn yap\u0131lacak olanlara umutla bak\u0131yorum.\u201d dedi.<\/p>\n<p>-Karavezirler<\/p>\n<p>De\u011firmenlik- Ak\u0131nc\u0131lar Belediye Ba\u015fkan\u0131 Ali Karavezirler de, \u2018\u2018B\u00f6lgemizde bulunan, engelli bireyleri engelsiz ya\u015famla bulu\u015fturacak ya\u015fam evinin en k\u0131sa s\u00fcrede a\u00e7\u0131lmas\u0131 i\u00e7in, belediye olarak \u00e7evre temizli\u011fi olmak \u00fczere her konuda her t\u00fcrl\u00fc katk\u0131y\u0131 yapmaya haz\u0131r\u0131z. \u00d6zelde belediyemiz, genelde \u00fclke i\u00e7in hay\u0131rl\u0131 olsun\u2019\u2019 ifadelerini kulland\u0131.<\/p>\n<p>-Gardiyano\u011flu<\/p>\n<p>\u00c7al\u0131\u015fma ve Sosyal G\u00fcvenlik Bakan\u0131 Sad\u0131k Gardiyano\u011flu ise konu\u015fmas\u0131nda, 2014 y\u0131l\u0131nda temeli at\u0131lan merkezin 2020\u2019de tamamland\u0131\u011f\u0131n\u0131 ifade etti.<\/p>\n<p>Merkezde talihsiz bir h\u0131rs\u0131zl\u0131k olay\u0131 ya\u015fand\u0131\u011f\u0131n\u0131 ve merkezin hem mekanik hem de te\u00e7hizat a\u00e7\u0131s\u0131ndan milyonlarca liral\u0131k hasara u\u011frad\u0131\u011f\u0131n\u0131 an\u0131msatan Gardiyano\u011flu , bu s\u00fcre\u00e7te \u015fartnamelerin ve ke\u015fif bedellerini  s\u00fcrekli de\u011fi\u015ftirmek zorunda kald\u0131klar\u0131n\u0131 kaydetti. <\/p>\n<p>Bu zorlu s\u00fcre\u00e7te \u00e7ok ciddi katk\u0131lar koyan Planlama \u0130n\u015faat Dairesi M\u00fcd\u00fcr\u00fc O\u011fuz Ak\u00e7ay ile Proje Mimar\u0131 Tun\u00e7 Adan\u0131r\u2019a te\u015fekk\u00fcr eden Gardiyano\u011flu, en sonunda ihaleye \u00e7\u0131k\u0131ld\u0131\u011f\u0131n\u0131 ve ihaleye kat\u0131lan d\u00f6rt firmadan Cemar Construction\u2019n\u0131n ihaleyi kazand\u0131\u011f\u0131n\u0131 s\u00f6yledi.<\/p>\n<p>G\u00f6reve geldi\u011fi g\u00fcnden beri tesise \u00e7evre temizli\u011fi konusunda b\u00fcy\u00fck destek veren De\u011firmenlik Ak\u0131nc\u0131lar Belediye Ba\u015fkan\u0131 Ali Karavezirler\u2019e de te\u015fekk\u00fcr eden Gardiyano\u011flu, \u015f\u00f6yle konu\u015ftu:<\/p>\n<p>\u201cBug\u00fcn buran\u0131n ger\u00e7ek sahipleri olan \u00f6zel gereksinimli gen\u00e7lerimizle tesisin bah\u00e7esine 150 a\u011fa\u00e7 dikimi ger\u00e7ekle\u015ftirece\u011fiz. Tar\u0131m Bakanl\u0131\u011f\u0131 ve Orman Dairesi\u2019ne de fidan ba\u011f\u0131\u015flar\u0131ndan dolay\u0131 \u00e7ok te\u015fekk\u00fcr ediyorum. Yerel ve merkezi y\u00f6netimin i\u015f birli\u011fiyle in\u015fallah en k\u0131sa s\u00fcrede buray\u0131 ger\u00e7ek sahipleriyle bulu\u015fturaca\u011f\u0131z.\u201d<\/p>\n<p>\u0130lk ad\u0131m olarak Engelsiz Ya\u015fam Evi\u2019nin ihalesini sonu\u00e7land\u0131rd\u0131klar\u0131n\u0131 belirten Gardiyano\u011flu, ikinci ad\u0131mda ise tesiste \u00e7al\u0131\u015facak personelin kadrosunun olu\u015fturulmas\u0131 i\u00e7in Sosyal Hizmetler Dairesi taraf\u0131ndan hummal\u0131 bir \u00e7al\u0131\u015fma y\u00fcr\u00fct\u00fcld\u00fc\u011f\u00fcn\u00fc kaydetti. Gardiyano\u011flu, Engelsiz Ya\u015fam Evi\u2019nin ihale bedelini finanse eden Merkez Bankas\u0131 yetkililerine desteklerinden dolay\u0131 te\u015fekk\u00fcr etti.<\/p>\n<div class=\"mariselle-image-container center\">\n                <img loading=\"lazy\" decoding=\"async\" width=\"1600\" height=\"1068\" class=\"lazy-image\" alt=\"\" sizes=\"auto, (max-width: 1600px) 100vw, 1600px\" src=\"https:\/\/brtk.net\/wp-content\/uploads\/2024\/05\/09\/sslkdsa.jpeg?ver=2e28320159936ef06fd86ba61545071c\" srcset=\"https:\/\/brtk.net\/wp-content\/uploads\/2024\/05\/09\/sslkdsa.jpeg?ver=2e28320159936ef06fd86ba61545071c 1600w, https:\/\/brtk.net\/wp-content\/uploads\/2024\/05\/09\/sslkdsa-300x200.jpeg?ver=70f91f70bee0fd8c894d133d65df8595 300w, https:\/\/brtk.net\/wp-content\/uploads\/2024\/05\/09\/sslkdsa-1024x684.jpeg?ver=fcd4b5db8d018d90b20845c92684581c 1024w, https:\/\/brtk.net\/wp-content\/uploads\/2024\/05\/09\/sslkdsa-768x513.jpeg?ver=fcd4b5db8d018d90b20845c92684581c 768w, https:\/\/brtk.net\/wp-content\/uploads\/2024\/05\/09\/sslkdsa-1536x1025.jpeg?ver=75a8c1abf0262be3ef6e751d595e8d2e 1536w\"\/>                            <\/div>\n<p>Gardiyano\u011flu, haziran ay\u0131nda, Merkez Bankas\u0131 finansman\u0131nda, G\u00fcne\u015fk\u00f6y 18 Ya\u015f \u00dcst\u00fc Rehabilitasyon Merkezi\u2019nin de tadilat i\u00e7in ihale \u00e7\u0131kaca\u011f\u0131n\u0131 a\u00e7\u0131klayarak, \u201c2024 y\u0131l\u0131n\u0131 Sosyal Hizmet Y\u0131l\u0131 ilan ettik. Bu ama\u00e7 do\u011frultusunda t\u00fcm gayretimizle \u00e7al\u0131\u015f\u0131yoruz. Yenierenk\u00f6y b\u00f6lgesinde 18 ya\u015f \u00fcst\u00fc rehabilitasyon merkezi ve huzurevi projesi i\u00e7in de \u00e7al\u0131\u015fmalara ba\u015flad\u0131k\u201d \u015feklinde konu\u015ftu. <\/p>\n<p>Gardiyano\u011flu konu\u015fmas\u0131n\u0131n sonunda Planlama \u0130n\u015faat Dairesi M\u00fcd\u00fcr\u00fc O\u011fuz Ak\u00e7ay\u2019a, Proje Mimar\u0131 Tun\u00e7 Adan\u0131r\u2019a ve De\u011firmenlik- Ak\u0131nc\u0131lar Belediye Ba\u015fkan\u0131 Ali Karavezirler katk\u0131lar\u0131ndan dolay\u0131 te\u015fekk\u00fcr plaketi takdim etti.<\/p>\n<p>-Fidanlara gen\u00e7lerin ad\u0131 verildi<\/p>\n<p>Daha sonra merkez bah\u00e7esine \u00f6zel gereksinimli gen\u00e7ler taraf\u0131ndan fidan dikildi. Etkinlikte dikilen her a\u011faca Sosyal Hizmetler Dairesi\u2019ne ba\u011fl\u0131 18 ya\u015f \u00fcst\u00fc rehabilitasyon merkezine devam eden \u00f6zel gereksinimli gen\u00e7lerin ad\u0131 verildi.<\/p>\n<\/p><\/div>\n<p><script async\n                    defer\n                    crossorigin=\"anonymous\"\n                    src=\"https:\/\/connect.facebook.net\/tr_TR\/sdk.js#xfbml=1&#038;version=v3.3\"\n            ><\/script><\/p>\n","protected":false},"excerpt":{"rendered":"<p>10-16 May\u0131s Engelliler Haftas\u0131 kapsam\u0131nda, \u201cBenim de bir a\u011fac\u0131m var, engelsiz ya\u015fama k\u00f6k sal\u0131yoruz\u201d slogan\u0131yla, Demirhan\u2019daki Engelsiz Ya\u015fam Evi\u2019nde fidan dikimi etkinli\u011fi yap\u0131ld\u0131. D\u00fczenlenen t\u00f6rende konu\u015fmalar yap\u0131ld\u0131; ard\u0131ndan gen\u00e7lerin kat\u0131l\u0131m\u0131yla fidanlar dikildi. Dikilen fidanlara \u00f6zel gereksinimli gen\u00e7lerin isimleri verildi. Etkinli\u011fe \u00c7al\u0131\u015fma ve Sosyal G\u00fcvenlik Bakan\u0131 Sad\u0131k Gardiyano\u011flu, De\u011firmenlik- Ak\u0131nc\u0131lar Belediye Ba\u015fkan\u0131 Ali Karavezirler, Sosyal Hizmetler<\/p>\n","protected":false},"author":1,"featured_media":40908,"comment_status":"open","ping_status":"open","sticky":false,"template":"","format":"standard","meta":{"footnotes":""},"categories":[1],"tags":[],"class_list":["post-40907","post","type-post","status-publish","format-standard","has-post-thumbnail","hentry","category-gundem"],"yoast_head":"<!-- This site is optimized with the Yoast SEO plugin v27.5 - https:\/\/yoast.com\/product\/yoast-seo-wordpress\/ -->\n<title>Engelsiz Ya\u015fam Evi\u2019nde fidan dikimi etkinli\u011fi\u2026 Fidanlara \u00f6zel gereksinimli gen\u00e7lerin ad\u0131 verildi -<\/title>\n<meta name=\"robots\" content=\"index, follow, max-snippet:-1, max-image-preview:large, max-video-preview:-1\" \/>\n<link rel=\"canonical\" href=\"https:\/\/kibrisdakik.com\/?p=40907\" \/>\n<meta property=\"og:locale\" content=\"tr_TR\" \/>\n<meta property=\"og:type\" content=\"article\" \/>\n<meta property=\"og:title\" content=\"Engelsiz Ya\u015fam Evi\u2019nde fidan dikimi etkinli\u011fi\u2026 Fidanlara \u00f6zel gereksinimli gen\u00e7lerin ad\u0131 verildi -\" \/>\n<meta property=\"og:description\" content=\"10-16 May\u0131s Engelliler Haftas\u0131 kapsam\u0131nda, \u201cBenim de bir a\u011fac\u0131m var, engelsiz ya\u015fama k\u00f6k sal\u0131yoruz\u201d slogan\u0131yla, Demirhan\u2019daki Engelsiz Ya\u015fam Evi\u2019nde fidan dikimi etkinli\u011fi yap\u0131ld\u0131. D\u00fczenlenen t\u00f6rende konu\u015fmalar yap\u0131ld\u0131; ard\u0131ndan gen\u00e7lerin kat\u0131l\u0131m\u0131yla fidanlar dikildi. Dikilen fidanlara \u00f6zel gereksinimli gen\u00e7lerin isimleri verildi. Etkinli\u011fe \u00c7al\u0131\u015fma ve Sosyal G\u00fcvenlik Bakan\u0131 Sad\u0131k Gardiyano\u011flu, De\u011firmenlik- Ak\u0131nc\u0131lar Belediye Ba\u015fkan\u0131 Ali Karavezirler, Sosyal Hizmetler\" \/>\n<meta property=\"og:url\" content=\"https:\/\/kibrisdakik.com\/?p=40907\" \/>\n<meta property=\"article:published_time\" content=\"2024-05-09T14:04:30+00:00\" \/>\n<meta property=\"og:image\" content=\"https:\/\/kibrisdakik.com\/wp-content\/uploads\/2024\/05\/sslkdsa-740x420.jpeg\" \/>\n\t<meta property=\"og:image:width\" content=\"1600\" \/>\n\t<meta property=\"og:image:height\" content=\"1068\" \/>\n\t<meta property=\"og:image:type\" content=\"image\/jpeg\" \/>\n<meta name=\"author\" content=\"admin\" \/>\n<meta name=\"twitter:card\" content=\"summary_large_image\" \/>\n<meta name=\"twitter:label1\" content=\"Yazan:\" \/>\n\t<meta name=\"twitter:data1\" content=\"admin\" \/>\n\t<meta name=\"twitter:label2\" content=\"Tahmini okuma s\u00fcresi\" \/>\n\t<meta name=\"twitter:data2\" content=\"5 dakika\" \/>\n<script type=\"application\/ld+json\" class=\"yoast-schema-graph\">{\"@context\":\"https:\\\/\\\/schema.org\",\"@graph\":[{\"@type\":\"Article\",\"@id\":\"https:\\\/\\\/kibrisdakik.com\\\/?p=40907#article\",\"isPartOf\":{\"@id\":\"https:\\\/\\\/kibrisdakik.com\\\/?p=40907\"},\"author\":{\"name\":\"admin\",\"@id\":\"https:\\\/\\\/kibrisdakik.com\\\/#\\\/schema\\\/person\\\/9cd9d437bbb44f72b73ba127e06d8e79\"},\"headline\":\"Engelsiz Ya\u015fam Evi\u2019nde fidan dikimi etkinli\u011fi\u2026 Fidanlara \u00f6zel gereksinimli gen\u00e7lerin ad\u0131 verildi\",\"datePublished\":\"2024-05-09T14:04:30+00:00\",\"mainEntityOfPage\":{\"@id\":\"https:\\\/\\\/kibrisdakik.com\\\/?p=40907\"},\"wordCount\":935,\"commentCount\":0,\"image\":{\"@id\":\"https:\\\/\\\/kibrisdakik.com\\\/?p=40907#primaryimage\"},\"thumbnailUrl\":\"https:\\\/\\\/kibrisdakik.com\\\/wp-content\\\/uploads\\\/2024\\\/05\\\/sslkdsa-740x420.jpeg\",\"articleSection\":[\"G\u00fcndem\"],\"inLanguage\":\"tr\",\"potentialAction\":[{\"@type\":\"CommentAction\",\"name\":\"Comment\",\"target\":[\"https:\\\/\\\/kibrisdakik.com\\\/?p=40907#respond\"]}]},{\"@type\":\"WebPage\",\"@id\":\"https:\\\/\\\/kibrisdakik.com\\\/?p=40907\",\"url\":\"https:\\\/\\\/kibrisdakik.com\\\/?p=40907\",\"name\":\"Engelsiz Ya\u015fam Evi\u2019nde fidan dikimi etkinli\u011fi\u2026 Fidanlara \u00f6zel gereksinimli gen\u00e7lerin ad\u0131 verildi -\",\"isPartOf\":{\"@id\":\"https:\\\/\\\/kibrisdakik.com\\\/#website\"},\"primaryImageOfPage\":{\"@id\":\"https:\\\/\\\/kibrisdakik.com\\\/?p=40907#primaryimage\"},\"image\":{\"@id\":\"https:\\\/\\\/kibrisdakik.com\\\/?p=40907#primaryimage\"},\"thumbnailUrl\":\"https:\\\/\\\/kibrisdakik.com\\\/wp-content\\\/uploads\\\/2024\\\/05\\\/sslkdsa-740x420.jpeg\",\"datePublished\":\"2024-05-09T14:04:30+00:00\",\"author\":{\"@id\":\"https:\\\/\\\/kibrisdakik.com\\\/#\\\/schema\\\/person\\\/9cd9d437bbb44f72b73ba127e06d8e79\"},\"breadcrumb\":{\"@id\":\"https:\\\/\\\/kibrisdakik.com\\\/?p=40907#breadcrumb\"},\"inLanguage\":\"tr\",\"potentialAction\":[{\"@type\":\"ReadAction\",\"target\":[\"https:\\\/\\\/kibrisdakik.com\\\/?p=40907\"]}]},{\"@type\":\"ImageObject\",\"inLanguage\":\"tr\",\"@id\":\"https:\\\/\\\/kibrisdakik.com\\\/?p=40907#primaryimage\",\"url\":\"https:\\\/\\\/kibrisdakik.com\\\/wp-content\\\/uploads\\\/2024\\\/05\\\/sslkdsa-740x420.jpeg\",\"contentUrl\":\"https:\\\/\\\/kibrisdakik.com\\\/wp-content\\\/uploads\\\/2024\\\/05\\\/sslkdsa-740x420.jpeg\",\"width\":1600,\"height\":1068},{\"@type\":\"BreadcrumbList\",\"@id\":\"https:\\\/\\\/kibrisdakik.com\\\/?p=40907#breadcrumb\",\"itemListElement\":[{\"@type\":\"ListItem\",\"position\":1,\"name\":\"Home\",\"item\":\"https:\\\/\\\/kibrisdakik.com\\\/\"},{\"@type\":\"ListItem\",\"position\":2,\"name\":\"Engelsiz Ya\u015fam Evi\u2019nde fidan dikimi etkinli\u011fi\u2026 Fidanlara \u00f6zel gereksinimli gen\u00e7lerin ad\u0131 verildi\"}]},{\"@type\":\"WebSite\",\"@id\":\"https:\\\/\\\/kibrisdakik.com\\\/#website\",\"url\":\"https:\\\/\\\/kibrisdakik.com\\\/\",\"name\":\"\",\"description\":\"Tam vaktinde haber\",\"potentialAction\":[{\"@type\":\"SearchAction\",\"target\":{\"@type\":\"EntryPoint\",\"urlTemplate\":\"https:\\\/\\\/kibrisdakik.com\\\/?s={search_term_string}\"},\"query-input\":{\"@type\":\"PropertyValueSpecification\",\"valueRequired\":true,\"valueName\":\"search_term_string\"}}],\"inLanguage\":\"tr\"},{\"@type\":\"Person\",\"@id\":\"https:\\\/\\\/kibrisdakik.com\\\/#\\\/schema\\\/person\\\/9cd9d437bbb44f72b73ba127e06d8e79\",\"name\":\"admin\",\"image\":{\"@type\":\"ImageObject\",\"inLanguage\":\"tr\",\"@id\":\"https:\\\/\\\/secure.gravatar.com\\\/avatar\\\/ccc17943b9d660506c869530f897617f7cb1c21a4bf30023f252596d83e1f007?s=96&d=mm&r=g\",\"url\":\"https:\\\/\\\/secure.gravatar.com\\\/avatar\\\/ccc17943b9d660506c869530f897617f7cb1c21a4bf30023f252596d83e1f007?s=96&d=mm&r=g\",\"contentUrl\":\"https:\\\/\\\/secure.gravatar.com\\\/avatar\\\/ccc17943b9d660506c869530f897617f7cb1c21a4bf30023f252596d83e1f007?s=96&d=mm&r=g\",\"caption\":\"admin\"},\"sameAs\":[\"https:\\\/\\\/kibrisdakik.com\"],\"url\":\"https:\\\/\\\/kibrisdakik.com\\\/?author=1\"}]}<\/script>\n<!-- \/ Yoast SEO plugin. -->","yoast_head_json":{"title":"Engelsiz Ya\u015fam Evi\u2019nde fidan dikimi etkinli\u011fi\u2026 Fidanlara \u00f6zel gereksinimli gen\u00e7lerin ad\u0131 verildi -","robots":{"index":"index","follow":"follow","max-snippet":"max-snippet:-1","max-image-preview":"max-image-preview:large","max-video-preview":"max-video-preview:-1"},"canonical":"https:\/\/kibrisdakik.com\/?p=40907","og_locale":"tr_TR","og_type":"article","og_title":"Engelsiz Ya\u015fam Evi\u2019nde fidan dikimi etkinli\u011fi\u2026 Fidanlara \u00f6zel gereksinimli gen\u00e7lerin ad\u0131 verildi -","og_description":"10-16 May\u0131s Engelliler Haftas\u0131 kapsam\u0131nda, \u201cBenim de bir a\u011fac\u0131m var, engelsiz ya\u015fama k\u00f6k sal\u0131yoruz\u201d slogan\u0131yla, Demirhan\u2019daki Engelsiz Ya\u015fam Evi\u2019nde fidan dikimi etkinli\u011fi yap\u0131ld\u0131. D\u00fczenlenen t\u00f6rende konu\u015fmalar yap\u0131ld\u0131; ard\u0131ndan gen\u00e7lerin kat\u0131l\u0131m\u0131yla fidanlar dikildi. Dikilen fidanlara \u00f6zel gereksinimli gen\u00e7lerin isimleri verildi. Etkinli\u011fe \u00c7al\u0131\u015fma ve Sosyal G\u00fcvenlik Bakan\u0131 Sad\u0131k Gardiyano\u011flu, De\u011firmenlik- Ak\u0131nc\u0131lar Belediye Ba\u015fkan\u0131 Ali Karavezirler, Sosyal Hizmetler","og_url":"https:\/\/kibrisdakik.com\/?p=40907","article_published_time":"2024-05-09T14:04:30+00:00","og_image":[{"width":1600,"height":1068,"url":"https:\/\/kibrisdakik.com\/wp-content\/uploads\/2024\/05\/sslkdsa-740x420.jpeg","type":"image\/jpeg"}],"author":"admin","twitter_card":"summary_large_image","twitter_misc":{"Yazan:":"admin","Tahmini okuma s\u00fcresi":"5 dakika"},"schema":{"@context":"https:\/\/schema.org","@graph":[{"@type":"Article","@id":"https:\/\/kibrisdakik.com\/?p=40907#article","isPartOf":{"@id":"https:\/\/kibrisdakik.com\/?p=40907"},"author":{"name":"admin","@id":"https:\/\/kibrisdakik.com\/#\/schema\/person\/9cd9d437bbb44f72b73ba127e06d8e79"},"headline":"Engelsiz Ya\u015fam Evi\u2019nde fidan dikimi etkinli\u011fi\u2026 Fidanlara \u00f6zel gereksinimli gen\u00e7lerin ad\u0131 verildi","datePublished":"2024-05-09T14:04:30+00:00","mainEntityOfPage":{"@id":"https:\/\/kibrisdakik.com\/?p=40907"},"wordCount":935,"commentCount":0,"image":{"@id":"https:\/\/kibrisdakik.com\/?p=40907#primaryimage"},"thumbnailUrl":"https:\/\/kibrisdakik.com\/wp-content\/uploads\/2024\/05\/sslkdsa-740x420.jpeg","articleSection":["G\u00fcndem"],"inLanguage":"tr","potentialAction":[{"@type":"CommentAction","name":"Comment","target":["https:\/\/kibrisdakik.com\/?p=40907#respond"]}]},{"@type":"WebPage","@id":"https:\/\/kibrisdakik.com\/?p=40907","url":"https:\/\/kibrisdakik.com\/?p=40907","name":"Engelsiz Ya\u015fam Evi\u2019nde fidan dikimi etkinli\u011fi\u2026 Fidanlara \u00f6zel gereksinimli gen\u00e7lerin ad\u0131 verildi -","isPartOf":{"@id":"https:\/\/kibrisdakik.com\/#website"},"primaryImageOfPage":{"@id":"https:\/\/kibrisdakik.com\/?p=40907#primaryimage"},"image":{"@id":"https:\/\/kibrisdakik.com\/?p=40907#primaryimage"},"thumbnailUrl":"https:\/\/kibrisdakik.com\/wp-content\/uploads\/2024\/05\/sslkdsa-740x420.jpeg","datePublished":"2024-05-09T14:04:30+00:00","author":{"@id":"https:\/\/kibrisdakik.com\/#\/schema\/person\/9cd9d437bbb44f72b73ba127e06d8e79"},"breadcrumb":{"@id":"https:\/\/kibrisdakik.com\/?p=40907#breadcrumb"},"inLanguage":"tr","potentialAction":[{"@type":"ReadAction","target":["https:\/\/kibrisdakik.com\/?p=40907"]}]},{"@type":"ImageObject","inLanguage":"tr","@id":"https:\/\/kibrisdakik.com\/?p=40907#primaryimage","url":"https:\/\/kibrisdakik.com\/wp-content\/uploads\/2024\/05\/sslkdsa-740x420.jpeg","contentUrl":"https:\/\/kibrisdakik.com\/wp-content\/uploads\/2024\/05\/sslkdsa-740x420.jpeg","width":1600,"height":1068},{"@type":"BreadcrumbList","@id":"https:\/\/kibrisdakik.com\/?p=40907#breadcrumb","itemListElement":[{"@type":"ListItem","position":1,"name":"Home","item":"https:\/\/kibrisdakik.com\/"},{"@type":"ListItem","position":2,"name":"Engelsiz Ya\u015fam Evi\u2019nde fidan dikimi etkinli\u011fi\u2026 Fidanlara \u00f6zel gereksinimli gen\u00e7lerin ad\u0131 verildi"}]},{"@type":"WebSite","@id":"https:\/\/kibrisdakik.com\/#website","url":"https:\/\/kibrisdakik.com\/","name":"","description":"Tam vaktinde haber","potentialAction":[{"@type":"SearchAction","target":{"@type":"EntryPoint","urlTemplate":"https:\/\/kibrisdakik.com\/?s={search_term_string}"},"query-input":{"@type":"PropertyValueSpecification","valueRequired":true,"valueName":"search_term_string"}}],"inLanguage":"tr"},{"@type":"Person","@id":"https:\/\/kibrisdakik.com\/#\/schema\/person\/9cd9d437bbb44f72b73ba127e06d8e79","name":"admin","image":{"@type":"ImageObject","inLanguage":"tr","@id":"https:\/\/secure.gravatar.com\/avatar\/ccc17943b9d660506c869530f897617f7cb1c21a4bf30023f252596d83e1f007?s=96&d=mm&r=g","url":"https:\/\/secure.gravatar.com\/avatar\/ccc17943b9d660506c869530f897617f7cb1c21a4bf30023f252596d83e1f007?s=96&d=mm&r=g","contentUrl":"https:\/\/secure.gravatar.com\/avatar\/ccc17943b9d660506c869530f897617f7cb1c21a4bf30023f252596d83e1f007?s=96&d=mm&r=g","caption":"admin"},"sameAs":["https:\/\/kibrisdakik.com"],"url":"https:\/\/kibrisdakik.com\/?author=1"}]}},"_links":{"self":[{"href":"https:\/\/kibrisdakik.com\/index.php?rest_route=\/wp\/v2\/posts\/40907","targetHints":{"allow":["GET"]}}],"collection":[{"href":"https:\/\/kibrisdakik.com\/index.php?rest_route=\/wp\/v2\/posts"}],"about":[{"href":"https:\/\/kibrisdakik.com\/index.php?rest_route=\/wp\/v2\/types\/post"}],"author":[{"embeddable":true,"href":"https:\/\/kibrisdakik.com\/index.php?rest_route=\/wp\/v2\/users\/1"}],"replies":[{"embeddable":true,"href":"https:\/\/kibrisdakik.com\/index.php?rest_route=%2Fwp%2Fv2%2Fcomments&post=40907"}],"version-history":[{"count":0,"href":"https:\/\/kibrisdakik.com\/index.php?rest_route=\/wp\/v2\/posts\/40907\/revisions"}],"wp:featuredmedia":[{"embeddable":true,"href":"https:\/\/kibrisdakik.com\/index.php?rest_route=\/wp\/v2\/media\/40908"}],"wp:attachment":[{"href":"https:\/\/kibrisdakik.com\/index.php?rest_route=%2Fwp%2Fv2%2Fmedia&parent=40907"}],"wp:term":[{"taxonomy":"category","embeddable":true,"href":"https:\/\/kibrisdakik.com\/index.php?rest_route=%2Fwp%2Fv2%2Fcategories&post=40907"},{"taxonomy":"post_tag","embeddable":true,"href":"https:\/\/kibrisdakik.com\/index.php?rest_route=%2Fwp%2Fv2%2Ftags&post=40907"}],"curies":[{"name":"wp","href":"https:\/\/api.w.org\/{rel}","templated":true}]}}