{"id":40918,"date":"2024-05-09T15:42:26","date_gmt":"2024-05-09T15:42:26","guid":{"rendered":"https:\/\/kibrisdakik.com\/index.php\/2024\/05\/09\/sila-4un-bir-damla-akdeniz-notalar-kitabi-tanitildi\/"},"modified":"2024-05-09T15:42:26","modified_gmt":"2024-05-09T15:42:26","slug":"sila-4un-bir-damla-akdeniz-notalar-kitabi-tanitildi","status":"publish","type":"post","link":"https:\/\/kibrisdakik.com\/?p=40918","title":{"rendered":"S\u0131la 4\u2019\u00fcn, &quot;Bir Damla Akdeniz \u2013 Notalar&quot; kitab\u0131 tan\u0131t\u0131ld\u0131"},"content":{"rendered":"<p><img decoding=\"async\" src=\"https:\/\/www.kibristurk.com\/images\/haberler\/2024\/05\/sila-4un-bir-damla-akdeniz-notalar-kitabi-tanitildi-1715268528.webp\" \/><\/p>\n<p style=\"text-align:left\"><span style=\"font-size:16px\"><span style=\"font-family:Merriweather,serif !important\"><span style=\"color:#000000\"><span style=\"background-color:#ffffff\">Etkinli\u011fe grup \u00fcyeleri Ferahzad G\u00fcrsoy ve Erdin\u00e7 G\u00fcnd\u00fcz ve sanatseverler yan\u0131nda Cumhurba\u015fkan\u0131 Ersin Tatar ve e\u015fi Sibel Tatar, Ba\u015fbakan Yard\u0131mc\u0131s\u0131 Turizm K\u00fclt\u00fcr Gen\u00e7lik ve \u00c7evre&nbsp; Bakan\u0131 Fikri Atao\u011flu ve K\u00fclt\u00fcr Dairesi M\u00fcd\u00fcr\u00fc \u015eirin Zaima\u011fao\u011flu da kat\u0131ld\u0131.<\/span><\/span><\/span><\/span><\/p>\n<p style=\"text-align:left\"><span style=\"font-size:16px\"><span style=\"font-family:Merriweather,serif !important\"><span style=\"color:#000000\"><span style=\"background-color:#ffffff\">-Tatar: \u201cSizler bizim de\u011ferlerimizsiniz\u201d<\/span><\/span><\/span><\/span><\/p>\n<p style=\"text-align:left\"><span style=\"font-size:16px\"><span style=\"font-family:Merriweather,serif !important\"><span style=\"color:#000000\"><span style=\"background-color:#ffffff\">Cumhurba\u015fkan\u0131 Ersin Tatar etkinlikte yapt\u0131\u011f\u0131 konu\u015fmada, Show TV\u2019de genel m\u00fcd\u00fcr olarak g\u00f6rev yapt\u0131\u011f\u0131 y\u0131llarda, Erdin\u00e7 G\u00fcnd\u00fcz ile KKTC\u2019ye \u00f6zel televizyonlar\u0131 nas\u0131l getirecekleri \u00fczerine konu\u015ftuklar\u0131n\u0131 anlatt\u0131.<\/span><\/span><\/span><\/span><\/p>\n<p style=\"text-align:left\"><span style=\"font-size:16px\"><span style=\"font-family:Merriweather,serif !important\"><span style=\"color:#000000\"><span style=\"background-color:#ffffff\">\u201cSizler bizim de\u011ferlerimizsiniz\u201d diyen Tatar, \u201cK\u00fclt\u00fcr\u00fc ve sanat\u0131yla, ayr\u0131 bir halk olarak m\u00fccadelemizi s\u00fcrd\u00fcrmekteyiz\u201d \u015feklinde konu\u015ftu.<\/span><\/span><\/span><\/span><\/p>\n<p style=\"text-align:left\"><span style=\"font-size:16px\"><span style=\"font-family:Merriweather,serif !important\"><span style=\"color:#000000\"><span style=\"background-color:#ffffff\">\u00dclkede her nesilden \u00e7ok ba\u015far\u0131l\u0131 gen\u00e7ler oldu\u011funu kaydeden Tatar, bu de\u011ferlere sahip \u00e7\u0131k\u0131ld\u0131\u011f\u0131 i\u00e7in &nbsp;Bakanl\u0131\u011f\u0131 ve daire yetkililerini kutlad\u0131.<\/span><\/span><\/span><\/span><\/p>\n<p style=\"text-align:left\"><span style=\"font-size:16px\"><span style=\"font-family:Merriweather,serif !important\"><span style=\"color:#000000\"><span style=\"background-color:#ffffff\">-Atao\u011flu: \u201cS\u0131la 4\u2019le do\u011fduk, onlar\u0131n \u015fark\u0131lar\u0131yla b\u00fcy\u00fcd\u00fck\u201d<\/span><\/span><\/span><\/span><\/p>\n<p style=\"text-align:left\"><span style=\"font-size:16px\"><span style=\"font-family:Merriweather,serif !important\"><span style=\"color:#000000\"><span style=\"background-color:#ffffff\">Bizler \u201cS\u0131la 4\u2019le do\u011fduk, onlar\u0131n \u015fark\u0131lar\u0131yla b\u00fcy\u00fcd\u00fck\u201d diyen Ba\u015fbakan Yard\u0131mc\u0131s\u0131 Turizm K\u00fclt\u00fcr Gen\u00e7lik ve \u00c7evre&nbsp; Bakan\u0131 Fikri Atao\u011flu \u201cBug\u00fcn, \u015fark\u0131lar\u0131yla b\u00fcy\u00fcd\u00fc\u011f\u00fcn\u00fcz yerli sanat\u00e7\u0131 kimdir dendi\u011finde S\u0131la 4 deriz\u201d ifadelerini kulland\u0131.<\/span><\/span><\/span><\/span><\/p>\n<p style=\"text-align:left\"><span style=\"font-size:16px\"><span style=\"font-family:Merriweather,serif !important\"><span style=\"color:#000000\"><span style=\"background-color:#ffffff\">Atao\u011flu etkinli\u011fin ve kitab\u0131n haz\u0131rlanmas\u0131na katk\u0131 koyanlara te\u015fekk\u00fcr etti.<\/span><\/span><\/span><\/span><\/p>\n<p style=\"text-align:left\"><span style=\"font-size:16px\"><span style=\"font-family:Merriweather,serif !important\"><span style=\"color:#000000\"><span style=\"background-color:#ffffff\">-Zaima\u011fao\u011flu: \u201cBeni bu g\u00f6reve atad\u0131\u011f\u0131 ve sanat\u00e7\u0131 arkada\u015flar\u0131mla bu yolu y\u00fcr\u00fcmeme f\u0131rsat verdi\u011fi i\u00e7in Bakan&#8217;\u0131ma te\u015fekk\u00fcr ederim\u201d<\/span><\/span><\/span><\/span><\/p>\n<p style=\"text-align:left\"><span style=\"font-size:16px\"><span style=\"font-family:Merriweather,serif !important\"><span style=\"color:#000000\"><span style=\"background-color:#ffffff\">K\u00fclt\u00fcr Dairesi M\u00fcd\u00fcr\u00fc \u015eirin Zaima\u011fao\u011flu ise S\u0131la 4\u2019\u00fcn yolculu\u011funda kendisinin de yer ald\u0131\u011f\u0131n\u0131 ifade etti.<\/span><\/span><\/span><\/span><\/p>\n<p style=\"text-align:left\"><span style=\"font-size:16px\"><span style=\"font-family:Merriweather,serif !important\"><span style=\"color:#000000\"><span style=\"background-color:#ffffff\">Zaima\u011fao\u011flu, \u201cBeni bu g\u00f6reve atad\u0131\u011f\u0131 ve sanat\u00e7\u0131 arkada\u015flar\u0131mla bu yolu y\u00fcr\u00fcmeme f\u0131rsat verdi\u011fi i\u00e7in Bakan&#8217;\u0131ma te\u015fekk\u00fcr ederim\u201d dedi.<\/span><\/span><\/span><\/span><\/p>\n<p style=\"text-align:left\"><span style=\"font-size:16px\"><span style=\"font-family:Merriweather,serif !important\"><span style=\"color:#000000\"><span style=\"background-color:#ffffff\">-G\u00fcnd\u00fcz: \u201cNe gitar ne gitar teli vard\u0131\u201d<\/span><\/span><\/span><\/span><\/p>\n<p style=\"text-align:left\"><span style=\"font-size:16px\"><span style=\"font-family:Merriweather,serif !important\"><span style=\"color:#000000\"><span style=\"background-color:#ffffff\">S\u0131la 4 \u00fcyelerinden Erdin\u00e7 G\u00fcnd\u00fcz ise konu\u015fmas\u0131nda, \u201cFerahzad bana 60\u2019\u0131nc\u0131 y\u0131lday\u0131z dedi\u011finde \u015fa\u015fakald\u0131m\u201d dedi.<\/span><\/span><\/span><\/span><\/p>\n<p style=\"text-align:left\"><span style=\"font-size:16px\"><span style=\"font-family:Merriweather,serif !important\"><span style=\"color:#000000\"><span style=\"background-color:#ffffff\">Notalar\u0131n kitapta toplanmas\u0131n\u0131n \u00f6nemli oldu\u011funu dile getiren G\u00fcnd\u00fcz, projede eme\u011fi ge\u00e7enlere te\u015fekk\u00fcr etti.<\/span><\/span><\/span><\/span><\/p>\n<p style=\"text-align:left\"><span style=\"font-size:16px\"><span style=\"font-family:Merriweather,serif !important\"><span style=\"color:#000000\"><span style=\"background-color:#ffffff\">Ne gitar ne gitar teli bulunabilen bir d\u00f6nemde m\u00fczi\u011fe ba\u015flad\u0131klar\u0131n\u0131&nbsp; anlatan G\u00fcnd\u00fcz, gelinen noktada \u00fclkede \u00e7ok ba\u015far\u0131l\u0131 m\u00fczisyenler olmas\u0131ndan duydu\u011fu mutlulu\u011fu ifade etti.<\/span><\/span><\/span><\/span><\/p>\n<p style=\"text-align:left\"><span style=\"font-size:16px\"><span style=\"font-family:Merriweather,serif !important\"><span style=\"color:#000000\"><span style=\"background-color:#ffffff\">-G\u00fcrsoy: \u201cYolculu\u011fun 60 y\u0131l s\u00fcrece\u011fini \u00f6ng\u00f6remedik\u201d<\/span><\/span><\/span><\/span><\/p>\n<p style=\"text-align:left\"><span style=\"font-size:16px\"><span style=\"font-family:Merriweather,serif !important\"><span style=\"color:#000000\"><span style=\"background-color:#ffffff\">S\u0131la 4 \u00fcyelerinden Ferahzad G\u00fcrsoy, \u201cBug\u00fcnlere gelmek kolay olmad\u0131\u201d dedi, yolculu\u011fun 60 y\u0131l s\u00fcrece\u011fini \u00f6ng\u00f6rmediklerini s\u00f6yledi.<\/span><\/span><\/span><\/span><\/p>\n<p style=\"text-align:left\"><span style=\"font-size:16px\"><span style=\"font-family:Merriweather,serif !important\"><span style=\"color:#000000\"><span style=\"background-color:#ffffff\">\u015eark\u0131lar\u0131n\u0131n art\u0131k 6\u2019nc\u0131 nesil taraf\u0131ndan dinlendi\u011fini ifade eden G\u00fcrsoy bug\u00fcn T\u00fcrkiye\u2019de S\u0131la 4 \u015fark\u0131lar\u0131n\u0131n s\u00f6ylendi\u011fini anlatt\u0131, kitab\u0131n haz\u0131rlanmas\u0131na destek verenlere te\u015fekk\u00fcr etti.<\/span><\/span><\/span><\/span><\/p>\n<p style=\"text-align:left\"><span style=\"font-size:16px\"><span style=\"font-family:Merriweather,serif !important\"><span style=\"color:#000000\"><span style=\"background-color:#ffffff\">G\u00fcnd\u00fcz, \u201cBiz 2 y\u00fcrek 4 kalp olarak yola devam ettik\u201d dedi ve kaybedilen grup \u00fcyelerini de and\u0131.<\/span><\/span><\/span><\/span><\/p>\n<p style=\"text-align:left\"><span style=\"font-size:16px\"><span style=\"font-family:Merriweather,serif !important\"><span style=\"color:#000000\"><span style=\"background-color:#ffffff\">Sunuculu\u011funu grup \u00fcyelerinden Ferahzad G\u00fcrsoy\u2019un k\u0131z\u0131 \u00c7amay \u00c7i\u00e7ekseven\u2019in yapt\u0131\u011f\u0131 etkinlikte daha sonra kitab\u0131n hayata ge\u00e7mesine katk\u0131 koyanlara plaket takdimi yap\u0131ld\u0131, S\u0131la 4 \u00fcyeleri \u015fark\u0131lar\u0131n\u0131 seslendirdi, kat\u0131l\u0131mc\u0131lar kitaplar\u0131n\u0131 imzalatma \u015fans\u0131 buldu.<\/span><\/span><\/span><\/span><\/p>\n","protected":false},"excerpt":{"rendered":"<p>Etkinli\u011fe grup \u00fcyeleri Ferahzad G\u00fcrsoy ve Erdin\u00e7 G\u00fcnd\u00fcz ve sanatseverler yan\u0131nda Cumhurba\u015fkan\u0131 Ersin Tatar ve e\u015fi Sibel Tatar, Ba\u015fbakan Yard\u0131mc\u0131s\u0131 Turizm K\u00fclt\u00fcr Gen\u00e7lik ve \u00c7evre&nbsp; Bakan\u0131 Fikri Atao\u011flu ve K\u00fclt\u00fcr Dairesi M\u00fcd\u00fcr\u00fc \u015eirin Zaima\u011fao\u011flu da kat\u0131ld\u0131. -Tatar: \u201cSizler bizim de\u011ferlerimizsiniz\u201d Cumhurba\u015fkan\u0131 Ersin Tatar etkinlikte yapt\u0131\u011f\u0131 konu\u015fmada, Show TV\u2019de genel m\u00fcd\u00fcr olarak g\u00f6rev yapt\u0131\u011f\u0131 y\u0131llarda, Erdin\u00e7<\/p>\n","protected":false},"author":1,"featured_media":40919,"comment_status":"open","ping_status":"open","sticky":false,"template":"","format":"standard","meta":{"footnotes":""},"categories":[85],"tags":[],"class_list":["post-40918","post","type-post","status-publish","format-standard","has-post-thumbnail","hentry","category-spor"],"yoast_head":"<!-- This site is optimized with the Yoast SEO plugin v28.4 - https:\/\/yoast.com\/product\/yoast-seo-wordpress\/ -->\n<title>S\u0131la 4\u2019\u00fcn, &quot;Bir Damla Akdeniz \u2013 Notalar&quot; kitab\u0131 tan\u0131t\u0131ld\u0131 -<\/title>\n<meta name=\"robots\" content=\"index, follow, max-snippet:-1, max-image-preview:large, max-video-preview:-1\" \/>\n<link rel=\"canonical\" href=\"https:\/\/kibrisdakik.com\/?p=40918\" \/>\n<meta property=\"og:locale\" content=\"tr_TR\" \/>\n<meta property=\"og:type\" content=\"article\" \/>\n<meta property=\"og:title\" content=\"S\u0131la 4\u2019\u00fcn, &quot;Bir Damla Akdeniz \u2013 Notalar&quot; kitab\u0131 tan\u0131t\u0131ld\u0131 -\" \/>\n<meta property=\"og:description\" content=\"Etkinli\u011fe grup \u00fcyeleri Ferahzad G\u00fcrsoy ve Erdin\u00e7 G\u00fcnd\u00fcz ve sanatseverler yan\u0131nda Cumhurba\u015fkan\u0131 Ersin Tatar ve e\u015fi Sibel Tatar, Ba\u015fbakan Yard\u0131mc\u0131s\u0131 Turizm K\u00fclt\u00fcr Gen\u00e7lik ve \u00c7evre&nbsp; Bakan\u0131 Fikri Atao\u011flu ve K\u00fclt\u00fcr Dairesi M\u00fcd\u00fcr\u00fc \u015eirin Zaima\u011fao\u011flu da kat\u0131ld\u0131. -Tatar: \u201cSizler bizim de\u011ferlerimizsiniz\u201d Cumhurba\u015fkan\u0131 Ersin Tatar etkinlikte yapt\u0131\u011f\u0131 konu\u015fmada, Show TV\u2019de genel m\u00fcd\u00fcr olarak g\u00f6rev yapt\u0131\u011f\u0131 y\u0131llarda, Erdin\u00e7\" \/>\n<meta property=\"og:url\" content=\"https:\/\/kibrisdakik.com\/?p=40918\" \/>\n<meta property=\"article:published_time\" content=\"2024-05-09T15:42:26+00:00\" \/>\n<meta property=\"og:image\" content=\"https:\/\/kibrisdakik.com\/wp-content\/uploads\/2024\/05\/sila-4un-bir-damla-akdeniz-notalar-kitabi-tanitildi-1715268528.webp.webp\" \/>\n\t<meta property=\"og:image:width\" content=\"710\" \/>\n\t<meta property=\"og:image:height\" content=\"370\" \/>\n\t<meta property=\"og:image:type\" content=\"image\/webp\" \/>\n<meta name=\"author\" content=\"admin\" \/>\n<meta name=\"twitter:card\" content=\"summary_large_image\" \/>\n<meta name=\"twitter:label1\" content=\"Yazan:\" \/>\n\t<meta name=\"twitter:data1\" content=\"admin\" \/>\n\t<meta name=\"twitter:label2\" content=\"Tahmini okuma s\u00fcresi\" \/>\n\t<meta name=\"twitter:data2\" content=\"3 dakika\" \/>\n<script type=\"application\/ld+json\" class=\"yoast-schema-graph\">{\"@context\":\"https:\\\/\\\/schema.org\",\"@graph\":[{\"@type\":\"Article\",\"@id\":\"https:\\\/\\\/kibrisdakik.com\\\/?p=40918#article\",\"isPartOf\":{\"@id\":\"https:\\\/\\\/kibrisdakik.com\\\/?p=40918\"},\"author\":{\"name\":\"admin\",\"@id\":\"https:\\\/\\\/kibrisdakik.com\\\/#\\\/schema\\\/person\\\/9cd9d437bbb44f72b73ba127e06d8e79\"},\"headline\":\"S\u0131la 4\u2019\u00fcn, &quot;Bir Damla Akdeniz \u2013 Notalar&quot; kitab\u0131 tan\u0131t\u0131ld\u0131\",\"datePublished\":\"2024-05-09T15:42:26+00:00\",\"mainEntityOfPage\":{\"@id\":\"https:\\\/\\\/kibrisdakik.com\\\/?p=40918\"},\"wordCount\":568,\"commentCount\":0,\"publisher\":{\"@id\":\"https:\\\/\\\/kibrisdakik.com\\\/#organization\"},\"image\":{\"@id\":\"https:\\\/\\\/kibrisdakik.com\\\/?p=40918#primaryimage\"},\"thumbnailUrl\":\"https:\\\/\\\/kibrisdakik.com\\\/wp-content\\\/uploads\\\/2024\\\/05\\\/sila-4un-bir-damla-akdeniz-notalar-kitabi-tanitildi-1715268528.webp.webp\",\"articleSection\":[\"Spor\"],\"inLanguage\":\"tr\",\"potentialAction\":[{\"@type\":\"CommentAction\",\"name\":\"Comment\",\"target\":[\"https:\\\/\\\/kibrisdakik.com\\\/?p=40918#respond\"]}]},{\"@type\":\"WebPage\",\"@id\":\"https:\\\/\\\/kibrisdakik.com\\\/?p=40918\",\"url\":\"https:\\\/\\\/kibrisdakik.com\\\/?p=40918\",\"name\":\"S\u0131la 4\u2019\u00fcn, &quot;Bir Damla Akdeniz \u2013 Notalar&quot; kitab\u0131 tan\u0131t\u0131ld\u0131 -\",\"isPartOf\":{\"@id\":\"https:\\\/\\\/kibrisdakik.com\\\/#website\"},\"primaryImageOfPage\":{\"@id\":\"https:\\\/\\\/kibrisdakik.com\\\/?p=40918#primaryimage\"},\"image\":{\"@id\":\"https:\\\/\\\/kibrisdakik.com\\\/?p=40918#primaryimage\"},\"thumbnailUrl\":\"https:\\\/\\\/kibrisdakik.com\\\/wp-content\\\/uploads\\\/2024\\\/05\\\/sila-4un-bir-damla-akdeniz-notalar-kitabi-tanitildi-1715268528.webp.webp\",\"datePublished\":\"2024-05-09T15:42:26+00:00\",\"breadcrumb\":{\"@id\":\"https:\\\/\\\/kibrisdakik.com\\\/?p=40918#breadcrumb\"},\"inLanguage\":\"tr\",\"potentialAction\":[{\"@type\":\"ReadAction\",\"target\":[\"https:\\\/\\\/kibrisdakik.com\\\/?p=40918\"]}]},{\"@type\":\"ImageObject\",\"inLanguage\":\"tr\",\"@id\":\"https:\\\/\\\/kibrisdakik.com\\\/?p=40918#primaryimage\",\"url\":\"https:\\\/\\\/kibrisdakik.com\\\/wp-content\\\/uploads\\\/2024\\\/05\\\/sila-4un-bir-damla-akdeniz-notalar-kitabi-tanitildi-1715268528.webp.webp\",\"contentUrl\":\"https:\\\/\\\/kibrisdakik.com\\\/wp-content\\\/uploads\\\/2024\\\/05\\\/sila-4un-bir-damla-akdeniz-notalar-kitabi-tanitildi-1715268528.webp.webp\",\"width\":710,\"height\":370},{\"@type\":\"BreadcrumbList\",\"@id\":\"https:\\\/\\\/kibrisdakik.com\\\/?p=40918#breadcrumb\",\"itemListElement\":[{\"@type\":\"ListItem\",\"position\":1,\"name\":\"Home\",\"item\":\"https:\\\/\\\/kibrisdakik.com\\\/\"},{\"@type\":\"ListItem\",\"position\":2,\"name\":\"S\u0131la 4\u2019\u00fcn, &quot;Bir Damla Akdeniz \u2013 Notalar&quot; kitab\u0131 tan\u0131t\u0131ld\u0131\"}]},{\"@type\":\"WebSite\",\"@id\":\"https:\\\/\\\/kibrisdakik.com\\\/#website\",\"url\":\"https:\\\/\\\/kibrisdakik.com\\\/\",\"name\":\"K\u0131br\u0131s Dakik\",\"description\":\"Tam vaktinde haber\",\"publisher\":{\"@id\":\"https:\\\/\\\/kibrisdakik.com\\\/#organization\"},\"potentialAction\":[{\"@type\":\"SearchAction\",\"target\":{\"@type\":\"EntryPoint\",\"urlTemplate\":\"https:\\\/\\\/kibrisdakik.com\\\/?s={search_term_string}\"},\"query-input\":{\"@type\":\"PropertyValueSpecification\",\"valueRequired\":true,\"valueName\":\"search_term_string\"}}],\"inLanguage\":\"tr\"},{\"@type\":\"Organization\",\"@id\":\"https:\\\/\\\/kibrisdakik.com\\\/#organization\",\"name\":\"K\u0131br\u0131s Dakik\",\"url\":\"https:\\\/\\\/kibrisdakik.com\\\/\",\"logo\":{\"@type\":\"ImageObject\",\"inLanguage\":\"tr\",\"@id\":\"https:\\\/\\\/kibrisdakik.com\\\/#\\\/schema\\\/logo\\\/image\\\/\",\"url\":\"https:\\\/\\\/kibrisdakik.com\\\/wp-content\\\/uploads\\\/2025\\\/10\\\/cropped-WhatsApp-Image-2025-10-02-at-12.58.31.jpeg\",\"contentUrl\":\"https:\\\/\\\/kibrisdakik.com\\\/wp-content\\\/uploads\\\/2025\\\/10\\\/cropped-WhatsApp-Image-2025-10-02-at-12.58.31.jpeg\",\"width\":1237,\"height\":190,\"caption\":\"K\u0131br\u0131s Dakik\"},\"image\":{\"@id\":\"https:\\\/\\\/kibrisdakik.com\\\/#\\\/schema\\\/logo\\\/image\\\/\"}},{\"@type\":\"Person\",\"@id\":\"https:\\\/\\\/kibrisdakik.com\\\/#\\\/schema\\\/person\\\/9cd9d437bbb44f72b73ba127e06d8e79\",\"name\":\"admin\",\"image\":{\"@type\":\"ImageObject\",\"inLanguage\":\"tr\",\"@id\":\"https:\\\/\\\/secure.gravatar.com\\\/avatar\\\/ccc17943b9d660506c869530f897617f7cb1c21a4bf30023f252596d83e1f007?s=96&d=mm&r=g\",\"url\":\"https:\\\/\\\/secure.gravatar.com\\\/avatar\\\/ccc17943b9d660506c869530f897617f7cb1c21a4bf30023f252596d83e1f007?s=96&d=mm&r=g\",\"contentUrl\":\"https:\\\/\\\/secure.gravatar.com\\\/avatar\\\/ccc17943b9d660506c869530f897617f7cb1c21a4bf30023f252596d83e1f007?s=96&d=mm&r=g\",\"caption\":\"admin\"},\"sameAs\":[\"https:\\\/\\\/kibrisdakik.com\"],\"url\":\"https:\\\/\\\/kibrisdakik.com\\\/?author=1\"}]}<\/script>\n<!-- \/ Yoast SEO plugin. -->","yoast_head_json":{"title":"S\u0131la 4\u2019\u00fcn, &quot;Bir Damla Akdeniz \u2013 Notalar&quot; kitab\u0131 tan\u0131t\u0131ld\u0131 -","robots":{"index":"index","follow":"follow","max-snippet":"max-snippet:-1","max-image-preview":"max-image-preview:large","max-video-preview":"max-video-preview:-1"},"canonical":"https:\/\/kibrisdakik.com\/?p=40918","og_locale":"tr_TR","og_type":"article","og_title":"S\u0131la 4\u2019\u00fcn, &quot;Bir Damla Akdeniz \u2013 Notalar&quot; kitab\u0131 tan\u0131t\u0131ld\u0131 -","og_description":"Etkinli\u011fe grup \u00fcyeleri Ferahzad G\u00fcrsoy ve Erdin\u00e7 G\u00fcnd\u00fcz ve sanatseverler yan\u0131nda Cumhurba\u015fkan\u0131 Ersin Tatar ve e\u015fi Sibel Tatar, Ba\u015fbakan Yard\u0131mc\u0131s\u0131 Turizm K\u00fclt\u00fcr Gen\u00e7lik ve \u00c7evre&nbsp; Bakan\u0131 Fikri Atao\u011flu ve K\u00fclt\u00fcr Dairesi M\u00fcd\u00fcr\u00fc \u015eirin Zaima\u011fao\u011flu da kat\u0131ld\u0131. -Tatar: \u201cSizler bizim de\u011ferlerimizsiniz\u201d Cumhurba\u015fkan\u0131 Ersin Tatar etkinlikte yapt\u0131\u011f\u0131 konu\u015fmada, Show TV\u2019de genel m\u00fcd\u00fcr olarak g\u00f6rev yapt\u0131\u011f\u0131 y\u0131llarda, Erdin\u00e7","og_url":"https:\/\/kibrisdakik.com\/?p=40918","article_published_time":"2024-05-09T15:42:26+00:00","og_image":[{"width":710,"height":370,"url":"https:\/\/kibrisdakik.com\/wp-content\/uploads\/2024\/05\/sila-4un-bir-damla-akdeniz-notalar-kitabi-tanitildi-1715268528.webp.webp","type":"image\/webp"}],"author":"admin","twitter_card":"summary_large_image","twitter_misc":{"Yazan:":"admin","Tahmini okuma s\u00fcresi":"3 dakika"},"schema":{"@context":"https:\/\/schema.org","@graph":[{"@type":"Article","@id":"https:\/\/kibrisdakik.com\/?p=40918#article","isPartOf":{"@id":"https:\/\/kibrisdakik.com\/?p=40918"},"author":{"name":"admin","@id":"https:\/\/kibrisdakik.com\/#\/schema\/person\/9cd9d437bbb44f72b73ba127e06d8e79"},"headline":"S\u0131la 4\u2019\u00fcn, &quot;Bir Damla Akdeniz \u2013 Notalar&quot; kitab\u0131 tan\u0131t\u0131ld\u0131","datePublished":"2024-05-09T15:42:26+00:00","mainEntityOfPage":{"@id":"https:\/\/kibrisdakik.com\/?p=40918"},"wordCount":568,"commentCount":0,"publisher":{"@id":"https:\/\/kibrisdakik.com\/#organization"},"image":{"@id":"https:\/\/kibrisdakik.com\/?p=40918#primaryimage"},"thumbnailUrl":"https:\/\/kibrisdakik.com\/wp-content\/uploads\/2024\/05\/sila-4un-bir-damla-akdeniz-notalar-kitabi-tanitildi-1715268528.webp.webp","articleSection":["Spor"],"inLanguage":"tr","potentialAction":[{"@type":"CommentAction","name":"Comment","target":["https:\/\/kibrisdakik.com\/?p=40918#respond"]}]},{"@type":"WebPage","@id":"https:\/\/kibrisdakik.com\/?p=40918","url":"https:\/\/kibrisdakik.com\/?p=40918","name":"S\u0131la 4\u2019\u00fcn, &quot;Bir Damla Akdeniz \u2013 Notalar&quot; kitab\u0131 tan\u0131t\u0131ld\u0131 -","isPartOf":{"@id":"https:\/\/kibrisdakik.com\/#website"},"primaryImageOfPage":{"@id":"https:\/\/kibrisdakik.com\/?p=40918#primaryimage"},"image":{"@id":"https:\/\/kibrisdakik.com\/?p=40918#primaryimage"},"thumbnailUrl":"https:\/\/kibrisdakik.com\/wp-content\/uploads\/2024\/05\/sila-4un-bir-damla-akdeniz-notalar-kitabi-tanitildi-1715268528.webp.webp","datePublished":"2024-05-09T15:42:26+00:00","breadcrumb":{"@id":"https:\/\/kibrisdakik.com\/?p=40918#breadcrumb"},"inLanguage":"tr","potentialAction":[{"@type":"ReadAction","target":["https:\/\/kibrisdakik.com\/?p=40918"]}]},{"@type":"ImageObject","inLanguage":"tr","@id":"https:\/\/kibrisdakik.com\/?p=40918#primaryimage","url":"https:\/\/kibrisdakik.com\/wp-content\/uploads\/2024\/05\/sila-4un-bir-damla-akdeniz-notalar-kitabi-tanitildi-1715268528.webp.webp","contentUrl":"https:\/\/kibrisdakik.com\/wp-content\/uploads\/2024\/05\/sila-4un-bir-damla-akdeniz-notalar-kitabi-tanitildi-1715268528.webp.webp","width":710,"height":370},{"@type":"BreadcrumbList","@id":"https:\/\/kibrisdakik.com\/?p=40918#breadcrumb","itemListElement":[{"@type":"ListItem","position":1,"name":"Home","item":"https:\/\/kibrisdakik.com\/"},{"@type":"ListItem","position":2,"name":"S\u0131la 4\u2019\u00fcn, &quot;Bir Damla Akdeniz \u2013 Notalar&quot; kitab\u0131 tan\u0131t\u0131ld\u0131"}]},{"@type":"WebSite","@id":"https:\/\/kibrisdakik.com\/#website","url":"https:\/\/kibrisdakik.com\/","name":"K\u0131br\u0131s Dakik","description":"Tam vaktinde haber","publisher":{"@id":"https:\/\/kibrisdakik.com\/#organization"},"potentialAction":[{"@type":"SearchAction","target":{"@type":"EntryPoint","urlTemplate":"https:\/\/kibrisdakik.com\/?s={search_term_string}"},"query-input":{"@type":"PropertyValueSpecification","valueRequired":true,"valueName":"search_term_string"}}],"inLanguage":"tr"},{"@type":"Organization","@id":"https:\/\/kibrisdakik.com\/#organization","name":"K\u0131br\u0131s Dakik","url":"https:\/\/kibrisdakik.com\/","logo":{"@type":"ImageObject","inLanguage":"tr","@id":"https:\/\/kibrisdakik.com\/#\/schema\/logo\/image\/","url":"https:\/\/kibrisdakik.com\/wp-content\/uploads\/2025\/10\/cropped-WhatsApp-Image-2025-10-02-at-12.58.31.jpeg","contentUrl":"https:\/\/kibrisdakik.com\/wp-content\/uploads\/2025\/10\/cropped-WhatsApp-Image-2025-10-02-at-12.58.31.jpeg","width":1237,"height":190,"caption":"K\u0131br\u0131s Dakik"},"image":{"@id":"https:\/\/kibrisdakik.com\/#\/schema\/logo\/image\/"}},{"@type":"Person","@id":"https:\/\/kibrisdakik.com\/#\/schema\/person\/9cd9d437bbb44f72b73ba127e06d8e79","name":"admin","image":{"@type":"ImageObject","inLanguage":"tr","@id":"https:\/\/secure.gravatar.com\/avatar\/ccc17943b9d660506c869530f897617f7cb1c21a4bf30023f252596d83e1f007?s=96&d=mm&r=g","url":"https:\/\/secure.gravatar.com\/avatar\/ccc17943b9d660506c869530f897617f7cb1c21a4bf30023f252596d83e1f007?s=96&d=mm&r=g","contentUrl":"https:\/\/secure.gravatar.com\/avatar\/ccc17943b9d660506c869530f897617f7cb1c21a4bf30023f252596d83e1f007?s=96&d=mm&r=g","caption":"admin"},"sameAs":["https:\/\/kibrisdakik.com"],"url":"https:\/\/kibrisdakik.com\/?author=1"}]}},"_links":{"self":[{"href":"https:\/\/kibrisdakik.com\/index.php?rest_route=\/wp\/v2\/posts\/40918","targetHints":{"allow":["GET"]}}],"collection":[{"href":"https:\/\/kibrisdakik.com\/index.php?rest_route=\/wp\/v2\/posts"}],"about":[{"href":"https:\/\/kibrisdakik.com\/index.php?rest_route=\/wp\/v2\/types\/post"}],"author":[{"embeddable":true,"href":"https:\/\/kibrisdakik.com\/index.php?rest_route=\/wp\/v2\/users\/1"}],"replies":[{"embeddable":true,"href":"https:\/\/kibrisdakik.com\/index.php?rest_route=%2Fwp%2Fv2%2Fcomments&post=40918"}],"version-history":[{"count":0,"href":"https:\/\/kibrisdakik.com\/index.php?rest_route=\/wp\/v2\/posts\/40918\/revisions"}],"wp:featuredmedia":[{"embeddable":true,"href":"https:\/\/kibrisdakik.com\/index.php?rest_route=\/wp\/v2\/media\/40919"}],"wp:attachment":[{"href":"https:\/\/kibrisdakik.com\/index.php?rest_route=%2Fwp%2Fv2%2Fmedia&parent=40918"}],"wp:term":[{"taxonomy":"category","embeddable":true,"href":"https:\/\/kibrisdakik.com\/index.php?rest_route=%2Fwp%2Fv2%2Fcategories&post=40918"},{"taxonomy":"post_tag","embeddable":true,"href":"https:\/\/kibrisdakik.com\/index.php?rest_route=%2Fwp%2Fv2%2Ftags&post=40918"}],"curies":[{"name":"wp","href":"https:\/\/api.w.org\/{rel}","templated":true}]}}