{"id":40957,"date":"2024-05-09T20:12:51","date_gmt":"2024-05-09T20:12:51","guid":{"rendered":"https:\/\/kibrisdakik.com\/index.php\/2024\/05\/09\/brtk-muduru-meryem-ozkurt-genc-isadamlari-dernegini-kabul-etti\/"},"modified":"2024-05-09T20:12:51","modified_gmt":"2024-05-09T20:12:51","slug":"brtk-muduru-meryem-ozkurt-genc-isadamlari-dernegini-kabul-etti","status":"publish","type":"post","link":"https:\/\/kibrisdakik.com\/?p=40957","title":{"rendered":"BRTK M\u00fcd\u00fcr\u00fc Meryem \u00d6zkurt, Gen\u00e7 \u0130\u015fadamlar\u0131 Derne\u011fi\u2019ni kabul etti"},"content":{"rendered":"<p><\/p>\n<div>\n<div class=\"mariselle-image-container center\">\n                <img loading=\"lazy\" decoding=\"async\" width=\"911\" height=\"410\" class=\"lazy-image\" alt=\"\" sizes=\"auto, (max-width: 911px) 100vw, 911px\" src=\"https:\/\/brtk.net\/wp-content\/uploads\/2024\/05\/09\/ozkurt3.jpg?ver=470ac8d81e10b95ecfea781675a14a0c\" srcset=\"https:\/\/brtk.net\/wp-content\/uploads\/2024\/05\/09\/ozkurt3.jpg?ver=470ac8d81e10b95ecfea781675a14a0c 911w, https:\/\/brtk.net\/wp-content\/uploads\/2024\/05\/09\/ozkurt3-300x135.jpg?ver=470ac8d81e10b95ecfea781675a14a0c 300w, https:\/\/brtk.net\/wp-content\/uploads\/2024\/05\/09\/ozkurt3-768x346.jpg?ver=470ac8d81e10b95ecfea781675a14a0c 768w\"\/>                            <\/div>\n<p>Bayrak Radyo Televizyon Kurumu (<a href=\"https:\/\/brtk.net\/\"\/><a href=\"https:\/\/brtk.net\/\"\/><a href=\"https:\/\/brtk.net\/\">BRT<\/a>K) M\u00fcd\u00fcr\u00fc Meryem \u00d6zkurt, Gen\u00e7 \u0130\u015fadamlar\u0131 Derne\u011fi\u2019ni kabul ederek g\u00f6r\u00fc\u015ft\u00fc. \u00d6zkurt, <a href=\"https:\/\/brtk.net\/\"\/><a href=\"https:\/\/brtk.net\/\"\/><a href=\"https:\/\/brtk.net\/\">BRT<\/a>\u2019de yay\u0131nlanan programlarda gen\u00e7lerin sesine kulak verildi\u011fini belirterek, gen\u00e7lere deste\u011fin her zaman oldu\u011fu gibi devam edece\u011fini s\u00f6yledi.<\/p>\n<p>Orhan Gavani ba\u015fkanl\u0131\u011f\u0131ndaki Gen\u00e7 \u0130\u015fadamlar\u0131 Derne\u011fi Y\u00f6netim Kurulu \u00dcyeleri Bayrak Radyo Televizyon Kurumu M\u00fcd\u00fcr\u00fc Meryem \u00d6zkurt\u2019u ziyaret etti.<\/p>\n<div class=\"mariselle-image-container center\">\n                <img loading=\"lazy\" decoding=\"async\" width=\"911\" height=\"410\" class=\"lazy-image\" alt=\"\" sizes=\"auto, (max-width: 911px) 100vw, 911px\" src=\"https:\/\/brtk.net\/wp-content\/uploads\/2024\/05\/09\/ozkurt1.jpg?ver=2996629ffb971da9a3328e31331d6ee7\" srcset=\"https:\/\/brtk.net\/wp-content\/uploads\/2024\/05\/09\/ozkurt1.jpg?ver=2996629ffb971da9a3328e31331d6ee7 911w, https:\/\/brtk.net\/wp-content\/uploads\/2024\/05\/09\/ozkurt1-300x135.jpg?ver=4484b115dffd81e8874cddad9cc5b850 300w, https:\/\/brtk.net\/wp-content\/uploads\/2024\/05\/09\/ozkurt1-768x346.jpg?ver=4484b115dffd81e8874cddad9cc5b850 768w\"\/>                            <\/div>\n<p>\nZiyarette konu\u015fan Bayrak Radyo Televizyon Kurumu M\u00fcd\u00fcr\u00fc Meryem \u00d6zkurt, sosyal medyan\u0131n yayg\u0131n kullan\u0131m\u0131 nedeniyle devlet kurumu olarak gen\u00e7lere yeterince ula\u015famad\u0131klar\u0131 d\u00fc\u015f\u00fcncesinde oldu\u011funu belirtti.<\/p>\n<p>Gen\u00e7lerin; <a href=\"https:\/\/brtk.net\/\"\/><a href=\"https:\/\/brtk.net\/\"\/><a href=\"https:\/\/brtk.net\/\">BRT<\/a>\u2019nin kendilerini destekledi\u011fini g\u00f6rmek istedi\u011fini kaydeden \u00d6zkurt, Pandemi d\u00f6neminde \u00e7ok say\u0131da gen\u00e7le i\u015fbirli\u011fi yapt\u0131klar\u0131n\u0131 belirtti. Kendi i\u015fini kuran yada atalar\u0131ndan kalan meslekleri devam ettiren gen\u00e7leri konu alan \u201cGen\u00e7 \u0130\u015f\u201d adl\u0131 program\u0131 izleyenlerle bulu\u015fturduklar\u0131n\u0131 kaydeden \u00d6zkurt, bu programda gen\u00e7leri te\u015fvik amac\u0131 ile videolar haz\u0131rland\u0131\u011f\u0131n\u0131 s\u00f6yledi.<\/p>\n<p>S\u00f6z konusu program\u0131 dernek ile i\u015fbirli\u011fi i\u00e7erisinde devam ettirmek istediklerini kaydeden \u00d6zkurt, gen\u00e7leri desteklemeyi s\u00fcrd\u00fcreceklerini kaydetti.<\/p>\n<p>Gen\u00e7 \u0130\u015fadamlar\u0131 Derne\u011fi Ba\u015fkan\u0131 Orhan Gavani de, konu\u015fmas\u0131nda, dernek hakk\u0131nda bilgi verdi.<\/p>\n<p>\u0130\u015fbirli\u011fi teklifinden dolay\u0131 mutlu olduklar\u0131n\u0131 belirten Gavani, konuyu y\u00f6netim kurullar\u0131na g\u00f6t\u00fcreceklerini s\u00f6yledi.<br \/>Gavani, gen\u00e7lerin sesinin ve isteklerinin do\u011fru aktar\u0131lmas\u0131nda bas\u0131n\u0131n \u00f6nemine vurgu yapt\u0131.<\/p>\n<p>Gavani, <a href=\"https:\/\/brtk.net\/\"\/><a href=\"https:\/\/brtk.net\/\"\/><a href=\"https:\/\/brtk.net\/\">BRT<\/a>K\u2019n\u0131n herkesin g\u00f6nl\u00fcnde ayr\u0131 bir yeri oldu\u011funu s\u00f6zlerine ekledi.<\/p>\n<\/p><\/div>\n<p><script async\n                    defer\n                    crossorigin=\"anonymous\"\n                    src=\"https:\/\/connect.facebook.net\/tr_TR\/sdk.js#xfbml=1&#038;version=v3.3\"\n            ><\/script><\/p>\n","protected":false},"excerpt":{"rendered":"<p>Bayrak Radyo Televizyon Kurumu (BRTK) M\u00fcd\u00fcr\u00fc Meryem \u00d6zkurt, Gen\u00e7 \u0130\u015fadamlar\u0131 Derne\u011fi\u2019ni kabul ederek g\u00f6r\u00fc\u015ft\u00fc. \u00d6zkurt, BRT\u2019de yay\u0131nlanan programlarda gen\u00e7lerin sesine kulak verildi\u011fini belirterek, gen\u00e7lere deste\u011fin her zaman oldu\u011fu gibi devam edece\u011fini s\u00f6yledi. Orhan Gavani ba\u015fkanl\u0131\u011f\u0131ndaki Gen\u00e7 \u0130\u015fadamlar\u0131 Derne\u011fi Y\u00f6netim Kurulu \u00dcyeleri Bayrak Radyo Televizyon Kurumu M\u00fcd\u00fcr\u00fc Meryem \u00d6zkurt\u2019u ziyaret etti. Ziyarette konu\u015fan Bayrak Radyo Televizyon<\/p>\n","protected":false},"author":1,"featured_media":40958,"comment_status":"open","ping_status":"open","sticky":false,"template":"","format":"standard","meta":{"footnotes":""},"categories":[1],"tags":[],"class_list":["post-40957","post","type-post","status-publish","format-standard","has-post-thumbnail","hentry","category-gundem"],"yoast_head":"<!-- This site is optimized with the Yoast SEO plugin v27.4 - https:\/\/yoast.com\/product\/yoast-seo-wordpress\/ -->\n<title>BRTK M\u00fcd\u00fcr\u00fc Meryem \u00d6zkurt, Gen\u00e7 \u0130\u015fadamlar\u0131 Derne\u011fi\u2019ni kabul etti -<\/title>\n<meta name=\"robots\" content=\"index, follow, max-snippet:-1, max-image-preview:large, max-video-preview:-1\" \/>\n<link rel=\"canonical\" href=\"https:\/\/kibrisdakik.com\/?p=40957\" \/>\n<meta property=\"og:locale\" content=\"tr_TR\" \/>\n<meta property=\"og:type\" content=\"article\" \/>\n<meta property=\"og:title\" content=\"BRTK M\u00fcd\u00fcr\u00fc Meryem \u00d6zkurt, Gen\u00e7 \u0130\u015fadamlar\u0131 Derne\u011fi\u2019ni kabul etti -\" \/>\n<meta property=\"og:description\" content=\"Bayrak Radyo Televizyon Kurumu (BRTK) M\u00fcd\u00fcr\u00fc Meryem \u00d6zkurt, Gen\u00e7 \u0130\u015fadamlar\u0131 Derne\u011fi\u2019ni kabul ederek g\u00f6r\u00fc\u015ft\u00fc. \u00d6zkurt, BRT\u2019de yay\u0131nlanan programlarda gen\u00e7lerin sesine kulak verildi\u011fini belirterek, gen\u00e7lere deste\u011fin her zaman oldu\u011fu gibi devam edece\u011fini s\u00f6yledi. Orhan Gavani ba\u015fkanl\u0131\u011f\u0131ndaki Gen\u00e7 \u0130\u015fadamlar\u0131 Derne\u011fi Y\u00f6netim Kurulu \u00dcyeleri Bayrak Radyo Televizyon Kurumu M\u00fcd\u00fcr\u00fc Meryem \u00d6zkurt\u2019u ziyaret etti. Ziyarette konu\u015fan Bayrak Radyo Televizyon\" \/>\n<meta property=\"og:url\" content=\"https:\/\/kibrisdakik.com\/?p=40957\" \/>\n<meta property=\"article:published_time\" content=\"2024-05-09T20:12:51+00:00\" \/>\n<meta property=\"og:image\" content=\"https:\/\/kibrisdakik.com\/wp-content\/uploads\/2024\/05\/ozkurt3-740x410.jpg\" \/>\n\t<meta property=\"og:image:width\" content=\"911\" \/>\n\t<meta property=\"og:image:height\" content=\"410\" \/>\n\t<meta property=\"og:image:type\" content=\"image\/jpeg\" \/>\n<meta name=\"author\" content=\"admin\" \/>\n<meta name=\"twitter:card\" content=\"summary_large_image\" \/>\n<meta name=\"twitter:label1\" content=\"Yazan:\" \/>\n\t<meta name=\"twitter:data1\" content=\"admin\" \/>\n\t<meta name=\"twitter:label2\" content=\"Tahmini okuma s\u00fcresi\" \/>\n\t<meta name=\"twitter:data2\" content=\"1 dakika\" \/>\n<script type=\"application\/ld+json\" class=\"yoast-schema-graph\">{\"@context\":\"https:\\\/\\\/schema.org\",\"@graph\":[{\"@type\":\"Article\",\"@id\":\"https:\\\/\\\/kibrisdakik.com\\\/?p=40957#article\",\"isPartOf\":{\"@id\":\"https:\\\/\\\/kibrisdakik.com\\\/?p=40957\"},\"author\":{\"name\":\"admin\",\"@id\":\"https:\\\/\\\/kibrisdakik.com\\\/#\\\/schema\\\/person\\\/9cd9d437bbb44f72b73ba127e06d8e79\"},\"headline\":\"BRTK M\u00fcd\u00fcr\u00fc Meryem \u00d6zkurt, Gen\u00e7 \u0130\u015fadamlar\u0131 Derne\u011fi\u2019ni kabul etti\",\"datePublished\":\"2024-05-09T20:12:51+00:00\",\"mainEntityOfPage\":{\"@id\":\"https:\\\/\\\/kibrisdakik.com\\\/?p=40957\"},\"wordCount\":277,\"commentCount\":0,\"image\":{\"@id\":\"https:\\\/\\\/kibrisdakik.com\\\/?p=40957#primaryimage\"},\"thumbnailUrl\":\"https:\\\/\\\/kibrisdakik.com\\\/wp-content\\\/uploads\\\/2024\\\/05\\\/ozkurt3-740x410.jpg\",\"articleSection\":[\"G\u00fcndem\"],\"inLanguage\":\"tr\",\"potentialAction\":[{\"@type\":\"CommentAction\",\"name\":\"Comment\",\"target\":[\"https:\\\/\\\/kibrisdakik.com\\\/?p=40957#respond\"]}]},{\"@type\":\"WebPage\",\"@id\":\"https:\\\/\\\/kibrisdakik.com\\\/?p=40957\",\"url\":\"https:\\\/\\\/kibrisdakik.com\\\/?p=40957\",\"name\":\"BRTK M\u00fcd\u00fcr\u00fc Meryem \u00d6zkurt, Gen\u00e7 \u0130\u015fadamlar\u0131 Derne\u011fi\u2019ni kabul etti -\",\"isPartOf\":{\"@id\":\"https:\\\/\\\/kibrisdakik.com\\\/#website\"},\"primaryImageOfPage\":{\"@id\":\"https:\\\/\\\/kibrisdakik.com\\\/?p=40957#primaryimage\"},\"image\":{\"@id\":\"https:\\\/\\\/kibrisdakik.com\\\/?p=40957#primaryimage\"},\"thumbnailUrl\":\"https:\\\/\\\/kibrisdakik.com\\\/wp-content\\\/uploads\\\/2024\\\/05\\\/ozkurt3-740x410.jpg\",\"datePublished\":\"2024-05-09T20:12:51+00:00\",\"author\":{\"@id\":\"https:\\\/\\\/kibrisdakik.com\\\/#\\\/schema\\\/person\\\/9cd9d437bbb44f72b73ba127e06d8e79\"},\"breadcrumb\":{\"@id\":\"https:\\\/\\\/kibrisdakik.com\\\/?p=40957#breadcrumb\"},\"inLanguage\":\"tr\",\"potentialAction\":[{\"@type\":\"ReadAction\",\"target\":[\"https:\\\/\\\/kibrisdakik.com\\\/?p=40957\"]}]},{\"@type\":\"ImageObject\",\"inLanguage\":\"tr\",\"@id\":\"https:\\\/\\\/kibrisdakik.com\\\/?p=40957#primaryimage\",\"url\":\"https:\\\/\\\/kibrisdakik.com\\\/wp-content\\\/uploads\\\/2024\\\/05\\\/ozkurt3-740x410.jpg\",\"contentUrl\":\"https:\\\/\\\/kibrisdakik.com\\\/wp-content\\\/uploads\\\/2024\\\/05\\\/ozkurt3-740x410.jpg\",\"width\":911,\"height\":410},{\"@type\":\"BreadcrumbList\",\"@id\":\"https:\\\/\\\/kibrisdakik.com\\\/?p=40957#breadcrumb\",\"itemListElement\":[{\"@type\":\"ListItem\",\"position\":1,\"name\":\"Home\",\"item\":\"https:\\\/\\\/kibrisdakik.com\\\/\"},{\"@type\":\"ListItem\",\"position\":2,\"name\":\"BRTK M\u00fcd\u00fcr\u00fc Meryem \u00d6zkurt, Gen\u00e7 \u0130\u015fadamlar\u0131 Derne\u011fi\u2019ni kabul etti\"}]},{\"@type\":\"WebSite\",\"@id\":\"https:\\\/\\\/kibrisdakik.com\\\/#website\",\"url\":\"https:\\\/\\\/kibrisdakik.com\\\/\",\"name\":\"\",\"description\":\"Tam vaktinde haber\",\"potentialAction\":[{\"@type\":\"SearchAction\",\"target\":{\"@type\":\"EntryPoint\",\"urlTemplate\":\"https:\\\/\\\/kibrisdakik.com\\\/?s={search_term_string}\"},\"query-input\":{\"@type\":\"PropertyValueSpecification\",\"valueRequired\":true,\"valueName\":\"search_term_string\"}}],\"inLanguage\":\"tr\"},{\"@type\":\"Person\",\"@id\":\"https:\\\/\\\/kibrisdakik.com\\\/#\\\/schema\\\/person\\\/9cd9d437bbb44f72b73ba127e06d8e79\",\"name\":\"admin\",\"image\":{\"@type\":\"ImageObject\",\"inLanguage\":\"tr\",\"@id\":\"https:\\\/\\\/secure.gravatar.com\\\/avatar\\\/ccc17943b9d660506c869530f897617f7cb1c21a4bf30023f252596d83e1f007?s=96&d=mm&r=g\",\"url\":\"https:\\\/\\\/secure.gravatar.com\\\/avatar\\\/ccc17943b9d660506c869530f897617f7cb1c21a4bf30023f252596d83e1f007?s=96&d=mm&r=g\",\"contentUrl\":\"https:\\\/\\\/secure.gravatar.com\\\/avatar\\\/ccc17943b9d660506c869530f897617f7cb1c21a4bf30023f252596d83e1f007?s=96&d=mm&r=g\",\"caption\":\"admin\"},\"sameAs\":[\"https:\\\/\\\/kibrisdakik.com\"],\"url\":\"https:\\\/\\\/kibrisdakik.com\\\/?author=1\"}]}<\/script>\n<!-- \/ Yoast SEO plugin. -->","yoast_head_json":{"title":"BRTK M\u00fcd\u00fcr\u00fc Meryem \u00d6zkurt, Gen\u00e7 \u0130\u015fadamlar\u0131 Derne\u011fi\u2019ni kabul etti -","robots":{"index":"index","follow":"follow","max-snippet":"max-snippet:-1","max-image-preview":"max-image-preview:large","max-video-preview":"max-video-preview:-1"},"canonical":"https:\/\/kibrisdakik.com\/?p=40957","og_locale":"tr_TR","og_type":"article","og_title":"BRTK M\u00fcd\u00fcr\u00fc Meryem \u00d6zkurt, Gen\u00e7 \u0130\u015fadamlar\u0131 Derne\u011fi\u2019ni kabul etti -","og_description":"Bayrak Radyo Televizyon Kurumu (BRTK) M\u00fcd\u00fcr\u00fc Meryem \u00d6zkurt, Gen\u00e7 \u0130\u015fadamlar\u0131 Derne\u011fi\u2019ni kabul ederek g\u00f6r\u00fc\u015ft\u00fc. \u00d6zkurt, BRT\u2019de yay\u0131nlanan programlarda gen\u00e7lerin sesine kulak verildi\u011fini belirterek, gen\u00e7lere deste\u011fin her zaman oldu\u011fu gibi devam edece\u011fini s\u00f6yledi. Orhan Gavani ba\u015fkanl\u0131\u011f\u0131ndaki Gen\u00e7 \u0130\u015fadamlar\u0131 Derne\u011fi Y\u00f6netim Kurulu \u00dcyeleri Bayrak Radyo Televizyon Kurumu M\u00fcd\u00fcr\u00fc Meryem \u00d6zkurt\u2019u ziyaret etti. Ziyarette konu\u015fan Bayrak Radyo Televizyon","og_url":"https:\/\/kibrisdakik.com\/?p=40957","article_published_time":"2024-05-09T20:12:51+00:00","og_image":[{"width":911,"height":410,"url":"https:\/\/kibrisdakik.com\/wp-content\/uploads\/2024\/05\/ozkurt3-740x410.jpg","type":"image\/jpeg"}],"author":"admin","twitter_card":"summary_large_image","twitter_misc":{"Yazan:":"admin","Tahmini okuma s\u00fcresi":"1 dakika"},"schema":{"@context":"https:\/\/schema.org","@graph":[{"@type":"Article","@id":"https:\/\/kibrisdakik.com\/?p=40957#article","isPartOf":{"@id":"https:\/\/kibrisdakik.com\/?p=40957"},"author":{"name":"admin","@id":"https:\/\/kibrisdakik.com\/#\/schema\/person\/9cd9d437bbb44f72b73ba127e06d8e79"},"headline":"BRTK M\u00fcd\u00fcr\u00fc Meryem \u00d6zkurt, Gen\u00e7 \u0130\u015fadamlar\u0131 Derne\u011fi\u2019ni kabul etti","datePublished":"2024-05-09T20:12:51+00:00","mainEntityOfPage":{"@id":"https:\/\/kibrisdakik.com\/?p=40957"},"wordCount":277,"commentCount":0,"image":{"@id":"https:\/\/kibrisdakik.com\/?p=40957#primaryimage"},"thumbnailUrl":"https:\/\/kibrisdakik.com\/wp-content\/uploads\/2024\/05\/ozkurt3-740x410.jpg","articleSection":["G\u00fcndem"],"inLanguage":"tr","potentialAction":[{"@type":"CommentAction","name":"Comment","target":["https:\/\/kibrisdakik.com\/?p=40957#respond"]}]},{"@type":"WebPage","@id":"https:\/\/kibrisdakik.com\/?p=40957","url":"https:\/\/kibrisdakik.com\/?p=40957","name":"BRTK M\u00fcd\u00fcr\u00fc Meryem \u00d6zkurt, Gen\u00e7 \u0130\u015fadamlar\u0131 Derne\u011fi\u2019ni kabul etti -","isPartOf":{"@id":"https:\/\/kibrisdakik.com\/#website"},"primaryImageOfPage":{"@id":"https:\/\/kibrisdakik.com\/?p=40957#primaryimage"},"image":{"@id":"https:\/\/kibrisdakik.com\/?p=40957#primaryimage"},"thumbnailUrl":"https:\/\/kibrisdakik.com\/wp-content\/uploads\/2024\/05\/ozkurt3-740x410.jpg","datePublished":"2024-05-09T20:12:51+00:00","author":{"@id":"https:\/\/kibrisdakik.com\/#\/schema\/person\/9cd9d437bbb44f72b73ba127e06d8e79"},"breadcrumb":{"@id":"https:\/\/kibrisdakik.com\/?p=40957#breadcrumb"},"inLanguage":"tr","potentialAction":[{"@type":"ReadAction","target":["https:\/\/kibrisdakik.com\/?p=40957"]}]},{"@type":"ImageObject","inLanguage":"tr","@id":"https:\/\/kibrisdakik.com\/?p=40957#primaryimage","url":"https:\/\/kibrisdakik.com\/wp-content\/uploads\/2024\/05\/ozkurt3-740x410.jpg","contentUrl":"https:\/\/kibrisdakik.com\/wp-content\/uploads\/2024\/05\/ozkurt3-740x410.jpg","width":911,"height":410},{"@type":"BreadcrumbList","@id":"https:\/\/kibrisdakik.com\/?p=40957#breadcrumb","itemListElement":[{"@type":"ListItem","position":1,"name":"Home","item":"https:\/\/kibrisdakik.com\/"},{"@type":"ListItem","position":2,"name":"BRTK M\u00fcd\u00fcr\u00fc Meryem \u00d6zkurt, Gen\u00e7 \u0130\u015fadamlar\u0131 Derne\u011fi\u2019ni kabul etti"}]},{"@type":"WebSite","@id":"https:\/\/kibrisdakik.com\/#website","url":"https:\/\/kibrisdakik.com\/","name":"","description":"Tam vaktinde haber","potentialAction":[{"@type":"SearchAction","target":{"@type":"EntryPoint","urlTemplate":"https:\/\/kibrisdakik.com\/?s={search_term_string}"},"query-input":{"@type":"PropertyValueSpecification","valueRequired":true,"valueName":"search_term_string"}}],"inLanguage":"tr"},{"@type":"Person","@id":"https:\/\/kibrisdakik.com\/#\/schema\/person\/9cd9d437bbb44f72b73ba127e06d8e79","name":"admin","image":{"@type":"ImageObject","inLanguage":"tr","@id":"https:\/\/secure.gravatar.com\/avatar\/ccc17943b9d660506c869530f897617f7cb1c21a4bf30023f252596d83e1f007?s=96&d=mm&r=g","url":"https:\/\/secure.gravatar.com\/avatar\/ccc17943b9d660506c869530f897617f7cb1c21a4bf30023f252596d83e1f007?s=96&d=mm&r=g","contentUrl":"https:\/\/secure.gravatar.com\/avatar\/ccc17943b9d660506c869530f897617f7cb1c21a4bf30023f252596d83e1f007?s=96&d=mm&r=g","caption":"admin"},"sameAs":["https:\/\/kibrisdakik.com"],"url":"https:\/\/kibrisdakik.com\/?author=1"}]}},"_links":{"self":[{"href":"https:\/\/kibrisdakik.com\/index.php?rest_route=\/wp\/v2\/posts\/40957","targetHints":{"allow":["GET"]}}],"collection":[{"href":"https:\/\/kibrisdakik.com\/index.php?rest_route=\/wp\/v2\/posts"}],"about":[{"href":"https:\/\/kibrisdakik.com\/index.php?rest_route=\/wp\/v2\/types\/post"}],"author":[{"embeddable":true,"href":"https:\/\/kibrisdakik.com\/index.php?rest_route=\/wp\/v2\/users\/1"}],"replies":[{"embeddable":true,"href":"https:\/\/kibrisdakik.com\/index.php?rest_route=%2Fwp%2Fv2%2Fcomments&post=40957"}],"version-history":[{"count":0,"href":"https:\/\/kibrisdakik.com\/index.php?rest_route=\/wp\/v2\/posts\/40957\/revisions"}],"wp:featuredmedia":[{"embeddable":true,"href":"https:\/\/kibrisdakik.com\/index.php?rest_route=\/wp\/v2\/media\/40958"}],"wp:attachment":[{"href":"https:\/\/kibrisdakik.com\/index.php?rest_route=%2Fwp%2Fv2%2Fmedia&parent=40957"}],"wp:term":[{"taxonomy":"category","embeddable":true,"href":"https:\/\/kibrisdakik.com\/index.php?rest_route=%2Fwp%2Fv2%2Fcategories&post=40957"},{"taxonomy":"post_tag","embeddable":true,"href":"https:\/\/kibrisdakik.com\/index.php?rest_route=%2Fwp%2Fv2%2Ftags&post=40957"}],"curies":[{"name":"wp","href":"https:\/\/api.w.org\/{rel}","templated":true}]}}