{"id":40977,"date":"2024-05-09T23:54:49","date_gmt":"2024-05-09T23:54:49","guid":{"rendered":"https:\/\/kibrisdakik.com\/index.php\/2024\/05\/09\/mersin-tarsus-organize-sanayi-bolgesi-heyetini-kabul-etti\/"},"modified":"2024-05-09T23:54:49","modified_gmt":"2024-05-09T23:54:49","slug":"mersin-tarsus-organize-sanayi-bolgesi-heyetini-kabul-etti","status":"publish","type":"post","link":"https:\/\/kibrisdakik.com\/?p=40977","title":{"rendered":"Mersin Tarsus Organize Sanayi B\u00f6lgesi heyetini kabul etti"},"content":{"rendered":"<p><img decoding=\"async\" src=\"https:\/\/www.kibristurk.com\/images\/haberler\/2024\/05\/mersin-tarsus-organize-sanayi-bolgesi-heyetini-kabul-etti-1715261687.webp\" \/><\/p>\n<p style=\"text-align:left\"><span style=\"font-size:16px\"><span style=\"font-family:Merriweather,serif !important\"><span style=\"color:#000000\"><span style=\"background-color:#ffffff\">Bakanl\u0131ktan yap\u0131lan a\u00e7\u0131klamaya g\u00f6re Bakanl\u0131k toplant\u0131 salonunda yer alan kabulde konu\u015fan Maliye Bakan\u0131 \u00d6zdemir Berova, Mersin Tarsus Organize Sanayi B\u00f6lgesi heyetini a\u011f\u0131rlamaktan memnuniyet duydu\u011funu dile getirdi.<\/span><\/span><\/span><\/span><\/p>\n<p style=\"text-align:left\"><span style=\"font-size:16px\"><span style=\"font-family:Merriweather,serif !important\"><span style=\"color:#000000\"><span style=\"background-color:#ffffff\">Berova, T\u00fcrkiye ve KKTC aras\u0131nda g\u00fc\u00e7l\u00fc ve tarihi ba\u011flar oldu\u011funa i\u015faret ederek, bu ba\u011flar\u0131n iki \u00fclke aras\u0131nda her alanda yap\u0131lan ve yap\u0131lacak olan kar\u015f\u0131l\u0131kl\u0131 deneyimlerin payla\u015f\u0131lmas\u0131, ortak \u00e7al\u0131\u015fmalar\u0131n ve i\u015f birli\u011finin geli\u015ftirilmesiyle daha da g\u00fc\u00e7lendi\u011fini kaydetti ve \u201cEsas hedefimiz \u00fclkemizi ekonomik olarak kalk\u0131nd\u0131rmak\u201d dedi.<\/span><\/span><\/span><\/span><\/p>\n<p style=\"text-align:left\"><span style=\"font-size:16px\"><span style=\"font-family:Merriweather,serif !important\"><span style=\"color:#000000\"><span style=\"background-color:#ffffff\">T\u00fcrkiye\u2019deki geli\u015fmeleri yak\u0131ndan takip ettiklerini de belirten Berova, deneyimlerin payla\u015f\u0131lmas\u0131 i\u00e7in temaslar\u0131n\u0131n s\u00fcrd\u00fc\u011f\u00fcn\u00fc, ge\u00e7en ekimde Mersin\u2019i ziyaret ederek, serbest limanda incelemelerde bulunduklar\u0131n\u0131 hat\u0131rlatt\u0131.<\/span><\/span><\/span><\/span><\/p>\n<p style=\"text-align:left\"><span style=\"font-size:16px\"><span style=\"font-family:Merriweather,serif !important\"><span style=\"color:#000000\"><span style=\"background-color:#ffffff\">\u201cMersin&#8217;in K\u0131br\u0131s T\u00fcrk halk\u0131 i\u00e7in ayr\u0131 bir \u00f6neme sahip oldu\u011funu\u201d s\u00f6yleyen Berova, \u201cMersin\u2019in, ge\u00e7mi\u015ften bug\u00fcne T\u00fcrkiye ve K\u0131br\u0131s aras\u0131nda deniz ta\u015f\u0131mac\u0131l\u0131\u011f\u0131n\u0131n ana giri\u015f ve \u00e7\u0131k\u0131\u015f kap\u0131s\u0131 oldu\u011funu, deniz yolu ile olan ithalat ve ihracat\u0131n da b\u00fcy\u00fck \u00e7o\u011funlu\u011funun Mersin \u00fczerinden yap\u0131ld\u0131\u011f\u0131n\u0131\u201d s\u00f6yledi.<\/span><\/span><\/span><\/span><\/p>\n<p style=\"text-align:left\"><span style=\"font-size:16px\"><span style=\"font-family:Merriweather,serif !important\"><span style=\"color:#000000\"><span style=\"background-color:#ffffff\">KKTC\u2019nin pek \u00e7ok alanda yat\u0131r\u0131m yapabilecek alanlara sahip oldu\u011funu s\u00f6yleyen Berova, ekonomik kalk\u0131nma hamlesi i\u00e7erisinde yerli ve yabanc\u0131 yat\u0131r\u0131mc\u0131n\u0131n i\u015f birli\u011fini \u00f6nemsediklerini belirtti.<\/span><\/span><\/span><\/span><\/p>\n<p style=\"text-align:left\"><span style=\"font-size:16px\"><span style=\"font-family:Merriweather,serif !important\"><span style=\"color:#000000\"><span style=\"background-color:#ffffff\">MTOSB Ba\u015fkan\u0131 Tekli de, kabul\u00fcnden dolay\u0131 Berova\u2019ya te\u015fekk\u00fcr ederek, y\u00f6netim kurulu \u00fcyeleri ile birlikte KKTC\u2019de bulunmaktan mutlu olduklar\u0131n\u0131 s\u00f6yledi.<\/span><\/span><\/span><\/span><\/p>\n<p style=\"text-align:left\"><span style=\"font-size:16px\"><span style=\"font-family:Merriweather,serif !important\"><span style=\"color:#000000\"><span style=\"background-color:#ffffff\">MTOSB olarak 300 sanayicisi olan bir b\u00f6lgenin uzun y\u0131llard\u0131r y\u00f6netiminde bulunduklar\u0131n\u0131 s\u00f6yleyen Tekli, \u201ciki \u00fclke i\u015f insanlar\u0131n\u0131n i\u015f birli\u011fine ve mevcut olan i\u015f birli\u011finin geli\u015fmesine de her t\u00fcrl\u00fc deste\u011fi vermeye haz\u0131r olduklar\u0131n\u0131\u201d kaydetti.<\/span><\/span><\/span><\/span><\/p>\n<p style=\"text-align:left\"><span style=\"font-size:16px\"><span style=\"font-family:Merriweather,serif !important\"><span style=\"color:#000000\"><span style=\"background-color:#ffffff\">G\u00f6r\u00fc\u015fmenin sonunda hediye teatisinde bulunuldu.<\/span><\/span><\/span><\/span><\/p>\n","protected":false},"excerpt":{"rendered":"<p>Bakanl\u0131ktan yap\u0131lan a\u00e7\u0131klamaya g\u00f6re Bakanl\u0131k toplant\u0131 salonunda yer alan kabulde konu\u015fan Maliye Bakan\u0131 \u00d6zdemir Berova, Mersin Tarsus Organize Sanayi B\u00f6lgesi heyetini a\u011f\u0131rlamaktan memnuniyet duydu\u011funu dile getirdi. Berova, T\u00fcrkiye ve KKTC aras\u0131nda g\u00fc\u00e7l\u00fc ve tarihi ba\u011flar oldu\u011funa i\u015faret ederek, bu ba\u011flar\u0131n iki \u00fclke aras\u0131nda her alanda yap\u0131lan ve yap\u0131lacak olan kar\u015f\u0131l\u0131kl\u0131 deneyimlerin payla\u015f\u0131lmas\u0131, ortak \u00e7al\u0131\u015fmalar\u0131n ve<\/p>\n","protected":false},"author":1,"featured_media":40978,"comment_status":"open","ping_status":"open","sticky":false,"template":"","format":"standard","meta":{"footnotes":""},"categories":[79],"tags":[],"class_list":["post-40977","post","type-post","status-publish","format-standard","has-post-thumbnail","hentry","category-ekonomi"],"yoast_head":"<!-- This site is optimized with the Yoast SEO plugin v27.4 - https:\/\/yoast.com\/product\/yoast-seo-wordpress\/ -->\n<title>Mersin Tarsus Organize Sanayi B\u00f6lgesi heyetini kabul etti -<\/title>\n<meta name=\"robots\" content=\"index, follow, max-snippet:-1, max-image-preview:large, max-video-preview:-1\" \/>\n<link rel=\"canonical\" href=\"https:\/\/kibrisdakik.com\/?p=40977\" \/>\n<meta property=\"og:locale\" content=\"tr_TR\" \/>\n<meta property=\"og:type\" content=\"article\" \/>\n<meta property=\"og:title\" content=\"Mersin Tarsus Organize Sanayi B\u00f6lgesi heyetini kabul etti -\" \/>\n<meta property=\"og:description\" content=\"Bakanl\u0131ktan yap\u0131lan a\u00e7\u0131klamaya g\u00f6re Bakanl\u0131k toplant\u0131 salonunda yer alan kabulde konu\u015fan Maliye Bakan\u0131 \u00d6zdemir Berova, Mersin Tarsus Organize Sanayi B\u00f6lgesi heyetini a\u011f\u0131rlamaktan memnuniyet duydu\u011funu dile getirdi. Berova, T\u00fcrkiye ve KKTC aras\u0131nda g\u00fc\u00e7l\u00fc ve tarihi ba\u011flar oldu\u011funa i\u015faret ederek, bu ba\u011flar\u0131n iki \u00fclke aras\u0131nda her alanda yap\u0131lan ve yap\u0131lacak olan kar\u015f\u0131l\u0131kl\u0131 deneyimlerin payla\u015f\u0131lmas\u0131, ortak \u00e7al\u0131\u015fmalar\u0131n ve\" \/>\n<meta property=\"og:url\" content=\"https:\/\/kibrisdakik.com\/?p=40977\" \/>\n<meta property=\"article:published_time\" content=\"2024-05-09T23:54:49+00:00\" \/>\n<meta property=\"og:image\" content=\"https:\/\/kibrisdakik.com\/wp-content\/uploads\/2024\/05\/mersin-tarsus-organize-sanayi-bolgesi-heyetini-kabul-etti-1715261687.webp.webp\" \/>\n\t<meta property=\"og:image:width\" content=\"710\" \/>\n\t<meta property=\"og:image:height\" content=\"370\" \/>\n\t<meta property=\"og:image:type\" content=\"image\/webp\" \/>\n<meta name=\"author\" content=\"admin\" \/>\n<meta name=\"twitter:card\" content=\"summary_large_image\" \/>\n<meta name=\"twitter:label1\" content=\"Yazan:\" \/>\n\t<meta name=\"twitter:data1\" content=\"admin\" \/>\n\t<meta name=\"twitter:label2\" content=\"Tahmini okuma s\u00fcresi\" \/>\n\t<meta name=\"twitter:data2\" content=\"2 dakika\" \/>\n<script type=\"application\/ld+json\" class=\"yoast-schema-graph\">{\"@context\":\"https:\\\/\\\/schema.org\",\"@graph\":[{\"@type\":\"Article\",\"@id\":\"https:\\\/\\\/kibrisdakik.com\\\/?p=40977#article\",\"isPartOf\":{\"@id\":\"https:\\\/\\\/kibrisdakik.com\\\/?p=40977\"},\"author\":{\"name\":\"admin\",\"@id\":\"https:\\\/\\\/kibrisdakik.com\\\/#\\\/schema\\\/person\\\/9cd9d437bbb44f72b73ba127e06d8e79\"},\"headline\":\"Mersin Tarsus Organize Sanayi B\u00f6lgesi heyetini kabul etti\",\"datePublished\":\"2024-05-09T23:54:49+00:00\",\"mainEntityOfPage\":{\"@id\":\"https:\\\/\\\/kibrisdakik.com\\\/?p=40977\"},\"wordCount\":333,\"commentCount\":0,\"image\":{\"@id\":\"https:\\\/\\\/kibrisdakik.com\\\/?p=40977#primaryimage\"},\"thumbnailUrl\":\"https:\\\/\\\/kibrisdakik.com\\\/wp-content\\\/uploads\\\/2024\\\/05\\\/mersin-tarsus-organize-sanayi-bolgesi-heyetini-kabul-etti-1715261687.webp.webp\",\"articleSection\":[\"Ekonomi\"],\"inLanguage\":\"tr\",\"potentialAction\":[{\"@type\":\"CommentAction\",\"name\":\"Comment\",\"target\":[\"https:\\\/\\\/kibrisdakik.com\\\/?p=40977#respond\"]}]},{\"@type\":\"WebPage\",\"@id\":\"https:\\\/\\\/kibrisdakik.com\\\/?p=40977\",\"url\":\"https:\\\/\\\/kibrisdakik.com\\\/?p=40977\",\"name\":\"Mersin Tarsus Organize Sanayi B\u00f6lgesi heyetini kabul etti -\",\"isPartOf\":{\"@id\":\"https:\\\/\\\/kibrisdakik.com\\\/#website\"},\"primaryImageOfPage\":{\"@id\":\"https:\\\/\\\/kibrisdakik.com\\\/?p=40977#primaryimage\"},\"image\":{\"@id\":\"https:\\\/\\\/kibrisdakik.com\\\/?p=40977#primaryimage\"},\"thumbnailUrl\":\"https:\\\/\\\/kibrisdakik.com\\\/wp-content\\\/uploads\\\/2024\\\/05\\\/mersin-tarsus-organize-sanayi-bolgesi-heyetini-kabul-etti-1715261687.webp.webp\",\"datePublished\":\"2024-05-09T23:54:49+00:00\",\"author\":{\"@id\":\"https:\\\/\\\/kibrisdakik.com\\\/#\\\/schema\\\/person\\\/9cd9d437bbb44f72b73ba127e06d8e79\"},\"breadcrumb\":{\"@id\":\"https:\\\/\\\/kibrisdakik.com\\\/?p=40977#breadcrumb\"},\"inLanguage\":\"tr\",\"potentialAction\":[{\"@type\":\"ReadAction\",\"target\":[\"https:\\\/\\\/kibrisdakik.com\\\/?p=40977\"]}]},{\"@type\":\"ImageObject\",\"inLanguage\":\"tr\",\"@id\":\"https:\\\/\\\/kibrisdakik.com\\\/?p=40977#primaryimage\",\"url\":\"https:\\\/\\\/kibrisdakik.com\\\/wp-content\\\/uploads\\\/2024\\\/05\\\/mersin-tarsus-organize-sanayi-bolgesi-heyetini-kabul-etti-1715261687.webp.webp\",\"contentUrl\":\"https:\\\/\\\/kibrisdakik.com\\\/wp-content\\\/uploads\\\/2024\\\/05\\\/mersin-tarsus-organize-sanayi-bolgesi-heyetini-kabul-etti-1715261687.webp.webp\",\"width\":710,\"height\":370},{\"@type\":\"BreadcrumbList\",\"@id\":\"https:\\\/\\\/kibrisdakik.com\\\/?p=40977#breadcrumb\",\"itemListElement\":[{\"@type\":\"ListItem\",\"position\":1,\"name\":\"Home\",\"item\":\"https:\\\/\\\/kibrisdakik.com\\\/\"},{\"@type\":\"ListItem\",\"position\":2,\"name\":\"Mersin Tarsus Organize Sanayi B\u00f6lgesi heyetini kabul etti\"}]},{\"@type\":\"WebSite\",\"@id\":\"https:\\\/\\\/kibrisdakik.com\\\/#website\",\"url\":\"https:\\\/\\\/kibrisdakik.com\\\/\",\"name\":\"\",\"description\":\"Tam vaktinde haber\",\"potentialAction\":[{\"@type\":\"SearchAction\",\"target\":{\"@type\":\"EntryPoint\",\"urlTemplate\":\"https:\\\/\\\/kibrisdakik.com\\\/?s={search_term_string}\"},\"query-input\":{\"@type\":\"PropertyValueSpecification\",\"valueRequired\":true,\"valueName\":\"search_term_string\"}}],\"inLanguage\":\"tr\"},{\"@type\":\"Person\",\"@id\":\"https:\\\/\\\/kibrisdakik.com\\\/#\\\/schema\\\/person\\\/9cd9d437bbb44f72b73ba127e06d8e79\",\"name\":\"admin\",\"image\":{\"@type\":\"ImageObject\",\"inLanguage\":\"tr\",\"@id\":\"https:\\\/\\\/secure.gravatar.com\\\/avatar\\\/ccc17943b9d660506c869530f897617f7cb1c21a4bf30023f252596d83e1f007?s=96&d=mm&r=g\",\"url\":\"https:\\\/\\\/secure.gravatar.com\\\/avatar\\\/ccc17943b9d660506c869530f897617f7cb1c21a4bf30023f252596d83e1f007?s=96&d=mm&r=g\",\"contentUrl\":\"https:\\\/\\\/secure.gravatar.com\\\/avatar\\\/ccc17943b9d660506c869530f897617f7cb1c21a4bf30023f252596d83e1f007?s=96&d=mm&r=g\",\"caption\":\"admin\"},\"sameAs\":[\"https:\\\/\\\/kibrisdakik.com\"],\"url\":\"https:\\\/\\\/kibrisdakik.com\\\/?author=1\"}]}<\/script>\n<!-- \/ Yoast SEO plugin. -->","yoast_head_json":{"title":"Mersin Tarsus Organize Sanayi B\u00f6lgesi heyetini kabul etti -","robots":{"index":"index","follow":"follow","max-snippet":"max-snippet:-1","max-image-preview":"max-image-preview:large","max-video-preview":"max-video-preview:-1"},"canonical":"https:\/\/kibrisdakik.com\/?p=40977","og_locale":"tr_TR","og_type":"article","og_title":"Mersin Tarsus Organize Sanayi B\u00f6lgesi heyetini kabul etti -","og_description":"Bakanl\u0131ktan yap\u0131lan a\u00e7\u0131klamaya g\u00f6re Bakanl\u0131k toplant\u0131 salonunda yer alan kabulde konu\u015fan Maliye Bakan\u0131 \u00d6zdemir Berova, Mersin Tarsus Organize Sanayi B\u00f6lgesi heyetini a\u011f\u0131rlamaktan memnuniyet duydu\u011funu dile getirdi. Berova, T\u00fcrkiye ve KKTC aras\u0131nda g\u00fc\u00e7l\u00fc ve tarihi ba\u011flar oldu\u011funa i\u015faret ederek, bu ba\u011flar\u0131n iki \u00fclke aras\u0131nda her alanda yap\u0131lan ve yap\u0131lacak olan kar\u015f\u0131l\u0131kl\u0131 deneyimlerin payla\u015f\u0131lmas\u0131, ortak \u00e7al\u0131\u015fmalar\u0131n ve","og_url":"https:\/\/kibrisdakik.com\/?p=40977","article_published_time":"2024-05-09T23:54:49+00:00","og_image":[{"width":710,"height":370,"url":"https:\/\/kibrisdakik.com\/wp-content\/uploads\/2024\/05\/mersin-tarsus-organize-sanayi-bolgesi-heyetini-kabul-etti-1715261687.webp.webp","type":"image\/webp"}],"author":"admin","twitter_card":"summary_large_image","twitter_misc":{"Yazan:":"admin","Tahmini okuma s\u00fcresi":"2 dakika"},"schema":{"@context":"https:\/\/schema.org","@graph":[{"@type":"Article","@id":"https:\/\/kibrisdakik.com\/?p=40977#article","isPartOf":{"@id":"https:\/\/kibrisdakik.com\/?p=40977"},"author":{"name":"admin","@id":"https:\/\/kibrisdakik.com\/#\/schema\/person\/9cd9d437bbb44f72b73ba127e06d8e79"},"headline":"Mersin Tarsus Organize Sanayi B\u00f6lgesi heyetini kabul etti","datePublished":"2024-05-09T23:54:49+00:00","mainEntityOfPage":{"@id":"https:\/\/kibrisdakik.com\/?p=40977"},"wordCount":333,"commentCount":0,"image":{"@id":"https:\/\/kibrisdakik.com\/?p=40977#primaryimage"},"thumbnailUrl":"https:\/\/kibrisdakik.com\/wp-content\/uploads\/2024\/05\/mersin-tarsus-organize-sanayi-bolgesi-heyetini-kabul-etti-1715261687.webp.webp","articleSection":["Ekonomi"],"inLanguage":"tr","potentialAction":[{"@type":"CommentAction","name":"Comment","target":["https:\/\/kibrisdakik.com\/?p=40977#respond"]}]},{"@type":"WebPage","@id":"https:\/\/kibrisdakik.com\/?p=40977","url":"https:\/\/kibrisdakik.com\/?p=40977","name":"Mersin Tarsus Organize Sanayi B\u00f6lgesi heyetini kabul etti -","isPartOf":{"@id":"https:\/\/kibrisdakik.com\/#website"},"primaryImageOfPage":{"@id":"https:\/\/kibrisdakik.com\/?p=40977#primaryimage"},"image":{"@id":"https:\/\/kibrisdakik.com\/?p=40977#primaryimage"},"thumbnailUrl":"https:\/\/kibrisdakik.com\/wp-content\/uploads\/2024\/05\/mersin-tarsus-organize-sanayi-bolgesi-heyetini-kabul-etti-1715261687.webp.webp","datePublished":"2024-05-09T23:54:49+00:00","author":{"@id":"https:\/\/kibrisdakik.com\/#\/schema\/person\/9cd9d437bbb44f72b73ba127e06d8e79"},"breadcrumb":{"@id":"https:\/\/kibrisdakik.com\/?p=40977#breadcrumb"},"inLanguage":"tr","potentialAction":[{"@type":"ReadAction","target":["https:\/\/kibrisdakik.com\/?p=40977"]}]},{"@type":"ImageObject","inLanguage":"tr","@id":"https:\/\/kibrisdakik.com\/?p=40977#primaryimage","url":"https:\/\/kibrisdakik.com\/wp-content\/uploads\/2024\/05\/mersin-tarsus-organize-sanayi-bolgesi-heyetini-kabul-etti-1715261687.webp.webp","contentUrl":"https:\/\/kibrisdakik.com\/wp-content\/uploads\/2024\/05\/mersin-tarsus-organize-sanayi-bolgesi-heyetini-kabul-etti-1715261687.webp.webp","width":710,"height":370},{"@type":"BreadcrumbList","@id":"https:\/\/kibrisdakik.com\/?p=40977#breadcrumb","itemListElement":[{"@type":"ListItem","position":1,"name":"Home","item":"https:\/\/kibrisdakik.com\/"},{"@type":"ListItem","position":2,"name":"Mersin Tarsus Organize Sanayi B\u00f6lgesi heyetini kabul etti"}]},{"@type":"WebSite","@id":"https:\/\/kibrisdakik.com\/#website","url":"https:\/\/kibrisdakik.com\/","name":"","description":"Tam vaktinde haber","potentialAction":[{"@type":"SearchAction","target":{"@type":"EntryPoint","urlTemplate":"https:\/\/kibrisdakik.com\/?s={search_term_string}"},"query-input":{"@type":"PropertyValueSpecification","valueRequired":true,"valueName":"search_term_string"}}],"inLanguage":"tr"},{"@type":"Person","@id":"https:\/\/kibrisdakik.com\/#\/schema\/person\/9cd9d437bbb44f72b73ba127e06d8e79","name":"admin","image":{"@type":"ImageObject","inLanguage":"tr","@id":"https:\/\/secure.gravatar.com\/avatar\/ccc17943b9d660506c869530f897617f7cb1c21a4bf30023f252596d83e1f007?s=96&d=mm&r=g","url":"https:\/\/secure.gravatar.com\/avatar\/ccc17943b9d660506c869530f897617f7cb1c21a4bf30023f252596d83e1f007?s=96&d=mm&r=g","contentUrl":"https:\/\/secure.gravatar.com\/avatar\/ccc17943b9d660506c869530f897617f7cb1c21a4bf30023f252596d83e1f007?s=96&d=mm&r=g","caption":"admin"},"sameAs":["https:\/\/kibrisdakik.com"],"url":"https:\/\/kibrisdakik.com\/?author=1"}]}},"_links":{"self":[{"href":"https:\/\/kibrisdakik.com\/index.php?rest_route=\/wp\/v2\/posts\/40977","targetHints":{"allow":["GET"]}}],"collection":[{"href":"https:\/\/kibrisdakik.com\/index.php?rest_route=\/wp\/v2\/posts"}],"about":[{"href":"https:\/\/kibrisdakik.com\/index.php?rest_route=\/wp\/v2\/types\/post"}],"author":[{"embeddable":true,"href":"https:\/\/kibrisdakik.com\/index.php?rest_route=\/wp\/v2\/users\/1"}],"replies":[{"embeddable":true,"href":"https:\/\/kibrisdakik.com\/index.php?rest_route=%2Fwp%2Fv2%2Fcomments&post=40977"}],"version-history":[{"count":0,"href":"https:\/\/kibrisdakik.com\/index.php?rest_route=\/wp\/v2\/posts\/40977\/revisions"}],"wp:featuredmedia":[{"embeddable":true,"href":"https:\/\/kibrisdakik.com\/index.php?rest_route=\/wp\/v2\/media\/40978"}],"wp:attachment":[{"href":"https:\/\/kibrisdakik.com\/index.php?rest_route=%2Fwp%2Fv2%2Fmedia&parent=40977"}],"wp:term":[{"taxonomy":"category","embeddable":true,"href":"https:\/\/kibrisdakik.com\/index.php?rest_route=%2Fwp%2Fv2%2Fcategories&post=40977"},{"taxonomy":"post_tag","embeddable":true,"href":"https:\/\/kibrisdakik.com\/index.php?rest_route=%2Fwp%2Fv2%2Ftags&post=40977"}],"curies":[{"name":"wp","href":"https:\/\/api.w.org\/{rel}","templated":true}]}}