{"id":41032,"date":"2024-05-10T10:25:53","date_gmt":"2024-05-10T10:25:53","guid":{"rendered":"https:\/\/kibrisdakik.com\/index.php\/2024\/05\/10\/kktc-engelliler-dayanisma-dernegi-engelli-istihdaminin-devamini-istedi\/"},"modified":"2024-05-10T10:25:53","modified_gmt":"2024-05-10T10:25:53","slug":"kktc-engelliler-dayanisma-dernegi-engelli-istihdaminin-devamini-istedi","status":"publish","type":"post","link":"https:\/\/kibrisdakik.com\/?p=41032","title":{"rendered":"KKTC Engelliler Dayan\u0131\u015fma Derne\u011fi, engelli istihdam\u0131n\u0131n devam\u0131n\u0131 istedi"},"content":{"rendered":"<p><\/p>\n<div>\n<div class=\"mariselle-image-container none\">\n                <img loading=\"lazy\" decoding=\"async\" width=\"929\" height=\"583\" class=\"lazy-image\" alt=\"\" sizes=\"auto, (max-width: 929px) 100vw, 929px\" src=\"https:\/\/brtk.net\/wp-content\/uploads\/2024\/05\/10\/omer-suay1.jpg?ver=d556ada52a8edb159c9c55237e59917b\" srcset=\"https:\/\/brtk.net\/wp-content\/uploads\/2024\/05\/10\/omer-suay1.jpg?ver=d556ada52a8edb159c9c55237e59917b 929w, https:\/\/brtk.net\/wp-content\/uploads\/2024\/05\/10\/omer-suay1-300x188.jpg?ver=ed44fc9520eaa2ccb738aeef77ce67a6 300w, https:\/\/brtk.net\/wp-content\/uploads\/2024\/05\/10\/omer-suay1-768x482.jpg?ver=ed44fc9520eaa2ccb738aeef77ce67a6 768w\"\/>                            <\/div>\n<p><a href=\"https:\/\/brtk.net\/\">KKTC<\/a> Engelliler Dayan\u0131\u015fma Derne\u011fi, 10-16 May\u0131s Engelliler Haftas\u0131 dolay\u0131s\u0131yla yay\u0131mlad\u0131\u011f\u0131 mesajda, engelli istihdam\u0131n\u0131 g\u00fcndeme ta\u015f\u0131d\u0131 ve 2024 y\u0131l\u0131nda engelli istihdam\u0131n\u0131n devam\u0131n\u0131 diledi.<\/p>\n<p><a href=\"https:\/\/brtk.net\/\">KKTC<\/a> Engelliler Dayan\u0131\u015fma Derne\u011fi Ba\u015fkan\u0131 \u00d6mer Suay mesaj\u0131nda, 10-16 May\u0131s Engelliler Haftas\u0131\u2019n\u0131 \u201cengel ve engellemelerin konu\u015fuldu\u011fu, \u00e7\u00f6z\u00fcmlerin y\u00fcksek sesle anlat\u0131ld\u0131\u011f\u0131 bir f\u0131rsat\u201d olarak g\u00f6rd\u00fcklerini belirtti ve engelli istihdam\u0131 ihtiyac\u0131na dikkat \u00e7ekti.<\/p>\n<p><strong>-\u201cOnlarca, y\u00fczlerce engelli birey i\u015f bekliyor\u201d<\/strong><\/p>\n<p>\u0130stihdam\u0131n temel insan hakk\u0131 oldu\u011funu kaydeden Suay, \u201c2006 y\u0131l\u0131ndan itibaren adeta kanayan yaraya d\u00f6n\u00fc\u015fen istihdam konusu, sosyal devlet anlam\u0131nda yeterlili\u011fimizi sorgulamaya ba\u015flad\u0131\u011f\u0131m\u0131z bir detayd\u0131. \u015e\u00fck\u00fcrler olsun ki 2023\u2019\u00fcn sonunda k\u00fc\u00e7\u00fck de olsa bir ad\u0131m at\u0131ld\u0131 ve 30 engelli birey kamuda istihdam edildi. Bu ad\u0131m\u0131n devam\u0131n\u0131 bekledi\u011fimizi, onlarca, y\u00fczlerce engelli bireyin i\u015f bekledi\u011fini, e\u011fitim, yetenek, yeterlilik ve bilgi birikim a\u00e7\u0131s\u0131ndan \u00fclkemize ciddi anlamda katma de\u011fer sa\u011flayacak \u00e7ok say\u0131da engelli birey oldu\u011funu hat\u0131rlatmak isterim.\u201d ifadelerini kulland\u0131.<\/p>\n<p>Suay mesaj\u0131nda, engellilerin ne negatif ne de pozitif anlamda ayr\u0131mc\u0131l\u0131k de\u011fil e\u015fit \u015fartlarda bir ya\u015fam, alg\u0131sal engellerden uzak bir i\u015f ortam\u0131 ve engelsiz bir \u00fclke istedi\u011fini de vurgulad\u0131.<\/p>\n<\/p><\/div>\n<p><script async\n                    defer\n                    crossorigin=\"anonymous\"\n                    src=\"https:\/\/connect.facebook.net\/tr_TR\/sdk.js#xfbml=1&#038;version=v3.3\"\n            ><\/script><\/p>\n","protected":false},"excerpt":{"rendered":"<p>KKTC Engelliler Dayan\u0131\u015fma Derne\u011fi, 10-16 May\u0131s Engelliler Haftas\u0131 dolay\u0131s\u0131yla yay\u0131mlad\u0131\u011f\u0131 mesajda, engelli istihdam\u0131n\u0131 g\u00fcndeme ta\u015f\u0131d\u0131 ve 2024 y\u0131l\u0131nda engelli istihdam\u0131n\u0131n devam\u0131n\u0131 diledi. KKTC Engelliler Dayan\u0131\u015fma Derne\u011fi Ba\u015fkan\u0131 \u00d6mer Suay mesaj\u0131nda, 10-16 May\u0131s Engelliler Haftas\u0131\u2019n\u0131 \u201cengel ve engellemelerin konu\u015fuldu\u011fu, \u00e7\u00f6z\u00fcmlerin y\u00fcksek sesle anlat\u0131ld\u0131\u011f\u0131 bir f\u0131rsat\u201d olarak g\u00f6rd\u00fcklerini belirtti ve engelli istihdam\u0131 ihtiyac\u0131na dikkat \u00e7ekti. -\u201cOnlarca, y\u00fczlerce<\/p>\n","protected":false},"author":1,"featured_media":41033,"comment_status":"open","ping_status":"open","sticky":false,"template":"","format":"standard","meta":{"footnotes":""},"categories":[1],"tags":[],"class_list":["post-41032","post","type-post","status-publish","format-standard","has-post-thumbnail","hentry","category-gundem"],"yoast_head":"<!-- This site is optimized with the Yoast SEO plugin v27.4 - https:\/\/yoast.com\/product\/yoast-seo-wordpress\/ -->\n<title>KKTC Engelliler Dayan\u0131\u015fma Derne\u011fi, engelli istihdam\u0131n\u0131n devam\u0131n\u0131 istedi -<\/title>\n<meta name=\"robots\" content=\"index, follow, max-snippet:-1, max-image-preview:large, max-video-preview:-1\" \/>\n<link rel=\"canonical\" href=\"https:\/\/kibrisdakik.com\/?p=41032\" \/>\n<meta property=\"og:locale\" content=\"tr_TR\" \/>\n<meta property=\"og:type\" content=\"article\" \/>\n<meta property=\"og:title\" content=\"KKTC Engelliler Dayan\u0131\u015fma Derne\u011fi, engelli istihdam\u0131n\u0131n devam\u0131n\u0131 istedi -\" \/>\n<meta property=\"og:description\" content=\"KKTC Engelliler Dayan\u0131\u015fma Derne\u011fi, 10-16 May\u0131s Engelliler Haftas\u0131 dolay\u0131s\u0131yla yay\u0131mlad\u0131\u011f\u0131 mesajda, engelli istihdam\u0131n\u0131 g\u00fcndeme ta\u015f\u0131d\u0131 ve 2024 y\u0131l\u0131nda engelli istihdam\u0131n\u0131n devam\u0131n\u0131 diledi. KKTC Engelliler Dayan\u0131\u015fma Derne\u011fi Ba\u015fkan\u0131 \u00d6mer Suay mesaj\u0131nda, 10-16 May\u0131s Engelliler Haftas\u0131\u2019n\u0131 \u201cengel ve engellemelerin konu\u015fuldu\u011fu, \u00e7\u00f6z\u00fcmlerin y\u00fcksek sesle anlat\u0131ld\u0131\u011f\u0131 bir f\u0131rsat\u201d olarak g\u00f6rd\u00fcklerini belirtti ve engelli istihdam\u0131 ihtiyac\u0131na dikkat \u00e7ekti. -\u201cOnlarca, y\u00fczlerce\" \/>\n<meta property=\"og:url\" content=\"https:\/\/kibrisdakik.com\/?p=41032\" \/>\n<meta property=\"article:published_time\" content=\"2024-05-10T10:25:53+00:00\" \/>\n<meta property=\"og:image\" content=\"https:\/\/kibrisdakik.com\/wp-content\/uploads\/2024\/05\/omer-suay1-740x420.jpg\" \/>\n\t<meta property=\"og:image:width\" content=\"929\" \/>\n\t<meta property=\"og:image:height\" content=\"583\" \/>\n\t<meta property=\"og:image:type\" content=\"image\/jpeg\" \/>\n<meta name=\"author\" content=\"admin\" \/>\n<meta name=\"twitter:card\" content=\"summary_large_image\" \/>\n<meta name=\"twitter:label1\" content=\"Yazan:\" \/>\n\t<meta name=\"twitter:data1\" content=\"admin\" \/>\n\t<meta name=\"twitter:label2\" content=\"Tahmini okuma s\u00fcresi\" \/>\n\t<meta name=\"twitter:data2\" content=\"1 dakika\" \/>\n<script type=\"application\/ld+json\" class=\"yoast-schema-graph\">{\"@context\":\"https:\\\/\\\/schema.org\",\"@graph\":[{\"@type\":\"Article\",\"@id\":\"https:\\\/\\\/kibrisdakik.com\\\/?p=41032#article\",\"isPartOf\":{\"@id\":\"https:\\\/\\\/kibrisdakik.com\\\/?p=41032\"},\"author\":{\"name\":\"admin\",\"@id\":\"https:\\\/\\\/kibrisdakik.com\\\/#\\\/schema\\\/person\\\/9cd9d437bbb44f72b73ba127e06d8e79\"},\"headline\":\"KKTC Engelliler Dayan\u0131\u015fma Derne\u011fi, engelli istihdam\u0131n\u0131n devam\u0131n\u0131 istedi\",\"datePublished\":\"2024-05-10T10:25:53+00:00\",\"mainEntityOfPage\":{\"@id\":\"https:\\\/\\\/kibrisdakik.com\\\/?p=41032\"},\"wordCount\":240,\"commentCount\":0,\"image\":{\"@id\":\"https:\\\/\\\/kibrisdakik.com\\\/?p=41032#primaryimage\"},\"thumbnailUrl\":\"https:\\\/\\\/kibrisdakik.com\\\/wp-content\\\/uploads\\\/2024\\\/05\\\/omer-suay1-740x420.jpg\",\"articleSection\":[\"G\u00fcndem\"],\"inLanguage\":\"tr\",\"potentialAction\":[{\"@type\":\"CommentAction\",\"name\":\"Comment\",\"target\":[\"https:\\\/\\\/kibrisdakik.com\\\/?p=41032#respond\"]}]},{\"@type\":\"WebPage\",\"@id\":\"https:\\\/\\\/kibrisdakik.com\\\/?p=41032\",\"url\":\"https:\\\/\\\/kibrisdakik.com\\\/?p=41032\",\"name\":\"KKTC Engelliler Dayan\u0131\u015fma Derne\u011fi, engelli istihdam\u0131n\u0131n devam\u0131n\u0131 istedi -\",\"isPartOf\":{\"@id\":\"https:\\\/\\\/kibrisdakik.com\\\/#website\"},\"primaryImageOfPage\":{\"@id\":\"https:\\\/\\\/kibrisdakik.com\\\/?p=41032#primaryimage\"},\"image\":{\"@id\":\"https:\\\/\\\/kibrisdakik.com\\\/?p=41032#primaryimage\"},\"thumbnailUrl\":\"https:\\\/\\\/kibrisdakik.com\\\/wp-content\\\/uploads\\\/2024\\\/05\\\/omer-suay1-740x420.jpg\",\"datePublished\":\"2024-05-10T10:25:53+00:00\",\"author\":{\"@id\":\"https:\\\/\\\/kibrisdakik.com\\\/#\\\/schema\\\/person\\\/9cd9d437bbb44f72b73ba127e06d8e79\"},\"breadcrumb\":{\"@id\":\"https:\\\/\\\/kibrisdakik.com\\\/?p=41032#breadcrumb\"},\"inLanguage\":\"tr\",\"potentialAction\":[{\"@type\":\"ReadAction\",\"target\":[\"https:\\\/\\\/kibrisdakik.com\\\/?p=41032\"]}]},{\"@type\":\"ImageObject\",\"inLanguage\":\"tr\",\"@id\":\"https:\\\/\\\/kibrisdakik.com\\\/?p=41032#primaryimage\",\"url\":\"https:\\\/\\\/kibrisdakik.com\\\/wp-content\\\/uploads\\\/2024\\\/05\\\/omer-suay1-740x420.jpg\",\"contentUrl\":\"https:\\\/\\\/kibrisdakik.com\\\/wp-content\\\/uploads\\\/2024\\\/05\\\/omer-suay1-740x420.jpg\",\"width\":929,\"height\":583},{\"@type\":\"BreadcrumbList\",\"@id\":\"https:\\\/\\\/kibrisdakik.com\\\/?p=41032#breadcrumb\",\"itemListElement\":[{\"@type\":\"ListItem\",\"position\":1,\"name\":\"Home\",\"item\":\"https:\\\/\\\/kibrisdakik.com\\\/\"},{\"@type\":\"ListItem\",\"position\":2,\"name\":\"KKTC Engelliler Dayan\u0131\u015fma Derne\u011fi, engelli istihdam\u0131n\u0131n devam\u0131n\u0131 istedi\"}]},{\"@type\":\"WebSite\",\"@id\":\"https:\\\/\\\/kibrisdakik.com\\\/#website\",\"url\":\"https:\\\/\\\/kibrisdakik.com\\\/\",\"name\":\"\",\"description\":\"Tam vaktinde haber\",\"potentialAction\":[{\"@type\":\"SearchAction\",\"target\":{\"@type\":\"EntryPoint\",\"urlTemplate\":\"https:\\\/\\\/kibrisdakik.com\\\/?s={search_term_string}\"},\"query-input\":{\"@type\":\"PropertyValueSpecification\",\"valueRequired\":true,\"valueName\":\"search_term_string\"}}],\"inLanguage\":\"tr\"},{\"@type\":\"Person\",\"@id\":\"https:\\\/\\\/kibrisdakik.com\\\/#\\\/schema\\\/person\\\/9cd9d437bbb44f72b73ba127e06d8e79\",\"name\":\"admin\",\"image\":{\"@type\":\"ImageObject\",\"inLanguage\":\"tr\",\"@id\":\"https:\\\/\\\/secure.gravatar.com\\\/avatar\\\/ccc17943b9d660506c869530f897617f7cb1c21a4bf30023f252596d83e1f007?s=96&d=mm&r=g\",\"url\":\"https:\\\/\\\/secure.gravatar.com\\\/avatar\\\/ccc17943b9d660506c869530f897617f7cb1c21a4bf30023f252596d83e1f007?s=96&d=mm&r=g\",\"contentUrl\":\"https:\\\/\\\/secure.gravatar.com\\\/avatar\\\/ccc17943b9d660506c869530f897617f7cb1c21a4bf30023f252596d83e1f007?s=96&d=mm&r=g\",\"caption\":\"admin\"},\"sameAs\":[\"https:\\\/\\\/kibrisdakik.com\"],\"url\":\"https:\\\/\\\/kibrisdakik.com\\\/?author=1\"}]}<\/script>\n<!-- \/ Yoast SEO plugin. -->","yoast_head_json":{"title":"KKTC Engelliler Dayan\u0131\u015fma Derne\u011fi, engelli istihdam\u0131n\u0131n devam\u0131n\u0131 istedi -","robots":{"index":"index","follow":"follow","max-snippet":"max-snippet:-1","max-image-preview":"max-image-preview:large","max-video-preview":"max-video-preview:-1"},"canonical":"https:\/\/kibrisdakik.com\/?p=41032","og_locale":"tr_TR","og_type":"article","og_title":"KKTC Engelliler Dayan\u0131\u015fma Derne\u011fi, engelli istihdam\u0131n\u0131n devam\u0131n\u0131 istedi -","og_description":"KKTC Engelliler Dayan\u0131\u015fma Derne\u011fi, 10-16 May\u0131s Engelliler Haftas\u0131 dolay\u0131s\u0131yla yay\u0131mlad\u0131\u011f\u0131 mesajda, engelli istihdam\u0131n\u0131 g\u00fcndeme ta\u015f\u0131d\u0131 ve 2024 y\u0131l\u0131nda engelli istihdam\u0131n\u0131n devam\u0131n\u0131 diledi. KKTC Engelliler Dayan\u0131\u015fma Derne\u011fi Ba\u015fkan\u0131 \u00d6mer Suay mesaj\u0131nda, 10-16 May\u0131s Engelliler Haftas\u0131\u2019n\u0131 \u201cengel ve engellemelerin konu\u015fuldu\u011fu, \u00e7\u00f6z\u00fcmlerin y\u00fcksek sesle anlat\u0131ld\u0131\u011f\u0131 bir f\u0131rsat\u201d olarak g\u00f6rd\u00fcklerini belirtti ve engelli istihdam\u0131 ihtiyac\u0131na dikkat \u00e7ekti. -\u201cOnlarca, y\u00fczlerce","og_url":"https:\/\/kibrisdakik.com\/?p=41032","article_published_time":"2024-05-10T10:25:53+00:00","og_image":[{"width":929,"height":583,"url":"https:\/\/kibrisdakik.com\/wp-content\/uploads\/2024\/05\/omer-suay1-740x420.jpg","type":"image\/jpeg"}],"author":"admin","twitter_card":"summary_large_image","twitter_misc":{"Yazan:":"admin","Tahmini okuma s\u00fcresi":"1 dakika"},"schema":{"@context":"https:\/\/schema.org","@graph":[{"@type":"Article","@id":"https:\/\/kibrisdakik.com\/?p=41032#article","isPartOf":{"@id":"https:\/\/kibrisdakik.com\/?p=41032"},"author":{"name":"admin","@id":"https:\/\/kibrisdakik.com\/#\/schema\/person\/9cd9d437bbb44f72b73ba127e06d8e79"},"headline":"KKTC Engelliler Dayan\u0131\u015fma Derne\u011fi, engelli istihdam\u0131n\u0131n devam\u0131n\u0131 istedi","datePublished":"2024-05-10T10:25:53+00:00","mainEntityOfPage":{"@id":"https:\/\/kibrisdakik.com\/?p=41032"},"wordCount":240,"commentCount":0,"image":{"@id":"https:\/\/kibrisdakik.com\/?p=41032#primaryimage"},"thumbnailUrl":"https:\/\/kibrisdakik.com\/wp-content\/uploads\/2024\/05\/omer-suay1-740x420.jpg","articleSection":["G\u00fcndem"],"inLanguage":"tr","potentialAction":[{"@type":"CommentAction","name":"Comment","target":["https:\/\/kibrisdakik.com\/?p=41032#respond"]}]},{"@type":"WebPage","@id":"https:\/\/kibrisdakik.com\/?p=41032","url":"https:\/\/kibrisdakik.com\/?p=41032","name":"KKTC Engelliler Dayan\u0131\u015fma Derne\u011fi, engelli istihdam\u0131n\u0131n devam\u0131n\u0131 istedi -","isPartOf":{"@id":"https:\/\/kibrisdakik.com\/#website"},"primaryImageOfPage":{"@id":"https:\/\/kibrisdakik.com\/?p=41032#primaryimage"},"image":{"@id":"https:\/\/kibrisdakik.com\/?p=41032#primaryimage"},"thumbnailUrl":"https:\/\/kibrisdakik.com\/wp-content\/uploads\/2024\/05\/omer-suay1-740x420.jpg","datePublished":"2024-05-10T10:25:53+00:00","author":{"@id":"https:\/\/kibrisdakik.com\/#\/schema\/person\/9cd9d437bbb44f72b73ba127e06d8e79"},"breadcrumb":{"@id":"https:\/\/kibrisdakik.com\/?p=41032#breadcrumb"},"inLanguage":"tr","potentialAction":[{"@type":"ReadAction","target":["https:\/\/kibrisdakik.com\/?p=41032"]}]},{"@type":"ImageObject","inLanguage":"tr","@id":"https:\/\/kibrisdakik.com\/?p=41032#primaryimage","url":"https:\/\/kibrisdakik.com\/wp-content\/uploads\/2024\/05\/omer-suay1-740x420.jpg","contentUrl":"https:\/\/kibrisdakik.com\/wp-content\/uploads\/2024\/05\/omer-suay1-740x420.jpg","width":929,"height":583},{"@type":"BreadcrumbList","@id":"https:\/\/kibrisdakik.com\/?p=41032#breadcrumb","itemListElement":[{"@type":"ListItem","position":1,"name":"Home","item":"https:\/\/kibrisdakik.com\/"},{"@type":"ListItem","position":2,"name":"KKTC Engelliler Dayan\u0131\u015fma Derne\u011fi, engelli istihdam\u0131n\u0131n devam\u0131n\u0131 istedi"}]},{"@type":"WebSite","@id":"https:\/\/kibrisdakik.com\/#website","url":"https:\/\/kibrisdakik.com\/","name":"","description":"Tam vaktinde haber","potentialAction":[{"@type":"SearchAction","target":{"@type":"EntryPoint","urlTemplate":"https:\/\/kibrisdakik.com\/?s={search_term_string}"},"query-input":{"@type":"PropertyValueSpecification","valueRequired":true,"valueName":"search_term_string"}}],"inLanguage":"tr"},{"@type":"Person","@id":"https:\/\/kibrisdakik.com\/#\/schema\/person\/9cd9d437bbb44f72b73ba127e06d8e79","name":"admin","image":{"@type":"ImageObject","inLanguage":"tr","@id":"https:\/\/secure.gravatar.com\/avatar\/ccc17943b9d660506c869530f897617f7cb1c21a4bf30023f252596d83e1f007?s=96&d=mm&r=g","url":"https:\/\/secure.gravatar.com\/avatar\/ccc17943b9d660506c869530f897617f7cb1c21a4bf30023f252596d83e1f007?s=96&d=mm&r=g","contentUrl":"https:\/\/secure.gravatar.com\/avatar\/ccc17943b9d660506c869530f897617f7cb1c21a4bf30023f252596d83e1f007?s=96&d=mm&r=g","caption":"admin"},"sameAs":["https:\/\/kibrisdakik.com"],"url":"https:\/\/kibrisdakik.com\/?author=1"}]}},"_links":{"self":[{"href":"https:\/\/kibrisdakik.com\/index.php?rest_route=\/wp\/v2\/posts\/41032","targetHints":{"allow":["GET"]}}],"collection":[{"href":"https:\/\/kibrisdakik.com\/index.php?rest_route=\/wp\/v2\/posts"}],"about":[{"href":"https:\/\/kibrisdakik.com\/index.php?rest_route=\/wp\/v2\/types\/post"}],"author":[{"embeddable":true,"href":"https:\/\/kibrisdakik.com\/index.php?rest_route=\/wp\/v2\/users\/1"}],"replies":[{"embeddable":true,"href":"https:\/\/kibrisdakik.com\/index.php?rest_route=%2Fwp%2Fv2%2Fcomments&post=41032"}],"version-history":[{"count":0,"href":"https:\/\/kibrisdakik.com\/index.php?rest_route=\/wp\/v2\/posts\/41032\/revisions"}],"wp:featuredmedia":[{"embeddable":true,"href":"https:\/\/kibrisdakik.com\/index.php?rest_route=\/wp\/v2\/media\/41033"}],"wp:attachment":[{"href":"https:\/\/kibrisdakik.com\/index.php?rest_route=%2Fwp%2Fv2%2Fmedia&parent=41032"}],"wp:term":[{"taxonomy":"category","embeddable":true,"href":"https:\/\/kibrisdakik.com\/index.php?rest_route=%2Fwp%2Fv2%2Fcategories&post=41032"},{"taxonomy":"post_tag","embeddable":true,"href":"https:\/\/kibrisdakik.com\/index.php?rest_route=%2Fwp%2Fv2%2Ftags&post=41032"}],"curies":[{"name":"wp","href":"https:\/\/api.w.org\/{rel}","templated":true}]}}