{"id":41036,"date":"2024-05-10T11:05:53","date_gmt":"2024-05-10T11:05:53","guid":{"rendered":"https:\/\/kibrisdakik.com\/index.php\/2024\/05\/10\/kktc-engelliler-dayanisma-dernegi-engelli-istihdaminin-devamini-istedi-2\/"},"modified":"2024-05-10T11:05:53","modified_gmt":"2024-05-10T11:05:53","slug":"kktc-engelliler-dayanisma-dernegi-engelli-istihdaminin-devamini-istedi-2","status":"publish","type":"post","link":"https:\/\/kibrisdakik.com\/?p=41036","title":{"rendered":"KKTC Engelliler Dayan\u0131\u015fma Derne\u011fi, engelli istihdam\u0131n\u0131n devam\u0131n\u0131 istedi"},"content":{"rendered":"<p><img decoding=\"async\" src=\"https:\/\/www.kibristurk.com\/images\/haberler\/2024\/05\/kktc-engelliler-dayanisma-dernegi-engelli-istihdaminin-devamini-istedi-1715333213.webp\" \/><\/p>\n<p style=\"text-align:left\"><span style=\"font-size:16px\"><span style=\"font-family:Merriweather,serif !important\"><span style=\"color:#000000\"><span style=\"background-color:#ffffff\">KKTC Engelliler Dayan\u0131\u015fma Derne\u011fi Ba\u015fkan\u0131 \u00d6mer Suay mesaj\u0131nda, 10-16 May\u0131s Engelliler Haftas\u0131\u2019n\u0131 \u201cengel ve engellemelerin konu\u015fuldu\u011fu, \u00e7\u00f6z\u00fcmlerin y\u00fcksek sesle anlat\u0131ld\u0131\u011f\u0131 bir f\u0131rsat\u201d olarak g\u00f6rd\u00fcklerini belirtti ve engelli istihdam\u0131 ihtiyac\u0131na dikkat \u00e7ekti.<\/span><\/span><\/span><\/span><\/p>\n<p style=\"text-align:left\">&nbsp;<\/p>\n<p style=\"text-align:left\">&nbsp;<\/p>\n<p style=\"text-align:left\"><span style=\"font-size:16px\"><span style=\"font-family:Merriweather,serif !important\"><span style=\"color:#000000\"><span style=\"background-color:#ffffff\">\u0130stihdam\u0131n temel insan hakk\u0131 oldu\u011funu kaydeden Suay, \u201c2006 y\u0131l\u0131ndan itibaren adeta kanayan yaraya d\u00f6n\u00fc\u015fen istihdam konusu, sosyal devlet anlam\u0131nda yeterlili\u011fimizi sorgulamaya ba\u015flad\u0131\u011f\u0131m\u0131z bir detayd\u0131. \u015e\u00fck\u00fcrler olsun ki 2023\u2019\u00fcn sonunda k\u00fc\u00e7\u00fck de olsa bir ad\u0131m at\u0131ld\u0131 ve 30 engelli birey kamuda istihdam edildi. Bu ad\u0131m\u0131n devam\u0131n\u0131 bekledi\u011fimizi, onlarca, y\u00fczlerce engelli bireyin i\u015f bekledi\u011fini, e\u011fitim, yetenek, yeterlilik ve bilgi birikim a\u00e7\u0131s\u0131ndan \u00fclkemize ciddi anlamda katma de\u011fer sa\u011flayacak \u00e7ok say\u0131da engelli birey oldu\u011funu hat\u0131rlatmak isterim.\u201d ifadelerini kulland\u0131.<\/span><\/span><\/span><\/span><\/p>\n<p style=\"text-align:left\"><span style=\"font-size:16px\"><span style=\"font-family:Merriweather,serif !important\"><span style=\"color:#000000\"><span style=\"background-color:#ffffff\">Suay mesaj\u0131nda, engellilerin ne negatif ne de pozitif anlamda ayr\u0131mc\u0131l\u0131k de\u011fil e\u015fit \u015fartlarda bir ya\u015fam, alg\u0131sal engellerden uzak bir i\u015f ortam\u0131 ve engelsiz bir \u00fclke istedi\u011fini de vurgulad\u0131.<\/span><\/span><\/span><\/span><\/p>\n","protected":false},"excerpt":{"rendered":"<p>KKTC Engelliler Dayan\u0131\u015fma Derne\u011fi Ba\u015fkan\u0131 \u00d6mer Suay mesaj\u0131nda, 10-16 May\u0131s Engelliler Haftas\u0131\u2019n\u0131 \u201cengel ve engellemelerin konu\u015fuldu\u011fu, \u00e7\u00f6z\u00fcmlerin y\u00fcksek sesle anlat\u0131ld\u0131\u011f\u0131 bir f\u0131rsat\u201d olarak g\u00f6rd\u00fcklerini belirtti ve engelli istihdam\u0131 ihtiyac\u0131na dikkat \u00e7ekti. &nbsp; &nbsp; \u0130stihdam\u0131n temel insan hakk\u0131 oldu\u011funu kaydeden Suay, \u201c2006 y\u0131l\u0131ndan itibaren adeta kanayan yaraya d\u00f6n\u00fc\u015fen istihdam konusu, sosyal devlet anlam\u0131nda yeterlili\u011fimizi sorgulamaya ba\u015flad\u0131\u011f\u0131m\u0131z<\/p>\n","protected":false},"author":1,"featured_media":41037,"comment_status":"open","ping_status":"open","sticky":false,"template":"","format":"standard","meta":{"footnotes":""},"categories":[79],"tags":[],"class_list":["post-41036","post","type-post","status-publish","format-standard","has-post-thumbnail","hentry","category-ekonomi"],"yoast_head":"<!-- This site is optimized with the Yoast SEO plugin v27.5 - https:\/\/yoast.com\/product\/yoast-seo-wordpress\/ -->\n<title>KKTC Engelliler Dayan\u0131\u015fma Derne\u011fi, engelli istihdam\u0131n\u0131n devam\u0131n\u0131 istedi -<\/title>\n<meta name=\"robots\" content=\"index, follow, max-snippet:-1, max-image-preview:large, max-video-preview:-1\" \/>\n<link rel=\"canonical\" href=\"https:\/\/kibrisdakik.com\/?p=41036\" \/>\n<meta property=\"og:locale\" content=\"tr_TR\" \/>\n<meta property=\"og:type\" content=\"article\" \/>\n<meta property=\"og:title\" content=\"KKTC Engelliler Dayan\u0131\u015fma Derne\u011fi, engelli istihdam\u0131n\u0131n devam\u0131n\u0131 istedi -\" \/>\n<meta property=\"og:description\" content=\"KKTC Engelliler Dayan\u0131\u015fma Derne\u011fi Ba\u015fkan\u0131 \u00d6mer Suay mesaj\u0131nda, 10-16 May\u0131s Engelliler Haftas\u0131\u2019n\u0131 \u201cengel ve engellemelerin konu\u015fuldu\u011fu, \u00e7\u00f6z\u00fcmlerin y\u00fcksek sesle anlat\u0131ld\u0131\u011f\u0131 bir f\u0131rsat\u201d olarak g\u00f6rd\u00fcklerini belirtti ve engelli istihdam\u0131 ihtiyac\u0131na dikkat \u00e7ekti. &nbsp; &nbsp; \u0130stihdam\u0131n temel insan hakk\u0131 oldu\u011funu kaydeden Suay, \u201c2006 y\u0131l\u0131ndan itibaren adeta kanayan yaraya d\u00f6n\u00fc\u015fen istihdam konusu, sosyal devlet anlam\u0131nda yeterlili\u011fimizi sorgulamaya ba\u015flad\u0131\u011f\u0131m\u0131z\" \/>\n<meta property=\"og:url\" content=\"https:\/\/kibrisdakik.com\/?p=41036\" \/>\n<meta property=\"article:published_time\" content=\"2024-05-10T11:05:53+00:00\" \/>\n<meta property=\"og:image\" content=\"https:\/\/kibrisdakik.com\/wp-content\/uploads\/2024\/05\/kktc-engelliler-dayanisma-dernegi-engelli-istihdaminin-devamini-istedi-1715333213.webp.webp\" \/>\n\t<meta property=\"og:image:width\" content=\"710\" \/>\n\t<meta property=\"og:image:height\" content=\"370\" \/>\n\t<meta property=\"og:image:type\" content=\"image\/webp\" \/>\n<meta name=\"author\" content=\"admin\" \/>\n<meta name=\"twitter:card\" content=\"summary_large_image\" \/>\n<meta name=\"twitter:label1\" content=\"Yazan:\" \/>\n\t<meta name=\"twitter:data1\" content=\"admin\" \/>\n\t<meta name=\"twitter:label2\" content=\"Tahmini okuma s\u00fcresi\" \/>\n\t<meta name=\"twitter:data2\" content=\"1 dakika\" \/>\n<script type=\"application\/ld+json\" class=\"yoast-schema-graph\">{\"@context\":\"https:\\\/\\\/schema.org\",\"@graph\":[{\"@type\":\"Article\",\"@id\":\"https:\\\/\\\/kibrisdakik.com\\\/?p=41036#article\",\"isPartOf\":{\"@id\":\"https:\\\/\\\/kibrisdakik.com\\\/?p=41036\"},\"author\":{\"name\":\"admin\",\"@id\":\"https:\\\/\\\/kibrisdakik.com\\\/#\\\/schema\\\/person\\\/9cd9d437bbb44f72b73ba127e06d8e79\"},\"headline\":\"KKTC Engelliler Dayan\u0131\u015fma Derne\u011fi, engelli istihdam\u0131n\u0131n devam\u0131n\u0131 istedi\",\"datePublished\":\"2024-05-10T11:05:53+00:00\",\"mainEntityOfPage\":{\"@id\":\"https:\\\/\\\/kibrisdakik.com\\\/?p=41036\"},\"wordCount\":199,\"commentCount\":0,\"image\":{\"@id\":\"https:\\\/\\\/kibrisdakik.com\\\/?p=41036#primaryimage\"},\"thumbnailUrl\":\"https:\\\/\\\/kibrisdakik.com\\\/wp-content\\\/uploads\\\/2024\\\/05\\\/kktc-engelliler-dayanisma-dernegi-engelli-istihdaminin-devamini-istedi-1715333213.webp.webp\",\"articleSection\":[\"Ekonomi\"],\"inLanguage\":\"tr\",\"potentialAction\":[{\"@type\":\"CommentAction\",\"name\":\"Comment\",\"target\":[\"https:\\\/\\\/kibrisdakik.com\\\/?p=41036#respond\"]}]},{\"@type\":\"WebPage\",\"@id\":\"https:\\\/\\\/kibrisdakik.com\\\/?p=41036\",\"url\":\"https:\\\/\\\/kibrisdakik.com\\\/?p=41036\",\"name\":\"KKTC Engelliler Dayan\u0131\u015fma Derne\u011fi, engelli istihdam\u0131n\u0131n devam\u0131n\u0131 istedi -\",\"isPartOf\":{\"@id\":\"https:\\\/\\\/kibrisdakik.com\\\/#website\"},\"primaryImageOfPage\":{\"@id\":\"https:\\\/\\\/kibrisdakik.com\\\/?p=41036#primaryimage\"},\"image\":{\"@id\":\"https:\\\/\\\/kibrisdakik.com\\\/?p=41036#primaryimage\"},\"thumbnailUrl\":\"https:\\\/\\\/kibrisdakik.com\\\/wp-content\\\/uploads\\\/2024\\\/05\\\/kktc-engelliler-dayanisma-dernegi-engelli-istihdaminin-devamini-istedi-1715333213.webp.webp\",\"datePublished\":\"2024-05-10T11:05:53+00:00\",\"author\":{\"@id\":\"https:\\\/\\\/kibrisdakik.com\\\/#\\\/schema\\\/person\\\/9cd9d437bbb44f72b73ba127e06d8e79\"},\"breadcrumb\":{\"@id\":\"https:\\\/\\\/kibrisdakik.com\\\/?p=41036#breadcrumb\"},\"inLanguage\":\"tr\",\"potentialAction\":[{\"@type\":\"ReadAction\",\"target\":[\"https:\\\/\\\/kibrisdakik.com\\\/?p=41036\"]}]},{\"@type\":\"ImageObject\",\"inLanguage\":\"tr\",\"@id\":\"https:\\\/\\\/kibrisdakik.com\\\/?p=41036#primaryimage\",\"url\":\"https:\\\/\\\/kibrisdakik.com\\\/wp-content\\\/uploads\\\/2024\\\/05\\\/kktc-engelliler-dayanisma-dernegi-engelli-istihdaminin-devamini-istedi-1715333213.webp.webp\",\"contentUrl\":\"https:\\\/\\\/kibrisdakik.com\\\/wp-content\\\/uploads\\\/2024\\\/05\\\/kktc-engelliler-dayanisma-dernegi-engelli-istihdaminin-devamini-istedi-1715333213.webp.webp\",\"width\":710,\"height\":370},{\"@type\":\"BreadcrumbList\",\"@id\":\"https:\\\/\\\/kibrisdakik.com\\\/?p=41036#breadcrumb\",\"itemListElement\":[{\"@type\":\"ListItem\",\"position\":1,\"name\":\"Home\",\"item\":\"https:\\\/\\\/kibrisdakik.com\\\/\"},{\"@type\":\"ListItem\",\"position\":2,\"name\":\"KKTC Engelliler Dayan\u0131\u015fma Derne\u011fi, engelli istihdam\u0131n\u0131n devam\u0131n\u0131 istedi\"}]},{\"@type\":\"WebSite\",\"@id\":\"https:\\\/\\\/kibrisdakik.com\\\/#website\",\"url\":\"https:\\\/\\\/kibrisdakik.com\\\/\",\"name\":\"\",\"description\":\"Tam vaktinde haber\",\"potentialAction\":[{\"@type\":\"SearchAction\",\"target\":{\"@type\":\"EntryPoint\",\"urlTemplate\":\"https:\\\/\\\/kibrisdakik.com\\\/?s={search_term_string}\"},\"query-input\":{\"@type\":\"PropertyValueSpecification\",\"valueRequired\":true,\"valueName\":\"search_term_string\"}}],\"inLanguage\":\"tr\"},{\"@type\":\"Person\",\"@id\":\"https:\\\/\\\/kibrisdakik.com\\\/#\\\/schema\\\/person\\\/9cd9d437bbb44f72b73ba127e06d8e79\",\"name\":\"admin\",\"image\":{\"@type\":\"ImageObject\",\"inLanguage\":\"tr\",\"@id\":\"https:\\\/\\\/secure.gravatar.com\\\/avatar\\\/ccc17943b9d660506c869530f897617f7cb1c21a4bf30023f252596d83e1f007?s=96&d=mm&r=g\",\"url\":\"https:\\\/\\\/secure.gravatar.com\\\/avatar\\\/ccc17943b9d660506c869530f897617f7cb1c21a4bf30023f252596d83e1f007?s=96&d=mm&r=g\",\"contentUrl\":\"https:\\\/\\\/secure.gravatar.com\\\/avatar\\\/ccc17943b9d660506c869530f897617f7cb1c21a4bf30023f252596d83e1f007?s=96&d=mm&r=g\",\"caption\":\"admin\"},\"sameAs\":[\"https:\\\/\\\/kibrisdakik.com\"],\"url\":\"https:\\\/\\\/kibrisdakik.com\\\/?author=1\"}]}<\/script>\n<!-- \/ Yoast SEO plugin. -->","yoast_head_json":{"title":"KKTC Engelliler Dayan\u0131\u015fma Derne\u011fi, engelli istihdam\u0131n\u0131n devam\u0131n\u0131 istedi -","robots":{"index":"index","follow":"follow","max-snippet":"max-snippet:-1","max-image-preview":"max-image-preview:large","max-video-preview":"max-video-preview:-1"},"canonical":"https:\/\/kibrisdakik.com\/?p=41036","og_locale":"tr_TR","og_type":"article","og_title":"KKTC Engelliler Dayan\u0131\u015fma Derne\u011fi, engelli istihdam\u0131n\u0131n devam\u0131n\u0131 istedi -","og_description":"KKTC Engelliler Dayan\u0131\u015fma Derne\u011fi Ba\u015fkan\u0131 \u00d6mer Suay mesaj\u0131nda, 10-16 May\u0131s Engelliler Haftas\u0131\u2019n\u0131 \u201cengel ve engellemelerin konu\u015fuldu\u011fu, \u00e7\u00f6z\u00fcmlerin y\u00fcksek sesle anlat\u0131ld\u0131\u011f\u0131 bir f\u0131rsat\u201d olarak g\u00f6rd\u00fcklerini belirtti ve engelli istihdam\u0131 ihtiyac\u0131na dikkat \u00e7ekti. &nbsp; &nbsp; \u0130stihdam\u0131n temel insan hakk\u0131 oldu\u011funu kaydeden Suay, \u201c2006 y\u0131l\u0131ndan itibaren adeta kanayan yaraya d\u00f6n\u00fc\u015fen istihdam konusu, sosyal devlet anlam\u0131nda yeterlili\u011fimizi sorgulamaya ba\u015flad\u0131\u011f\u0131m\u0131z","og_url":"https:\/\/kibrisdakik.com\/?p=41036","article_published_time":"2024-05-10T11:05:53+00:00","og_image":[{"width":710,"height":370,"url":"https:\/\/kibrisdakik.com\/wp-content\/uploads\/2024\/05\/kktc-engelliler-dayanisma-dernegi-engelli-istihdaminin-devamini-istedi-1715333213.webp.webp","type":"image\/webp"}],"author":"admin","twitter_card":"summary_large_image","twitter_misc":{"Yazan:":"admin","Tahmini okuma s\u00fcresi":"1 dakika"},"schema":{"@context":"https:\/\/schema.org","@graph":[{"@type":"Article","@id":"https:\/\/kibrisdakik.com\/?p=41036#article","isPartOf":{"@id":"https:\/\/kibrisdakik.com\/?p=41036"},"author":{"name":"admin","@id":"https:\/\/kibrisdakik.com\/#\/schema\/person\/9cd9d437bbb44f72b73ba127e06d8e79"},"headline":"KKTC Engelliler Dayan\u0131\u015fma Derne\u011fi, engelli istihdam\u0131n\u0131n devam\u0131n\u0131 istedi","datePublished":"2024-05-10T11:05:53+00:00","mainEntityOfPage":{"@id":"https:\/\/kibrisdakik.com\/?p=41036"},"wordCount":199,"commentCount":0,"image":{"@id":"https:\/\/kibrisdakik.com\/?p=41036#primaryimage"},"thumbnailUrl":"https:\/\/kibrisdakik.com\/wp-content\/uploads\/2024\/05\/kktc-engelliler-dayanisma-dernegi-engelli-istihdaminin-devamini-istedi-1715333213.webp.webp","articleSection":["Ekonomi"],"inLanguage":"tr","potentialAction":[{"@type":"CommentAction","name":"Comment","target":["https:\/\/kibrisdakik.com\/?p=41036#respond"]}]},{"@type":"WebPage","@id":"https:\/\/kibrisdakik.com\/?p=41036","url":"https:\/\/kibrisdakik.com\/?p=41036","name":"KKTC Engelliler Dayan\u0131\u015fma Derne\u011fi, engelli istihdam\u0131n\u0131n devam\u0131n\u0131 istedi -","isPartOf":{"@id":"https:\/\/kibrisdakik.com\/#website"},"primaryImageOfPage":{"@id":"https:\/\/kibrisdakik.com\/?p=41036#primaryimage"},"image":{"@id":"https:\/\/kibrisdakik.com\/?p=41036#primaryimage"},"thumbnailUrl":"https:\/\/kibrisdakik.com\/wp-content\/uploads\/2024\/05\/kktc-engelliler-dayanisma-dernegi-engelli-istihdaminin-devamini-istedi-1715333213.webp.webp","datePublished":"2024-05-10T11:05:53+00:00","author":{"@id":"https:\/\/kibrisdakik.com\/#\/schema\/person\/9cd9d437bbb44f72b73ba127e06d8e79"},"breadcrumb":{"@id":"https:\/\/kibrisdakik.com\/?p=41036#breadcrumb"},"inLanguage":"tr","potentialAction":[{"@type":"ReadAction","target":["https:\/\/kibrisdakik.com\/?p=41036"]}]},{"@type":"ImageObject","inLanguage":"tr","@id":"https:\/\/kibrisdakik.com\/?p=41036#primaryimage","url":"https:\/\/kibrisdakik.com\/wp-content\/uploads\/2024\/05\/kktc-engelliler-dayanisma-dernegi-engelli-istihdaminin-devamini-istedi-1715333213.webp.webp","contentUrl":"https:\/\/kibrisdakik.com\/wp-content\/uploads\/2024\/05\/kktc-engelliler-dayanisma-dernegi-engelli-istihdaminin-devamini-istedi-1715333213.webp.webp","width":710,"height":370},{"@type":"BreadcrumbList","@id":"https:\/\/kibrisdakik.com\/?p=41036#breadcrumb","itemListElement":[{"@type":"ListItem","position":1,"name":"Home","item":"https:\/\/kibrisdakik.com\/"},{"@type":"ListItem","position":2,"name":"KKTC Engelliler Dayan\u0131\u015fma Derne\u011fi, engelli istihdam\u0131n\u0131n devam\u0131n\u0131 istedi"}]},{"@type":"WebSite","@id":"https:\/\/kibrisdakik.com\/#website","url":"https:\/\/kibrisdakik.com\/","name":"","description":"Tam vaktinde haber","potentialAction":[{"@type":"SearchAction","target":{"@type":"EntryPoint","urlTemplate":"https:\/\/kibrisdakik.com\/?s={search_term_string}"},"query-input":{"@type":"PropertyValueSpecification","valueRequired":true,"valueName":"search_term_string"}}],"inLanguage":"tr"},{"@type":"Person","@id":"https:\/\/kibrisdakik.com\/#\/schema\/person\/9cd9d437bbb44f72b73ba127e06d8e79","name":"admin","image":{"@type":"ImageObject","inLanguage":"tr","@id":"https:\/\/secure.gravatar.com\/avatar\/ccc17943b9d660506c869530f897617f7cb1c21a4bf30023f252596d83e1f007?s=96&d=mm&r=g","url":"https:\/\/secure.gravatar.com\/avatar\/ccc17943b9d660506c869530f897617f7cb1c21a4bf30023f252596d83e1f007?s=96&d=mm&r=g","contentUrl":"https:\/\/secure.gravatar.com\/avatar\/ccc17943b9d660506c869530f897617f7cb1c21a4bf30023f252596d83e1f007?s=96&d=mm&r=g","caption":"admin"},"sameAs":["https:\/\/kibrisdakik.com"],"url":"https:\/\/kibrisdakik.com\/?author=1"}]}},"_links":{"self":[{"href":"https:\/\/kibrisdakik.com\/index.php?rest_route=\/wp\/v2\/posts\/41036","targetHints":{"allow":["GET"]}}],"collection":[{"href":"https:\/\/kibrisdakik.com\/index.php?rest_route=\/wp\/v2\/posts"}],"about":[{"href":"https:\/\/kibrisdakik.com\/index.php?rest_route=\/wp\/v2\/types\/post"}],"author":[{"embeddable":true,"href":"https:\/\/kibrisdakik.com\/index.php?rest_route=\/wp\/v2\/users\/1"}],"replies":[{"embeddable":true,"href":"https:\/\/kibrisdakik.com\/index.php?rest_route=%2Fwp%2Fv2%2Fcomments&post=41036"}],"version-history":[{"count":0,"href":"https:\/\/kibrisdakik.com\/index.php?rest_route=\/wp\/v2\/posts\/41036\/revisions"}],"wp:featuredmedia":[{"embeddable":true,"href":"https:\/\/kibrisdakik.com\/index.php?rest_route=\/wp\/v2\/media\/41037"}],"wp:attachment":[{"href":"https:\/\/kibrisdakik.com\/index.php?rest_route=%2Fwp%2Fv2%2Fmedia&parent=41036"}],"wp:term":[{"taxonomy":"category","embeddable":true,"href":"https:\/\/kibrisdakik.com\/index.php?rest_route=%2Fwp%2Fv2%2Fcategories&post=41036"},{"taxonomy":"post_tag","embeddable":true,"href":"https:\/\/kibrisdakik.com\/index.php?rest_route=%2Fwp%2Fv2%2Ftags&post=41036"}],"curies":[{"name":"wp","href":"https:\/\/api.w.org\/{rel}","templated":true}]}}