{"id":41075,"date":"2024-05-10T16:06:19","date_gmt":"2024-05-10T16:06:19","guid":{"rendered":"https:\/\/kibrisdakik.com\/index.php\/2024\/05\/10\/dp-spor-ambargolarinin-tamamen-kaldirilmasini-talep-ediyoruz\/"},"modified":"2024-05-10T16:06:19","modified_gmt":"2024-05-10T16:06:19","slug":"dp-spor-ambargolarinin-tamamen-kaldirilmasini-talep-ediyoruz","status":"publish","type":"post","link":"https:\/\/kibrisdakik.com\/?p=41075","title":{"rendered":"DP: \u201cSpor ambargolar\u0131n\u0131n tamamen kald\u0131r\u0131lmas\u0131n\u0131 talep ediyoruz\u201d"},"content":{"rendered":"<p><img decoding=\"async\" src=\"https:\/\/www.kibristurk.com\/images\/haberler\/2024\/05\/dp-spor-ambargolarinin-tamamen-kaldirilmasini-talep-ediyoruz-1715355940.webp\" \/><\/p>\n<p style=\"text-align:left\"><span style=\"font-size:16px\"><span style=\"font-family:Merriweather,serif !important\"><span style=\"color:#000000\"><span style=\"background-color:#ffffff\"><span style=\"font-size:16px !important\"><span style=\"font-family:Merriweather,serif !important\"><span style=\"color:#000000 !important\">\u00c7eliker, Birle\u015fmi\u015f Milletler\u2019in 25 May\u0131s tarihini \u201cFutbol G\u00fcn\u00fc\u201d ilan etmi\u015f olmas\u0131n\u0131 memnuniyetle kar\u015f\u0131lad\u0131klar\u0131n\u0131 kaydetti.<\/span><\/span><\/span><\/span><\/span><\/span><\/span><\/p>\n<p style=\"text-align:left\"><span style=\"font-size:16px\"><span style=\"font-family:Merriweather,serif !important\"><span style=\"color:#000000\"><span style=\"background-color:#ffffff\"><span style=\"font-size:16px !important\"><span style=\"font-family:Merriweather,serif !important\"><span style=\"color:#000000 !important\">DP olarak bundan sonra 25 May\u0131s\u2019ta futbolu farkl\u0131 bir etkinlikle g\u00fcndeme getirmek i\u00e7in haz\u0131r olduklar\u0131n\u0131 ifade eden \u00c7eliker, BM \u00fcyesi \u00fclkelere de bu vesileyle \u015fu hat\u0131rlatmay\u0131 yapt\u0131:<\/span><\/span><\/span><\/span><\/span><\/span><\/span><\/p>\n<p style=\"text-align:left\"><span style=\"font-size:16px\"><span style=\"font-family:Merriweather,serif !important\"><span style=\"color:#000000\"><span style=\"background-color:#ffffff\"><span style=\"font-size:16px !important\"><span style=\"font-family:Merriweather,serif !important\"><span style=\"color:#000000 !important\">\u201cK\u0131br\u0131s adas\u0131n\u0131n kuzeyinde ya\u015fayan ve futbola \u00e7ok d\u00fc\u015fk\u00fcn olan K\u0131br\u0131sl\u0131 T\u00fcrklerin, d\u00fcnya futbolu ile entegre olabilmeleri i\u00e7in ne yap\u0131yorsunuz. Ambargolar nedeniyle, anavatan\u0131m\u0131z T\u00fcrkiye tak\u0131mlar\u0131 ile bile hi\u00e7 bir m\u00fcsabaka yapamayan, ama her t\u00fcrl\u00fc futbol aktivitesini, yurtd\u0131\u015f\u0131na giderek izleyen ve takip eden bu halk\u0131n gen\u00e7lerinin ne su\u00e7u var. Bu gen\u00e7ler de futbol oynayarak ve spor yaparak, d\u00fcnyadaki ya\u015f\u0131tlar\u0131 ile ayn\u0131 \u015fartlarda ya\u015famak istemektedirler.<\/span><\/span><\/span><\/span><\/span><\/span><\/span><\/p>\n<p style=\"text-align:left\"><span style=\"font-size:16px\"><span style=\"font-family:Merriweather,serif !important\"><span style=\"color:#000000\"><span style=\"background-color:#ffffff\"><span style=\"font-size:16px !important\"><span style=\"font-family:Merriweather,serif !important\"><span style=\"color:#000000 !important\">Spor ambargolar\u0131n\u0131 bu vesile ile bir kez daha g\u00fcndeme getirmek gere\u011fini duyduk. Ambargolar ile hi\u00e7 bir toplum teslim olmam\u0131\u015ft\u0131r. \u00c7a\u011fd\u0131\u015f\u0131 bu uygulama ile nereye var\u0131labilece\u011fi 60 y\u0131lda g\u00f6r\u00fclm\u00fc\u015ft\u00fcr. 60 y\u0131lda KKTC halk\u0131 teslim olmam\u0131\u015f ama \u00f6mr\u00fc ge\u00e7en vatanda\u015flar da bu ambargolar\u0131 uygulayanlar\u0131 her an lanetlemi\u015ftir.&nbsp; Her\u015feye ra\u011fmen de K\u0131br\u0131s T\u00fcrk gen\u00e7li\u011fi bir\u00e7ok di\u011fer alanda oldu\u011fu gibi bu alanda da kendi kendisi ile yar\u0131\u015farak \u00e7ok daha iyi seviyelere gelmesini ba\u015farm\u0131\u015ft\u0131r. Tek eksi\u011fimiz uluslararas\u0131 temast\u0131r ve bu da halk\u0131m\u0131z\u0131n en temel insan hakk\u0131d\u0131r.<\/span><\/span><\/span><\/span><\/span><\/span><\/span><\/p>\n<p style=\"text-align:left\"><span style=\"font-size:16px\"><span style=\"font-family:Merriweather,serif !important\"><span style=\"color:#000000\"><span style=\"background-color:#ffffff\"><span style=\"font-size:16px !important\"><span style=\"font-family:Merriweather,serif !important\"><span style=\"color:#000000 !important\">K\u0131br\u0131s sorununun her iki halk taraf\u0131ndan da kabul edilecek bir \u00e7\u00f6z\u00fcme ula\u015fmas\u0131 i\u00e7in \u00f6ncelikle spor ambargolar\u0131n\u0131n tamamen kald\u0131r\u0131lmas\u0131n\u0131 ve K\u0131br\u0131s T\u00fcrk halk\u0131n\u0131n da uluslararas\u0131 camiada hakl\u0131 yerini almas\u0131n\u0131 bir kez daha talep ediyoruz.\u201d<\/span><\/span><\/span><\/span><\/span><\/span><\/span><\/p>\n","protected":false},"excerpt":{"rendered":"<p>\u00c7eliker, Birle\u015fmi\u015f Milletler\u2019in 25 May\u0131s tarihini \u201cFutbol G\u00fcn\u00fc\u201d ilan etmi\u015f olmas\u0131n\u0131 memnuniyetle kar\u015f\u0131lad\u0131klar\u0131n\u0131 kaydetti. DP olarak bundan sonra 25 May\u0131s\u2019ta futbolu farkl\u0131 bir etkinlikle g\u00fcndeme getirmek i\u00e7in haz\u0131r olduklar\u0131n\u0131 ifade eden \u00c7eliker, BM \u00fcyesi \u00fclkelere de bu vesileyle \u015fu hat\u0131rlatmay\u0131 yapt\u0131: \u201cK\u0131br\u0131s adas\u0131n\u0131n kuzeyinde ya\u015fayan ve futbola \u00e7ok d\u00fc\u015fk\u00fcn olan K\u0131br\u0131sl\u0131 T\u00fcrklerin, d\u00fcnya futbolu ile<\/p>\n","protected":false},"author":1,"featured_media":41076,"comment_status":"open","ping_status":"open","sticky":false,"template":"","format":"standard","meta":{"footnotes":""},"categories":[85],"tags":[],"class_list":["post-41075","post","type-post","status-publish","format-standard","has-post-thumbnail","hentry","category-spor"],"yoast_head":"<!-- This site is optimized with the Yoast SEO plugin v27.4 - https:\/\/yoast.com\/product\/yoast-seo-wordpress\/ -->\n<title>DP: \u201cSpor ambargolar\u0131n\u0131n tamamen kald\u0131r\u0131lmas\u0131n\u0131 talep ediyoruz\u201d -<\/title>\n<meta name=\"robots\" content=\"index, follow, max-snippet:-1, max-image-preview:large, max-video-preview:-1\" \/>\n<link rel=\"canonical\" href=\"https:\/\/kibrisdakik.com\/?p=41075\" \/>\n<meta property=\"og:locale\" content=\"tr_TR\" \/>\n<meta property=\"og:type\" content=\"article\" \/>\n<meta property=\"og:title\" content=\"DP: \u201cSpor ambargolar\u0131n\u0131n tamamen kald\u0131r\u0131lmas\u0131n\u0131 talep ediyoruz\u201d -\" \/>\n<meta property=\"og:description\" content=\"\u00c7eliker, Birle\u015fmi\u015f Milletler\u2019in 25 May\u0131s tarihini \u201cFutbol G\u00fcn\u00fc\u201d ilan etmi\u015f olmas\u0131n\u0131 memnuniyetle kar\u015f\u0131lad\u0131klar\u0131n\u0131 kaydetti. DP olarak bundan sonra 25 May\u0131s\u2019ta futbolu farkl\u0131 bir etkinlikle g\u00fcndeme getirmek i\u00e7in haz\u0131r olduklar\u0131n\u0131 ifade eden \u00c7eliker, BM \u00fcyesi \u00fclkelere de bu vesileyle \u015fu hat\u0131rlatmay\u0131 yapt\u0131: \u201cK\u0131br\u0131s adas\u0131n\u0131n kuzeyinde ya\u015fayan ve futbola \u00e7ok d\u00fc\u015fk\u00fcn olan K\u0131br\u0131sl\u0131 T\u00fcrklerin, d\u00fcnya futbolu ile\" \/>\n<meta property=\"og:url\" content=\"https:\/\/kibrisdakik.com\/?p=41075\" \/>\n<meta property=\"article:published_time\" content=\"2024-05-10T16:06:19+00:00\" \/>\n<meta property=\"og:image\" content=\"https:\/\/kibrisdakik.com\/wp-content\/uploads\/2024\/05\/dp-spor-ambargolarinin-tamamen-kaldirilmasini-talep-ediyoruz-1715355940.webp.webp\" \/>\n\t<meta property=\"og:image:width\" content=\"710\" \/>\n\t<meta property=\"og:image:height\" content=\"370\" \/>\n\t<meta property=\"og:image:type\" content=\"image\/webp\" \/>\n<meta name=\"author\" content=\"admin\" \/>\n<meta name=\"twitter:card\" content=\"summary_large_image\" \/>\n<meta name=\"twitter:label1\" content=\"Yazan:\" \/>\n\t<meta name=\"twitter:data1\" content=\"admin\" \/>\n\t<meta name=\"twitter:label2\" content=\"Tahmini okuma s\u00fcresi\" \/>\n\t<meta name=\"twitter:data2\" content=\"2 dakika\" \/>\n<script type=\"application\/ld+json\" class=\"yoast-schema-graph\">{\"@context\":\"https:\\\/\\\/schema.org\",\"@graph\":[{\"@type\":\"Article\",\"@id\":\"https:\\\/\\\/kibrisdakik.com\\\/?p=41075#article\",\"isPartOf\":{\"@id\":\"https:\\\/\\\/kibrisdakik.com\\\/?p=41075\"},\"author\":{\"name\":\"admin\",\"@id\":\"https:\\\/\\\/kibrisdakik.com\\\/#\\\/schema\\\/person\\\/9cd9d437bbb44f72b73ba127e06d8e79\"},\"headline\":\"DP: \u201cSpor ambargolar\u0131n\u0131n tamamen kald\u0131r\u0131lmas\u0131n\u0131 talep ediyoruz\u201d\",\"datePublished\":\"2024-05-10T16:06:19+00:00\",\"mainEntityOfPage\":{\"@id\":\"https:\\\/\\\/kibrisdakik.com\\\/?p=41075\"},\"wordCount\":323,\"commentCount\":0,\"image\":{\"@id\":\"https:\\\/\\\/kibrisdakik.com\\\/?p=41075#primaryimage\"},\"thumbnailUrl\":\"https:\\\/\\\/kibrisdakik.com\\\/wp-content\\\/uploads\\\/2024\\\/05\\\/dp-spor-ambargolarinin-tamamen-kaldirilmasini-talep-ediyoruz-1715355940.webp.webp\",\"articleSection\":[\"Spor\"],\"inLanguage\":\"tr\",\"potentialAction\":[{\"@type\":\"CommentAction\",\"name\":\"Comment\",\"target\":[\"https:\\\/\\\/kibrisdakik.com\\\/?p=41075#respond\"]}]},{\"@type\":\"WebPage\",\"@id\":\"https:\\\/\\\/kibrisdakik.com\\\/?p=41075\",\"url\":\"https:\\\/\\\/kibrisdakik.com\\\/?p=41075\",\"name\":\"DP: \u201cSpor ambargolar\u0131n\u0131n tamamen kald\u0131r\u0131lmas\u0131n\u0131 talep ediyoruz\u201d -\",\"isPartOf\":{\"@id\":\"https:\\\/\\\/kibrisdakik.com\\\/#website\"},\"primaryImageOfPage\":{\"@id\":\"https:\\\/\\\/kibrisdakik.com\\\/?p=41075#primaryimage\"},\"image\":{\"@id\":\"https:\\\/\\\/kibrisdakik.com\\\/?p=41075#primaryimage\"},\"thumbnailUrl\":\"https:\\\/\\\/kibrisdakik.com\\\/wp-content\\\/uploads\\\/2024\\\/05\\\/dp-spor-ambargolarinin-tamamen-kaldirilmasini-talep-ediyoruz-1715355940.webp.webp\",\"datePublished\":\"2024-05-10T16:06:19+00:00\",\"author\":{\"@id\":\"https:\\\/\\\/kibrisdakik.com\\\/#\\\/schema\\\/person\\\/9cd9d437bbb44f72b73ba127e06d8e79\"},\"breadcrumb\":{\"@id\":\"https:\\\/\\\/kibrisdakik.com\\\/?p=41075#breadcrumb\"},\"inLanguage\":\"tr\",\"potentialAction\":[{\"@type\":\"ReadAction\",\"target\":[\"https:\\\/\\\/kibrisdakik.com\\\/?p=41075\"]}]},{\"@type\":\"ImageObject\",\"inLanguage\":\"tr\",\"@id\":\"https:\\\/\\\/kibrisdakik.com\\\/?p=41075#primaryimage\",\"url\":\"https:\\\/\\\/kibrisdakik.com\\\/wp-content\\\/uploads\\\/2024\\\/05\\\/dp-spor-ambargolarinin-tamamen-kaldirilmasini-talep-ediyoruz-1715355940.webp.webp\",\"contentUrl\":\"https:\\\/\\\/kibrisdakik.com\\\/wp-content\\\/uploads\\\/2024\\\/05\\\/dp-spor-ambargolarinin-tamamen-kaldirilmasini-talep-ediyoruz-1715355940.webp.webp\",\"width\":710,\"height\":370},{\"@type\":\"BreadcrumbList\",\"@id\":\"https:\\\/\\\/kibrisdakik.com\\\/?p=41075#breadcrumb\",\"itemListElement\":[{\"@type\":\"ListItem\",\"position\":1,\"name\":\"Home\",\"item\":\"https:\\\/\\\/kibrisdakik.com\\\/\"},{\"@type\":\"ListItem\",\"position\":2,\"name\":\"DP: \u201cSpor ambargolar\u0131n\u0131n tamamen kald\u0131r\u0131lmas\u0131n\u0131 talep ediyoruz\u201d\"}]},{\"@type\":\"WebSite\",\"@id\":\"https:\\\/\\\/kibrisdakik.com\\\/#website\",\"url\":\"https:\\\/\\\/kibrisdakik.com\\\/\",\"name\":\"\",\"description\":\"Tam vaktinde haber\",\"potentialAction\":[{\"@type\":\"SearchAction\",\"target\":{\"@type\":\"EntryPoint\",\"urlTemplate\":\"https:\\\/\\\/kibrisdakik.com\\\/?s={search_term_string}\"},\"query-input\":{\"@type\":\"PropertyValueSpecification\",\"valueRequired\":true,\"valueName\":\"search_term_string\"}}],\"inLanguage\":\"tr\"},{\"@type\":\"Person\",\"@id\":\"https:\\\/\\\/kibrisdakik.com\\\/#\\\/schema\\\/person\\\/9cd9d437bbb44f72b73ba127e06d8e79\",\"name\":\"admin\",\"image\":{\"@type\":\"ImageObject\",\"inLanguage\":\"tr\",\"@id\":\"https:\\\/\\\/secure.gravatar.com\\\/avatar\\\/ccc17943b9d660506c869530f897617f7cb1c21a4bf30023f252596d83e1f007?s=96&d=mm&r=g\",\"url\":\"https:\\\/\\\/secure.gravatar.com\\\/avatar\\\/ccc17943b9d660506c869530f897617f7cb1c21a4bf30023f252596d83e1f007?s=96&d=mm&r=g\",\"contentUrl\":\"https:\\\/\\\/secure.gravatar.com\\\/avatar\\\/ccc17943b9d660506c869530f897617f7cb1c21a4bf30023f252596d83e1f007?s=96&d=mm&r=g\",\"caption\":\"admin\"},\"sameAs\":[\"https:\\\/\\\/kibrisdakik.com\"],\"url\":\"https:\\\/\\\/kibrisdakik.com\\\/?author=1\"}]}<\/script>\n<!-- \/ Yoast SEO plugin. -->","yoast_head_json":{"title":"DP: \u201cSpor ambargolar\u0131n\u0131n tamamen kald\u0131r\u0131lmas\u0131n\u0131 talep ediyoruz\u201d -","robots":{"index":"index","follow":"follow","max-snippet":"max-snippet:-1","max-image-preview":"max-image-preview:large","max-video-preview":"max-video-preview:-1"},"canonical":"https:\/\/kibrisdakik.com\/?p=41075","og_locale":"tr_TR","og_type":"article","og_title":"DP: \u201cSpor ambargolar\u0131n\u0131n tamamen kald\u0131r\u0131lmas\u0131n\u0131 talep ediyoruz\u201d -","og_description":"\u00c7eliker, Birle\u015fmi\u015f Milletler\u2019in 25 May\u0131s tarihini \u201cFutbol G\u00fcn\u00fc\u201d ilan etmi\u015f olmas\u0131n\u0131 memnuniyetle kar\u015f\u0131lad\u0131klar\u0131n\u0131 kaydetti. DP olarak bundan sonra 25 May\u0131s\u2019ta futbolu farkl\u0131 bir etkinlikle g\u00fcndeme getirmek i\u00e7in haz\u0131r olduklar\u0131n\u0131 ifade eden \u00c7eliker, BM \u00fcyesi \u00fclkelere de bu vesileyle \u015fu hat\u0131rlatmay\u0131 yapt\u0131: \u201cK\u0131br\u0131s adas\u0131n\u0131n kuzeyinde ya\u015fayan ve futbola \u00e7ok d\u00fc\u015fk\u00fcn olan K\u0131br\u0131sl\u0131 T\u00fcrklerin, d\u00fcnya futbolu ile","og_url":"https:\/\/kibrisdakik.com\/?p=41075","article_published_time":"2024-05-10T16:06:19+00:00","og_image":[{"width":710,"height":370,"url":"https:\/\/kibrisdakik.com\/wp-content\/uploads\/2024\/05\/dp-spor-ambargolarinin-tamamen-kaldirilmasini-talep-ediyoruz-1715355940.webp.webp","type":"image\/webp"}],"author":"admin","twitter_card":"summary_large_image","twitter_misc":{"Yazan:":"admin","Tahmini okuma s\u00fcresi":"2 dakika"},"schema":{"@context":"https:\/\/schema.org","@graph":[{"@type":"Article","@id":"https:\/\/kibrisdakik.com\/?p=41075#article","isPartOf":{"@id":"https:\/\/kibrisdakik.com\/?p=41075"},"author":{"name":"admin","@id":"https:\/\/kibrisdakik.com\/#\/schema\/person\/9cd9d437bbb44f72b73ba127e06d8e79"},"headline":"DP: \u201cSpor ambargolar\u0131n\u0131n tamamen kald\u0131r\u0131lmas\u0131n\u0131 talep ediyoruz\u201d","datePublished":"2024-05-10T16:06:19+00:00","mainEntityOfPage":{"@id":"https:\/\/kibrisdakik.com\/?p=41075"},"wordCount":323,"commentCount":0,"image":{"@id":"https:\/\/kibrisdakik.com\/?p=41075#primaryimage"},"thumbnailUrl":"https:\/\/kibrisdakik.com\/wp-content\/uploads\/2024\/05\/dp-spor-ambargolarinin-tamamen-kaldirilmasini-talep-ediyoruz-1715355940.webp.webp","articleSection":["Spor"],"inLanguage":"tr","potentialAction":[{"@type":"CommentAction","name":"Comment","target":["https:\/\/kibrisdakik.com\/?p=41075#respond"]}]},{"@type":"WebPage","@id":"https:\/\/kibrisdakik.com\/?p=41075","url":"https:\/\/kibrisdakik.com\/?p=41075","name":"DP: \u201cSpor ambargolar\u0131n\u0131n tamamen kald\u0131r\u0131lmas\u0131n\u0131 talep ediyoruz\u201d -","isPartOf":{"@id":"https:\/\/kibrisdakik.com\/#website"},"primaryImageOfPage":{"@id":"https:\/\/kibrisdakik.com\/?p=41075#primaryimage"},"image":{"@id":"https:\/\/kibrisdakik.com\/?p=41075#primaryimage"},"thumbnailUrl":"https:\/\/kibrisdakik.com\/wp-content\/uploads\/2024\/05\/dp-spor-ambargolarinin-tamamen-kaldirilmasini-talep-ediyoruz-1715355940.webp.webp","datePublished":"2024-05-10T16:06:19+00:00","author":{"@id":"https:\/\/kibrisdakik.com\/#\/schema\/person\/9cd9d437bbb44f72b73ba127e06d8e79"},"breadcrumb":{"@id":"https:\/\/kibrisdakik.com\/?p=41075#breadcrumb"},"inLanguage":"tr","potentialAction":[{"@type":"ReadAction","target":["https:\/\/kibrisdakik.com\/?p=41075"]}]},{"@type":"ImageObject","inLanguage":"tr","@id":"https:\/\/kibrisdakik.com\/?p=41075#primaryimage","url":"https:\/\/kibrisdakik.com\/wp-content\/uploads\/2024\/05\/dp-spor-ambargolarinin-tamamen-kaldirilmasini-talep-ediyoruz-1715355940.webp.webp","contentUrl":"https:\/\/kibrisdakik.com\/wp-content\/uploads\/2024\/05\/dp-spor-ambargolarinin-tamamen-kaldirilmasini-talep-ediyoruz-1715355940.webp.webp","width":710,"height":370},{"@type":"BreadcrumbList","@id":"https:\/\/kibrisdakik.com\/?p=41075#breadcrumb","itemListElement":[{"@type":"ListItem","position":1,"name":"Home","item":"https:\/\/kibrisdakik.com\/"},{"@type":"ListItem","position":2,"name":"DP: \u201cSpor ambargolar\u0131n\u0131n tamamen kald\u0131r\u0131lmas\u0131n\u0131 talep ediyoruz\u201d"}]},{"@type":"WebSite","@id":"https:\/\/kibrisdakik.com\/#website","url":"https:\/\/kibrisdakik.com\/","name":"","description":"Tam vaktinde haber","potentialAction":[{"@type":"SearchAction","target":{"@type":"EntryPoint","urlTemplate":"https:\/\/kibrisdakik.com\/?s={search_term_string}"},"query-input":{"@type":"PropertyValueSpecification","valueRequired":true,"valueName":"search_term_string"}}],"inLanguage":"tr"},{"@type":"Person","@id":"https:\/\/kibrisdakik.com\/#\/schema\/person\/9cd9d437bbb44f72b73ba127e06d8e79","name":"admin","image":{"@type":"ImageObject","inLanguage":"tr","@id":"https:\/\/secure.gravatar.com\/avatar\/ccc17943b9d660506c869530f897617f7cb1c21a4bf30023f252596d83e1f007?s=96&d=mm&r=g","url":"https:\/\/secure.gravatar.com\/avatar\/ccc17943b9d660506c869530f897617f7cb1c21a4bf30023f252596d83e1f007?s=96&d=mm&r=g","contentUrl":"https:\/\/secure.gravatar.com\/avatar\/ccc17943b9d660506c869530f897617f7cb1c21a4bf30023f252596d83e1f007?s=96&d=mm&r=g","caption":"admin"},"sameAs":["https:\/\/kibrisdakik.com"],"url":"https:\/\/kibrisdakik.com\/?author=1"}]}},"_links":{"self":[{"href":"https:\/\/kibrisdakik.com\/index.php?rest_route=\/wp\/v2\/posts\/41075","targetHints":{"allow":["GET"]}}],"collection":[{"href":"https:\/\/kibrisdakik.com\/index.php?rest_route=\/wp\/v2\/posts"}],"about":[{"href":"https:\/\/kibrisdakik.com\/index.php?rest_route=\/wp\/v2\/types\/post"}],"author":[{"embeddable":true,"href":"https:\/\/kibrisdakik.com\/index.php?rest_route=\/wp\/v2\/users\/1"}],"replies":[{"embeddable":true,"href":"https:\/\/kibrisdakik.com\/index.php?rest_route=%2Fwp%2Fv2%2Fcomments&post=41075"}],"version-history":[{"count":0,"href":"https:\/\/kibrisdakik.com\/index.php?rest_route=\/wp\/v2\/posts\/41075\/revisions"}],"wp:featuredmedia":[{"embeddable":true,"href":"https:\/\/kibrisdakik.com\/index.php?rest_route=\/wp\/v2\/media\/41076"}],"wp:attachment":[{"href":"https:\/\/kibrisdakik.com\/index.php?rest_route=%2Fwp%2Fv2%2Fmedia&parent=41075"}],"wp:term":[{"taxonomy":"category","embeddable":true,"href":"https:\/\/kibrisdakik.com\/index.php?rest_route=%2Fwp%2Fv2%2Fcategories&post=41075"},{"taxonomy":"post_tag","embeddable":true,"href":"https:\/\/kibrisdakik.com\/index.php?rest_route=%2Fwp%2Fv2%2Ftags&post=41075"}],"curies":[{"name":"wp","href":"https:\/\/api.w.org\/{rel}","templated":true}]}}