{"id":41097,"date":"2024-05-10T19:39:57","date_gmt":"2024-05-10T19:39:57","guid":{"rendered":"https:\/\/kibrisdakik.com\/index.php\/2024\/05\/10\/cumhurbaskanligi-1-engelli-haklari-calistayi-gelecek-hafta-yapilacak-sibel-tatar-calismalari-yerinde-izledi\/"},"modified":"2024-05-10T19:39:57","modified_gmt":"2024-05-10T19:39:57","slug":"cumhurbaskanligi-1-engelli-haklari-calistayi-gelecek-hafta-yapilacak-sibel-tatar-calismalari-yerinde-izledi","status":"publish","type":"post","link":"https:\/\/kibrisdakik.com\/?p=41097","title":{"rendered":"Cumhurba\u015fkanl\u0131\u011f\u0131 1. Engelli Haklar\u0131 \u00c7al\u0131\u015ftay\u0131 gelecek hafta yap\u0131lacak. Sibel Tatar \u00e7al\u0131\u015fmalar\u0131 yerinde izledi"},"content":{"rendered":"<p><\/p>\n<div>\n<div class=\"mariselle-image-container none\">\n                <img loading=\"lazy\" decoding=\"async\" width=\"1600\" height=\"1066\" class=\"lazy-image\" alt=\"\" sizes=\"auto, (max-width: 1600px) 100vw, 1600px\" src=\"https:\/\/brtk.net\/wp-content\/uploads\/2024\/05\/10\/sibel-tatar4.jpg?ver=5c5b5229410e74c16ec57d648a5a5db8\" srcset=\"https:\/\/brtk.net\/wp-content\/uploads\/2024\/05\/10\/sibel-tatar4.jpg?ver=5c5b5229410e74c16ec57d648a5a5db8 1600w, https:\/\/brtk.net\/wp-content\/uploads\/2024\/05\/10\/sibel-tatar4-300x200.jpg?ver=5c5b5229410e74c16ec57d648a5a5db8 300w, https:\/\/brtk.net\/wp-content\/uploads\/2024\/05\/10\/sibel-tatar4-1024x682.jpg?ver=25b77f75d231efd612f230dd148f729d 1024w, https:\/\/brtk.net\/wp-content\/uploads\/2024\/05\/10\/sibel-tatar4-768x512.jpg?ver=25b77f75d231efd612f230dd148f729d 768w, https:\/\/brtk.net\/wp-content\/uploads\/2024\/05\/10\/sibel-tatar4-1536x1023.jpg?ver=b1ccef17cf37b86d2b1910e756331f95 1536w\"\/>                            <\/div>\n<p>Cumhurba\u015fkan\u0131 <a href=\"https:\/\/brtk.net\/\" target=\"_blank\" rel=\"noopener\">Ersin <\/a><a href=\"https:\/\/brtk.net\/\"\/><a href=\"https:\/\/brtk.net\/\"\/><a href=\"https:\/\/brtk.net\/\"\/><a href=\"https:\/\/brtk.net\/\"\/><a href=\"https:\/\/brtk.net\/\"\/><a href=\"https:\/\/brtk.net\/\"\/><a href=\"https:\/\/brtk.net\/\">Tatar<\/a>\u2019\u0131n e\u015fi Sibel <a href=\"https:\/\/brtk.net\/\"\/><a href=\"https:\/\/brtk.net\/\"\/><a href=\"https:\/\/brtk.net\/\"\/><a href=\"https:\/\/brtk.net\/\"\/><a href=\"https:\/\/brtk.net\/\"\/><a href=\"https:\/\/brtk.net\/\"\/><a href=\"https:\/\/brtk.net\/\">Tatar<\/a>, gelecek hafta yap\u0131lacak Cumhurba\u015fkanl\u0131\u011f\u0131 1. Engelli Haklar\u0131 \u00c7al\u0131\u015ftay\u0131\u2019nda g\u00f6sterilmek \u00fczere haz\u0131rlanan kamu spotu \u00e7al\u0131\u015fmalar\u0131n\u0131 yerinde izledi.<\/p>\n<p>Cumhurba\u015fkanl\u0131\u011f\u0131ndan yap\u0131lan a\u00e7\u0131klamaya g\u00f6re, Cumhurba\u015fkanl\u0131\u011f\u0131 himayelerinde ve Sibel <a href=\"https:\/\/brtk.net\/\"\/><a href=\"https:\/\/brtk.net\/\"\/><a href=\"https:\/\/brtk.net\/\"\/><a href=\"https:\/\/brtk.net\/\"\/><a href=\"https:\/\/brtk.net\/\"\/><a href=\"https:\/\/brtk.net\/\"\/><a href=\"https:\/\/brtk.net\/\">Tatar<\/a> \u00f6nc\u00fcl\u00fc\u011f\u00fcnde 10-16 May\u0131s Engelliler Haftas\u0131 dolay\u0131s\u0131yla d\u00fczenlenecek 1. Engelli Haklar\u0131 \u00c7al\u0131\u015ftay\u0131\u2019nda g\u00f6sterilmek \u00fczere engelli \u00e7ocuklarla ilgili bir kamu spotu haz\u0131rlan\u0131yor.<\/p>\n<p>Sibel <a href=\"https:\/\/brtk.net\/\"\/><a href=\"https:\/\/brtk.net\/\"\/><a href=\"https:\/\/brtk.net\/\"\/><a href=\"https:\/\/brtk.net\/\"\/><a href=\"https:\/\/brtk.net\/\"\/><a href=\"https:\/\/brtk.net\/\"\/><a href=\"https:\/\/brtk.net\/\">Tatar<\/a>, konuya ili\u015fkin yapt\u0131\u011f\u0131 a\u00e7\u0131klamada, 8 Mart D\u00fcnya Kad\u0131nlar G\u00fcn\u00fc\u2019nde Cumhurba\u015fkanl\u0131\u011f\u0131nda engelli anneler ve engelli kad\u0131nlar i\u00e7in d\u00fczenlenen yemekte engelli bireylerin ve annelerinin kar\u015f\u0131la\u015ft\u0131klar\u0131 sorunlar\u0131n ele al\u0131nd\u0131\u011f\u0131n\u0131 hat\u0131rlatarak, duyarl\u0131l\u0131\u011f\u0131 art\u0131rmak ve fark\u0131ndal\u0131k yaratmak i\u00e7in haz\u0131rlanan kamu spotunun televizyon, sosyal medya ve web TV\u2019lerde de g\u00f6sterilece\u011fini s\u00f6yledi.<\/p>\n<p>Cumhurba\u015fkanl\u0131\u011f\u0131 himayelerinde 4\u2019nc\u00fc \u00e7al\u0131\u015ftay\u0131n yap\u0131laca\u011f\u0131na i\u015faret eden Sibel <a href=\"https:\/\/brtk.net\/\"\/><a href=\"https:\/\/brtk.net\/\"\/><a href=\"https:\/\/brtk.net\/\"\/><a href=\"https:\/\/brtk.net\/\"\/><a href=\"https:\/\/brtk.net\/\"\/><a href=\"https:\/\/brtk.net\/\"\/><a href=\"https:\/\/brtk.net\/\">Tatar<\/a>, 1. Engelli Haklar\u0131 \u00c7al\u0131\u015ftay\u0131\u2019nda g\u00f6sterilmek \u00fczere bir\u00e7ok g\u00f6rsel ve video haz\u0131rland\u0131\u011f\u0131n\u0131 dile getirdi.<\/p>\n<p>1. Engelli Haklar\u0131 \u00c7al\u0131\u015ftay\u0131\u2019nda engellilerin ya\u015fad\u0131\u011f\u0131 sorunlar ve \u00e7\u00f6z\u00fcm \u00f6nerilerinin konu\u015fulaca\u011f\u0131n\u0131 aktaran Sibel <a href=\"https:\/\/brtk.net\/\"\/><a href=\"https:\/\/brtk.net\/\"\/><a href=\"https:\/\/brtk.net\/\"\/><a href=\"https:\/\/brtk.net\/\"\/><a href=\"https:\/\/brtk.net\/\"\/><a href=\"https:\/\/brtk.net\/\"\/><a href=\"https:\/\/brtk.net\/\">Tatar<\/a>, \u00e7al\u0131\u015ftay\u0131n sonu\u00e7 bildirgesinde ise sorumluluklar ve y\u00fck\u00fcml\u00fcl\u00fcklerin yer alaca\u011f\u0131n\u0131 vurgulad\u0131.<\/p>\n<p>\u00dclkede ger\u00e7ekle\u015ftirilen \u00e7al\u0131\u015ftaylar\u0131n tamamlan\u0131p sonu\u00e7 bildirgelerinin haz\u0131rland\u0131\u011f\u0131n\u0131 ancak kitap\u00e7\u0131klar\u0131n rafa kald\u0131r\u0131ld\u0131\u011f\u0131n\u0131 ve gerekli \u00e7al\u0131\u015fmalar\u0131n yap\u0131lmad\u0131\u011f\u0131n\u0131 anlatan Sibel <a href=\"https:\/\/brtk.net\/\"\/><a href=\"https:\/\/brtk.net\/\"\/><a href=\"https:\/\/brtk.net\/\"\/><a href=\"https:\/\/brtk.net\/\"\/><a href=\"https:\/\/brtk.net\/\"\/><a href=\"https:\/\/brtk.net\/\"\/><a href=\"https:\/\/brtk.net\/\">Tatar<\/a>, Cumhurba\u015fkanl\u0131\u011f\u0131 himayelerinde ger\u00e7ekle\u015ftirilen 3 \u00e7al\u0131\u015ftayla ilgili gelecek g\u00fcnlerde sonu\u00e7 bildirgelerinin tekrar hat\u0131rlat\u0131laca\u011f\u0131n\u0131, k\u0131sa ve orta vadede hangi a\u015famada olundu\u011funun kamuoyu ile payla\u015f\u0131laca\u011f\u0131n\u0131 kaydetti.<\/p>\n<p>Sorumluluk al\u0131nmas\u0131 ve hat\u0131rlatma yap\u0131lmas\u0131n\u0131n \u00f6nemine dikkat \u00e7eken Sibel <a href=\"https:\/\/brtk.net\/\"\/><a href=\"https:\/\/brtk.net\/\"\/><a href=\"https:\/\/brtk.net\/\"\/><a href=\"https:\/\/brtk.net\/\"\/><a href=\"https:\/\/brtk.net\/\"\/><a href=\"https:\/\/brtk.net\/\"\/><a href=\"https:\/\/brtk.net\/\">Tatar<\/a>, yap\u0131lan \u00e7al\u0131\u015fmalar\u0131 sivil toplum \u00f6rg\u00fctleri ve ilgili makamlar\u0131n kat\u0131l\u0131m\u0131yla, kamu spotu ve haz\u0131rlanan video ile destekleyeceklerini ifade etti.<\/p>\n<\/p><\/div>\n<p><script async\n                    defer\n                    crossorigin=\"anonymous\"\n                    src=\"https:\/\/connect.facebook.net\/tr_TR\/sdk.js#xfbml=1&#038;version=v3.3\"\n            ><\/script><\/p>\n","protected":false},"excerpt":{"rendered":"<p>Cumhurba\u015fkan\u0131 Ersin Tatar\u2019\u0131n e\u015fi Sibel Tatar, gelecek hafta yap\u0131lacak Cumhurba\u015fkanl\u0131\u011f\u0131 1. Engelli Haklar\u0131 \u00c7al\u0131\u015ftay\u0131\u2019nda g\u00f6sterilmek \u00fczere haz\u0131rlanan kamu spotu \u00e7al\u0131\u015fmalar\u0131n\u0131 yerinde izledi. Cumhurba\u015fkanl\u0131\u011f\u0131ndan yap\u0131lan a\u00e7\u0131klamaya g\u00f6re, Cumhurba\u015fkanl\u0131\u011f\u0131 himayelerinde ve Sibel Tatar \u00f6nc\u00fcl\u00fc\u011f\u00fcnde 10-16 May\u0131s Engelliler Haftas\u0131 dolay\u0131s\u0131yla d\u00fczenlenecek 1. Engelli Haklar\u0131 \u00c7al\u0131\u015ftay\u0131\u2019nda g\u00f6sterilmek \u00fczere engelli \u00e7ocuklarla ilgili bir kamu spotu haz\u0131rlan\u0131yor. Sibel Tatar, konuya ili\u015fkin<\/p>\n","protected":false},"author":1,"featured_media":41098,"comment_status":"open","ping_status":"open","sticky":false,"template":"","format":"standard","meta":{"footnotes":""},"categories":[1],"tags":[],"class_list":["post-41097","post","type-post","status-publish","format-standard","has-post-thumbnail","hentry","category-gundem"],"yoast_head":"<!-- This site is optimized with the Yoast SEO plugin v27.4 - https:\/\/yoast.com\/product\/yoast-seo-wordpress\/ -->\n<title>Cumhurba\u015fkanl\u0131\u011f\u0131 1. Engelli Haklar\u0131 \u00c7al\u0131\u015ftay\u0131 gelecek hafta yap\u0131lacak. Sibel Tatar \u00e7al\u0131\u015fmalar\u0131 yerinde izledi -<\/title>\n<meta name=\"robots\" content=\"index, follow, max-snippet:-1, max-image-preview:large, max-video-preview:-1\" \/>\n<link rel=\"canonical\" href=\"https:\/\/kibrisdakik.com\/?p=41097\" \/>\n<meta property=\"og:locale\" content=\"tr_TR\" \/>\n<meta property=\"og:type\" content=\"article\" \/>\n<meta property=\"og:title\" content=\"Cumhurba\u015fkanl\u0131\u011f\u0131 1. Engelli Haklar\u0131 \u00c7al\u0131\u015ftay\u0131 gelecek hafta yap\u0131lacak. Sibel Tatar \u00e7al\u0131\u015fmalar\u0131 yerinde izledi -\" \/>\n<meta property=\"og:description\" content=\"Cumhurba\u015fkan\u0131 Ersin Tatar\u2019\u0131n e\u015fi Sibel Tatar, gelecek hafta yap\u0131lacak Cumhurba\u015fkanl\u0131\u011f\u0131 1. Engelli Haklar\u0131 \u00c7al\u0131\u015ftay\u0131\u2019nda g\u00f6sterilmek \u00fczere haz\u0131rlanan kamu spotu \u00e7al\u0131\u015fmalar\u0131n\u0131 yerinde izledi. Cumhurba\u015fkanl\u0131\u011f\u0131ndan yap\u0131lan a\u00e7\u0131klamaya g\u00f6re, Cumhurba\u015fkanl\u0131\u011f\u0131 himayelerinde ve Sibel Tatar \u00f6nc\u00fcl\u00fc\u011f\u00fcnde 10-16 May\u0131s Engelliler Haftas\u0131 dolay\u0131s\u0131yla d\u00fczenlenecek 1. Engelli Haklar\u0131 \u00c7al\u0131\u015ftay\u0131\u2019nda g\u00f6sterilmek \u00fczere engelli \u00e7ocuklarla ilgili bir kamu spotu haz\u0131rlan\u0131yor. Sibel Tatar, konuya ili\u015fkin\" \/>\n<meta property=\"og:url\" content=\"https:\/\/kibrisdakik.com\/?p=41097\" \/>\n<meta property=\"article:published_time\" content=\"2024-05-10T19:39:57+00:00\" \/>\n<meta property=\"og:image\" content=\"https:\/\/kibrisdakik.com\/wp-content\/uploads\/2024\/05\/sibel-tatar4-740x420.jpg\" \/>\n\t<meta property=\"og:image:width\" content=\"1600\" \/>\n\t<meta property=\"og:image:height\" content=\"1066\" \/>\n\t<meta property=\"og:image:type\" content=\"image\/jpeg\" \/>\n<meta name=\"author\" content=\"admin\" \/>\n<meta name=\"twitter:card\" content=\"summary_large_image\" \/>\n<meta name=\"twitter:label1\" content=\"Yazan:\" \/>\n\t<meta name=\"twitter:data1\" content=\"admin\" \/>\n\t<meta name=\"twitter:label2\" content=\"Tahmini okuma s\u00fcresi\" \/>\n\t<meta name=\"twitter:data2\" content=\"2 dakika\" \/>\n<script type=\"application\/ld+json\" class=\"yoast-schema-graph\">{\"@context\":\"https:\\\/\\\/schema.org\",\"@graph\":[{\"@type\":\"Article\",\"@id\":\"https:\\\/\\\/kibrisdakik.com\\\/?p=41097#article\",\"isPartOf\":{\"@id\":\"https:\\\/\\\/kibrisdakik.com\\\/?p=41097\"},\"author\":{\"name\":\"admin\",\"@id\":\"https:\\\/\\\/kibrisdakik.com\\\/#\\\/schema\\\/person\\\/9cd9d437bbb44f72b73ba127e06d8e79\"},\"headline\":\"Cumhurba\u015fkanl\u0131\u011f\u0131 1. Engelli Haklar\u0131 \u00c7al\u0131\u015ftay\u0131 gelecek hafta yap\u0131lacak. Sibel Tatar \u00e7al\u0131\u015fmalar\u0131 yerinde izledi\",\"datePublished\":\"2024-05-10T19:39:57+00:00\",\"mainEntityOfPage\":{\"@id\":\"https:\\\/\\\/kibrisdakik.com\\\/?p=41097\"},\"wordCount\":347,\"commentCount\":0,\"image\":{\"@id\":\"https:\\\/\\\/kibrisdakik.com\\\/?p=41097#primaryimage\"},\"thumbnailUrl\":\"https:\\\/\\\/kibrisdakik.com\\\/wp-content\\\/uploads\\\/2024\\\/05\\\/sibel-tatar4-740x420.jpg\",\"articleSection\":[\"G\u00fcndem\"],\"inLanguage\":\"tr\",\"potentialAction\":[{\"@type\":\"CommentAction\",\"name\":\"Comment\",\"target\":[\"https:\\\/\\\/kibrisdakik.com\\\/?p=41097#respond\"]}]},{\"@type\":\"WebPage\",\"@id\":\"https:\\\/\\\/kibrisdakik.com\\\/?p=41097\",\"url\":\"https:\\\/\\\/kibrisdakik.com\\\/?p=41097\",\"name\":\"Cumhurba\u015fkanl\u0131\u011f\u0131 1. Engelli Haklar\u0131 \u00c7al\u0131\u015ftay\u0131 gelecek hafta yap\u0131lacak. Sibel Tatar \u00e7al\u0131\u015fmalar\u0131 yerinde izledi -\",\"isPartOf\":{\"@id\":\"https:\\\/\\\/kibrisdakik.com\\\/#website\"},\"primaryImageOfPage\":{\"@id\":\"https:\\\/\\\/kibrisdakik.com\\\/?p=41097#primaryimage\"},\"image\":{\"@id\":\"https:\\\/\\\/kibrisdakik.com\\\/?p=41097#primaryimage\"},\"thumbnailUrl\":\"https:\\\/\\\/kibrisdakik.com\\\/wp-content\\\/uploads\\\/2024\\\/05\\\/sibel-tatar4-740x420.jpg\",\"datePublished\":\"2024-05-10T19:39:57+00:00\",\"author\":{\"@id\":\"https:\\\/\\\/kibrisdakik.com\\\/#\\\/schema\\\/person\\\/9cd9d437bbb44f72b73ba127e06d8e79\"},\"breadcrumb\":{\"@id\":\"https:\\\/\\\/kibrisdakik.com\\\/?p=41097#breadcrumb\"},\"inLanguage\":\"tr\",\"potentialAction\":[{\"@type\":\"ReadAction\",\"target\":[\"https:\\\/\\\/kibrisdakik.com\\\/?p=41097\"]}]},{\"@type\":\"ImageObject\",\"inLanguage\":\"tr\",\"@id\":\"https:\\\/\\\/kibrisdakik.com\\\/?p=41097#primaryimage\",\"url\":\"https:\\\/\\\/kibrisdakik.com\\\/wp-content\\\/uploads\\\/2024\\\/05\\\/sibel-tatar4-740x420.jpg\",\"contentUrl\":\"https:\\\/\\\/kibrisdakik.com\\\/wp-content\\\/uploads\\\/2024\\\/05\\\/sibel-tatar4-740x420.jpg\",\"width\":1600,\"height\":1066},{\"@type\":\"BreadcrumbList\",\"@id\":\"https:\\\/\\\/kibrisdakik.com\\\/?p=41097#breadcrumb\",\"itemListElement\":[{\"@type\":\"ListItem\",\"position\":1,\"name\":\"Home\",\"item\":\"https:\\\/\\\/kibrisdakik.com\\\/\"},{\"@type\":\"ListItem\",\"position\":2,\"name\":\"Cumhurba\u015fkanl\u0131\u011f\u0131 1. Engelli Haklar\u0131 \u00c7al\u0131\u015ftay\u0131 gelecek hafta yap\u0131lacak. Sibel Tatar \u00e7al\u0131\u015fmalar\u0131 yerinde izledi\"}]},{\"@type\":\"WebSite\",\"@id\":\"https:\\\/\\\/kibrisdakik.com\\\/#website\",\"url\":\"https:\\\/\\\/kibrisdakik.com\\\/\",\"name\":\"\",\"description\":\"Tam vaktinde haber\",\"potentialAction\":[{\"@type\":\"SearchAction\",\"target\":{\"@type\":\"EntryPoint\",\"urlTemplate\":\"https:\\\/\\\/kibrisdakik.com\\\/?s={search_term_string}\"},\"query-input\":{\"@type\":\"PropertyValueSpecification\",\"valueRequired\":true,\"valueName\":\"search_term_string\"}}],\"inLanguage\":\"tr\"},{\"@type\":\"Person\",\"@id\":\"https:\\\/\\\/kibrisdakik.com\\\/#\\\/schema\\\/person\\\/9cd9d437bbb44f72b73ba127e06d8e79\",\"name\":\"admin\",\"image\":{\"@type\":\"ImageObject\",\"inLanguage\":\"tr\",\"@id\":\"https:\\\/\\\/secure.gravatar.com\\\/avatar\\\/ccc17943b9d660506c869530f897617f7cb1c21a4bf30023f252596d83e1f007?s=96&d=mm&r=g\",\"url\":\"https:\\\/\\\/secure.gravatar.com\\\/avatar\\\/ccc17943b9d660506c869530f897617f7cb1c21a4bf30023f252596d83e1f007?s=96&d=mm&r=g\",\"contentUrl\":\"https:\\\/\\\/secure.gravatar.com\\\/avatar\\\/ccc17943b9d660506c869530f897617f7cb1c21a4bf30023f252596d83e1f007?s=96&d=mm&r=g\",\"caption\":\"admin\"},\"sameAs\":[\"https:\\\/\\\/kibrisdakik.com\"],\"url\":\"https:\\\/\\\/kibrisdakik.com\\\/?author=1\"}]}<\/script>\n<!-- \/ Yoast SEO plugin. -->","yoast_head_json":{"title":"Cumhurba\u015fkanl\u0131\u011f\u0131 1. Engelli Haklar\u0131 \u00c7al\u0131\u015ftay\u0131 gelecek hafta yap\u0131lacak. Sibel Tatar \u00e7al\u0131\u015fmalar\u0131 yerinde izledi -","robots":{"index":"index","follow":"follow","max-snippet":"max-snippet:-1","max-image-preview":"max-image-preview:large","max-video-preview":"max-video-preview:-1"},"canonical":"https:\/\/kibrisdakik.com\/?p=41097","og_locale":"tr_TR","og_type":"article","og_title":"Cumhurba\u015fkanl\u0131\u011f\u0131 1. Engelli Haklar\u0131 \u00c7al\u0131\u015ftay\u0131 gelecek hafta yap\u0131lacak. Sibel Tatar \u00e7al\u0131\u015fmalar\u0131 yerinde izledi -","og_description":"Cumhurba\u015fkan\u0131 Ersin Tatar\u2019\u0131n e\u015fi Sibel Tatar, gelecek hafta yap\u0131lacak Cumhurba\u015fkanl\u0131\u011f\u0131 1. Engelli Haklar\u0131 \u00c7al\u0131\u015ftay\u0131\u2019nda g\u00f6sterilmek \u00fczere haz\u0131rlanan kamu spotu \u00e7al\u0131\u015fmalar\u0131n\u0131 yerinde izledi. Cumhurba\u015fkanl\u0131\u011f\u0131ndan yap\u0131lan a\u00e7\u0131klamaya g\u00f6re, Cumhurba\u015fkanl\u0131\u011f\u0131 himayelerinde ve Sibel Tatar \u00f6nc\u00fcl\u00fc\u011f\u00fcnde 10-16 May\u0131s Engelliler Haftas\u0131 dolay\u0131s\u0131yla d\u00fczenlenecek 1. Engelli Haklar\u0131 \u00c7al\u0131\u015ftay\u0131\u2019nda g\u00f6sterilmek \u00fczere engelli \u00e7ocuklarla ilgili bir kamu spotu haz\u0131rlan\u0131yor. Sibel Tatar, konuya ili\u015fkin","og_url":"https:\/\/kibrisdakik.com\/?p=41097","article_published_time":"2024-05-10T19:39:57+00:00","og_image":[{"width":1600,"height":1066,"url":"https:\/\/kibrisdakik.com\/wp-content\/uploads\/2024\/05\/sibel-tatar4-740x420.jpg","type":"image\/jpeg"}],"author":"admin","twitter_card":"summary_large_image","twitter_misc":{"Yazan:":"admin","Tahmini okuma s\u00fcresi":"2 dakika"},"schema":{"@context":"https:\/\/schema.org","@graph":[{"@type":"Article","@id":"https:\/\/kibrisdakik.com\/?p=41097#article","isPartOf":{"@id":"https:\/\/kibrisdakik.com\/?p=41097"},"author":{"name":"admin","@id":"https:\/\/kibrisdakik.com\/#\/schema\/person\/9cd9d437bbb44f72b73ba127e06d8e79"},"headline":"Cumhurba\u015fkanl\u0131\u011f\u0131 1. Engelli Haklar\u0131 \u00c7al\u0131\u015ftay\u0131 gelecek hafta yap\u0131lacak. Sibel Tatar \u00e7al\u0131\u015fmalar\u0131 yerinde izledi","datePublished":"2024-05-10T19:39:57+00:00","mainEntityOfPage":{"@id":"https:\/\/kibrisdakik.com\/?p=41097"},"wordCount":347,"commentCount":0,"image":{"@id":"https:\/\/kibrisdakik.com\/?p=41097#primaryimage"},"thumbnailUrl":"https:\/\/kibrisdakik.com\/wp-content\/uploads\/2024\/05\/sibel-tatar4-740x420.jpg","articleSection":["G\u00fcndem"],"inLanguage":"tr","potentialAction":[{"@type":"CommentAction","name":"Comment","target":["https:\/\/kibrisdakik.com\/?p=41097#respond"]}]},{"@type":"WebPage","@id":"https:\/\/kibrisdakik.com\/?p=41097","url":"https:\/\/kibrisdakik.com\/?p=41097","name":"Cumhurba\u015fkanl\u0131\u011f\u0131 1. Engelli Haklar\u0131 \u00c7al\u0131\u015ftay\u0131 gelecek hafta yap\u0131lacak. Sibel Tatar \u00e7al\u0131\u015fmalar\u0131 yerinde izledi -","isPartOf":{"@id":"https:\/\/kibrisdakik.com\/#website"},"primaryImageOfPage":{"@id":"https:\/\/kibrisdakik.com\/?p=41097#primaryimage"},"image":{"@id":"https:\/\/kibrisdakik.com\/?p=41097#primaryimage"},"thumbnailUrl":"https:\/\/kibrisdakik.com\/wp-content\/uploads\/2024\/05\/sibel-tatar4-740x420.jpg","datePublished":"2024-05-10T19:39:57+00:00","author":{"@id":"https:\/\/kibrisdakik.com\/#\/schema\/person\/9cd9d437bbb44f72b73ba127e06d8e79"},"breadcrumb":{"@id":"https:\/\/kibrisdakik.com\/?p=41097#breadcrumb"},"inLanguage":"tr","potentialAction":[{"@type":"ReadAction","target":["https:\/\/kibrisdakik.com\/?p=41097"]}]},{"@type":"ImageObject","inLanguage":"tr","@id":"https:\/\/kibrisdakik.com\/?p=41097#primaryimage","url":"https:\/\/kibrisdakik.com\/wp-content\/uploads\/2024\/05\/sibel-tatar4-740x420.jpg","contentUrl":"https:\/\/kibrisdakik.com\/wp-content\/uploads\/2024\/05\/sibel-tatar4-740x420.jpg","width":1600,"height":1066},{"@type":"BreadcrumbList","@id":"https:\/\/kibrisdakik.com\/?p=41097#breadcrumb","itemListElement":[{"@type":"ListItem","position":1,"name":"Home","item":"https:\/\/kibrisdakik.com\/"},{"@type":"ListItem","position":2,"name":"Cumhurba\u015fkanl\u0131\u011f\u0131 1. Engelli Haklar\u0131 \u00c7al\u0131\u015ftay\u0131 gelecek hafta yap\u0131lacak. Sibel Tatar \u00e7al\u0131\u015fmalar\u0131 yerinde izledi"}]},{"@type":"WebSite","@id":"https:\/\/kibrisdakik.com\/#website","url":"https:\/\/kibrisdakik.com\/","name":"","description":"Tam vaktinde haber","potentialAction":[{"@type":"SearchAction","target":{"@type":"EntryPoint","urlTemplate":"https:\/\/kibrisdakik.com\/?s={search_term_string}"},"query-input":{"@type":"PropertyValueSpecification","valueRequired":true,"valueName":"search_term_string"}}],"inLanguage":"tr"},{"@type":"Person","@id":"https:\/\/kibrisdakik.com\/#\/schema\/person\/9cd9d437bbb44f72b73ba127e06d8e79","name":"admin","image":{"@type":"ImageObject","inLanguage":"tr","@id":"https:\/\/secure.gravatar.com\/avatar\/ccc17943b9d660506c869530f897617f7cb1c21a4bf30023f252596d83e1f007?s=96&d=mm&r=g","url":"https:\/\/secure.gravatar.com\/avatar\/ccc17943b9d660506c869530f897617f7cb1c21a4bf30023f252596d83e1f007?s=96&d=mm&r=g","contentUrl":"https:\/\/secure.gravatar.com\/avatar\/ccc17943b9d660506c869530f897617f7cb1c21a4bf30023f252596d83e1f007?s=96&d=mm&r=g","caption":"admin"},"sameAs":["https:\/\/kibrisdakik.com"],"url":"https:\/\/kibrisdakik.com\/?author=1"}]}},"_links":{"self":[{"href":"https:\/\/kibrisdakik.com\/index.php?rest_route=\/wp\/v2\/posts\/41097","targetHints":{"allow":["GET"]}}],"collection":[{"href":"https:\/\/kibrisdakik.com\/index.php?rest_route=\/wp\/v2\/posts"}],"about":[{"href":"https:\/\/kibrisdakik.com\/index.php?rest_route=\/wp\/v2\/types\/post"}],"author":[{"embeddable":true,"href":"https:\/\/kibrisdakik.com\/index.php?rest_route=\/wp\/v2\/users\/1"}],"replies":[{"embeddable":true,"href":"https:\/\/kibrisdakik.com\/index.php?rest_route=%2Fwp%2Fv2%2Fcomments&post=41097"}],"version-history":[{"count":0,"href":"https:\/\/kibrisdakik.com\/index.php?rest_route=\/wp\/v2\/posts\/41097\/revisions"}],"wp:featuredmedia":[{"embeddable":true,"href":"https:\/\/kibrisdakik.com\/index.php?rest_route=\/wp\/v2\/media\/41098"}],"wp:attachment":[{"href":"https:\/\/kibrisdakik.com\/index.php?rest_route=%2Fwp%2Fv2%2Fmedia&parent=41097"}],"wp:term":[{"taxonomy":"category","embeddable":true,"href":"https:\/\/kibrisdakik.com\/index.php?rest_route=%2Fwp%2Fv2%2Fcategories&post=41097"},{"taxonomy":"post_tag","embeddable":true,"href":"https:\/\/kibrisdakik.com\/index.php?rest_route=%2Fwp%2Fv2%2Ftags&post=41097"}],"curies":[{"name":"wp","href":"https:\/\/api.w.org\/{rel}","templated":true}]}}