{"id":41245,"date":"2024-05-11T18:03:57","date_gmt":"2024-05-11T18:03:57","guid":{"rendered":"https:\/\/kibrisdakik.com\/index.php\/2024\/05\/11\/sifir-atik-cop-toplama-maratonunun-lefkosa-etabi-yapildi-2\/"},"modified":"2024-05-11T18:03:57","modified_gmt":"2024-05-11T18:03:57","slug":"sifir-atik-cop-toplama-maratonunun-lefkosa-etabi-yapildi-2","status":"publish","type":"post","link":"https:\/\/kibrisdakik.com\/?p=41245","title":{"rendered":"\u201cS\u0131f\u0131r At\u0131k \u00c7\u00f6p Toplama Maratonu\u201dnun Lefko\u015fa etab\u0131 yap\u0131ld\u0131"},"content":{"rendered":"<p><\/p>\n<div>\n<div class=\"mariselle-image-container center\">\n                <img loading=\"lazy\" decoding=\"async\" width=\"2560\" height=\"1708\" class=\"lazy-image\" alt=\"\" sizes=\"auto, (max-width: 2560px) 100vw, 2560px\" src=\"https:\/\/brtk.net\/wp-content\/uploads\/2024\/05\/11\/sifir-atik-lefkosa-etabi-yapildi-1-scaled.jpg?ver=6a00eb94caaf097c70a75fb810626364\" srcset=\"https:\/\/brtk.net\/wp-content\/uploads\/2024\/05\/11\/sifir-atik-lefkosa-etabi-yapildi-1-scaled.jpg?ver=6a00eb94caaf097c70a75fb810626364 2560w, https:\/\/brtk.net\/wp-content\/uploads\/2024\/05\/11\/sifir-atik-lefkosa-etabi-yapildi-1-300x200.jpg?ver=6a00eb94caaf097c70a75fb810626364 300w, https:\/\/brtk.net\/wp-content\/uploads\/2024\/05\/11\/sifir-atik-lefkosa-etabi-yapildi-1-1024x683.jpg?ver=a2819cf0f6e31e7c4519a3a5566684b2 1024w, https:\/\/brtk.net\/wp-content\/uploads\/2024\/05\/11\/sifir-atik-lefkosa-etabi-yapildi-1-768x512.jpg?ver=a2819cf0f6e31e7c4519a3a5566684b2 768w, https:\/\/brtk.net\/wp-content\/uploads\/2024\/05\/11\/sifir-atik-lefkosa-etabi-yapildi-1-1536x1025.jpg?ver=7a52bc837bb84b30009361d5c04ffa1c 1536w, https:\/\/brtk.net\/wp-content\/uploads\/2024\/05\/11\/sifir-atik-lefkosa-etabi-yapildi-1-2048x1366.jpg?ver=bf4df271db6425053ea905d971c385c8 2048w\"\/>                            <\/div>\n<p>Ba\u015fbakan Yard\u0131mc\u0131l\u0131\u011f\u0131, Turizm, K\u00fclt\u00fcr, Gen\u00e7lik ve \u00c7evre Bakanl\u0131\u011f\u0131 himayelerinde \u00e7evre bilincini art\u0131rmak ve fark\u0131ndal\u0131k yaratmak amac\u0131yla Gen\u00e7lik Federasyonu ile i\u015f birli\u011fi \u00e7er\u00e7evesinde d\u00fczenlenen \u201cS\u0131f\u0131r At\u0131k \u00c7\u00f6p Toplama Maratonu\u201dnun Lefko\u015fa etab\u0131, bug\u00fcn yap\u0131ld\u0131.<\/p>\n<p>May\u0131s ay\u0131 boyunca \u00fclkenin farkl\u0131 noktalar\u0131nda s\u00fcrecek \u201cS\u0131f\u0131r At\u0131k \u00c7\u00f6p Toplama Maratonu\u201d ikinci hafta etkinli\u011fi, Lefko\u015fa Sanayi B\u00f6lgesi, 3\u2019\u00fcnc\u00fc Cadde\u2019de \u00e7\u00f6p toplama etkinli\u011fiyle devam etti. <\/p>\n<p>Ba\u015fbakan Yard\u0131mc\u0131l\u0131\u011f\u0131\u2019ndan yap\u0131lan a\u00e7\u0131klamaya g\u00f6re, Lefko\u015fa Sanayi B\u00f6lgesinde saat 16.30\u2019da ba\u015flayan maratona, Ba\u015fbakan Yard\u0131mc\u0131s\u0131, Turizm, K\u00fclt\u00fcr, Gen\u00e7lik ve \u00c7evre Bakan\u0131 Fikri Atao\u011flu, Bakanl\u0131k M\u00fcste\u015far\u0131 Serhan Aktun\u00e7, \u00c7evre Koruma Dairesi M\u00fcd\u00fcr\u00fc Abdullah Aktolgal\u0131 ile \u00c7evre Koruma Dairesi personeli de kat\u0131ld\u0131.<\/p>\n<p>-Atao\u011flu \u00e7evre bilincinin k\u00fc\u00e7\u00fck ya\u015flardan itibaren yarat\u0131l\u0131p korunmas\u0131 gerekti\u011fini vurgulad\u0131<\/p>\n<p>Ba\u015fbakan Yard\u0131mc\u0131s\u0131, Turizm, K\u00fclt\u00fcr, Gen\u00e7lik ve \u00c7evre Bakan\u0131 Fikri Atao\u011flu, etkinlik \u00f6ncesinde yapt\u0131\u011f\u0131 konu\u015fmada, \u00e7evre bilincinin k\u00fc\u00e7\u00fck ya\u015flardan itibaren yarat\u0131lmas\u0131n\u0131 ve bu bilin\u00e7le \u00e7evrenin daha fazla korunmas\u0131 gerekti\u011fini s\u00f6yledi.<\/p>\n<p>Ge\u00e7en hafta Bo\u011faz Piknik Alan\u0131\u2019nda gen\u00e7lerin \u00e7\u00f6p toplama etkinli\u011fi yapt\u0131\u011f\u0131na da de\u011finen Atao\u011flu, temizli\u011fin ard\u0131ndan \u00fc\u00e7 g\u00fcn ge\u00e7mesiyle b\u00f6lgenin yeniden \u00e7\u00f6plerle doldu\u011funu belirtti.<\/p>\n<p>Temizlemenin bir \u00e7\u00f6z\u00fcm olmad\u0131\u011f\u0131n\u0131 anlatan Atao\u011flu, \u00f6nemli olan\u0131n bunu korumak oldu\u011funu vurgulayarak halk\u0131n daha fazla duyarl\u0131 olmas\u0131n\u0131 istedi.<\/p>\n<div class=\"mariselle-image-container center\">\n                <img loading=\"lazy\" decoding=\"async\" width=\"2560\" height=\"1708\" class=\"lazy-image\" alt=\"\" sizes=\"auto, (max-width: 2560px) 100vw, 2560px\" src=\"https:\/\/brtk.net\/wp-content\/uploads\/2024\/05\/11\/sifir-atik-lefkosa-etabi-yapildi-5-scaled.jpg?ver=e4d44f3a4f351265b3137d5bed8e2011\" srcset=\"https:\/\/brtk.net\/wp-content\/uploads\/2024\/05\/11\/sifir-atik-lefkosa-etabi-yapildi-5-scaled.jpg?ver=e4d44f3a4f351265b3137d5bed8e2011 2560w, https:\/\/brtk.net\/wp-content\/uploads\/2024\/05\/11\/sifir-atik-lefkosa-etabi-yapildi-5-300x200.jpg?ver=e4d44f3a4f351265b3137d5bed8e2011 300w, https:\/\/brtk.net\/wp-content\/uploads\/2024\/05\/11\/sifir-atik-lefkosa-etabi-yapildi-5-1024x683.jpg?ver=df9476ef1ca224d4fb0e59de68049cb3 1024w, https:\/\/brtk.net\/wp-content\/uploads\/2024\/05\/11\/sifir-atik-lefkosa-etabi-yapildi-5-768x512.jpg?ver=cca47a2efb416038d8bbe0a3a5d60bed 768w, https:\/\/brtk.net\/wp-content\/uploads\/2024\/05\/11\/sifir-atik-lefkosa-etabi-yapildi-5-1536x1025.jpg?ver=f533506d5d81e4afd2fddbe61c57f681 1536w, https:\/\/brtk.net\/wp-content\/uploads\/2024\/05\/11\/sifir-atik-lefkosa-etabi-yapildi-5-2048x1366.jpg?ver=c40341e1d4867ed507771e0d05f673aa 2048w\"\/>                            <\/div>\n<p>D\u00fczenlenen yar\u0131\u015fmalar neticesince 5 Haziran D\u00fcnya \u00c7evre G\u00fcn\u00fc\u2019nde birinci gelen tak\u0131mlara \u00f6d\u00fcller verilece\u011fini anlatan Atao\u011flu, bu t\u00fcr etkinliklerin artarak devam edece\u011fini ifade etti.<\/p>\n<\/p><\/div>\n<p><script async\n                    defer\n                    crossorigin=\"anonymous\"\n                    src=\"https:\/\/connect.facebook.net\/tr_TR\/sdk.js#xfbml=1&#038;version=v3.3\"\n            ><\/script><\/p>\n","protected":false},"excerpt":{"rendered":"<p>Ba\u015fbakan Yard\u0131mc\u0131l\u0131\u011f\u0131, Turizm, K\u00fclt\u00fcr, Gen\u00e7lik ve \u00c7evre Bakanl\u0131\u011f\u0131 himayelerinde \u00e7evre bilincini art\u0131rmak ve fark\u0131ndal\u0131k yaratmak amac\u0131yla Gen\u00e7lik Federasyonu ile i\u015f birli\u011fi \u00e7er\u00e7evesinde d\u00fczenlenen \u201cS\u0131f\u0131r At\u0131k \u00c7\u00f6p Toplama Maratonu\u201dnun Lefko\u015fa etab\u0131, bug\u00fcn yap\u0131ld\u0131. May\u0131s ay\u0131 boyunca \u00fclkenin farkl\u0131 noktalar\u0131nda s\u00fcrecek \u201cS\u0131f\u0131r At\u0131k \u00c7\u00f6p Toplama Maratonu\u201d ikinci hafta etkinli\u011fi, Lefko\u015fa Sanayi B\u00f6lgesi, 3\u2019\u00fcnc\u00fc Cadde\u2019de \u00e7\u00f6p toplama etkinli\u011fiyle<\/p>\n","protected":false},"author":1,"featured_media":41246,"comment_status":"open","ping_status":"open","sticky":false,"template":"","format":"standard","meta":{"footnotes":""},"categories":[1],"tags":[],"class_list":["post-41245","post","type-post","status-publish","format-standard","has-post-thumbnail","hentry","category-gundem"],"yoast_head":"<!-- This site is optimized with the Yoast SEO plugin v27.5 - https:\/\/yoast.com\/product\/yoast-seo-wordpress\/ -->\n<title>\u201cS\u0131f\u0131r At\u0131k \u00c7\u00f6p Toplama Maratonu\u201dnun Lefko\u015fa etab\u0131 yap\u0131ld\u0131 -<\/title>\n<meta name=\"robots\" content=\"index, follow, max-snippet:-1, max-image-preview:large, max-video-preview:-1\" \/>\n<link rel=\"canonical\" href=\"https:\/\/kibrisdakik.com\/?p=41245\" \/>\n<meta property=\"og:locale\" content=\"tr_TR\" \/>\n<meta property=\"og:type\" content=\"article\" \/>\n<meta property=\"og:title\" content=\"\u201cS\u0131f\u0131r At\u0131k \u00c7\u00f6p Toplama Maratonu\u201dnun Lefko\u015fa etab\u0131 yap\u0131ld\u0131 -\" \/>\n<meta property=\"og:description\" content=\"Ba\u015fbakan Yard\u0131mc\u0131l\u0131\u011f\u0131, Turizm, K\u00fclt\u00fcr, Gen\u00e7lik ve \u00c7evre Bakanl\u0131\u011f\u0131 himayelerinde \u00e7evre bilincini art\u0131rmak ve fark\u0131ndal\u0131k yaratmak amac\u0131yla Gen\u00e7lik Federasyonu ile i\u015f birli\u011fi \u00e7er\u00e7evesinde d\u00fczenlenen \u201cS\u0131f\u0131r At\u0131k \u00c7\u00f6p Toplama Maratonu\u201dnun Lefko\u015fa etab\u0131, bug\u00fcn yap\u0131ld\u0131. May\u0131s ay\u0131 boyunca \u00fclkenin farkl\u0131 noktalar\u0131nda s\u00fcrecek \u201cS\u0131f\u0131r At\u0131k \u00c7\u00f6p Toplama Maratonu\u201d ikinci hafta etkinli\u011fi, Lefko\u015fa Sanayi B\u00f6lgesi, 3\u2019\u00fcnc\u00fc Cadde\u2019de \u00e7\u00f6p toplama etkinli\u011fiyle\" \/>\n<meta property=\"og:url\" content=\"https:\/\/kibrisdakik.com\/?p=41245\" \/>\n<meta property=\"article:published_time\" content=\"2024-05-11T18:03:57+00:00\" \/>\n<meta property=\"og:image\" content=\"https:\/\/kibrisdakik.com\/wp-content\/uploads\/2024\/05\/sifir-atik-lefkosa-etabi-yapildi-2-scaled-740x420.jpg\" \/>\n\t<meta property=\"og:image:width\" content=\"2560\" \/>\n\t<meta property=\"og:image:height\" content=\"1708\" \/>\n\t<meta property=\"og:image:type\" content=\"image\/jpeg\" \/>\n<meta name=\"author\" content=\"admin\" \/>\n<meta name=\"twitter:card\" content=\"summary_large_image\" \/>\n<meta name=\"twitter:label1\" content=\"Yazan:\" \/>\n\t<meta name=\"twitter:data1\" content=\"admin\" \/>\n\t<meta name=\"twitter:label2\" content=\"Tahmini okuma s\u00fcresi\" \/>\n\t<meta name=\"twitter:data2\" content=\"2 dakika\" \/>\n<script type=\"application\/ld+json\" class=\"yoast-schema-graph\">{\"@context\":\"https:\\\/\\\/schema.org\",\"@graph\":[{\"@type\":\"Article\",\"@id\":\"https:\\\/\\\/kibrisdakik.com\\\/?p=41245#article\",\"isPartOf\":{\"@id\":\"https:\\\/\\\/kibrisdakik.com\\\/?p=41245\"},\"author\":{\"name\":\"admin\",\"@id\":\"https:\\\/\\\/kibrisdakik.com\\\/#\\\/schema\\\/person\\\/9cd9d437bbb44f72b73ba127e06d8e79\"},\"headline\":\"\u201cS\u0131f\u0131r At\u0131k \u00c7\u00f6p Toplama Maratonu\u201dnun Lefko\u015fa etab\u0131 yap\u0131ld\u0131\",\"datePublished\":\"2024-05-11T18:03:57+00:00\",\"mainEntityOfPage\":{\"@id\":\"https:\\\/\\\/kibrisdakik.com\\\/?p=41245\"},\"wordCount\":319,\"commentCount\":0,\"image\":{\"@id\":\"https:\\\/\\\/kibrisdakik.com\\\/?p=41245#primaryimage\"},\"thumbnailUrl\":\"https:\\\/\\\/kibrisdakik.com\\\/wp-content\\\/uploads\\\/2024\\\/05\\\/sifir-atik-lefkosa-etabi-yapildi-2-scaled-740x420.jpg\",\"articleSection\":[\"G\u00fcndem\"],\"inLanguage\":\"tr\",\"potentialAction\":[{\"@type\":\"CommentAction\",\"name\":\"Comment\",\"target\":[\"https:\\\/\\\/kibrisdakik.com\\\/?p=41245#respond\"]}]},{\"@type\":\"WebPage\",\"@id\":\"https:\\\/\\\/kibrisdakik.com\\\/?p=41245\",\"url\":\"https:\\\/\\\/kibrisdakik.com\\\/?p=41245\",\"name\":\"\u201cS\u0131f\u0131r At\u0131k \u00c7\u00f6p Toplama Maratonu\u201dnun Lefko\u015fa etab\u0131 yap\u0131ld\u0131 -\",\"isPartOf\":{\"@id\":\"https:\\\/\\\/kibrisdakik.com\\\/#website\"},\"primaryImageOfPage\":{\"@id\":\"https:\\\/\\\/kibrisdakik.com\\\/?p=41245#primaryimage\"},\"image\":{\"@id\":\"https:\\\/\\\/kibrisdakik.com\\\/?p=41245#primaryimage\"},\"thumbnailUrl\":\"https:\\\/\\\/kibrisdakik.com\\\/wp-content\\\/uploads\\\/2024\\\/05\\\/sifir-atik-lefkosa-etabi-yapildi-2-scaled-740x420.jpg\",\"datePublished\":\"2024-05-11T18:03:57+00:00\",\"author\":{\"@id\":\"https:\\\/\\\/kibrisdakik.com\\\/#\\\/schema\\\/person\\\/9cd9d437bbb44f72b73ba127e06d8e79\"},\"breadcrumb\":{\"@id\":\"https:\\\/\\\/kibrisdakik.com\\\/?p=41245#breadcrumb\"},\"inLanguage\":\"tr\",\"potentialAction\":[{\"@type\":\"ReadAction\",\"target\":[\"https:\\\/\\\/kibrisdakik.com\\\/?p=41245\"]}]},{\"@type\":\"ImageObject\",\"inLanguage\":\"tr\",\"@id\":\"https:\\\/\\\/kibrisdakik.com\\\/?p=41245#primaryimage\",\"url\":\"https:\\\/\\\/kibrisdakik.com\\\/wp-content\\\/uploads\\\/2024\\\/05\\\/sifir-atik-lefkosa-etabi-yapildi-2-scaled-740x420.jpg\",\"contentUrl\":\"https:\\\/\\\/kibrisdakik.com\\\/wp-content\\\/uploads\\\/2024\\\/05\\\/sifir-atik-lefkosa-etabi-yapildi-2-scaled-740x420.jpg\",\"width\":2560,\"height\":1708},{\"@type\":\"BreadcrumbList\",\"@id\":\"https:\\\/\\\/kibrisdakik.com\\\/?p=41245#breadcrumb\",\"itemListElement\":[{\"@type\":\"ListItem\",\"position\":1,\"name\":\"Home\",\"item\":\"https:\\\/\\\/kibrisdakik.com\\\/\"},{\"@type\":\"ListItem\",\"position\":2,\"name\":\"\u201cS\u0131f\u0131r At\u0131k \u00c7\u00f6p Toplama Maratonu\u201dnun Lefko\u015fa etab\u0131 yap\u0131ld\u0131\"}]},{\"@type\":\"WebSite\",\"@id\":\"https:\\\/\\\/kibrisdakik.com\\\/#website\",\"url\":\"https:\\\/\\\/kibrisdakik.com\\\/\",\"name\":\"\",\"description\":\"Tam vaktinde haber\",\"potentialAction\":[{\"@type\":\"SearchAction\",\"target\":{\"@type\":\"EntryPoint\",\"urlTemplate\":\"https:\\\/\\\/kibrisdakik.com\\\/?s={search_term_string}\"},\"query-input\":{\"@type\":\"PropertyValueSpecification\",\"valueRequired\":true,\"valueName\":\"search_term_string\"}}],\"inLanguage\":\"tr\"},{\"@type\":\"Person\",\"@id\":\"https:\\\/\\\/kibrisdakik.com\\\/#\\\/schema\\\/person\\\/9cd9d437bbb44f72b73ba127e06d8e79\",\"name\":\"admin\",\"image\":{\"@type\":\"ImageObject\",\"inLanguage\":\"tr\",\"@id\":\"https:\\\/\\\/secure.gravatar.com\\\/avatar\\\/ccc17943b9d660506c869530f897617f7cb1c21a4bf30023f252596d83e1f007?s=96&d=mm&r=g\",\"url\":\"https:\\\/\\\/secure.gravatar.com\\\/avatar\\\/ccc17943b9d660506c869530f897617f7cb1c21a4bf30023f252596d83e1f007?s=96&d=mm&r=g\",\"contentUrl\":\"https:\\\/\\\/secure.gravatar.com\\\/avatar\\\/ccc17943b9d660506c869530f897617f7cb1c21a4bf30023f252596d83e1f007?s=96&d=mm&r=g\",\"caption\":\"admin\"},\"sameAs\":[\"https:\\\/\\\/kibrisdakik.com\"],\"url\":\"https:\\\/\\\/kibrisdakik.com\\\/?author=1\"}]}<\/script>\n<!-- \/ Yoast SEO plugin. -->","yoast_head_json":{"title":"\u201cS\u0131f\u0131r At\u0131k \u00c7\u00f6p Toplama Maratonu\u201dnun Lefko\u015fa etab\u0131 yap\u0131ld\u0131 -","robots":{"index":"index","follow":"follow","max-snippet":"max-snippet:-1","max-image-preview":"max-image-preview:large","max-video-preview":"max-video-preview:-1"},"canonical":"https:\/\/kibrisdakik.com\/?p=41245","og_locale":"tr_TR","og_type":"article","og_title":"\u201cS\u0131f\u0131r At\u0131k \u00c7\u00f6p Toplama Maratonu\u201dnun Lefko\u015fa etab\u0131 yap\u0131ld\u0131 -","og_description":"Ba\u015fbakan Yard\u0131mc\u0131l\u0131\u011f\u0131, Turizm, K\u00fclt\u00fcr, Gen\u00e7lik ve \u00c7evre Bakanl\u0131\u011f\u0131 himayelerinde \u00e7evre bilincini art\u0131rmak ve fark\u0131ndal\u0131k yaratmak amac\u0131yla Gen\u00e7lik Federasyonu ile i\u015f birli\u011fi \u00e7er\u00e7evesinde d\u00fczenlenen \u201cS\u0131f\u0131r At\u0131k \u00c7\u00f6p Toplama Maratonu\u201dnun Lefko\u015fa etab\u0131, bug\u00fcn yap\u0131ld\u0131. May\u0131s ay\u0131 boyunca \u00fclkenin farkl\u0131 noktalar\u0131nda s\u00fcrecek \u201cS\u0131f\u0131r At\u0131k \u00c7\u00f6p Toplama Maratonu\u201d ikinci hafta etkinli\u011fi, Lefko\u015fa Sanayi B\u00f6lgesi, 3\u2019\u00fcnc\u00fc Cadde\u2019de \u00e7\u00f6p toplama etkinli\u011fiyle","og_url":"https:\/\/kibrisdakik.com\/?p=41245","article_published_time":"2024-05-11T18:03:57+00:00","og_image":[{"width":2560,"height":1708,"url":"https:\/\/kibrisdakik.com\/wp-content\/uploads\/2024\/05\/sifir-atik-lefkosa-etabi-yapildi-2-scaled-740x420.jpg","type":"image\/jpeg"}],"author":"admin","twitter_card":"summary_large_image","twitter_misc":{"Yazan:":"admin","Tahmini okuma s\u00fcresi":"2 dakika"},"schema":{"@context":"https:\/\/schema.org","@graph":[{"@type":"Article","@id":"https:\/\/kibrisdakik.com\/?p=41245#article","isPartOf":{"@id":"https:\/\/kibrisdakik.com\/?p=41245"},"author":{"name":"admin","@id":"https:\/\/kibrisdakik.com\/#\/schema\/person\/9cd9d437bbb44f72b73ba127e06d8e79"},"headline":"\u201cS\u0131f\u0131r At\u0131k \u00c7\u00f6p Toplama Maratonu\u201dnun Lefko\u015fa etab\u0131 yap\u0131ld\u0131","datePublished":"2024-05-11T18:03:57+00:00","mainEntityOfPage":{"@id":"https:\/\/kibrisdakik.com\/?p=41245"},"wordCount":319,"commentCount":0,"image":{"@id":"https:\/\/kibrisdakik.com\/?p=41245#primaryimage"},"thumbnailUrl":"https:\/\/kibrisdakik.com\/wp-content\/uploads\/2024\/05\/sifir-atik-lefkosa-etabi-yapildi-2-scaled-740x420.jpg","articleSection":["G\u00fcndem"],"inLanguage":"tr","potentialAction":[{"@type":"CommentAction","name":"Comment","target":["https:\/\/kibrisdakik.com\/?p=41245#respond"]}]},{"@type":"WebPage","@id":"https:\/\/kibrisdakik.com\/?p=41245","url":"https:\/\/kibrisdakik.com\/?p=41245","name":"\u201cS\u0131f\u0131r At\u0131k \u00c7\u00f6p Toplama Maratonu\u201dnun Lefko\u015fa etab\u0131 yap\u0131ld\u0131 -","isPartOf":{"@id":"https:\/\/kibrisdakik.com\/#website"},"primaryImageOfPage":{"@id":"https:\/\/kibrisdakik.com\/?p=41245#primaryimage"},"image":{"@id":"https:\/\/kibrisdakik.com\/?p=41245#primaryimage"},"thumbnailUrl":"https:\/\/kibrisdakik.com\/wp-content\/uploads\/2024\/05\/sifir-atik-lefkosa-etabi-yapildi-2-scaled-740x420.jpg","datePublished":"2024-05-11T18:03:57+00:00","author":{"@id":"https:\/\/kibrisdakik.com\/#\/schema\/person\/9cd9d437bbb44f72b73ba127e06d8e79"},"breadcrumb":{"@id":"https:\/\/kibrisdakik.com\/?p=41245#breadcrumb"},"inLanguage":"tr","potentialAction":[{"@type":"ReadAction","target":["https:\/\/kibrisdakik.com\/?p=41245"]}]},{"@type":"ImageObject","inLanguage":"tr","@id":"https:\/\/kibrisdakik.com\/?p=41245#primaryimage","url":"https:\/\/kibrisdakik.com\/wp-content\/uploads\/2024\/05\/sifir-atik-lefkosa-etabi-yapildi-2-scaled-740x420.jpg","contentUrl":"https:\/\/kibrisdakik.com\/wp-content\/uploads\/2024\/05\/sifir-atik-lefkosa-etabi-yapildi-2-scaled-740x420.jpg","width":2560,"height":1708},{"@type":"BreadcrumbList","@id":"https:\/\/kibrisdakik.com\/?p=41245#breadcrumb","itemListElement":[{"@type":"ListItem","position":1,"name":"Home","item":"https:\/\/kibrisdakik.com\/"},{"@type":"ListItem","position":2,"name":"\u201cS\u0131f\u0131r At\u0131k \u00c7\u00f6p Toplama Maratonu\u201dnun Lefko\u015fa etab\u0131 yap\u0131ld\u0131"}]},{"@type":"WebSite","@id":"https:\/\/kibrisdakik.com\/#website","url":"https:\/\/kibrisdakik.com\/","name":"","description":"Tam vaktinde haber","potentialAction":[{"@type":"SearchAction","target":{"@type":"EntryPoint","urlTemplate":"https:\/\/kibrisdakik.com\/?s={search_term_string}"},"query-input":{"@type":"PropertyValueSpecification","valueRequired":true,"valueName":"search_term_string"}}],"inLanguage":"tr"},{"@type":"Person","@id":"https:\/\/kibrisdakik.com\/#\/schema\/person\/9cd9d437bbb44f72b73ba127e06d8e79","name":"admin","image":{"@type":"ImageObject","inLanguage":"tr","@id":"https:\/\/secure.gravatar.com\/avatar\/ccc17943b9d660506c869530f897617f7cb1c21a4bf30023f252596d83e1f007?s=96&d=mm&r=g","url":"https:\/\/secure.gravatar.com\/avatar\/ccc17943b9d660506c869530f897617f7cb1c21a4bf30023f252596d83e1f007?s=96&d=mm&r=g","contentUrl":"https:\/\/secure.gravatar.com\/avatar\/ccc17943b9d660506c869530f897617f7cb1c21a4bf30023f252596d83e1f007?s=96&d=mm&r=g","caption":"admin"},"sameAs":["https:\/\/kibrisdakik.com"],"url":"https:\/\/kibrisdakik.com\/?author=1"}]}},"_links":{"self":[{"href":"https:\/\/kibrisdakik.com\/index.php?rest_route=\/wp\/v2\/posts\/41245","targetHints":{"allow":["GET"]}}],"collection":[{"href":"https:\/\/kibrisdakik.com\/index.php?rest_route=\/wp\/v2\/posts"}],"about":[{"href":"https:\/\/kibrisdakik.com\/index.php?rest_route=\/wp\/v2\/types\/post"}],"author":[{"embeddable":true,"href":"https:\/\/kibrisdakik.com\/index.php?rest_route=\/wp\/v2\/users\/1"}],"replies":[{"embeddable":true,"href":"https:\/\/kibrisdakik.com\/index.php?rest_route=%2Fwp%2Fv2%2Fcomments&post=41245"}],"version-history":[{"count":0,"href":"https:\/\/kibrisdakik.com\/index.php?rest_route=\/wp\/v2\/posts\/41245\/revisions"}],"wp:featuredmedia":[{"embeddable":true,"href":"https:\/\/kibrisdakik.com\/index.php?rest_route=\/wp\/v2\/media\/41246"}],"wp:attachment":[{"href":"https:\/\/kibrisdakik.com\/index.php?rest_route=%2Fwp%2Fv2%2Fmedia&parent=41245"}],"wp:term":[{"taxonomy":"category","embeddable":true,"href":"https:\/\/kibrisdakik.com\/index.php?rest_route=%2Fwp%2Fv2%2Fcategories&post=41245"},{"taxonomy":"post_tag","embeddable":true,"href":"https:\/\/kibrisdakik.com\/index.php?rest_route=%2Fwp%2Fv2%2Ftags&post=41245"}],"curies":[{"name":"wp","href":"https:\/\/api.w.org\/{rel}","templated":true}]}}