{"id":41289,"date":"2024-05-12T00:40:57","date_gmt":"2024-05-12T00:40:57","guid":{"rendered":"https:\/\/kibrisdakik.com\/index.php\/2024\/05\/12\/dp-kadin-orgutu-anneler-gunu-etkinligi-yapmama-karari-aldi\/"},"modified":"2024-05-12T00:40:57","modified_gmt":"2024-05-12T00:40:57","slug":"dp-kadin-orgutu-anneler-gunu-etkinligi-yapmama-karari-aldi","status":"publish","type":"post","link":"https:\/\/kibrisdakik.com\/?p=41289","title":{"rendered":"DP Kad\u0131n \u00d6rg\u00fct\u00fc, Anneler G\u00fcn\u00fc etkinli\u011fi yapmama karar\u0131 ald\u0131"},"content":{"rendered":"<p><img decoding=\"async\" src=\"https:\/\/www.kibristurk.com\/images\/haberler\/2024\/05\/dp-kadin-orgutu-anneler-gunu-etkinligi-yapmama-karari-aldi-1715450233.webp\" \/><\/p>\n<p style=\"text-align:left\"><span style=\"font-size:16px\"><span style=\"font-family:Merriweather,serif !important\"><span style=\"color:#000000\"><span style=\"background-color:#ffffff\"><span style=\"font-size:14pt\"><span style=\"font-family:Merriweather,serif !important\"><span style=\"color:#000000 !important\">Partiden yap\u0131lan a\u00e7\u0131klamada, buna gerek\u00e7e olarak \u015eampiyon Meleklerin ac\u0131s\u0131 g\u00f6sterildi.<\/span><\/span><\/span><\/span><\/span><\/span><\/span><\/p>\n<p style=\"text-align:left\"><span style=\"font-size:16px\"><span style=\"font-family:Merriweather,serif !important\"><span style=\"color:#000000\"><span style=\"background-color:#ffffff\"><span style=\"font-size:14pt\"><span style=\"font-family:Merriweather,serif !important\"><span style=\"color:#000000 !important\">\u201c6 \u015eubat 2023 tarihinde T\u00fcrkiye Cumhuriyeti\u2019nde ya\u015fanan ve bizleri derinden sarsan deprem felaketiyle kaybetti\u011fimiz &#8216;\u015eampiyon Melekler&#8217;imizin ac\u0131s\u0131 hala taze iken co\u015fkulu kutlamalar\u0131 yapmay\u0131 uygun bulmad\u0131k.\u201d denilen a\u00e7\u0131klamada, bir annenin ta\u015f\u0131yabilece\u011fi en b\u00fcy\u00fck ac\u0131ya y\u00fcreklerdeki h\u00fcz\u00fcnle ortak olundu\u011fu vurguland\u0131.<\/span><\/span><\/span><\/span><\/span><\/span><\/span><\/p>\n<p style=\"text-align:left\"><span style=\"font-size:16px\"><span style=\"font-family:Merriweather,serif !important\"><span style=\"color:#000000\"><span style=\"background-color:#ffffff\"><span style=\"font-size:14pt\"><span style=\"font-family:Merriweather,serif !important\"><span style=\"color:#000000 !important\">Demokrat Parti Merkez Kad\u0131n \u00d6rg\u00fct\u00fc a\u00e7\u0131klamas\u0131nda, \u015fu ifadeler yer ald\u0131:<\/span><\/span><\/span><\/span><\/span><\/span><\/span><\/p>\n<p style=\"text-align:left\"><span style=\"font-size:16px\"><span style=\"font-family:Merriweather,serif !important\"><span style=\"color:#000000\"><span style=\"background-color:#ffffff\"><span style=\"font-size:14pt\"><span style=\"font-family:Merriweather,serif !important\"><span style=\"color:#000000 !important\">\u201cHepimizin ortak davas\u0131 olan \u0130sias davas\u0131 sonu\u00e7lanana ve sorumlular hak ettikleri cezay\u0131 alana kadar, ac\u0131lar\u0131n\u0131 payla\u015fmak ad\u0131na yap\u0131lacak t\u00fcm etkinliklerde d\u00fcn oldu\u011fu gibi bundan sonra da sonuna kadar yanlar\u0131nda oldu\u011fumuzu yinelemek isteriz.<\/span><\/span><\/span><\/span><\/span><\/span><\/span><\/p>\n<p style=\"text-align:left\"><span style=\"font-size:16px\"><span style=\"font-family:Merriweather,serif !important\"><span style=\"color:#000000\"><span style=\"background-color:#ffffff\"><span style=\"font-size:14pt\"><span style=\"font-family:Merriweather,serif !important\"><span style=\"color:#000000 !important\">\u015eampiyon Meleklerimizin annelerine, y\u00fcreklerindeki bu derin ac\u0131yla ba\u015f ba\u015fa kald\u0131klar\u0131 bu g\u00fcnlerde sab\u0131r ve g\u00fc\u00e7 diliyoruz. Kaybettikleri evlatlar\u0131yla ge\u00e7irdikleri her an, bir \u00f6m\u00fcr boyu s\u00fcrecek olan ayr\u0131l\u0131\u011f\u0131n ac\u0131s\u0131n\u0131 ta\u015f\u0131yor olsa da, onlar\u0131n yanlar\u0131nda oldu\u011fumuzu bilmelerini istiyoruz. Unutmayacak, unutturmayacak ve her zaman yanlar\u0131nda olaca\u011f\u0131z.\u201d<\/span><\/span><\/span><\/span><\/span><\/span><\/span><\/p>\n<p style=\"text-align:left\"><span style=\"font-size:16px\"><span style=\"font-family:Merriweather,serif !important\"><span style=\"color:#000000\"><span style=\"background-color:#ffffff\"><span style=\"font-size:14pt\"><span style=\"font-family:Merriweather,serif !important\"><span style=\"color:#000000 !important\">Demokrat Parti Merkez Kad\u0131n \u00d6rg\u00fct\u00fc, Anneler G\u00fcn\u00fc nedeniyle Z\u00fcbeyde Han\u0131m\u2019\u0131n b\u00fcst\u00fcn\u00fc, Ayd\u0131n Denkta\u015f ve S\u00fcheyla K\u00fc\u00e7\u00fck\u2019\u00fcn kabirlerini ziyaret edeceklerini de bildirdi.<\/span><\/span><\/span><\/span><\/span><\/span><\/span><\/p>\n","protected":false},"excerpt":{"rendered":"<p>Partiden yap\u0131lan a\u00e7\u0131klamada, buna gerek\u00e7e olarak \u015eampiyon Meleklerin ac\u0131s\u0131 g\u00f6sterildi. \u201c6 \u015eubat 2023 tarihinde T\u00fcrkiye Cumhuriyeti\u2019nde ya\u015fanan ve bizleri derinden sarsan deprem felaketiyle kaybetti\u011fimiz &#8216;\u015eampiyon Melekler&#8217;imizin ac\u0131s\u0131 hala taze iken co\u015fkulu kutlamalar\u0131 yapmay\u0131 uygun bulmad\u0131k.\u201d denilen a\u00e7\u0131klamada, bir annenin ta\u015f\u0131yabilece\u011fi en b\u00fcy\u00fck ac\u0131ya y\u00fcreklerdeki h\u00fcz\u00fcnle ortak olundu\u011fu vurguland\u0131. Demokrat Parti Merkez Kad\u0131n \u00d6rg\u00fct\u00fc a\u00e7\u0131klamas\u0131nda, \u015fu<\/p>\n","protected":false},"author":1,"featured_media":41290,"comment_status":"open","ping_status":"open","sticky":false,"template":"","format":"standard","meta":{"footnotes":""},"categories":[79],"tags":[],"class_list":["post-41289","post","type-post","status-publish","format-standard","has-post-thumbnail","hentry","category-ekonomi"],"yoast_head":"<!-- This site is optimized with the Yoast SEO plugin v27.4 - https:\/\/yoast.com\/product\/yoast-seo-wordpress\/ -->\n<title>DP Kad\u0131n \u00d6rg\u00fct\u00fc, Anneler G\u00fcn\u00fc etkinli\u011fi yapmama karar\u0131 ald\u0131 -<\/title>\n<meta name=\"robots\" content=\"index, follow, max-snippet:-1, max-image-preview:large, max-video-preview:-1\" \/>\n<link rel=\"canonical\" href=\"https:\/\/kibrisdakik.com\/?p=41289\" \/>\n<meta property=\"og:locale\" content=\"tr_TR\" \/>\n<meta property=\"og:type\" content=\"article\" \/>\n<meta property=\"og:title\" content=\"DP Kad\u0131n \u00d6rg\u00fct\u00fc, Anneler G\u00fcn\u00fc etkinli\u011fi yapmama karar\u0131 ald\u0131 -\" \/>\n<meta property=\"og:description\" content=\"Partiden yap\u0131lan a\u00e7\u0131klamada, buna gerek\u00e7e olarak \u015eampiyon Meleklerin ac\u0131s\u0131 g\u00f6sterildi. \u201c6 \u015eubat 2023 tarihinde T\u00fcrkiye Cumhuriyeti\u2019nde ya\u015fanan ve bizleri derinden sarsan deprem felaketiyle kaybetti\u011fimiz &#8216;\u015eampiyon Melekler&#8217;imizin ac\u0131s\u0131 hala taze iken co\u015fkulu kutlamalar\u0131 yapmay\u0131 uygun bulmad\u0131k.\u201d denilen a\u00e7\u0131klamada, bir annenin ta\u015f\u0131yabilece\u011fi en b\u00fcy\u00fck ac\u0131ya y\u00fcreklerdeki h\u00fcz\u00fcnle ortak olundu\u011fu vurguland\u0131. Demokrat Parti Merkez Kad\u0131n \u00d6rg\u00fct\u00fc a\u00e7\u0131klamas\u0131nda, \u015fu\" \/>\n<meta property=\"og:url\" content=\"https:\/\/kibrisdakik.com\/?p=41289\" \/>\n<meta property=\"article:published_time\" content=\"2024-05-12T00:40:57+00:00\" \/>\n<meta property=\"og:image\" content=\"https:\/\/kibrisdakik.com\/wp-content\/uploads\/2024\/05\/dp-kadin-orgutu-anneler-gunu-etkinligi-yapmama-karari-aldi-1715450233.webp.webp\" \/>\n\t<meta property=\"og:image:width\" content=\"710\" \/>\n\t<meta property=\"og:image:height\" content=\"370\" \/>\n\t<meta property=\"og:image:type\" content=\"image\/webp\" \/>\n<meta name=\"author\" content=\"admin\" \/>\n<meta name=\"twitter:card\" content=\"summary_large_image\" \/>\n<meta name=\"twitter:label1\" content=\"Yazan:\" \/>\n\t<meta name=\"twitter:data1\" content=\"admin\" \/>\n\t<meta name=\"twitter:label2\" content=\"Tahmini okuma s\u00fcresi\" \/>\n\t<meta name=\"twitter:data2\" content=\"1 dakika\" \/>\n<script type=\"application\/ld+json\" class=\"yoast-schema-graph\">{\"@context\":\"https:\\\/\\\/schema.org\",\"@graph\":[{\"@type\":\"Article\",\"@id\":\"https:\\\/\\\/kibrisdakik.com\\\/?p=41289#article\",\"isPartOf\":{\"@id\":\"https:\\\/\\\/kibrisdakik.com\\\/?p=41289\"},\"author\":{\"name\":\"admin\",\"@id\":\"https:\\\/\\\/kibrisdakik.com\\\/#\\\/schema\\\/person\\\/9cd9d437bbb44f72b73ba127e06d8e79\"},\"headline\":\"DP Kad\u0131n \u00d6rg\u00fct\u00fc, Anneler G\u00fcn\u00fc etkinli\u011fi yapmama karar\u0131 ald\u0131\",\"datePublished\":\"2024-05-12T00:40:57+00:00\",\"mainEntityOfPage\":{\"@id\":\"https:\\\/\\\/kibrisdakik.com\\\/?p=41289\"},\"wordCount\":235,\"commentCount\":0,\"image\":{\"@id\":\"https:\\\/\\\/kibrisdakik.com\\\/?p=41289#primaryimage\"},\"thumbnailUrl\":\"https:\\\/\\\/kibrisdakik.com\\\/wp-content\\\/uploads\\\/2024\\\/05\\\/dp-kadin-orgutu-anneler-gunu-etkinligi-yapmama-karari-aldi-1715450233.webp.webp\",\"articleSection\":[\"Ekonomi\"],\"inLanguage\":\"tr\",\"potentialAction\":[{\"@type\":\"CommentAction\",\"name\":\"Comment\",\"target\":[\"https:\\\/\\\/kibrisdakik.com\\\/?p=41289#respond\"]}]},{\"@type\":\"WebPage\",\"@id\":\"https:\\\/\\\/kibrisdakik.com\\\/?p=41289\",\"url\":\"https:\\\/\\\/kibrisdakik.com\\\/?p=41289\",\"name\":\"DP Kad\u0131n \u00d6rg\u00fct\u00fc, Anneler G\u00fcn\u00fc etkinli\u011fi yapmama karar\u0131 ald\u0131 -\",\"isPartOf\":{\"@id\":\"https:\\\/\\\/kibrisdakik.com\\\/#website\"},\"primaryImageOfPage\":{\"@id\":\"https:\\\/\\\/kibrisdakik.com\\\/?p=41289#primaryimage\"},\"image\":{\"@id\":\"https:\\\/\\\/kibrisdakik.com\\\/?p=41289#primaryimage\"},\"thumbnailUrl\":\"https:\\\/\\\/kibrisdakik.com\\\/wp-content\\\/uploads\\\/2024\\\/05\\\/dp-kadin-orgutu-anneler-gunu-etkinligi-yapmama-karari-aldi-1715450233.webp.webp\",\"datePublished\":\"2024-05-12T00:40:57+00:00\",\"author\":{\"@id\":\"https:\\\/\\\/kibrisdakik.com\\\/#\\\/schema\\\/person\\\/9cd9d437bbb44f72b73ba127e06d8e79\"},\"breadcrumb\":{\"@id\":\"https:\\\/\\\/kibrisdakik.com\\\/?p=41289#breadcrumb\"},\"inLanguage\":\"tr\",\"potentialAction\":[{\"@type\":\"ReadAction\",\"target\":[\"https:\\\/\\\/kibrisdakik.com\\\/?p=41289\"]}]},{\"@type\":\"ImageObject\",\"inLanguage\":\"tr\",\"@id\":\"https:\\\/\\\/kibrisdakik.com\\\/?p=41289#primaryimage\",\"url\":\"https:\\\/\\\/kibrisdakik.com\\\/wp-content\\\/uploads\\\/2024\\\/05\\\/dp-kadin-orgutu-anneler-gunu-etkinligi-yapmama-karari-aldi-1715450233.webp.webp\",\"contentUrl\":\"https:\\\/\\\/kibrisdakik.com\\\/wp-content\\\/uploads\\\/2024\\\/05\\\/dp-kadin-orgutu-anneler-gunu-etkinligi-yapmama-karari-aldi-1715450233.webp.webp\",\"width\":710,\"height\":370},{\"@type\":\"BreadcrumbList\",\"@id\":\"https:\\\/\\\/kibrisdakik.com\\\/?p=41289#breadcrumb\",\"itemListElement\":[{\"@type\":\"ListItem\",\"position\":1,\"name\":\"Home\",\"item\":\"https:\\\/\\\/kibrisdakik.com\\\/\"},{\"@type\":\"ListItem\",\"position\":2,\"name\":\"DP Kad\u0131n \u00d6rg\u00fct\u00fc, Anneler G\u00fcn\u00fc etkinli\u011fi yapmama karar\u0131 ald\u0131\"}]},{\"@type\":\"WebSite\",\"@id\":\"https:\\\/\\\/kibrisdakik.com\\\/#website\",\"url\":\"https:\\\/\\\/kibrisdakik.com\\\/\",\"name\":\"\",\"description\":\"Tam vaktinde haber\",\"potentialAction\":[{\"@type\":\"SearchAction\",\"target\":{\"@type\":\"EntryPoint\",\"urlTemplate\":\"https:\\\/\\\/kibrisdakik.com\\\/?s={search_term_string}\"},\"query-input\":{\"@type\":\"PropertyValueSpecification\",\"valueRequired\":true,\"valueName\":\"search_term_string\"}}],\"inLanguage\":\"tr\"},{\"@type\":\"Person\",\"@id\":\"https:\\\/\\\/kibrisdakik.com\\\/#\\\/schema\\\/person\\\/9cd9d437bbb44f72b73ba127e06d8e79\",\"name\":\"admin\",\"image\":{\"@type\":\"ImageObject\",\"inLanguage\":\"tr\",\"@id\":\"https:\\\/\\\/secure.gravatar.com\\\/avatar\\\/ccc17943b9d660506c869530f897617f7cb1c21a4bf30023f252596d83e1f007?s=96&d=mm&r=g\",\"url\":\"https:\\\/\\\/secure.gravatar.com\\\/avatar\\\/ccc17943b9d660506c869530f897617f7cb1c21a4bf30023f252596d83e1f007?s=96&d=mm&r=g\",\"contentUrl\":\"https:\\\/\\\/secure.gravatar.com\\\/avatar\\\/ccc17943b9d660506c869530f897617f7cb1c21a4bf30023f252596d83e1f007?s=96&d=mm&r=g\",\"caption\":\"admin\"},\"sameAs\":[\"https:\\\/\\\/kibrisdakik.com\"],\"url\":\"https:\\\/\\\/kibrisdakik.com\\\/?author=1\"}]}<\/script>\n<!-- \/ Yoast SEO plugin. -->","yoast_head_json":{"title":"DP Kad\u0131n \u00d6rg\u00fct\u00fc, Anneler G\u00fcn\u00fc etkinli\u011fi yapmama karar\u0131 ald\u0131 -","robots":{"index":"index","follow":"follow","max-snippet":"max-snippet:-1","max-image-preview":"max-image-preview:large","max-video-preview":"max-video-preview:-1"},"canonical":"https:\/\/kibrisdakik.com\/?p=41289","og_locale":"tr_TR","og_type":"article","og_title":"DP Kad\u0131n \u00d6rg\u00fct\u00fc, Anneler G\u00fcn\u00fc etkinli\u011fi yapmama karar\u0131 ald\u0131 -","og_description":"Partiden yap\u0131lan a\u00e7\u0131klamada, buna gerek\u00e7e olarak \u015eampiyon Meleklerin ac\u0131s\u0131 g\u00f6sterildi. \u201c6 \u015eubat 2023 tarihinde T\u00fcrkiye Cumhuriyeti\u2019nde ya\u015fanan ve bizleri derinden sarsan deprem felaketiyle kaybetti\u011fimiz &#8216;\u015eampiyon Melekler&#8217;imizin ac\u0131s\u0131 hala taze iken co\u015fkulu kutlamalar\u0131 yapmay\u0131 uygun bulmad\u0131k.\u201d denilen a\u00e7\u0131klamada, bir annenin ta\u015f\u0131yabilece\u011fi en b\u00fcy\u00fck ac\u0131ya y\u00fcreklerdeki h\u00fcz\u00fcnle ortak olundu\u011fu vurguland\u0131. Demokrat Parti Merkez Kad\u0131n \u00d6rg\u00fct\u00fc a\u00e7\u0131klamas\u0131nda, \u015fu","og_url":"https:\/\/kibrisdakik.com\/?p=41289","article_published_time":"2024-05-12T00:40:57+00:00","og_image":[{"width":710,"height":370,"url":"https:\/\/kibrisdakik.com\/wp-content\/uploads\/2024\/05\/dp-kadin-orgutu-anneler-gunu-etkinligi-yapmama-karari-aldi-1715450233.webp.webp","type":"image\/webp"}],"author":"admin","twitter_card":"summary_large_image","twitter_misc":{"Yazan:":"admin","Tahmini okuma s\u00fcresi":"1 dakika"},"schema":{"@context":"https:\/\/schema.org","@graph":[{"@type":"Article","@id":"https:\/\/kibrisdakik.com\/?p=41289#article","isPartOf":{"@id":"https:\/\/kibrisdakik.com\/?p=41289"},"author":{"name":"admin","@id":"https:\/\/kibrisdakik.com\/#\/schema\/person\/9cd9d437bbb44f72b73ba127e06d8e79"},"headline":"DP Kad\u0131n \u00d6rg\u00fct\u00fc, Anneler G\u00fcn\u00fc etkinli\u011fi yapmama karar\u0131 ald\u0131","datePublished":"2024-05-12T00:40:57+00:00","mainEntityOfPage":{"@id":"https:\/\/kibrisdakik.com\/?p=41289"},"wordCount":235,"commentCount":0,"image":{"@id":"https:\/\/kibrisdakik.com\/?p=41289#primaryimage"},"thumbnailUrl":"https:\/\/kibrisdakik.com\/wp-content\/uploads\/2024\/05\/dp-kadin-orgutu-anneler-gunu-etkinligi-yapmama-karari-aldi-1715450233.webp.webp","articleSection":["Ekonomi"],"inLanguage":"tr","potentialAction":[{"@type":"CommentAction","name":"Comment","target":["https:\/\/kibrisdakik.com\/?p=41289#respond"]}]},{"@type":"WebPage","@id":"https:\/\/kibrisdakik.com\/?p=41289","url":"https:\/\/kibrisdakik.com\/?p=41289","name":"DP Kad\u0131n \u00d6rg\u00fct\u00fc, Anneler G\u00fcn\u00fc etkinli\u011fi yapmama karar\u0131 ald\u0131 -","isPartOf":{"@id":"https:\/\/kibrisdakik.com\/#website"},"primaryImageOfPage":{"@id":"https:\/\/kibrisdakik.com\/?p=41289#primaryimage"},"image":{"@id":"https:\/\/kibrisdakik.com\/?p=41289#primaryimage"},"thumbnailUrl":"https:\/\/kibrisdakik.com\/wp-content\/uploads\/2024\/05\/dp-kadin-orgutu-anneler-gunu-etkinligi-yapmama-karari-aldi-1715450233.webp.webp","datePublished":"2024-05-12T00:40:57+00:00","author":{"@id":"https:\/\/kibrisdakik.com\/#\/schema\/person\/9cd9d437bbb44f72b73ba127e06d8e79"},"breadcrumb":{"@id":"https:\/\/kibrisdakik.com\/?p=41289#breadcrumb"},"inLanguage":"tr","potentialAction":[{"@type":"ReadAction","target":["https:\/\/kibrisdakik.com\/?p=41289"]}]},{"@type":"ImageObject","inLanguage":"tr","@id":"https:\/\/kibrisdakik.com\/?p=41289#primaryimage","url":"https:\/\/kibrisdakik.com\/wp-content\/uploads\/2024\/05\/dp-kadin-orgutu-anneler-gunu-etkinligi-yapmama-karari-aldi-1715450233.webp.webp","contentUrl":"https:\/\/kibrisdakik.com\/wp-content\/uploads\/2024\/05\/dp-kadin-orgutu-anneler-gunu-etkinligi-yapmama-karari-aldi-1715450233.webp.webp","width":710,"height":370},{"@type":"BreadcrumbList","@id":"https:\/\/kibrisdakik.com\/?p=41289#breadcrumb","itemListElement":[{"@type":"ListItem","position":1,"name":"Home","item":"https:\/\/kibrisdakik.com\/"},{"@type":"ListItem","position":2,"name":"DP Kad\u0131n \u00d6rg\u00fct\u00fc, Anneler G\u00fcn\u00fc etkinli\u011fi yapmama karar\u0131 ald\u0131"}]},{"@type":"WebSite","@id":"https:\/\/kibrisdakik.com\/#website","url":"https:\/\/kibrisdakik.com\/","name":"","description":"Tam vaktinde haber","potentialAction":[{"@type":"SearchAction","target":{"@type":"EntryPoint","urlTemplate":"https:\/\/kibrisdakik.com\/?s={search_term_string}"},"query-input":{"@type":"PropertyValueSpecification","valueRequired":true,"valueName":"search_term_string"}}],"inLanguage":"tr"},{"@type":"Person","@id":"https:\/\/kibrisdakik.com\/#\/schema\/person\/9cd9d437bbb44f72b73ba127e06d8e79","name":"admin","image":{"@type":"ImageObject","inLanguage":"tr","@id":"https:\/\/secure.gravatar.com\/avatar\/ccc17943b9d660506c869530f897617f7cb1c21a4bf30023f252596d83e1f007?s=96&d=mm&r=g","url":"https:\/\/secure.gravatar.com\/avatar\/ccc17943b9d660506c869530f897617f7cb1c21a4bf30023f252596d83e1f007?s=96&d=mm&r=g","contentUrl":"https:\/\/secure.gravatar.com\/avatar\/ccc17943b9d660506c869530f897617f7cb1c21a4bf30023f252596d83e1f007?s=96&d=mm&r=g","caption":"admin"},"sameAs":["https:\/\/kibrisdakik.com"],"url":"https:\/\/kibrisdakik.com\/?author=1"}]}},"_links":{"self":[{"href":"https:\/\/kibrisdakik.com\/index.php?rest_route=\/wp\/v2\/posts\/41289","targetHints":{"allow":["GET"]}}],"collection":[{"href":"https:\/\/kibrisdakik.com\/index.php?rest_route=\/wp\/v2\/posts"}],"about":[{"href":"https:\/\/kibrisdakik.com\/index.php?rest_route=\/wp\/v2\/types\/post"}],"author":[{"embeddable":true,"href":"https:\/\/kibrisdakik.com\/index.php?rest_route=\/wp\/v2\/users\/1"}],"replies":[{"embeddable":true,"href":"https:\/\/kibrisdakik.com\/index.php?rest_route=%2Fwp%2Fv2%2Fcomments&post=41289"}],"version-history":[{"count":0,"href":"https:\/\/kibrisdakik.com\/index.php?rest_route=\/wp\/v2\/posts\/41289\/revisions"}],"wp:featuredmedia":[{"embeddable":true,"href":"https:\/\/kibrisdakik.com\/index.php?rest_route=\/wp\/v2\/media\/41290"}],"wp:attachment":[{"href":"https:\/\/kibrisdakik.com\/index.php?rest_route=%2Fwp%2Fv2%2Fmedia&parent=41289"}],"wp:term":[{"taxonomy":"category","embeddable":true,"href":"https:\/\/kibrisdakik.com\/index.php?rest_route=%2Fwp%2Fv2%2Fcategories&post=41289"},{"taxonomy":"post_tag","embeddable":true,"href":"https:\/\/kibrisdakik.com\/index.php?rest_route=%2Fwp%2Fv2%2Ftags&post=41289"}],"curies":[{"name":"wp","href":"https:\/\/api.w.org\/{rel}","templated":true}]}}