{"id":41299,"date":"2024-05-12T03:41:58","date_gmt":"2024-05-12T03:41:58","guid":{"rendered":"https:\/\/kibrisdakik.com\/index.php\/2024\/05\/12\/kizil-goncalar-cuneydin-babasindan-ilk-kare-geldi\/"},"modified":"2024-05-12T03:41:58","modified_gmt":"2024-05-12T03:41:58","slug":"kizil-goncalar-cuneydin-babasindan-ilk-kare-geldi","status":"publish","type":"post","link":"https:\/\/kibrisdakik.com\/?p=41299","title":{"rendered":"K\u0131z\u0131l Goncalar C\u00fcneyd&#039;in babas\u0131ndan ilk kare geldi"},"content":{"rendered":"<p><\/p>\n<p>Ba\u015frol\u00fcnde \u00d6zg\u00fc Namal, Mert Yaz\u0131c\u0131o\u011flu ve \u00d6zcan Deniz&#8217;in rol ald\u0131\u011f\u0131 K\u0131z\u0131l Goncalar&#8217;\u0131n kadrosuna Vahit rol\u00fcyle Tolga Tekin dahil oldu. Pazartesi g\u00fcn\u00fc yay\u0131nlanacak yeni b\u00f6l\u00fcmde izleyici kar\u015f\u0131s\u0131na \u00e7\u0131kacak karakterden ilk kare geldi.&nbsp;<\/p>\n<h3>KIZIL GONCALAR&#8217;A VAH\u0130T GEL\u0130YOR&nbsp;<\/h3>\n<p>K\u0131z\u0131l Goncalar iyilikle k\u00f6t\u00fcl\u00fc\u011f\u00fcn sava\u015f\u0131n\u0131 en etkili yans\u0131tan projelerin ba\u015f\u0131nda geliyor. \u015e\u00fckr\u00fc Necati \u015eahin\u2019in yazd\u0131\u011f\u0131, \u00d6m\u00fcr Atay\u2019\u0131n y\u00f6netti\u011fi dizinin sezon finali \u00f6ncesi \u00e7ok etkili bir oyuncu ekibe dahil oluyor. \u00d6d\u00fcll\u00fc oyuncu Tolga Tekin Gold Film imzal\u0131 diziye kat\u0131l\u0131yor.<\/p>\n<p><img decoding=\"async\" alt=\"K\u0131z\u0131l Goncalar C\u00fcneyd'in babas\u0131ndan ilk kare geldi - 1. Resim\" src=\"https:\/\/i.tgrthaber.com\/images\/haberler\/24-05\/11\/kizil-goncalar-cuneydin-babasindan-ilk-kare-geldi-17154361762794_1.jpg\" title=\"K\u0131z\u0131l Goncalar C\u00fcneyd'in babas\u0131ndan ilk kare geldi\" \/><\/p>\n<p>&nbsp;<\/p>\n<p><img decoding=\"async\" alt=\"K\u0131z\u0131l Goncalar C\u00fcneyd'in babas\u0131ndan ilk kare geldi - 2. Resim\" src=\"https:\/\/i.tgrthaber.com\/images\/haberler\/24-05\/11\/kizil-goncalar-cuneydin-babasindan-ilk-kare-geldi-17154361769678_2.jpg\" title=\"K\u0131z\u0131l Goncalar C\u00fcneyd'in babas\u0131ndan ilk kare geldi\" \/><\/p>\n<p><img decoding=\"async\" alt=\"K\u0131z\u0131l Goncalar C\u00fcneyd'in babas\u0131ndan ilk kare geldi - 3. Resim\" src=\"https:\/\/i.tgrthaber.com\/images\/haberler\/24-05\/11\/kizil-goncalar-cuneydin-babasindan-ilk-kare-geldi-17154361767963_3.jpg\" title=\"K\u0131z\u0131l Goncalar C\u00fcneyd'in babas\u0131ndan ilk kare geldi\" \/><\/p>\n","protected":false},"excerpt":{"rendered":"<p>Ba\u015frol\u00fcnde \u00d6zg\u00fc Namal, Mert Yaz\u0131c\u0131o\u011flu ve \u00d6zcan Deniz&#8217;in rol ald\u0131\u011f\u0131 K\u0131z\u0131l Goncalar&#8217;\u0131n kadrosuna Vahit rol\u00fcyle Tolga Tekin dahil oldu. Pazartesi g\u00fcn\u00fc yay\u0131nlanacak yeni b\u00f6l\u00fcmde izleyici kar\u015f\u0131s\u0131na \u00e7\u0131kacak karakterden ilk kare geldi.&nbsp; KIZIL GONCALAR&#8217;A VAH\u0130T GEL\u0130YOR&nbsp; K\u0131z\u0131l Goncalar iyilikle k\u00f6t\u00fcl\u00fc\u011f\u00fcn sava\u015f\u0131n\u0131 en etkili yans\u0131tan projelerin ba\u015f\u0131nda geliyor. \u015e\u00fckr\u00fc Necati \u015eahin\u2019in yazd\u0131\u011f\u0131, \u00d6m\u00fcr Atay\u2019\u0131n y\u00f6netti\u011fi dizinin sezon<\/p>\n","protected":false},"author":1,"featured_media":41300,"comment_status":"open","ping_status":"open","sticky":false,"template":"","format":"standard","meta":{"footnotes":""},"categories":[85],"tags":[],"class_list":["post-41299","post","type-post","status-publish","format-standard","has-post-thumbnail","hentry","category-spor"],"yoast_head":"<!-- This site is optimized with the Yoast SEO plugin v27.4 - https:\/\/yoast.com\/product\/yoast-seo-wordpress\/ -->\n<title>K\u0131z\u0131l Goncalar C\u00fcneyd&#039;in babas\u0131ndan ilk kare geldi -<\/title>\n<meta name=\"robots\" content=\"index, follow, max-snippet:-1, max-image-preview:large, max-video-preview:-1\" \/>\n<link rel=\"canonical\" href=\"https:\/\/kibrisdakik.com\/?p=41299\" \/>\n<meta property=\"og:locale\" content=\"tr_TR\" \/>\n<meta property=\"og:type\" content=\"article\" \/>\n<meta property=\"og:title\" content=\"K\u0131z\u0131l Goncalar C\u00fcneyd&#039;in babas\u0131ndan ilk kare geldi -\" \/>\n<meta property=\"og:description\" content=\"Ba\u015frol\u00fcnde \u00d6zg\u00fc Namal, Mert Yaz\u0131c\u0131o\u011flu ve \u00d6zcan Deniz&#8217;in rol ald\u0131\u011f\u0131 K\u0131z\u0131l Goncalar&#8217;\u0131n kadrosuna Vahit rol\u00fcyle Tolga Tekin dahil oldu. Pazartesi g\u00fcn\u00fc yay\u0131nlanacak yeni b\u00f6l\u00fcmde izleyici kar\u015f\u0131s\u0131na \u00e7\u0131kacak karakterden ilk kare geldi.&nbsp; KIZIL GONCALAR&#8217;A VAH\u0130T GEL\u0130YOR&nbsp; K\u0131z\u0131l Goncalar iyilikle k\u00f6t\u00fcl\u00fc\u011f\u00fcn sava\u015f\u0131n\u0131 en etkili yans\u0131tan projelerin ba\u015f\u0131nda geliyor. \u015e\u00fckr\u00fc Necati \u015eahin\u2019in yazd\u0131\u011f\u0131, \u00d6m\u00fcr Atay\u2019\u0131n y\u00f6netti\u011fi dizinin sezon\" \/>\n<meta property=\"og:url\" content=\"https:\/\/kibrisdakik.com\/?p=41299\" \/>\n<meta property=\"article:published_time\" content=\"2024-05-12T03:41:58+00:00\" \/>\n<meta property=\"og:image\" content=\"https:\/\/kibrisdakik.com\/wp-content\/uploads\/2024\/05\/kizil-goncalar-cuneydin-babasindan-ilk-kare-geldi-17154361762794_1-740x420.jpg\" \/>\n\t<meta property=\"og:image:width\" content=\"1280\" \/>\n\t<meta property=\"og:image:height\" content=\"828\" \/>\n\t<meta property=\"og:image:type\" content=\"image\/jpeg\" \/>\n<meta name=\"author\" content=\"admin\" \/>\n<meta name=\"twitter:card\" content=\"summary_large_image\" \/>\n<meta name=\"twitter:label1\" content=\"Yazan:\" \/>\n\t<meta name=\"twitter:data1\" content=\"admin\" \/>\n\t<meta name=\"twitter:label2\" content=\"Tahmini okuma s\u00fcresi\" \/>\n\t<meta name=\"twitter:data2\" content=\"1 dakika\" \/>\n<script type=\"application\/ld+json\" class=\"yoast-schema-graph\">{\"@context\":\"https:\\\/\\\/schema.org\",\"@graph\":[{\"@type\":\"Article\",\"@id\":\"https:\\\/\\\/kibrisdakik.com\\\/?p=41299#article\",\"isPartOf\":{\"@id\":\"https:\\\/\\\/kibrisdakik.com\\\/?p=41299\"},\"author\":{\"name\":\"admin\",\"@id\":\"https:\\\/\\\/kibrisdakik.com\\\/#\\\/schema\\\/person\\\/9cd9d437bbb44f72b73ba127e06d8e79\"},\"headline\":\"K\u0131z\u0131l Goncalar C\u00fcneyd&#039;in babas\u0131ndan ilk kare geldi\",\"datePublished\":\"2024-05-12T03:41:58+00:00\",\"mainEntityOfPage\":{\"@id\":\"https:\\\/\\\/kibrisdakik.com\\\/?p=41299\"},\"wordCount\":121,\"commentCount\":0,\"image\":{\"@id\":\"https:\\\/\\\/kibrisdakik.com\\\/?p=41299#primaryimage\"},\"thumbnailUrl\":\"https:\\\/\\\/kibrisdakik.com\\\/wp-content\\\/uploads\\\/2024\\\/05\\\/kizil-goncalar-cuneydin-babasindan-ilk-kare-geldi-17154361762794_1-740x420.jpg\",\"articleSection\":[\"Spor\"],\"inLanguage\":\"tr\",\"potentialAction\":[{\"@type\":\"CommentAction\",\"name\":\"Comment\",\"target\":[\"https:\\\/\\\/kibrisdakik.com\\\/?p=41299#respond\"]}]},{\"@type\":\"WebPage\",\"@id\":\"https:\\\/\\\/kibrisdakik.com\\\/?p=41299\",\"url\":\"https:\\\/\\\/kibrisdakik.com\\\/?p=41299\",\"name\":\"K\u0131z\u0131l Goncalar C\u00fcneyd&#039;in babas\u0131ndan ilk kare geldi -\",\"isPartOf\":{\"@id\":\"https:\\\/\\\/kibrisdakik.com\\\/#website\"},\"primaryImageOfPage\":{\"@id\":\"https:\\\/\\\/kibrisdakik.com\\\/?p=41299#primaryimage\"},\"image\":{\"@id\":\"https:\\\/\\\/kibrisdakik.com\\\/?p=41299#primaryimage\"},\"thumbnailUrl\":\"https:\\\/\\\/kibrisdakik.com\\\/wp-content\\\/uploads\\\/2024\\\/05\\\/kizil-goncalar-cuneydin-babasindan-ilk-kare-geldi-17154361762794_1-740x420.jpg\",\"datePublished\":\"2024-05-12T03:41:58+00:00\",\"author\":{\"@id\":\"https:\\\/\\\/kibrisdakik.com\\\/#\\\/schema\\\/person\\\/9cd9d437bbb44f72b73ba127e06d8e79\"},\"breadcrumb\":{\"@id\":\"https:\\\/\\\/kibrisdakik.com\\\/?p=41299#breadcrumb\"},\"inLanguage\":\"tr\",\"potentialAction\":[{\"@type\":\"ReadAction\",\"target\":[\"https:\\\/\\\/kibrisdakik.com\\\/?p=41299\"]}]},{\"@type\":\"ImageObject\",\"inLanguage\":\"tr\",\"@id\":\"https:\\\/\\\/kibrisdakik.com\\\/?p=41299#primaryimage\",\"url\":\"https:\\\/\\\/kibrisdakik.com\\\/wp-content\\\/uploads\\\/2024\\\/05\\\/kizil-goncalar-cuneydin-babasindan-ilk-kare-geldi-17154361762794_1-740x420.jpg\",\"contentUrl\":\"https:\\\/\\\/kibrisdakik.com\\\/wp-content\\\/uploads\\\/2024\\\/05\\\/kizil-goncalar-cuneydin-babasindan-ilk-kare-geldi-17154361762794_1-740x420.jpg\",\"width\":1280,\"height\":828},{\"@type\":\"BreadcrumbList\",\"@id\":\"https:\\\/\\\/kibrisdakik.com\\\/?p=41299#breadcrumb\",\"itemListElement\":[{\"@type\":\"ListItem\",\"position\":1,\"name\":\"Home\",\"item\":\"https:\\\/\\\/kibrisdakik.com\\\/\"},{\"@type\":\"ListItem\",\"position\":2,\"name\":\"K\u0131z\u0131l Goncalar C\u00fcneyd&#039;in babas\u0131ndan ilk kare geldi\"}]},{\"@type\":\"WebSite\",\"@id\":\"https:\\\/\\\/kibrisdakik.com\\\/#website\",\"url\":\"https:\\\/\\\/kibrisdakik.com\\\/\",\"name\":\"\",\"description\":\"Tam vaktinde haber\",\"potentialAction\":[{\"@type\":\"SearchAction\",\"target\":{\"@type\":\"EntryPoint\",\"urlTemplate\":\"https:\\\/\\\/kibrisdakik.com\\\/?s={search_term_string}\"},\"query-input\":{\"@type\":\"PropertyValueSpecification\",\"valueRequired\":true,\"valueName\":\"search_term_string\"}}],\"inLanguage\":\"tr\"},{\"@type\":\"Person\",\"@id\":\"https:\\\/\\\/kibrisdakik.com\\\/#\\\/schema\\\/person\\\/9cd9d437bbb44f72b73ba127e06d8e79\",\"name\":\"admin\",\"image\":{\"@type\":\"ImageObject\",\"inLanguage\":\"tr\",\"@id\":\"https:\\\/\\\/secure.gravatar.com\\\/avatar\\\/ccc17943b9d660506c869530f897617f7cb1c21a4bf30023f252596d83e1f007?s=96&d=mm&r=g\",\"url\":\"https:\\\/\\\/secure.gravatar.com\\\/avatar\\\/ccc17943b9d660506c869530f897617f7cb1c21a4bf30023f252596d83e1f007?s=96&d=mm&r=g\",\"contentUrl\":\"https:\\\/\\\/secure.gravatar.com\\\/avatar\\\/ccc17943b9d660506c869530f897617f7cb1c21a4bf30023f252596d83e1f007?s=96&d=mm&r=g\",\"caption\":\"admin\"},\"sameAs\":[\"https:\\\/\\\/kibrisdakik.com\"],\"url\":\"https:\\\/\\\/kibrisdakik.com\\\/?author=1\"}]}<\/script>\n<!-- \/ Yoast SEO plugin. -->","yoast_head_json":{"title":"K\u0131z\u0131l Goncalar C\u00fcneyd&#039;in babas\u0131ndan ilk kare geldi -","robots":{"index":"index","follow":"follow","max-snippet":"max-snippet:-1","max-image-preview":"max-image-preview:large","max-video-preview":"max-video-preview:-1"},"canonical":"https:\/\/kibrisdakik.com\/?p=41299","og_locale":"tr_TR","og_type":"article","og_title":"K\u0131z\u0131l Goncalar C\u00fcneyd&#039;in babas\u0131ndan ilk kare geldi -","og_description":"Ba\u015frol\u00fcnde \u00d6zg\u00fc Namal, Mert Yaz\u0131c\u0131o\u011flu ve \u00d6zcan Deniz&#8217;in rol ald\u0131\u011f\u0131 K\u0131z\u0131l Goncalar&#8217;\u0131n kadrosuna Vahit rol\u00fcyle Tolga Tekin dahil oldu. Pazartesi g\u00fcn\u00fc yay\u0131nlanacak yeni b\u00f6l\u00fcmde izleyici kar\u015f\u0131s\u0131na \u00e7\u0131kacak karakterden ilk kare geldi.&nbsp; KIZIL GONCALAR&#8217;A VAH\u0130T GEL\u0130YOR&nbsp; K\u0131z\u0131l Goncalar iyilikle k\u00f6t\u00fcl\u00fc\u011f\u00fcn sava\u015f\u0131n\u0131 en etkili yans\u0131tan projelerin ba\u015f\u0131nda geliyor. \u015e\u00fckr\u00fc Necati \u015eahin\u2019in yazd\u0131\u011f\u0131, \u00d6m\u00fcr Atay\u2019\u0131n y\u00f6netti\u011fi dizinin sezon","og_url":"https:\/\/kibrisdakik.com\/?p=41299","article_published_time":"2024-05-12T03:41:58+00:00","og_image":[{"width":1280,"height":828,"url":"https:\/\/kibrisdakik.com\/wp-content\/uploads\/2024\/05\/kizil-goncalar-cuneydin-babasindan-ilk-kare-geldi-17154361762794_1-740x420.jpg","type":"image\/jpeg"}],"author":"admin","twitter_card":"summary_large_image","twitter_misc":{"Yazan:":"admin","Tahmini okuma s\u00fcresi":"1 dakika"},"schema":{"@context":"https:\/\/schema.org","@graph":[{"@type":"Article","@id":"https:\/\/kibrisdakik.com\/?p=41299#article","isPartOf":{"@id":"https:\/\/kibrisdakik.com\/?p=41299"},"author":{"name":"admin","@id":"https:\/\/kibrisdakik.com\/#\/schema\/person\/9cd9d437bbb44f72b73ba127e06d8e79"},"headline":"K\u0131z\u0131l Goncalar C\u00fcneyd&#039;in babas\u0131ndan ilk kare geldi","datePublished":"2024-05-12T03:41:58+00:00","mainEntityOfPage":{"@id":"https:\/\/kibrisdakik.com\/?p=41299"},"wordCount":121,"commentCount":0,"image":{"@id":"https:\/\/kibrisdakik.com\/?p=41299#primaryimage"},"thumbnailUrl":"https:\/\/kibrisdakik.com\/wp-content\/uploads\/2024\/05\/kizil-goncalar-cuneydin-babasindan-ilk-kare-geldi-17154361762794_1-740x420.jpg","articleSection":["Spor"],"inLanguage":"tr","potentialAction":[{"@type":"CommentAction","name":"Comment","target":["https:\/\/kibrisdakik.com\/?p=41299#respond"]}]},{"@type":"WebPage","@id":"https:\/\/kibrisdakik.com\/?p=41299","url":"https:\/\/kibrisdakik.com\/?p=41299","name":"K\u0131z\u0131l Goncalar C\u00fcneyd&#039;in babas\u0131ndan ilk kare geldi -","isPartOf":{"@id":"https:\/\/kibrisdakik.com\/#website"},"primaryImageOfPage":{"@id":"https:\/\/kibrisdakik.com\/?p=41299#primaryimage"},"image":{"@id":"https:\/\/kibrisdakik.com\/?p=41299#primaryimage"},"thumbnailUrl":"https:\/\/kibrisdakik.com\/wp-content\/uploads\/2024\/05\/kizil-goncalar-cuneydin-babasindan-ilk-kare-geldi-17154361762794_1-740x420.jpg","datePublished":"2024-05-12T03:41:58+00:00","author":{"@id":"https:\/\/kibrisdakik.com\/#\/schema\/person\/9cd9d437bbb44f72b73ba127e06d8e79"},"breadcrumb":{"@id":"https:\/\/kibrisdakik.com\/?p=41299#breadcrumb"},"inLanguage":"tr","potentialAction":[{"@type":"ReadAction","target":["https:\/\/kibrisdakik.com\/?p=41299"]}]},{"@type":"ImageObject","inLanguage":"tr","@id":"https:\/\/kibrisdakik.com\/?p=41299#primaryimage","url":"https:\/\/kibrisdakik.com\/wp-content\/uploads\/2024\/05\/kizil-goncalar-cuneydin-babasindan-ilk-kare-geldi-17154361762794_1-740x420.jpg","contentUrl":"https:\/\/kibrisdakik.com\/wp-content\/uploads\/2024\/05\/kizil-goncalar-cuneydin-babasindan-ilk-kare-geldi-17154361762794_1-740x420.jpg","width":1280,"height":828},{"@type":"BreadcrumbList","@id":"https:\/\/kibrisdakik.com\/?p=41299#breadcrumb","itemListElement":[{"@type":"ListItem","position":1,"name":"Home","item":"https:\/\/kibrisdakik.com\/"},{"@type":"ListItem","position":2,"name":"K\u0131z\u0131l Goncalar C\u00fcneyd&#039;in babas\u0131ndan ilk kare geldi"}]},{"@type":"WebSite","@id":"https:\/\/kibrisdakik.com\/#website","url":"https:\/\/kibrisdakik.com\/","name":"","description":"Tam vaktinde haber","potentialAction":[{"@type":"SearchAction","target":{"@type":"EntryPoint","urlTemplate":"https:\/\/kibrisdakik.com\/?s={search_term_string}"},"query-input":{"@type":"PropertyValueSpecification","valueRequired":true,"valueName":"search_term_string"}}],"inLanguage":"tr"},{"@type":"Person","@id":"https:\/\/kibrisdakik.com\/#\/schema\/person\/9cd9d437bbb44f72b73ba127e06d8e79","name":"admin","image":{"@type":"ImageObject","inLanguage":"tr","@id":"https:\/\/secure.gravatar.com\/avatar\/ccc17943b9d660506c869530f897617f7cb1c21a4bf30023f252596d83e1f007?s=96&d=mm&r=g","url":"https:\/\/secure.gravatar.com\/avatar\/ccc17943b9d660506c869530f897617f7cb1c21a4bf30023f252596d83e1f007?s=96&d=mm&r=g","contentUrl":"https:\/\/secure.gravatar.com\/avatar\/ccc17943b9d660506c869530f897617f7cb1c21a4bf30023f252596d83e1f007?s=96&d=mm&r=g","caption":"admin"},"sameAs":["https:\/\/kibrisdakik.com"],"url":"https:\/\/kibrisdakik.com\/?author=1"}]}},"_links":{"self":[{"href":"https:\/\/kibrisdakik.com\/index.php?rest_route=\/wp\/v2\/posts\/41299","targetHints":{"allow":["GET"]}}],"collection":[{"href":"https:\/\/kibrisdakik.com\/index.php?rest_route=\/wp\/v2\/posts"}],"about":[{"href":"https:\/\/kibrisdakik.com\/index.php?rest_route=\/wp\/v2\/types\/post"}],"author":[{"embeddable":true,"href":"https:\/\/kibrisdakik.com\/index.php?rest_route=\/wp\/v2\/users\/1"}],"replies":[{"embeddable":true,"href":"https:\/\/kibrisdakik.com\/index.php?rest_route=%2Fwp%2Fv2%2Fcomments&post=41299"}],"version-history":[{"count":0,"href":"https:\/\/kibrisdakik.com\/index.php?rest_route=\/wp\/v2\/posts\/41299\/revisions"}],"wp:featuredmedia":[{"embeddable":true,"href":"https:\/\/kibrisdakik.com\/index.php?rest_route=\/wp\/v2\/media\/41300"}],"wp:attachment":[{"href":"https:\/\/kibrisdakik.com\/index.php?rest_route=%2Fwp%2Fv2%2Fmedia&parent=41299"}],"wp:term":[{"taxonomy":"category","embeddable":true,"href":"https:\/\/kibrisdakik.com\/index.php?rest_route=%2Fwp%2Fv2%2Fcategories&post=41299"},{"taxonomy":"post_tag","embeddable":true,"href":"https:\/\/kibrisdakik.com\/index.php?rest_route=%2Fwp%2Fv2%2Ftags&post=41299"}],"curies":[{"name":"wp","href":"https:\/\/api.w.org\/{rel}","templated":true}]}}