{"id":41327,"date":"2024-05-12T09:52:49","date_gmt":"2024-05-12T09:52:49","guid":{"rendered":"https:\/\/kibrisdakik.com\/index.php\/2024\/05\/12\/diasporanin-izleri-baskent-lefkosada\/"},"modified":"2024-05-12T09:52:49","modified_gmt":"2024-05-12T09:52:49","slug":"diasporanin-izleri-baskent-lefkosada","status":"publish","type":"post","link":"https:\/\/kibrisdakik.com\/?p=41327","title":{"rendered":"Diasporan\u0131n \u0130zleri Ba\u015fkent Lefko\u015fa\u2019da"},"content":{"rendered":"<p><img decoding=\"async\" src=\"https:\/\/www.kibristurk.com\/images\/haberler\/2024\/05\/diasporanin-izleri-baskent-lefkosada-1715505427.webp\" \/><\/p>\n<p>&nbsp;<\/p>\n<p>Ba\u015fkent Lefko\u015fa\u2019y\u0131 diaspora ana temas\u0131yla \u00e7a\u011fda\u015f sanatla bulu\u015fturacak Eklektik Manifest &#8211; Lefko\u015fa Bienal\u00ef&#8217;ne Giri\u015f projesi a\u00e7\u0131l\u0131\u015f gecesi d\u00fcn ak\u015fam yap\u0131ld\u0131.&nbsp;<\/p>\n<p>Arkhe organizasyonu, Lefko\u015fa T\u00fcrk Belediyesi himayesi, Vedat Kaner Vakf\u0131 ana sponsorlu\u011fu ve Pasha Group ile THY sponsorlu\u011funda d\u00fczenlenen projenin a\u00e7\u0131l\u0131\u015f gecesinde LTB Ba\u015fkan\u0131&nbsp;<\/p>\n<p>22 Haziran\u2019a kadar s\u00fcrecek projenin a\u00e7\u0131l\u0131\u015f gecesine LTB Ba\u015fkan\u0131 Mehmet Harmanc\u0131, ana sponsor Vedat Kaner Vakf\u0131 M\u00fctevelli Heyeti ve Y\u00f6netim Kurulu \u00fcyeleri, Pasha Group Ba\u015fkan ve y\u00f6neticileri ile THY \u00fclke m\u00fcd\u00fcr\u00fc , belediye meclis \u00fcyeleri, sanat\u00e7\u0131lar ve sanatseverler kat\u0131ld\u0131.<\/p>\n<p>Arkhe taraf\u0131ndan bu y\u0131l ilki ger\u00e7ekle\u015ftirilecek Eklektik Manifest\u2019te 22 sanat\u00e7\u0131, 6 istasyon ve kamusal alanlarda 8 sergi, 7 performans ve 5 panel yer alacak.<\/p>\n<p>Ba\u015fkan Harmanc\u0131: \u201cDiasporan\u0131n \u0130zlerini Ba\u015fkentimizde Hissedecek ve Ya\u015fayaca\u011f\u0131z\u201d<br \/>\nLTB Ba\u015fkan\u0131 Mehmet Harmanc\u0131 Eklektik Manifest \u2013 Lefko\u015fa Bieanali\u2019ne Giri\u015f a\u00e7\u0131l\u0131\u015f gecesinde konu\u015fmas\u0131nda projenin en b\u00fcy\u00fck hayallerinden olan Lefko\u015fa Bienali\u2019nin ilk ad\u0131mlar\u0131\u0131 te\u015fkil etti\u011fini s\u00f6yledi. Lefko\u015fa Belediye Tiyatrosu ve Lefko\u015fa Belediye Orkestras\u0131 ile LTB\u2019nin Arkhe ile k\u00fclt\u00fcr, sanat ve ar\u015fiv alan\u0131nda bir kurumsal yap\u0131ya daha kavu\u015ftu\u011funu dile getiren Harmanc\u0131, Arkhe\u2019nin sadece etkinlik yapan de\u011fil ayn\u0131 zamanda k\u00fclt\u00fcr politikalar\u0131 da \u00fcreten ve bu k\u00fclt\u00fcr politikalar\u0131 ile \u015fehrin belle\u011finde iz b\u0131rakmay\u0131 hedefleyen \u00e7al\u0131\u015fmalara sahip oldu\u011funu belirtti.&nbsp;<\/p>\n<p>Harmanc\u0131 s\u00f6zlerine \u015f\u00f6yle tamamlad\u0131: \u201cK\u00fclt\u00fcr sanat alan\u0131nda uluslararas\u0131 \u00e7apta bug\u00fcne kadar g\u00f6sterdikleri ba\u015far\u0131 ve bu sanat\u00e7\u0131lar\u0131m\u0131z\u0131n \u00e7al\u0131\u015fmalar\u0131n\u0131n Lefko\u015fa\u2019da olmas\u0131na b\u00fcy\u00fck \u00f6nem veriyoruz. Yakla\u015f\u0131k 40 g\u00fcn boyunca diasporan\u0131n izlerini ba\u015fkentimizde hissedecek ve ya\u015fayaca\u011f\u0131z. Eklektik Manifest ile ba\u015flataca\u011f\u0131m\u0131z bu evre hem Lefko\u015fa hem \u00fclke k\u00fclt\u00fcr-sanat ya\u015fam\u0131 i\u00e7in de mihenk ta\u015flar\u0131ndan olacak. Eklektik Manifest projesine ilk g\u00fcnden b\u00fcy\u00fck de\u011fer g\u00f6steren ana sponsorumuz Vedat Kaner Vakf\u0131\u2019na ve sponsorlar\u0131m\u0131z T\u00fcrk Hava Yollar\u0131 ile Pasha Group\u2019a \u00e7ok te\u015fekk\u00fcr ediyoruz.\u201d diyerek s\u00f6zlerini tamamlad\u0131.<\/p>\n<p>Arkhe Direkt\u00f6r\u00fc Halil Duranay da gecede ger\u00e7ekle\u015ftirdi\u011fi konu\u015fmas\u0131nda ARKHE\u2019nin temel misyonlar\u0131ndan birinin Lefko\u015fa i\u00e7in k\u00fclt\u00fcr politikalar\u0131 \u00fcretmek oldu\u011funu s\u00f6yleyerek, bu a\u00e7\u0131dan \u00f6nce Eklektik Manifest, sonras\u0131nda kurgulanacak olan Lefko\u015fa Bienali\u2019nin bu misyonun en \u00f6nemli hedefleri olaca\u011f\u0131n\u0131 kaydetti. Duranay konu\u015fmas\u0131n\u0131 \u015fu s\u00f6zlerle tamamlad\u0131: \u201cBir Bienal\u2019in ihtiya\u00e7lar\u0131n\u0131n ve handikaplar\u0131n\u0131n fark\u0131nday\u0131z. Kent bu projeye ne kadar haz\u0131r, bunlar\u0131 g\u00f6rmek ve Bienal i\u00e7in stratejimizi olu\u015fturmak i\u00e7in Eklektik Manifest projesini hayata ge\u00e7irdik. Bienal i\u00e7in bir haz\u0131rl\u0131k projesi olan Eklektik Manifest\u2019in bir stratejisi var. Her iki y\u0131lda bir gelecek olan Bienal\u2019in \u00f6n haz\u0131rl\u0131\u011f\u0131n\u0131 olu\u015fturacaklar.\u201d<\/p>\n","protected":false},"excerpt":{"rendered":"<p>&nbsp; Ba\u015fkent Lefko\u015fa\u2019y\u0131 diaspora ana temas\u0131yla \u00e7a\u011fda\u015f sanatla bulu\u015fturacak Eklektik Manifest &#8211; Lefko\u015fa Bienal\u00ef&#8217;ne Giri\u015f projesi a\u00e7\u0131l\u0131\u015f gecesi d\u00fcn ak\u015fam yap\u0131ld\u0131.&nbsp; Arkhe organizasyonu, Lefko\u015fa T\u00fcrk Belediyesi himayesi, Vedat Kaner Vakf\u0131 ana sponsorlu\u011fu ve Pasha Group ile THY sponsorlu\u011funda d\u00fczenlenen projenin a\u00e7\u0131l\u0131\u015f gecesinde LTB Ba\u015fkan\u0131&nbsp; 22 Haziran\u2019a kadar s\u00fcrecek projenin a\u00e7\u0131l\u0131\u015f gecesine LTB Ba\u015fkan\u0131 Mehmet Harmanc\u0131,<\/p>\n","protected":false},"author":1,"featured_media":41328,"comment_status":"open","ping_status":"open","sticky":false,"template":"","format":"standard","meta":{"footnotes":""},"categories":[85],"tags":[],"class_list":["post-41327","post","type-post","status-publish","format-standard","has-post-thumbnail","hentry","category-spor"],"yoast_head":"<!-- This site is optimized with the Yoast SEO plugin v27.4 - https:\/\/yoast.com\/product\/yoast-seo-wordpress\/ -->\n<title>Diasporan\u0131n \u0130zleri Ba\u015fkent Lefko\u015fa\u2019da -<\/title>\n<meta name=\"robots\" content=\"index, follow, max-snippet:-1, max-image-preview:large, max-video-preview:-1\" \/>\n<link rel=\"canonical\" href=\"https:\/\/kibrisdakik.com\/?p=41327\" \/>\n<meta property=\"og:locale\" content=\"tr_TR\" \/>\n<meta property=\"og:type\" content=\"article\" \/>\n<meta property=\"og:title\" content=\"Diasporan\u0131n \u0130zleri Ba\u015fkent Lefko\u015fa\u2019da -\" \/>\n<meta property=\"og:description\" content=\"&nbsp; Ba\u015fkent Lefko\u015fa\u2019y\u0131 diaspora ana temas\u0131yla \u00e7a\u011fda\u015f sanatla bulu\u015fturacak Eklektik Manifest &#8211; Lefko\u015fa Bienal\u00ef&#8217;ne Giri\u015f projesi a\u00e7\u0131l\u0131\u015f gecesi d\u00fcn ak\u015fam yap\u0131ld\u0131.&nbsp; Arkhe organizasyonu, Lefko\u015fa T\u00fcrk Belediyesi himayesi, Vedat Kaner Vakf\u0131 ana sponsorlu\u011fu ve Pasha Group ile THY sponsorlu\u011funda d\u00fczenlenen projenin a\u00e7\u0131l\u0131\u015f gecesinde LTB Ba\u015fkan\u0131&nbsp; 22 Haziran\u2019a kadar s\u00fcrecek projenin a\u00e7\u0131l\u0131\u015f gecesine LTB Ba\u015fkan\u0131 Mehmet Harmanc\u0131,\" \/>\n<meta property=\"og:url\" content=\"https:\/\/kibrisdakik.com\/?p=41327\" \/>\n<meta property=\"article:published_time\" content=\"2024-05-12T09:52:49+00:00\" \/>\n<meta property=\"og:image\" content=\"https:\/\/kibrisdakik.com\/wp-content\/uploads\/2024\/05\/diasporanin-izleri-baskent-lefkosada-1715505427.webp.webp\" \/>\n\t<meta property=\"og:image:width\" content=\"710\" \/>\n\t<meta property=\"og:image:height\" content=\"370\" \/>\n\t<meta property=\"og:image:type\" content=\"image\/webp\" \/>\n<meta name=\"author\" content=\"admin\" \/>\n<meta name=\"twitter:card\" content=\"summary_large_image\" \/>\n<meta name=\"twitter:label1\" content=\"Yazan:\" \/>\n\t<meta name=\"twitter:data1\" content=\"admin\" \/>\n\t<meta name=\"twitter:label2\" content=\"Tahmini okuma s\u00fcresi\" \/>\n\t<meta name=\"twitter:data2\" content=\"3 dakika\" \/>\n<script type=\"application\/ld+json\" class=\"yoast-schema-graph\">{\"@context\":\"https:\\\/\\\/schema.org\",\"@graph\":[{\"@type\":\"Article\",\"@id\":\"https:\\\/\\\/kibrisdakik.com\\\/?p=41327#article\",\"isPartOf\":{\"@id\":\"https:\\\/\\\/kibrisdakik.com\\\/?p=41327\"},\"author\":{\"name\":\"admin\",\"@id\":\"https:\\\/\\\/kibrisdakik.com\\\/#\\\/schema\\\/person\\\/9cd9d437bbb44f72b73ba127e06d8e79\"},\"headline\":\"Diasporan\u0131n \u0130zleri Ba\u015fkent Lefko\u015fa\u2019da\",\"datePublished\":\"2024-05-12T09:52:49+00:00\",\"mainEntityOfPage\":{\"@id\":\"https:\\\/\\\/kibrisdakik.com\\\/?p=41327\"},\"wordCount\":522,\"commentCount\":0,\"image\":{\"@id\":\"https:\\\/\\\/kibrisdakik.com\\\/?p=41327#primaryimage\"},\"thumbnailUrl\":\"https:\\\/\\\/kibrisdakik.com\\\/wp-content\\\/uploads\\\/2024\\\/05\\\/diasporanin-izleri-baskent-lefkosada-1715505427.webp.webp\",\"articleSection\":[\"Spor\"],\"inLanguage\":\"tr\",\"potentialAction\":[{\"@type\":\"CommentAction\",\"name\":\"Comment\",\"target\":[\"https:\\\/\\\/kibrisdakik.com\\\/?p=41327#respond\"]}]},{\"@type\":\"WebPage\",\"@id\":\"https:\\\/\\\/kibrisdakik.com\\\/?p=41327\",\"url\":\"https:\\\/\\\/kibrisdakik.com\\\/?p=41327\",\"name\":\"Diasporan\u0131n \u0130zleri Ba\u015fkent Lefko\u015fa\u2019da -\",\"isPartOf\":{\"@id\":\"https:\\\/\\\/kibrisdakik.com\\\/#website\"},\"primaryImageOfPage\":{\"@id\":\"https:\\\/\\\/kibrisdakik.com\\\/?p=41327#primaryimage\"},\"image\":{\"@id\":\"https:\\\/\\\/kibrisdakik.com\\\/?p=41327#primaryimage\"},\"thumbnailUrl\":\"https:\\\/\\\/kibrisdakik.com\\\/wp-content\\\/uploads\\\/2024\\\/05\\\/diasporanin-izleri-baskent-lefkosada-1715505427.webp.webp\",\"datePublished\":\"2024-05-12T09:52:49+00:00\",\"author\":{\"@id\":\"https:\\\/\\\/kibrisdakik.com\\\/#\\\/schema\\\/person\\\/9cd9d437bbb44f72b73ba127e06d8e79\"},\"breadcrumb\":{\"@id\":\"https:\\\/\\\/kibrisdakik.com\\\/?p=41327#breadcrumb\"},\"inLanguage\":\"tr\",\"potentialAction\":[{\"@type\":\"ReadAction\",\"target\":[\"https:\\\/\\\/kibrisdakik.com\\\/?p=41327\"]}]},{\"@type\":\"ImageObject\",\"inLanguage\":\"tr\",\"@id\":\"https:\\\/\\\/kibrisdakik.com\\\/?p=41327#primaryimage\",\"url\":\"https:\\\/\\\/kibrisdakik.com\\\/wp-content\\\/uploads\\\/2024\\\/05\\\/diasporanin-izleri-baskent-lefkosada-1715505427.webp.webp\",\"contentUrl\":\"https:\\\/\\\/kibrisdakik.com\\\/wp-content\\\/uploads\\\/2024\\\/05\\\/diasporanin-izleri-baskent-lefkosada-1715505427.webp.webp\",\"width\":710,\"height\":370},{\"@type\":\"BreadcrumbList\",\"@id\":\"https:\\\/\\\/kibrisdakik.com\\\/?p=41327#breadcrumb\",\"itemListElement\":[{\"@type\":\"ListItem\",\"position\":1,\"name\":\"Home\",\"item\":\"https:\\\/\\\/kibrisdakik.com\\\/\"},{\"@type\":\"ListItem\",\"position\":2,\"name\":\"Diasporan\u0131n \u0130zleri Ba\u015fkent Lefko\u015fa\u2019da\"}]},{\"@type\":\"WebSite\",\"@id\":\"https:\\\/\\\/kibrisdakik.com\\\/#website\",\"url\":\"https:\\\/\\\/kibrisdakik.com\\\/\",\"name\":\"\",\"description\":\"Tam vaktinde haber\",\"potentialAction\":[{\"@type\":\"SearchAction\",\"target\":{\"@type\":\"EntryPoint\",\"urlTemplate\":\"https:\\\/\\\/kibrisdakik.com\\\/?s={search_term_string}\"},\"query-input\":{\"@type\":\"PropertyValueSpecification\",\"valueRequired\":true,\"valueName\":\"search_term_string\"}}],\"inLanguage\":\"tr\"},{\"@type\":\"Person\",\"@id\":\"https:\\\/\\\/kibrisdakik.com\\\/#\\\/schema\\\/person\\\/9cd9d437bbb44f72b73ba127e06d8e79\",\"name\":\"admin\",\"image\":{\"@type\":\"ImageObject\",\"inLanguage\":\"tr\",\"@id\":\"https:\\\/\\\/secure.gravatar.com\\\/avatar\\\/ccc17943b9d660506c869530f897617f7cb1c21a4bf30023f252596d83e1f007?s=96&d=mm&r=g\",\"url\":\"https:\\\/\\\/secure.gravatar.com\\\/avatar\\\/ccc17943b9d660506c869530f897617f7cb1c21a4bf30023f252596d83e1f007?s=96&d=mm&r=g\",\"contentUrl\":\"https:\\\/\\\/secure.gravatar.com\\\/avatar\\\/ccc17943b9d660506c869530f897617f7cb1c21a4bf30023f252596d83e1f007?s=96&d=mm&r=g\",\"caption\":\"admin\"},\"sameAs\":[\"https:\\\/\\\/kibrisdakik.com\"],\"url\":\"https:\\\/\\\/kibrisdakik.com\\\/?author=1\"}]}<\/script>\n<!-- \/ Yoast SEO plugin. -->","yoast_head_json":{"title":"Diasporan\u0131n \u0130zleri Ba\u015fkent Lefko\u015fa\u2019da -","robots":{"index":"index","follow":"follow","max-snippet":"max-snippet:-1","max-image-preview":"max-image-preview:large","max-video-preview":"max-video-preview:-1"},"canonical":"https:\/\/kibrisdakik.com\/?p=41327","og_locale":"tr_TR","og_type":"article","og_title":"Diasporan\u0131n \u0130zleri Ba\u015fkent Lefko\u015fa\u2019da -","og_description":"&nbsp; Ba\u015fkent Lefko\u015fa\u2019y\u0131 diaspora ana temas\u0131yla \u00e7a\u011fda\u015f sanatla bulu\u015fturacak Eklektik Manifest &#8211; Lefko\u015fa Bienal\u00ef&#8217;ne Giri\u015f projesi a\u00e7\u0131l\u0131\u015f gecesi d\u00fcn ak\u015fam yap\u0131ld\u0131.&nbsp; Arkhe organizasyonu, Lefko\u015fa T\u00fcrk Belediyesi himayesi, Vedat Kaner Vakf\u0131 ana sponsorlu\u011fu ve Pasha Group ile THY sponsorlu\u011funda d\u00fczenlenen projenin a\u00e7\u0131l\u0131\u015f gecesinde LTB Ba\u015fkan\u0131&nbsp; 22 Haziran\u2019a kadar s\u00fcrecek projenin a\u00e7\u0131l\u0131\u015f gecesine LTB Ba\u015fkan\u0131 Mehmet Harmanc\u0131,","og_url":"https:\/\/kibrisdakik.com\/?p=41327","article_published_time":"2024-05-12T09:52:49+00:00","og_image":[{"width":710,"height":370,"url":"https:\/\/kibrisdakik.com\/wp-content\/uploads\/2024\/05\/diasporanin-izleri-baskent-lefkosada-1715505427.webp.webp","type":"image\/webp"}],"author":"admin","twitter_card":"summary_large_image","twitter_misc":{"Yazan:":"admin","Tahmini okuma s\u00fcresi":"3 dakika"},"schema":{"@context":"https:\/\/schema.org","@graph":[{"@type":"Article","@id":"https:\/\/kibrisdakik.com\/?p=41327#article","isPartOf":{"@id":"https:\/\/kibrisdakik.com\/?p=41327"},"author":{"name":"admin","@id":"https:\/\/kibrisdakik.com\/#\/schema\/person\/9cd9d437bbb44f72b73ba127e06d8e79"},"headline":"Diasporan\u0131n \u0130zleri Ba\u015fkent Lefko\u015fa\u2019da","datePublished":"2024-05-12T09:52:49+00:00","mainEntityOfPage":{"@id":"https:\/\/kibrisdakik.com\/?p=41327"},"wordCount":522,"commentCount":0,"image":{"@id":"https:\/\/kibrisdakik.com\/?p=41327#primaryimage"},"thumbnailUrl":"https:\/\/kibrisdakik.com\/wp-content\/uploads\/2024\/05\/diasporanin-izleri-baskent-lefkosada-1715505427.webp.webp","articleSection":["Spor"],"inLanguage":"tr","potentialAction":[{"@type":"CommentAction","name":"Comment","target":["https:\/\/kibrisdakik.com\/?p=41327#respond"]}]},{"@type":"WebPage","@id":"https:\/\/kibrisdakik.com\/?p=41327","url":"https:\/\/kibrisdakik.com\/?p=41327","name":"Diasporan\u0131n \u0130zleri Ba\u015fkent Lefko\u015fa\u2019da -","isPartOf":{"@id":"https:\/\/kibrisdakik.com\/#website"},"primaryImageOfPage":{"@id":"https:\/\/kibrisdakik.com\/?p=41327#primaryimage"},"image":{"@id":"https:\/\/kibrisdakik.com\/?p=41327#primaryimage"},"thumbnailUrl":"https:\/\/kibrisdakik.com\/wp-content\/uploads\/2024\/05\/diasporanin-izleri-baskent-lefkosada-1715505427.webp.webp","datePublished":"2024-05-12T09:52:49+00:00","author":{"@id":"https:\/\/kibrisdakik.com\/#\/schema\/person\/9cd9d437bbb44f72b73ba127e06d8e79"},"breadcrumb":{"@id":"https:\/\/kibrisdakik.com\/?p=41327#breadcrumb"},"inLanguage":"tr","potentialAction":[{"@type":"ReadAction","target":["https:\/\/kibrisdakik.com\/?p=41327"]}]},{"@type":"ImageObject","inLanguage":"tr","@id":"https:\/\/kibrisdakik.com\/?p=41327#primaryimage","url":"https:\/\/kibrisdakik.com\/wp-content\/uploads\/2024\/05\/diasporanin-izleri-baskent-lefkosada-1715505427.webp.webp","contentUrl":"https:\/\/kibrisdakik.com\/wp-content\/uploads\/2024\/05\/diasporanin-izleri-baskent-lefkosada-1715505427.webp.webp","width":710,"height":370},{"@type":"BreadcrumbList","@id":"https:\/\/kibrisdakik.com\/?p=41327#breadcrumb","itemListElement":[{"@type":"ListItem","position":1,"name":"Home","item":"https:\/\/kibrisdakik.com\/"},{"@type":"ListItem","position":2,"name":"Diasporan\u0131n \u0130zleri Ba\u015fkent Lefko\u015fa\u2019da"}]},{"@type":"WebSite","@id":"https:\/\/kibrisdakik.com\/#website","url":"https:\/\/kibrisdakik.com\/","name":"","description":"Tam vaktinde haber","potentialAction":[{"@type":"SearchAction","target":{"@type":"EntryPoint","urlTemplate":"https:\/\/kibrisdakik.com\/?s={search_term_string}"},"query-input":{"@type":"PropertyValueSpecification","valueRequired":true,"valueName":"search_term_string"}}],"inLanguage":"tr"},{"@type":"Person","@id":"https:\/\/kibrisdakik.com\/#\/schema\/person\/9cd9d437bbb44f72b73ba127e06d8e79","name":"admin","image":{"@type":"ImageObject","inLanguage":"tr","@id":"https:\/\/secure.gravatar.com\/avatar\/ccc17943b9d660506c869530f897617f7cb1c21a4bf30023f252596d83e1f007?s=96&d=mm&r=g","url":"https:\/\/secure.gravatar.com\/avatar\/ccc17943b9d660506c869530f897617f7cb1c21a4bf30023f252596d83e1f007?s=96&d=mm&r=g","contentUrl":"https:\/\/secure.gravatar.com\/avatar\/ccc17943b9d660506c869530f897617f7cb1c21a4bf30023f252596d83e1f007?s=96&d=mm&r=g","caption":"admin"},"sameAs":["https:\/\/kibrisdakik.com"],"url":"https:\/\/kibrisdakik.com\/?author=1"}]}},"_links":{"self":[{"href":"https:\/\/kibrisdakik.com\/index.php?rest_route=\/wp\/v2\/posts\/41327","targetHints":{"allow":["GET"]}}],"collection":[{"href":"https:\/\/kibrisdakik.com\/index.php?rest_route=\/wp\/v2\/posts"}],"about":[{"href":"https:\/\/kibrisdakik.com\/index.php?rest_route=\/wp\/v2\/types\/post"}],"author":[{"embeddable":true,"href":"https:\/\/kibrisdakik.com\/index.php?rest_route=\/wp\/v2\/users\/1"}],"replies":[{"embeddable":true,"href":"https:\/\/kibrisdakik.com\/index.php?rest_route=%2Fwp%2Fv2%2Fcomments&post=41327"}],"version-history":[{"count":0,"href":"https:\/\/kibrisdakik.com\/index.php?rest_route=\/wp\/v2\/posts\/41327\/revisions"}],"wp:featuredmedia":[{"embeddable":true,"href":"https:\/\/kibrisdakik.com\/index.php?rest_route=\/wp\/v2\/media\/41328"}],"wp:attachment":[{"href":"https:\/\/kibrisdakik.com\/index.php?rest_route=%2Fwp%2Fv2%2Fmedia&parent=41327"}],"wp:term":[{"taxonomy":"category","embeddable":true,"href":"https:\/\/kibrisdakik.com\/index.php?rest_route=%2Fwp%2Fv2%2Fcategories&post=41327"},{"taxonomy":"post_tag","embeddable":true,"href":"https:\/\/kibrisdakik.com\/index.php?rest_route=%2Fwp%2Fv2%2Ftags&post=41327"}],"curies":[{"name":"wp","href":"https:\/\/api.w.org\/{rel}","templated":true}]}}