{"id":41387,"date":"2024-05-12T17:24:16","date_gmt":"2024-05-12T17:24:16","guid":{"rendered":"https:\/\/kibrisdakik.com\/index.php\/2024\/05\/12\/polis-haberleriyanlis-kan-alma-tanisiyla-tedavi-goren-56-yasindaki-dalgalan-yasamini-yitirdi\/"},"modified":"2024-05-12T17:24:16","modified_gmt":"2024-05-12T17:24:16","slug":"polis-haberleriyanlis-kan-alma-tanisiyla-tedavi-goren-56-yasindaki-dalgalan-yasamini-yitirdi","status":"publish","type":"post","link":"https:\/\/kibrisdakik.com\/?p=41387","title":{"rendered":"Polis Haberleri:Yanl\u0131\u015f kan alma tan\u0131s\u0131yla tedavi g\u00f6ren 56 ya\u015f\u0131ndaki Dalgalan ya\u015fam\u0131n\u0131 yitirdi"},"content":{"rendered":"<p><\/p>\n<div>\n<div class=\"mariselle-image-container none\">\n                <img loading=\"lazy\" decoding=\"async\" width=\"460\" height=\"276\" class=\"lazy-image\" alt=\"\" sizes=\"auto, (max-width: 460px) 100vw, 460px\" src=\"https:\/\/brtk.net\/wp-content\/uploads\/2024\/04\/25\/olum26.jpg?ver=f548dae94ae21e0731ddea3c354a592c\" srcset=\"https:\/\/brtk.net\/wp-content\/uploads\/2024\/04\/25\/olum26.jpg?ver=f548dae94ae21e0731ddea3c354a592c 460w, https:\/\/brtk.net\/wp-content\/uploads\/2024\/04\/25\/olum26-300x180.jpg?ver=f548dae94ae21e0731ddea3c354a592c 300w\"\/>                            <\/div>\n<p>Lefko\u015fa\u2019da sakin Ayla Dalgalan (K-56), orak anemisi, mitral kapak yetmezli\u011fi ve yanl\u0131\u015f kan transf\u00fczyonu (d\u0131\u015fardan kan alma) tan\u0131s\u0131yla tedavi g\u00f6rd\u00fc\u011f\u00fc Yak\u0131ndo\u011fu Hastanesi yo\u011fun bak\u0131m\u0131n servisinde \u00f6nceki gece ya\u015fam\u0131n\u0131 yitirdi. Polis Bas\u0131n Subayl\u0131\u011f\u0131, olaya ili\u015fkin soru\u015fturman\u0131n devam etti\u011fini a\u00e7\u0131klad\u0131.<\/p>\n<p>\u00a0<\/p>\n<\/p><\/div>\n<p><script async\n                    defer\n                    crossorigin=\"anonymous\"\n                    src=\"https:\/\/connect.facebook.net\/tr_TR\/sdk.js#xfbml=1&#038;version=v3.3\"\n            ><\/script><\/p>\n","protected":false},"excerpt":{"rendered":"<p>Lefko\u015fa\u2019da sakin Ayla Dalgalan (K-56), orak anemisi, mitral kapak yetmezli\u011fi ve yanl\u0131\u015f kan transf\u00fczyonu (d\u0131\u015fardan kan alma) tan\u0131s\u0131yla tedavi g\u00f6rd\u00fc\u011f\u00fc Yak\u0131ndo\u011fu Hastanesi yo\u011fun bak\u0131m\u0131n servisinde \u00f6nceki gece ya\u015fam\u0131n\u0131 yitirdi. Polis Bas\u0131n Subayl\u0131\u011f\u0131, olaya ili\u015fkin soru\u015fturman\u0131n devam etti\u011fini a\u00e7\u0131klad\u0131. \u00a0<\/p>\n","protected":false},"author":1,"featured_media":41388,"comment_status":"open","ping_status":"open","sticky":false,"template":"","format":"standard","meta":{"footnotes":""},"categories":[1],"tags":[],"class_list":["post-41387","post","type-post","status-publish","format-standard","has-post-thumbnail","hentry","category-gundem"],"yoast_head":"<!-- This site is optimized with the Yoast SEO plugin v27.5 - https:\/\/yoast.com\/product\/yoast-seo-wordpress\/ -->\n<title>Polis Haberleri:Yanl\u0131\u015f kan alma tan\u0131s\u0131yla tedavi g\u00f6ren 56 ya\u015f\u0131ndaki Dalgalan ya\u015fam\u0131n\u0131 yitirdi -<\/title>\n<meta name=\"robots\" content=\"index, follow, max-snippet:-1, max-image-preview:large, max-video-preview:-1\" \/>\n<link rel=\"canonical\" href=\"https:\/\/kibrisdakik.com\/?p=41387\" \/>\n<meta property=\"og:locale\" content=\"tr_TR\" \/>\n<meta property=\"og:type\" content=\"article\" \/>\n<meta property=\"og:title\" content=\"Polis Haberleri:Yanl\u0131\u015f kan alma tan\u0131s\u0131yla tedavi g\u00f6ren 56 ya\u015f\u0131ndaki Dalgalan ya\u015fam\u0131n\u0131 yitirdi -\" \/>\n<meta property=\"og:description\" content=\"Lefko\u015fa\u2019da sakin Ayla Dalgalan (K-56), orak anemisi, mitral kapak yetmezli\u011fi ve yanl\u0131\u015f kan transf\u00fczyonu (d\u0131\u015fardan kan alma) tan\u0131s\u0131yla tedavi g\u00f6rd\u00fc\u011f\u00fc Yak\u0131ndo\u011fu Hastanesi yo\u011fun bak\u0131m\u0131n servisinde \u00f6nceki gece ya\u015fam\u0131n\u0131 yitirdi. Polis Bas\u0131n Subayl\u0131\u011f\u0131, olaya ili\u015fkin soru\u015fturman\u0131n devam etti\u011fini a\u00e7\u0131klad\u0131. \u00a0\" \/>\n<meta property=\"og:url\" content=\"https:\/\/kibrisdakik.com\/?p=41387\" \/>\n<meta property=\"article:published_time\" content=\"2024-05-12T17:24:16+00:00\" \/>\n<meta property=\"og:image\" content=\"https:\/\/kibrisdakik.com\/wp-content\/uploads\/2024\/05\/olum26.jpg\" \/>\n\t<meta property=\"og:image:width\" content=\"460\" \/>\n\t<meta property=\"og:image:height\" content=\"276\" \/>\n\t<meta property=\"og:image:type\" content=\"image\/jpeg\" \/>\n<meta name=\"author\" content=\"admin\" \/>\n<meta name=\"twitter:card\" content=\"summary_large_image\" \/>\n<meta name=\"twitter:label1\" content=\"Yazan:\" \/>\n\t<meta name=\"twitter:data1\" content=\"admin\" \/>\n<script type=\"application\/ld+json\" class=\"yoast-schema-graph\">{\"@context\":\"https:\\\/\\\/schema.org\",\"@graph\":[{\"@type\":\"Article\",\"@id\":\"https:\\\/\\\/kibrisdakik.com\\\/?p=41387#article\",\"isPartOf\":{\"@id\":\"https:\\\/\\\/kibrisdakik.com\\\/?p=41387\"},\"author\":{\"name\":\"admin\",\"@id\":\"https:\\\/\\\/kibrisdakik.com\\\/#\\\/schema\\\/person\\\/9cd9d437bbb44f72b73ba127e06d8e79\"},\"headline\":\"Polis Haberleri:Yanl\u0131\u015f kan alma tan\u0131s\u0131yla tedavi g\u00f6ren 56 ya\u015f\u0131ndaki Dalgalan ya\u015fam\u0131n\u0131 yitirdi\",\"datePublished\":\"2024-05-12T17:24:16+00:00\",\"mainEntityOfPage\":{\"@id\":\"https:\\\/\\\/kibrisdakik.com\\\/?p=41387\"},\"wordCount\":77,\"commentCount\":0,\"image\":{\"@id\":\"https:\\\/\\\/kibrisdakik.com\\\/?p=41387#primaryimage\"},\"thumbnailUrl\":\"https:\\\/\\\/kibrisdakik.com\\\/wp-content\\\/uploads\\\/2024\\\/05\\\/olum26.jpg\",\"articleSection\":[\"G\u00fcndem\"],\"inLanguage\":\"tr\",\"potentialAction\":[{\"@type\":\"CommentAction\",\"name\":\"Comment\",\"target\":[\"https:\\\/\\\/kibrisdakik.com\\\/?p=41387#respond\"]}]},{\"@type\":\"WebPage\",\"@id\":\"https:\\\/\\\/kibrisdakik.com\\\/?p=41387\",\"url\":\"https:\\\/\\\/kibrisdakik.com\\\/?p=41387\",\"name\":\"Polis Haberleri:Yanl\u0131\u015f kan alma tan\u0131s\u0131yla tedavi g\u00f6ren 56 ya\u015f\u0131ndaki Dalgalan ya\u015fam\u0131n\u0131 yitirdi -\",\"isPartOf\":{\"@id\":\"https:\\\/\\\/kibrisdakik.com\\\/#website\"},\"primaryImageOfPage\":{\"@id\":\"https:\\\/\\\/kibrisdakik.com\\\/?p=41387#primaryimage\"},\"image\":{\"@id\":\"https:\\\/\\\/kibrisdakik.com\\\/?p=41387#primaryimage\"},\"thumbnailUrl\":\"https:\\\/\\\/kibrisdakik.com\\\/wp-content\\\/uploads\\\/2024\\\/05\\\/olum26.jpg\",\"datePublished\":\"2024-05-12T17:24:16+00:00\",\"author\":{\"@id\":\"https:\\\/\\\/kibrisdakik.com\\\/#\\\/schema\\\/person\\\/9cd9d437bbb44f72b73ba127e06d8e79\"},\"breadcrumb\":{\"@id\":\"https:\\\/\\\/kibrisdakik.com\\\/?p=41387#breadcrumb\"},\"inLanguage\":\"tr\",\"potentialAction\":[{\"@type\":\"ReadAction\",\"target\":[\"https:\\\/\\\/kibrisdakik.com\\\/?p=41387\"]}]},{\"@type\":\"ImageObject\",\"inLanguage\":\"tr\",\"@id\":\"https:\\\/\\\/kibrisdakik.com\\\/?p=41387#primaryimage\",\"url\":\"https:\\\/\\\/kibrisdakik.com\\\/wp-content\\\/uploads\\\/2024\\\/05\\\/olum26.jpg\",\"contentUrl\":\"https:\\\/\\\/kibrisdakik.com\\\/wp-content\\\/uploads\\\/2024\\\/05\\\/olum26.jpg\",\"width\":460,\"height\":276},{\"@type\":\"BreadcrumbList\",\"@id\":\"https:\\\/\\\/kibrisdakik.com\\\/?p=41387#breadcrumb\",\"itemListElement\":[{\"@type\":\"ListItem\",\"position\":1,\"name\":\"Home\",\"item\":\"https:\\\/\\\/kibrisdakik.com\\\/\"},{\"@type\":\"ListItem\",\"position\":2,\"name\":\"Polis Haberleri:Yanl\u0131\u015f kan alma tan\u0131s\u0131yla tedavi g\u00f6ren 56 ya\u015f\u0131ndaki Dalgalan ya\u015fam\u0131n\u0131 yitirdi\"}]},{\"@type\":\"WebSite\",\"@id\":\"https:\\\/\\\/kibrisdakik.com\\\/#website\",\"url\":\"https:\\\/\\\/kibrisdakik.com\\\/\",\"name\":\"\",\"description\":\"Tam vaktinde haber\",\"potentialAction\":[{\"@type\":\"SearchAction\",\"target\":{\"@type\":\"EntryPoint\",\"urlTemplate\":\"https:\\\/\\\/kibrisdakik.com\\\/?s={search_term_string}\"},\"query-input\":{\"@type\":\"PropertyValueSpecification\",\"valueRequired\":true,\"valueName\":\"search_term_string\"}}],\"inLanguage\":\"tr\"},{\"@type\":\"Person\",\"@id\":\"https:\\\/\\\/kibrisdakik.com\\\/#\\\/schema\\\/person\\\/9cd9d437bbb44f72b73ba127e06d8e79\",\"name\":\"admin\",\"image\":{\"@type\":\"ImageObject\",\"inLanguage\":\"tr\",\"@id\":\"https:\\\/\\\/secure.gravatar.com\\\/avatar\\\/ccc17943b9d660506c869530f897617f7cb1c21a4bf30023f252596d83e1f007?s=96&d=mm&r=g\",\"url\":\"https:\\\/\\\/secure.gravatar.com\\\/avatar\\\/ccc17943b9d660506c869530f897617f7cb1c21a4bf30023f252596d83e1f007?s=96&d=mm&r=g\",\"contentUrl\":\"https:\\\/\\\/secure.gravatar.com\\\/avatar\\\/ccc17943b9d660506c869530f897617f7cb1c21a4bf30023f252596d83e1f007?s=96&d=mm&r=g\",\"caption\":\"admin\"},\"sameAs\":[\"https:\\\/\\\/kibrisdakik.com\"],\"url\":\"https:\\\/\\\/kibrisdakik.com\\\/?author=1\"}]}<\/script>\n<!-- \/ Yoast SEO plugin. -->","yoast_head_json":{"title":"Polis Haberleri:Yanl\u0131\u015f kan alma tan\u0131s\u0131yla tedavi g\u00f6ren 56 ya\u015f\u0131ndaki Dalgalan ya\u015fam\u0131n\u0131 yitirdi -","robots":{"index":"index","follow":"follow","max-snippet":"max-snippet:-1","max-image-preview":"max-image-preview:large","max-video-preview":"max-video-preview:-1"},"canonical":"https:\/\/kibrisdakik.com\/?p=41387","og_locale":"tr_TR","og_type":"article","og_title":"Polis Haberleri:Yanl\u0131\u015f kan alma tan\u0131s\u0131yla tedavi g\u00f6ren 56 ya\u015f\u0131ndaki Dalgalan ya\u015fam\u0131n\u0131 yitirdi -","og_description":"Lefko\u015fa\u2019da sakin Ayla Dalgalan (K-56), orak anemisi, mitral kapak yetmezli\u011fi ve yanl\u0131\u015f kan transf\u00fczyonu (d\u0131\u015fardan kan alma) tan\u0131s\u0131yla tedavi g\u00f6rd\u00fc\u011f\u00fc Yak\u0131ndo\u011fu Hastanesi yo\u011fun bak\u0131m\u0131n servisinde \u00f6nceki gece ya\u015fam\u0131n\u0131 yitirdi. Polis Bas\u0131n Subayl\u0131\u011f\u0131, olaya ili\u015fkin soru\u015fturman\u0131n devam etti\u011fini a\u00e7\u0131klad\u0131. \u00a0","og_url":"https:\/\/kibrisdakik.com\/?p=41387","article_published_time":"2024-05-12T17:24:16+00:00","og_image":[{"width":460,"height":276,"url":"https:\/\/kibrisdakik.com\/wp-content\/uploads\/2024\/05\/olum26.jpg","type":"image\/jpeg"}],"author":"admin","twitter_card":"summary_large_image","twitter_misc":{"Yazan:":"admin"},"schema":{"@context":"https:\/\/schema.org","@graph":[{"@type":"Article","@id":"https:\/\/kibrisdakik.com\/?p=41387#article","isPartOf":{"@id":"https:\/\/kibrisdakik.com\/?p=41387"},"author":{"name":"admin","@id":"https:\/\/kibrisdakik.com\/#\/schema\/person\/9cd9d437bbb44f72b73ba127e06d8e79"},"headline":"Polis Haberleri:Yanl\u0131\u015f kan alma tan\u0131s\u0131yla tedavi g\u00f6ren 56 ya\u015f\u0131ndaki Dalgalan ya\u015fam\u0131n\u0131 yitirdi","datePublished":"2024-05-12T17:24:16+00:00","mainEntityOfPage":{"@id":"https:\/\/kibrisdakik.com\/?p=41387"},"wordCount":77,"commentCount":0,"image":{"@id":"https:\/\/kibrisdakik.com\/?p=41387#primaryimage"},"thumbnailUrl":"https:\/\/kibrisdakik.com\/wp-content\/uploads\/2024\/05\/olum26.jpg","articleSection":["G\u00fcndem"],"inLanguage":"tr","potentialAction":[{"@type":"CommentAction","name":"Comment","target":["https:\/\/kibrisdakik.com\/?p=41387#respond"]}]},{"@type":"WebPage","@id":"https:\/\/kibrisdakik.com\/?p=41387","url":"https:\/\/kibrisdakik.com\/?p=41387","name":"Polis Haberleri:Yanl\u0131\u015f kan alma tan\u0131s\u0131yla tedavi g\u00f6ren 56 ya\u015f\u0131ndaki Dalgalan ya\u015fam\u0131n\u0131 yitirdi -","isPartOf":{"@id":"https:\/\/kibrisdakik.com\/#website"},"primaryImageOfPage":{"@id":"https:\/\/kibrisdakik.com\/?p=41387#primaryimage"},"image":{"@id":"https:\/\/kibrisdakik.com\/?p=41387#primaryimage"},"thumbnailUrl":"https:\/\/kibrisdakik.com\/wp-content\/uploads\/2024\/05\/olum26.jpg","datePublished":"2024-05-12T17:24:16+00:00","author":{"@id":"https:\/\/kibrisdakik.com\/#\/schema\/person\/9cd9d437bbb44f72b73ba127e06d8e79"},"breadcrumb":{"@id":"https:\/\/kibrisdakik.com\/?p=41387#breadcrumb"},"inLanguage":"tr","potentialAction":[{"@type":"ReadAction","target":["https:\/\/kibrisdakik.com\/?p=41387"]}]},{"@type":"ImageObject","inLanguage":"tr","@id":"https:\/\/kibrisdakik.com\/?p=41387#primaryimage","url":"https:\/\/kibrisdakik.com\/wp-content\/uploads\/2024\/05\/olum26.jpg","contentUrl":"https:\/\/kibrisdakik.com\/wp-content\/uploads\/2024\/05\/olum26.jpg","width":460,"height":276},{"@type":"BreadcrumbList","@id":"https:\/\/kibrisdakik.com\/?p=41387#breadcrumb","itemListElement":[{"@type":"ListItem","position":1,"name":"Home","item":"https:\/\/kibrisdakik.com\/"},{"@type":"ListItem","position":2,"name":"Polis Haberleri:Yanl\u0131\u015f kan alma tan\u0131s\u0131yla tedavi g\u00f6ren 56 ya\u015f\u0131ndaki Dalgalan ya\u015fam\u0131n\u0131 yitirdi"}]},{"@type":"WebSite","@id":"https:\/\/kibrisdakik.com\/#website","url":"https:\/\/kibrisdakik.com\/","name":"","description":"Tam vaktinde haber","potentialAction":[{"@type":"SearchAction","target":{"@type":"EntryPoint","urlTemplate":"https:\/\/kibrisdakik.com\/?s={search_term_string}"},"query-input":{"@type":"PropertyValueSpecification","valueRequired":true,"valueName":"search_term_string"}}],"inLanguage":"tr"},{"@type":"Person","@id":"https:\/\/kibrisdakik.com\/#\/schema\/person\/9cd9d437bbb44f72b73ba127e06d8e79","name":"admin","image":{"@type":"ImageObject","inLanguage":"tr","@id":"https:\/\/secure.gravatar.com\/avatar\/ccc17943b9d660506c869530f897617f7cb1c21a4bf30023f252596d83e1f007?s=96&d=mm&r=g","url":"https:\/\/secure.gravatar.com\/avatar\/ccc17943b9d660506c869530f897617f7cb1c21a4bf30023f252596d83e1f007?s=96&d=mm&r=g","contentUrl":"https:\/\/secure.gravatar.com\/avatar\/ccc17943b9d660506c869530f897617f7cb1c21a4bf30023f252596d83e1f007?s=96&d=mm&r=g","caption":"admin"},"sameAs":["https:\/\/kibrisdakik.com"],"url":"https:\/\/kibrisdakik.com\/?author=1"}]}},"_links":{"self":[{"href":"https:\/\/kibrisdakik.com\/index.php?rest_route=\/wp\/v2\/posts\/41387","targetHints":{"allow":["GET"]}}],"collection":[{"href":"https:\/\/kibrisdakik.com\/index.php?rest_route=\/wp\/v2\/posts"}],"about":[{"href":"https:\/\/kibrisdakik.com\/index.php?rest_route=\/wp\/v2\/types\/post"}],"author":[{"embeddable":true,"href":"https:\/\/kibrisdakik.com\/index.php?rest_route=\/wp\/v2\/users\/1"}],"replies":[{"embeddable":true,"href":"https:\/\/kibrisdakik.com\/index.php?rest_route=%2Fwp%2Fv2%2Fcomments&post=41387"}],"version-history":[{"count":0,"href":"https:\/\/kibrisdakik.com\/index.php?rest_route=\/wp\/v2\/posts\/41387\/revisions"}],"wp:featuredmedia":[{"embeddable":true,"href":"https:\/\/kibrisdakik.com\/index.php?rest_route=\/wp\/v2\/media\/41388"}],"wp:attachment":[{"href":"https:\/\/kibrisdakik.com\/index.php?rest_route=%2Fwp%2Fv2%2Fmedia&parent=41387"}],"wp:term":[{"taxonomy":"category","embeddable":true,"href":"https:\/\/kibrisdakik.com\/index.php?rest_route=%2Fwp%2Fv2%2Fcategories&post=41387"},{"taxonomy":"post_tag","embeddable":true,"href":"https:\/\/kibrisdakik.com\/index.php?rest_route=%2Fwp%2Fv2%2Ftags&post=41387"}],"curies":[{"name":"wp","href":"https:\/\/api.w.org\/{rel}","templated":true}]}}