{"id":4140,"date":"2023-03-29T05:03:59","date_gmt":"2023-03-29T05:03:59","guid":{"rendered":"https:\/\/kibrisdakik.com\/index.php\/2023\/03\/29\/cumhurbaskani-tatarkibris-turk-halkinin-hakliligini-her-platformda-kararlilikla-savunmaya-devam-edecegim\/"},"modified":"2023-03-29T05:03:59","modified_gmt":"2023-03-29T05:03:59","slug":"cumhurbaskani-tatarkibris-turk-halkinin-hakliligini-her-platformda-kararlilikla-savunmaya-devam-edecegim","status":"publish","type":"post","link":"https:\/\/kibrisdakik.com\/?p=4140","title":{"rendered":"Cumhurba\u015fkan\u0131 Tatar:K\u0131br\u0131s T\u00fcrk halk\u0131n\u0131n hakl\u0131l\u0131\u011f\u0131n\u0131 her platformda kararl\u0131l\u0131kla savunmaya devam edece\u011fim"},"content":{"rendered":"<p><\/p>\n<div>\n<div class=\"mariselle-image-container center\">\n                <img width=\"805\" height=\"400\" class=\"lazy-image\" alt=\"\" decoding=\"async\" loading=\"lazy\" sizes=\"auto, (max-width: 805px) 100vw, 805px\" src=\"https:\/\/brtk.net\/wp-content\/uploads\/2023\/03\/12\/tatar42.jpg?ver=6c93d70693995d9daf07b8685edc230f\" srcset=\"https:\/\/brtk.net\/wp-content\/uploads\/2023\/03\/12\/tatar42.jpg?ver=6c93d70693995d9daf07b8685edc230f 805w, https:\/\/brtk.net\/wp-content\/uploads\/2023\/03\/12\/tatar42-300x149.jpg?ver=6c93d70693995d9daf07b8685edc230f 300w, https:\/\/brtk.net\/wp-content\/uploads\/2023\/03\/12\/tatar42-768x382.jpg?ver=1ed37a47d49fd5d0b21bbf666525b5b4 768w\"\/>                            <\/div>\n<p>Cumhurba\u015fkan\u0131 <a href=\"https:\/\/brtk.net\/\" target=\"_blank\" rel=\"noopener\">Ersin <\/a><a href=\"https:\/\/brtk.net\/\"\/><a href=\"https:\/\/brtk.net\/\"\/><a href=\"https:\/\/brtk.net\/\"\/><a href=\"https:\/\/brtk.net\/\"\/><a href=\"https:\/\/brtk.net\/\"\/><a href=\"https:\/\/brtk.net\/\">Tatar<\/a>, K\u0131br\u0131s T\u00fcrk halk\u0131n\u0131n hakl\u0131l\u0131\u011f\u0131n\u0131 ve yeni siyasetini, her platformda kararl\u0131l\u0131kla savunmaya devam edece\u011fini vurgulad\u0131.<\/p>\n<p><a href=\"https:\/\/brtk.net\/\"\/><a href=\"https:\/\/brtk.net\/\"\/><a href=\"https:\/\/brtk.net\/\"\/><a href=\"https:\/\/brtk.net\/\"\/><a href=\"https:\/\/brtk.net\/\"\/><a href=\"https:\/\/brtk.net\/\">Tatar<\/a>, aylar \u00f6nce yap\u0131lan \u00e7al\u0131\u015fmalarla planlanan Londra ziyareti kapsam\u0131nda \u00e7ok \u00f6nemli ve olumlu temaslarda bulundu\u011funu kaydetti.<\/p>\n<p>Ankara\u2019da, T\u00fcrk Devletleri Te\u015fkilat\u0131 toplant\u0131lar\u0131na kat\u0131ld\u0131\u011f\u0131 gibi yurtd\u0131\u015f\u0131 temaslara \u00f6nem verdi\u011fini, K\u0131br\u0131s T\u00fcrk halk\u0131n\u0131n hakl\u0131 davas\u0131n\u0131 ve yeni siyasetini muhataplar\u0131na aktard\u0131\u011f\u0131n\u0131 ifade eden <a href=\"https:\/\/brtk.net\/\"\/><a href=\"https:\/\/brtk.net\/\"\/><a href=\"https:\/\/brtk.net\/\"\/><a href=\"https:\/\/brtk.net\/\"\/><a href=\"https:\/\/brtk.net\/\"\/><a href=\"https:\/\/brtk.net\/\">Tatar<\/a>, aylar \u00f6ncesinden planlanan ve organize edilen Londra ziyareti kapsam\u0131nda \u0130ngiliz parlamenterler, medya mensuplar\u0131 ile bir araya geldiklerini, K\u0131br\u0131s sorunu ve yeni siyaseti anlatt\u0131klar\u0131n\u0131 s\u00f6yledi.<\/p>\n<p><a href=\"https:\/\/brtk.net\/\"\/><a href=\"https:\/\/brtk.net\/\"\/><a href=\"https:\/\/brtk.net\/\"\/><a href=\"https:\/\/brtk.net\/\"\/><a href=\"https:\/\/brtk.net\/\"\/><a href=\"https:\/\/brtk.net\/\">Tatar<\/a>, \u0130ngiltere Parlamento heyetinin <a href=\"https:\/\/brtk.net\/\">KKTC<\/a>\u2019yi ziyaretinden sonra kendilerinin de \u0130ngiltere\u2019de Westminster\u2019de temaslarda bulunmak i\u00e7in davet \u00fczerine geldiklerini, burada gerekli mesajlar\u0131 verdiklerini ifade etti ve ziyaretleri ba\u015far\u0131l\u0131 olarak niteledi.<\/p>\n<p>\u00c7ok say\u0131da \u0130ngiliz parlamenterler ve medya mensuplar\u0131 ile g\u00f6r\u00fc\u015ft\u00fcklerini ifade eden <a href=\"https:\/\/brtk.net\/\"\/><a href=\"https:\/\/brtk.net\/\"\/><a href=\"https:\/\/brtk.net\/\"\/><a href=\"https:\/\/brtk.net\/\"\/><a href=\"https:\/\/brtk.net\/\"\/><a href=\"https:\/\/brtk.net\/\">Tatar<\/a>, K\u0131br\u0131s T\u00fcrk halk\u0131n\u0131n yeni siyasetini her platformda anlatma \u00e7abalar\u0131n\u0131n s\u00fcrece\u011fini s\u00f6yledi.<\/p>\n<p><a href=\"https:\/\/brtk.net\/\"\/><a href=\"https:\/\/brtk.net\/\"\/><a href=\"https:\/\/brtk.net\/\"\/><a href=\"https:\/\/brtk.net\/\"\/><a href=\"https:\/\/brtk.net\/\"\/><a href=\"https:\/\/brtk.net\/\">Tatar<\/a>, Cumhurba\u015fkan\u0131 olarak \u0130ngiltere Parlamentosu\u2019nda da milletvekilleri ve lordlar ile de bir araya gelece\u011fini kaydetti.<\/p>\n<p>Bu temaslar\u0131n ve randevular\u0131n aylar \u00f6ncesinden planland\u0131\u011f\u0131n\u0131 da vurgulayan <a href=\"https:\/\/brtk.net\/\"\/><a href=\"https:\/\/brtk.net\/\"\/><a href=\"https:\/\/brtk.net\/\"\/><a href=\"https:\/\/brtk.net\/\"\/><a href=\"https:\/\/brtk.net\/\"\/><a href=\"https:\/\/brtk.net\/\">Tatar<\/a>, di\u011fer devlet ba\u015fkanlar\u0131 gibi \u00fclkesinin ve halk\u0131n\u0131n her platformda yer almas\u0131, sesinin duyurulmas\u0131 ve haklar\u0131n\u0131n korunmas\u0131 i\u00e7in \u00e7al\u0131\u015fmaya kararl\u0131l\u0131kla devam edeceklerini vurgulad\u0131.<\/p>\n<p>TAK<\/p>\n<\/p><\/div>\n<p><script async\n                    defer\n                    crossorigin=\"anonymous\"\n                    src=\"https:\/\/connect.facebook.net\/tr_TR\/sdk.js#xfbml=1&#038;version=v3.3\"\n            ><\/script><\/p>\n","protected":false},"excerpt":{"rendered":"<p>Cumhurba\u015fkan\u0131 Ersin Tatar, K\u0131br\u0131s T\u00fcrk halk\u0131n\u0131n hakl\u0131l\u0131\u011f\u0131n\u0131 ve yeni siyasetini, her platformda kararl\u0131l\u0131kla savunmaya devam edece\u011fini vurgulad\u0131. Tatar, aylar \u00f6nce yap\u0131lan \u00e7al\u0131\u015fmalarla planlanan Londra ziyareti kapsam\u0131nda \u00e7ok \u00f6nemli ve olumlu temaslarda bulundu\u011funu kaydetti. Ankara\u2019da, T\u00fcrk Devletleri Te\u015fkilat\u0131 toplant\u0131lar\u0131na kat\u0131ld\u0131\u011f\u0131 gibi yurtd\u0131\u015f\u0131 temaslara \u00f6nem verdi\u011fini, K\u0131br\u0131s T\u00fcrk halk\u0131n\u0131n hakl\u0131 davas\u0131n\u0131 ve yeni siyasetini muhataplar\u0131na aktard\u0131\u011f\u0131n\u0131 ifade<\/p>\n","protected":false},"author":1,"featured_media":3076,"comment_status":"open","ping_status":"open","sticky":false,"template":"","format":"standard","meta":{"footnotes":""},"categories":[1],"tags":[],"class_list":["post-4140","post","type-post","status-publish","format-standard","has-post-thumbnail","hentry","category-gundem"],"yoast_head":"<!-- This site is optimized with the Yoast SEO plugin v27.4 - https:\/\/yoast.com\/product\/yoast-seo-wordpress\/ -->\n<title>Cumhurba\u015fkan\u0131 Tatar:K\u0131br\u0131s T\u00fcrk halk\u0131n\u0131n hakl\u0131l\u0131\u011f\u0131n\u0131 her platformda kararl\u0131l\u0131kla savunmaya devam edece\u011fim -<\/title>\n<meta name=\"robots\" content=\"index, follow, max-snippet:-1, max-image-preview:large, max-video-preview:-1\" \/>\n<link rel=\"canonical\" href=\"https:\/\/kibrisdakik.com\/?p=4140\" \/>\n<meta property=\"og:locale\" content=\"tr_TR\" \/>\n<meta property=\"og:type\" content=\"article\" \/>\n<meta property=\"og:title\" content=\"Cumhurba\u015fkan\u0131 Tatar:K\u0131br\u0131s T\u00fcrk halk\u0131n\u0131n hakl\u0131l\u0131\u011f\u0131n\u0131 her platformda kararl\u0131l\u0131kla savunmaya devam edece\u011fim -\" \/>\n<meta property=\"og:description\" content=\"Cumhurba\u015fkan\u0131 Ersin Tatar, K\u0131br\u0131s T\u00fcrk halk\u0131n\u0131n hakl\u0131l\u0131\u011f\u0131n\u0131 ve yeni siyasetini, her platformda kararl\u0131l\u0131kla savunmaya devam edece\u011fini vurgulad\u0131. Tatar, aylar \u00f6nce yap\u0131lan \u00e7al\u0131\u015fmalarla planlanan Londra ziyareti kapsam\u0131nda \u00e7ok \u00f6nemli ve olumlu temaslarda bulundu\u011funu kaydetti. Ankara\u2019da, T\u00fcrk Devletleri Te\u015fkilat\u0131 toplant\u0131lar\u0131na kat\u0131ld\u0131\u011f\u0131 gibi yurtd\u0131\u015f\u0131 temaslara \u00f6nem verdi\u011fini, K\u0131br\u0131s T\u00fcrk halk\u0131n\u0131n hakl\u0131 davas\u0131n\u0131 ve yeni siyasetini muhataplar\u0131na aktard\u0131\u011f\u0131n\u0131 ifade\" \/>\n<meta property=\"og:url\" content=\"https:\/\/kibrisdakik.com\/?p=4140\" \/>\n<meta property=\"article:published_time\" content=\"2023-03-29T05:03:59+00:00\" \/>\n<meta property=\"og:image\" content=\"https:\/\/kibrisdakik.com\/wp-content\/uploads\/2023\/03\/tatar42-740x400.jpg\" \/>\n\t<meta property=\"og:image:width\" content=\"805\" \/>\n\t<meta property=\"og:image:height\" content=\"400\" \/>\n\t<meta property=\"og:image:type\" content=\"image\/jpeg\" \/>\n<meta name=\"author\" content=\"admin\" \/>\n<meta name=\"twitter:card\" content=\"summary_large_image\" \/>\n<meta name=\"twitter:label1\" content=\"Yazan:\" \/>\n\t<meta name=\"twitter:data1\" content=\"admin\" \/>\n\t<meta name=\"twitter:label2\" content=\"Tahmini okuma s\u00fcresi\" \/>\n\t<meta name=\"twitter:data2\" content=\"1 dakika\" \/>\n<script type=\"application\/ld+json\" class=\"yoast-schema-graph\">{\"@context\":\"https:\\\/\\\/schema.org\",\"@graph\":[{\"@type\":\"Article\",\"@id\":\"https:\\\/\\\/kibrisdakik.com\\\/?p=4140#article\",\"isPartOf\":{\"@id\":\"https:\\\/\\\/kibrisdakik.com\\\/?p=4140\"},\"author\":{\"name\":\"admin\",\"@id\":\"https:\\\/\\\/kibrisdakik.com\\\/#\\\/schema\\\/person\\\/9cd9d437bbb44f72b73ba127e06d8e79\"},\"headline\":\"Cumhurba\u015fkan\u0131 Tatar:K\u0131br\u0131s T\u00fcrk halk\u0131n\u0131n hakl\u0131l\u0131\u011f\u0131n\u0131 her platformda kararl\u0131l\u0131kla savunmaya devam edece\u011fim\",\"datePublished\":\"2023-03-29T05:03:59+00:00\",\"mainEntityOfPage\":{\"@id\":\"https:\\\/\\\/kibrisdakik.com\\\/?p=4140\"},\"wordCount\":275,\"commentCount\":0,\"image\":{\"@id\":\"https:\\\/\\\/kibrisdakik.com\\\/?p=4140#primaryimage\"},\"thumbnailUrl\":\"https:\\\/\\\/kibrisdakik.com\\\/wp-content\\\/uploads\\\/2023\\\/03\\\/tatar42-740x400.jpg\",\"articleSection\":[\"G\u00fcndem\"],\"inLanguage\":\"tr\",\"potentialAction\":[{\"@type\":\"CommentAction\",\"name\":\"Comment\",\"target\":[\"https:\\\/\\\/kibrisdakik.com\\\/?p=4140#respond\"]}]},{\"@type\":\"WebPage\",\"@id\":\"https:\\\/\\\/kibrisdakik.com\\\/?p=4140\",\"url\":\"https:\\\/\\\/kibrisdakik.com\\\/?p=4140\",\"name\":\"Cumhurba\u015fkan\u0131 Tatar:K\u0131br\u0131s T\u00fcrk halk\u0131n\u0131n hakl\u0131l\u0131\u011f\u0131n\u0131 her platformda kararl\u0131l\u0131kla savunmaya devam edece\u011fim -\",\"isPartOf\":{\"@id\":\"https:\\\/\\\/kibrisdakik.com\\\/#website\"},\"primaryImageOfPage\":{\"@id\":\"https:\\\/\\\/kibrisdakik.com\\\/?p=4140#primaryimage\"},\"image\":{\"@id\":\"https:\\\/\\\/kibrisdakik.com\\\/?p=4140#primaryimage\"},\"thumbnailUrl\":\"https:\\\/\\\/kibrisdakik.com\\\/wp-content\\\/uploads\\\/2023\\\/03\\\/tatar42-740x400.jpg\",\"datePublished\":\"2023-03-29T05:03:59+00:00\",\"author\":{\"@id\":\"https:\\\/\\\/kibrisdakik.com\\\/#\\\/schema\\\/person\\\/9cd9d437bbb44f72b73ba127e06d8e79\"},\"breadcrumb\":{\"@id\":\"https:\\\/\\\/kibrisdakik.com\\\/?p=4140#breadcrumb\"},\"inLanguage\":\"tr\",\"potentialAction\":[{\"@type\":\"ReadAction\",\"target\":[\"https:\\\/\\\/kibrisdakik.com\\\/?p=4140\"]}]},{\"@type\":\"ImageObject\",\"inLanguage\":\"tr\",\"@id\":\"https:\\\/\\\/kibrisdakik.com\\\/?p=4140#primaryimage\",\"url\":\"https:\\\/\\\/kibrisdakik.com\\\/wp-content\\\/uploads\\\/2023\\\/03\\\/tatar42-740x400.jpg\",\"contentUrl\":\"https:\\\/\\\/kibrisdakik.com\\\/wp-content\\\/uploads\\\/2023\\\/03\\\/tatar42-740x400.jpg\",\"width\":805,\"height\":400},{\"@type\":\"BreadcrumbList\",\"@id\":\"https:\\\/\\\/kibrisdakik.com\\\/?p=4140#breadcrumb\",\"itemListElement\":[{\"@type\":\"ListItem\",\"position\":1,\"name\":\"Home\",\"item\":\"https:\\\/\\\/kibrisdakik.com\\\/\"},{\"@type\":\"ListItem\",\"position\":2,\"name\":\"Cumhurba\u015fkan\u0131 Tatar:K\u0131br\u0131s T\u00fcrk halk\u0131n\u0131n hakl\u0131l\u0131\u011f\u0131n\u0131 her platformda kararl\u0131l\u0131kla savunmaya devam edece\u011fim\"}]},{\"@type\":\"WebSite\",\"@id\":\"https:\\\/\\\/kibrisdakik.com\\\/#website\",\"url\":\"https:\\\/\\\/kibrisdakik.com\\\/\",\"name\":\"\",\"description\":\"Tam vaktinde haber\",\"potentialAction\":[{\"@type\":\"SearchAction\",\"target\":{\"@type\":\"EntryPoint\",\"urlTemplate\":\"https:\\\/\\\/kibrisdakik.com\\\/?s={search_term_string}\"},\"query-input\":{\"@type\":\"PropertyValueSpecification\",\"valueRequired\":true,\"valueName\":\"search_term_string\"}}],\"inLanguage\":\"tr\"},{\"@type\":\"Person\",\"@id\":\"https:\\\/\\\/kibrisdakik.com\\\/#\\\/schema\\\/person\\\/9cd9d437bbb44f72b73ba127e06d8e79\",\"name\":\"admin\",\"image\":{\"@type\":\"ImageObject\",\"inLanguage\":\"tr\",\"@id\":\"https:\\\/\\\/secure.gravatar.com\\\/avatar\\\/ccc17943b9d660506c869530f897617f7cb1c21a4bf30023f252596d83e1f007?s=96&d=mm&r=g\",\"url\":\"https:\\\/\\\/secure.gravatar.com\\\/avatar\\\/ccc17943b9d660506c869530f897617f7cb1c21a4bf30023f252596d83e1f007?s=96&d=mm&r=g\",\"contentUrl\":\"https:\\\/\\\/secure.gravatar.com\\\/avatar\\\/ccc17943b9d660506c869530f897617f7cb1c21a4bf30023f252596d83e1f007?s=96&d=mm&r=g\",\"caption\":\"admin\"},\"sameAs\":[\"https:\\\/\\\/kibrisdakik.com\"],\"url\":\"https:\\\/\\\/kibrisdakik.com\\\/?author=1\"}]}<\/script>\n<!-- \/ Yoast SEO plugin. -->","yoast_head_json":{"title":"Cumhurba\u015fkan\u0131 Tatar:K\u0131br\u0131s T\u00fcrk halk\u0131n\u0131n hakl\u0131l\u0131\u011f\u0131n\u0131 her platformda kararl\u0131l\u0131kla savunmaya devam edece\u011fim -","robots":{"index":"index","follow":"follow","max-snippet":"max-snippet:-1","max-image-preview":"max-image-preview:large","max-video-preview":"max-video-preview:-1"},"canonical":"https:\/\/kibrisdakik.com\/?p=4140","og_locale":"tr_TR","og_type":"article","og_title":"Cumhurba\u015fkan\u0131 Tatar:K\u0131br\u0131s T\u00fcrk halk\u0131n\u0131n hakl\u0131l\u0131\u011f\u0131n\u0131 her platformda kararl\u0131l\u0131kla savunmaya devam edece\u011fim -","og_description":"Cumhurba\u015fkan\u0131 Ersin Tatar, K\u0131br\u0131s T\u00fcrk halk\u0131n\u0131n hakl\u0131l\u0131\u011f\u0131n\u0131 ve yeni siyasetini, her platformda kararl\u0131l\u0131kla savunmaya devam edece\u011fini vurgulad\u0131. Tatar, aylar \u00f6nce yap\u0131lan \u00e7al\u0131\u015fmalarla planlanan Londra ziyareti kapsam\u0131nda \u00e7ok \u00f6nemli ve olumlu temaslarda bulundu\u011funu kaydetti. Ankara\u2019da, T\u00fcrk Devletleri Te\u015fkilat\u0131 toplant\u0131lar\u0131na kat\u0131ld\u0131\u011f\u0131 gibi yurtd\u0131\u015f\u0131 temaslara \u00f6nem verdi\u011fini, K\u0131br\u0131s T\u00fcrk halk\u0131n\u0131n hakl\u0131 davas\u0131n\u0131 ve yeni siyasetini muhataplar\u0131na aktard\u0131\u011f\u0131n\u0131 ifade","og_url":"https:\/\/kibrisdakik.com\/?p=4140","article_published_time":"2023-03-29T05:03:59+00:00","og_image":[{"width":805,"height":400,"url":"https:\/\/kibrisdakik.com\/wp-content\/uploads\/2023\/03\/tatar42-740x400.jpg","type":"image\/jpeg"}],"author":"admin","twitter_card":"summary_large_image","twitter_misc":{"Yazan:":"admin","Tahmini okuma s\u00fcresi":"1 dakika"},"schema":{"@context":"https:\/\/schema.org","@graph":[{"@type":"Article","@id":"https:\/\/kibrisdakik.com\/?p=4140#article","isPartOf":{"@id":"https:\/\/kibrisdakik.com\/?p=4140"},"author":{"name":"admin","@id":"https:\/\/kibrisdakik.com\/#\/schema\/person\/9cd9d437bbb44f72b73ba127e06d8e79"},"headline":"Cumhurba\u015fkan\u0131 Tatar:K\u0131br\u0131s T\u00fcrk halk\u0131n\u0131n hakl\u0131l\u0131\u011f\u0131n\u0131 her platformda kararl\u0131l\u0131kla savunmaya devam edece\u011fim","datePublished":"2023-03-29T05:03:59+00:00","mainEntityOfPage":{"@id":"https:\/\/kibrisdakik.com\/?p=4140"},"wordCount":275,"commentCount":0,"image":{"@id":"https:\/\/kibrisdakik.com\/?p=4140#primaryimage"},"thumbnailUrl":"https:\/\/kibrisdakik.com\/wp-content\/uploads\/2023\/03\/tatar42-740x400.jpg","articleSection":["G\u00fcndem"],"inLanguage":"tr","potentialAction":[{"@type":"CommentAction","name":"Comment","target":["https:\/\/kibrisdakik.com\/?p=4140#respond"]}]},{"@type":"WebPage","@id":"https:\/\/kibrisdakik.com\/?p=4140","url":"https:\/\/kibrisdakik.com\/?p=4140","name":"Cumhurba\u015fkan\u0131 Tatar:K\u0131br\u0131s T\u00fcrk halk\u0131n\u0131n hakl\u0131l\u0131\u011f\u0131n\u0131 her platformda kararl\u0131l\u0131kla savunmaya devam edece\u011fim -","isPartOf":{"@id":"https:\/\/kibrisdakik.com\/#website"},"primaryImageOfPage":{"@id":"https:\/\/kibrisdakik.com\/?p=4140#primaryimage"},"image":{"@id":"https:\/\/kibrisdakik.com\/?p=4140#primaryimage"},"thumbnailUrl":"https:\/\/kibrisdakik.com\/wp-content\/uploads\/2023\/03\/tatar42-740x400.jpg","datePublished":"2023-03-29T05:03:59+00:00","author":{"@id":"https:\/\/kibrisdakik.com\/#\/schema\/person\/9cd9d437bbb44f72b73ba127e06d8e79"},"breadcrumb":{"@id":"https:\/\/kibrisdakik.com\/?p=4140#breadcrumb"},"inLanguage":"tr","potentialAction":[{"@type":"ReadAction","target":["https:\/\/kibrisdakik.com\/?p=4140"]}]},{"@type":"ImageObject","inLanguage":"tr","@id":"https:\/\/kibrisdakik.com\/?p=4140#primaryimage","url":"https:\/\/kibrisdakik.com\/wp-content\/uploads\/2023\/03\/tatar42-740x400.jpg","contentUrl":"https:\/\/kibrisdakik.com\/wp-content\/uploads\/2023\/03\/tatar42-740x400.jpg","width":805,"height":400},{"@type":"BreadcrumbList","@id":"https:\/\/kibrisdakik.com\/?p=4140#breadcrumb","itemListElement":[{"@type":"ListItem","position":1,"name":"Home","item":"https:\/\/kibrisdakik.com\/"},{"@type":"ListItem","position":2,"name":"Cumhurba\u015fkan\u0131 Tatar:K\u0131br\u0131s T\u00fcrk halk\u0131n\u0131n hakl\u0131l\u0131\u011f\u0131n\u0131 her platformda kararl\u0131l\u0131kla savunmaya devam edece\u011fim"}]},{"@type":"WebSite","@id":"https:\/\/kibrisdakik.com\/#website","url":"https:\/\/kibrisdakik.com\/","name":"","description":"Tam vaktinde haber","potentialAction":[{"@type":"SearchAction","target":{"@type":"EntryPoint","urlTemplate":"https:\/\/kibrisdakik.com\/?s={search_term_string}"},"query-input":{"@type":"PropertyValueSpecification","valueRequired":true,"valueName":"search_term_string"}}],"inLanguage":"tr"},{"@type":"Person","@id":"https:\/\/kibrisdakik.com\/#\/schema\/person\/9cd9d437bbb44f72b73ba127e06d8e79","name":"admin","image":{"@type":"ImageObject","inLanguage":"tr","@id":"https:\/\/secure.gravatar.com\/avatar\/ccc17943b9d660506c869530f897617f7cb1c21a4bf30023f252596d83e1f007?s=96&d=mm&r=g","url":"https:\/\/secure.gravatar.com\/avatar\/ccc17943b9d660506c869530f897617f7cb1c21a4bf30023f252596d83e1f007?s=96&d=mm&r=g","contentUrl":"https:\/\/secure.gravatar.com\/avatar\/ccc17943b9d660506c869530f897617f7cb1c21a4bf30023f252596d83e1f007?s=96&d=mm&r=g","caption":"admin"},"sameAs":["https:\/\/kibrisdakik.com"],"url":"https:\/\/kibrisdakik.com\/?author=1"}]}},"_links":{"self":[{"href":"https:\/\/kibrisdakik.com\/index.php?rest_route=\/wp\/v2\/posts\/4140","targetHints":{"allow":["GET"]}}],"collection":[{"href":"https:\/\/kibrisdakik.com\/index.php?rest_route=\/wp\/v2\/posts"}],"about":[{"href":"https:\/\/kibrisdakik.com\/index.php?rest_route=\/wp\/v2\/types\/post"}],"author":[{"embeddable":true,"href":"https:\/\/kibrisdakik.com\/index.php?rest_route=\/wp\/v2\/users\/1"}],"replies":[{"embeddable":true,"href":"https:\/\/kibrisdakik.com\/index.php?rest_route=%2Fwp%2Fv2%2Fcomments&post=4140"}],"version-history":[{"count":0,"href":"https:\/\/kibrisdakik.com\/index.php?rest_route=\/wp\/v2\/posts\/4140\/revisions"}],"wp:featuredmedia":[{"embeddable":true,"href":"https:\/\/kibrisdakik.com\/index.php?rest_route=\/wp\/v2\/media\/3076"}],"wp:attachment":[{"href":"https:\/\/kibrisdakik.com\/index.php?rest_route=%2Fwp%2Fv2%2Fmedia&parent=4140"}],"wp:term":[{"taxonomy":"category","embeddable":true,"href":"https:\/\/kibrisdakik.com\/index.php?rest_route=%2Fwp%2Fv2%2Fcategories&post=4140"},{"taxonomy":"post_tag","embeddable":true,"href":"https:\/\/kibrisdakik.com\/index.php?rest_route=%2Fwp%2Fv2%2Ftags&post=4140"}],"curies":[{"name":"wp","href":"https:\/\/api.w.org\/{rel}","templated":true}]}}