{"id":41446,"date":"2024-05-13T10:19:36","date_gmt":"2024-05-13T10:19:36","guid":{"rendered":"https:\/\/kibrisdakik.com\/index.php\/2024\/05\/13\/esitlik-temelinde-bir-anlasmaya-variz\/"},"modified":"2024-05-13T10:19:36","modified_gmt":"2024-05-13T10:19:36","slug":"esitlik-temelinde-bir-anlasmaya-variz","status":"publish","type":"post","link":"https:\/\/kibrisdakik.com\/?p=41446","title":{"rendered":"&quot;E\u015fitlik temelinde bir anla\u015fmaya var\u0131z\u201d"},"content":{"rendered":"<p><img decoding=\"async\" src=\"https:\/\/www.kibristurk.com\/images\/haberler\/2024\/05\/esitlik-temelinde-bir-anlasmaya-variz-1715594138.webp\" \/><\/p>\n<p><span style=\"font-size:12pt\"><span style=\"font-family:Calibri,sans-serif\">12 May\u0131s D\u00fcnya Hem\u015fireler G\u00fcn\u00fc nedeniyle d\u00fczenlenen etkinlikte konu\u015fan Cumhurba\u015fkan\u0131 Tatar, \u201cE\u015fitlik temelinde bir anla\u015fmaya var\u0131z.&#8221; ifadesini kulland\u0131.<\/span><\/span><\/p>\n<p>&nbsp;<\/p>\n<p><span style=\"font-size:12pt\"><span style=\"font-family:Calibri,sans-serif\">K\u0131br\u0131s T\u00fcrk Hem\u015fireler ve Ebeler Sendikas\u0131\u2019n\u0131n uluslararas\u0131 bir platformda K\u0131br\u0131s T\u00fcrk halk\u0131n\u0131 temsil etmesinden gurur duydu\u011funu ifade eden Cumhurba\u015fkan\u0131 Tatar, sivil toplum \u00f6rg\u00fctlerinin de K\u0131br\u0131s T\u00fcrk halk\u0131n\u0131n m\u00fccadelesine \u00f6nemli katk\u0131 sa\u011flad\u0131\u011f\u0131n\u0131 vurgulad\u0131.<\/span><\/span><\/p>\n<p>&nbsp;<\/p>\n<p><span style=\"font-size:12pt\"><span style=\"font-family:Calibri,sans-serif\">Tatar, \u201cBiz K\u0131br\u0131s\u2019ta iki halk\u0131n e\u015fitiyiz. Rumlar\u0131n bizden daha fazla bir \u015fey yok. Onlar ne kadar egemense biz de o kadar egemeniz. E\u015fitlik temelinde bir anla\u015fmaya var\u0131z\u201d dedi.<\/span><\/span><\/p>\n<p>&nbsp;<\/p>\n<p><span style=\"font-size:12pt\"><span style=\"font-family:Calibri,sans-serif\">-&#8220;\u00dclkeye sahip \u00e7\u0131kmak i\u00e7in hep birlikte \u00e7al\u0131\u015f\u0131yoruz&#8221;<\/span><\/span><\/p>\n<p>&nbsp;<\/p>\n<p>&nbsp;<\/p>\n<p>&nbsp;<\/p>\n<p><span style=\"font-size:12pt\"><span style=\"font-family:Calibri,sans-serif\">Hem\u015firelerin y\u00fcre\u011finde insan ve \u00fclke sevgisiyle g\u00f6rev yapt\u0131\u011f\u0131n\u0131 da kaydeden Tatar, \u201cBunu en iyi bilenlerden biri de benim\u201d dedi.<\/span><\/span><\/p>\n<p>&nbsp;<\/p>\n<p><span style=\"font-size:12pt\"><span style=\"font-family:Calibri,sans-serif\">Tatar, hem\u015firelerin \u00e7al\u0131\u015fma ko\u015fullar\u0131n\u0131n iyile\u015ftirilmesi, bilimsel geli\u015fmeler \u0131\u015f\u0131\u011f\u0131nda onlara sunulan imkanlar\u0131n geli\u015ftirilmesi i\u00e7in Sa\u011fl\u0131k Bakan\u0131\u2019n\u0131n, Ba\u015fbakan\u2019\u0131n, Maliye Bakan\u0131\u2019n\u0131n b\u00fct\u00e7e imkanlar\u0131n\u0131 da zorlayarak \u00e7al\u0131\u015fmalar\u0131n\u0131 s\u00fcrd\u00fcrd\u00fc\u011f\u00fcn\u00fc ifade ederek, \u00fclkeye sahip \u00e7\u0131kmak i\u00e7in hep birlikte \u00e7al\u0131\u015f\u0131ld\u0131\u011f\u0131n\u0131 vurgulad\u0131<\/span><\/span><\/p>\n<p>&nbsp;<\/p>\n<p><span style=\"font-size:12pt\"><span style=\"font-family:Calibri,sans-serif\">K\u0131br\u0131s T\u00fcrk Hem\u015fireler ve Ebeler Sendikas\u0131 Ba\u015fkan\u0131 \u0130brahim \u00d6zg\u00f6\u00e7men&#8217;in serzeni\u015fte bulundu\u011fu konu\u015fmas\u0131na da i\u015faret eden Tatar, bunu ho\u015fg\u00f6r\u00fcyle kar\u015f\u0131lad\u0131\u011f\u0131n\u0131&nbsp; ifade ederek Maliye Bakan\u0131 oldu\u011fu d\u00f6nemde benzer a\u00e7\u0131klamalar\u0131 O\u011fuz K\u00f6se&#8217;den dinledi\u011fini ifade etti.<\/span><\/span><\/p>\n<p>&nbsp;<\/p>\n<p>&nbsp;<\/p>\n<p>&nbsp;<\/p>\n<p><span style=\"font-size:12pt\"><span style=\"font-family:Calibri,sans-serif\">Tatar, konu\u015fmas\u0131nda 6 \u015eubat depreminde hayat\u0131n\u0131 kaybeden hem\u015fire Bedriye Fidan Yeni\u00e7eri\u2019ye, \u015eampiyon Meleklere ve yak\u0131n zamanda hayat\u0131n\u0131 kaybeden mesle\u011fin \u00f6nc\u00fc isimlerinden Firdevs \u0130slamo\u011flu\u2019na rahmet diledi.<\/span><\/span><\/p>\n","protected":false},"excerpt":{"rendered":"<p>12 May\u0131s D\u00fcnya Hem\u015fireler G\u00fcn\u00fc nedeniyle d\u00fczenlenen etkinlikte konu\u015fan Cumhurba\u015fkan\u0131 Tatar, \u201cE\u015fitlik temelinde bir anla\u015fmaya var\u0131z.&#8221; ifadesini kulland\u0131. &nbsp; K\u0131br\u0131s T\u00fcrk Hem\u015fireler ve Ebeler Sendikas\u0131\u2019n\u0131n uluslararas\u0131 bir platformda K\u0131br\u0131s T\u00fcrk halk\u0131n\u0131 temsil etmesinden gurur duydu\u011funu ifade eden Cumhurba\u015fkan\u0131 Tatar, sivil toplum \u00f6rg\u00fctlerinin de K\u0131br\u0131s T\u00fcrk halk\u0131n\u0131n m\u00fccadelesine \u00f6nemli katk\u0131 sa\u011flad\u0131\u011f\u0131n\u0131 vurgulad\u0131. &nbsp; Tatar, \u201cBiz K\u0131br\u0131s\u2019ta<\/p>\n","protected":false},"author":1,"featured_media":41447,"comment_status":"open","ping_status":"open","sticky":false,"template":"","format":"standard","meta":{"footnotes":""},"categories":[85],"tags":[],"class_list":["post-41446","post","type-post","status-publish","format-standard","has-post-thumbnail","hentry","category-spor"],"yoast_head":"<!-- This site is optimized with the Yoast SEO plugin v27.5 - https:\/\/yoast.com\/product\/yoast-seo-wordpress\/ -->\n<title>&quot;E\u015fitlik temelinde bir anla\u015fmaya var\u0131z\u201d -<\/title>\n<meta name=\"robots\" content=\"index, follow, max-snippet:-1, max-image-preview:large, max-video-preview:-1\" \/>\n<link rel=\"canonical\" href=\"https:\/\/kibrisdakik.com\/?p=41446\" \/>\n<meta property=\"og:locale\" content=\"tr_TR\" \/>\n<meta property=\"og:type\" content=\"article\" \/>\n<meta property=\"og:title\" content=\"&quot;E\u015fitlik temelinde bir anla\u015fmaya var\u0131z\u201d -\" \/>\n<meta property=\"og:description\" content=\"12 May\u0131s D\u00fcnya Hem\u015fireler G\u00fcn\u00fc nedeniyle d\u00fczenlenen etkinlikte konu\u015fan Cumhurba\u015fkan\u0131 Tatar, \u201cE\u015fitlik temelinde bir anla\u015fmaya var\u0131z.&#8221; ifadesini kulland\u0131. &nbsp; K\u0131br\u0131s T\u00fcrk Hem\u015fireler ve Ebeler Sendikas\u0131\u2019n\u0131n uluslararas\u0131 bir platformda K\u0131br\u0131s T\u00fcrk halk\u0131n\u0131 temsil etmesinden gurur duydu\u011funu ifade eden Cumhurba\u015fkan\u0131 Tatar, sivil toplum \u00f6rg\u00fctlerinin de K\u0131br\u0131s T\u00fcrk halk\u0131n\u0131n m\u00fccadelesine \u00f6nemli katk\u0131 sa\u011flad\u0131\u011f\u0131n\u0131 vurgulad\u0131. &nbsp; Tatar, \u201cBiz K\u0131br\u0131s\u2019ta\" \/>\n<meta property=\"og:url\" content=\"https:\/\/kibrisdakik.com\/?p=41446\" \/>\n<meta property=\"article:published_time\" content=\"2024-05-13T10:19:36+00:00\" \/>\n<meta property=\"og:image\" content=\"https:\/\/kibrisdakik.com\/wp-content\/uploads\/2024\/05\/esitlik-temelinde-bir-anlasmaya-variz-1715594138.webp.webp\" \/>\n\t<meta property=\"og:image:width\" content=\"710\" \/>\n\t<meta property=\"og:image:height\" content=\"370\" \/>\n\t<meta property=\"og:image:type\" content=\"image\/webp\" \/>\n<meta name=\"author\" content=\"admin\" \/>\n<meta name=\"twitter:card\" content=\"summary_large_image\" \/>\n<meta name=\"twitter:label1\" content=\"Yazan:\" \/>\n\t<meta name=\"twitter:data1\" content=\"admin\" \/>\n\t<meta name=\"twitter:label2\" content=\"Tahmini okuma s\u00fcresi\" \/>\n\t<meta name=\"twitter:data2\" content=\"2 dakika\" \/>\n<script type=\"application\/ld+json\" class=\"yoast-schema-graph\">{\"@context\":\"https:\\\/\\\/schema.org\",\"@graph\":[{\"@type\":\"Article\",\"@id\":\"https:\\\/\\\/kibrisdakik.com\\\/?p=41446#article\",\"isPartOf\":{\"@id\":\"https:\\\/\\\/kibrisdakik.com\\\/?p=41446\"},\"author\":{\"name\":\"admin\",\"@id\":\"https:\\\/\\\/kibrisdakik.com\\\/#\\\/schema\\\/person\\\/9cd9d437bbb44f72b73ba127e06d8e79\"},\"headline\":\"&quot;E\u015fitlik temelinde bir anla\u015fmaya var\u0131z\u201d\",\"datePublished\":\"2024-05-13T10:19:36+00:00\",\"mainEntityOfPage\":{\"@id\":\"https:\\\/\\\/kibrisdakik.com\\\/?p=41446\"},\"wordCount\":324,\"commentCount\":0,\"image\":{\"@id\":\"https:\\\/\\\/kibrisdakik.com\\\/?p=41446#primaryimage\"},\"thumbnailUrl\":\"https:\\\/\\\/kibrisdakik.com\\\/wp-content\\\/uploads\\\/2024\\\/05\\\/esitlik-temelinde-bir-anlasmaya-variz-1715594138.webp.webp\",\"articleSection\":[\"Spor\"],\"inLanguage\":\"tr\",\"potentialAction\":[{\"@type\":\"CommentAction\",\"name\":\"Comment\",\"target\":[\"https:\\\/\\\/kibrisdakik.com\\\/?p=41446#respond\"]}]},{\"@type\":\"WebPage\",\"@id\":\"https:\\\/\\\/kibrisdakik.com\\\/?p=41446\",\"url\":\"https:\\\/\\\/kibrisdakik.com\\\/?p=41446\",\"name\":\"&quot;E\u015fitlik temelinde bir anla\u015fmaya var\u0131z\u201d -\",\"isPartOf\":{\"@id\":\"https:\\\/\\\/kibrisdakik.com\\\/#website\"},\"primaryImageOfPage\":{\"@id\":\"https:\\\/\\\/kibrisdakik.com\\\/?p=41446#primaryimage\"},\"image\":{\"@id\":\"https:\\\/\\\/kibrisdakik.com\\\/?p=41446#primaryimage\"},\"thumbnailUrl\":\"https:\\\/\\\/kibrisdakik.com\\\/wp-content\\\/uploads\\\/2024\\\/05\\\/esitlik-temelinde-bir-anlasmaya-variz-1715594138.webp.webp\",\"datePublished\":\"2024-05-13T10:19:36+00:00\",\"author\":{\"@id\":\"https:\\\/\\\/kibrisdakik.com\\\/#\\\/schema\\\/person\\\/9cd9d437bbb44f72b73ba127e06d8e79\"},\"breadcrumb\":{\"@id\":\"https:\\\/\\\/kibrisdakik.com\\\/?p=41446#breadcrumb\"},\"inLanguage\":\"tr\",\"potentialAction\":[{\"@type\":\"ReadAction\",\"target\":[\"https:\\\/\\\/kibrisdakik.com\\\/?p=41446\"]}]},{\"@type\":\"ImageObject\",\"inLanguage\":\"tr\",\"@id\":\"https:\\\/\\\/kibrisdakik.com\\\/?p=41446#primaryimage\",\"url\":\"https:\\\/\\\/kibrisdakik.com\\\/wp-content\\\/uploads\\\/2024\\\/05\\\/esitlik-temelinde-bir-anlasmaya-variz-1715594138.webp.webp\",\"contentUrl\":\"https:\\\/\\\/kibrisdakik.com\\\/wp-content\\\/uploads\\\/2024\\\/05\\\/esitlik-temelinde-bir-anlasmaya-variz-1715594138.webp.webp\",\"width\":710,\"height\":370},{\"@type\":\"BreadcrumbList\",\"@id\":\"https:\\\/\\\/kibrisdakik.com\\\/?p=41446#breadcrumb\",\"itemListElement\":[{\"@type\":\"ListItem\",\"position\":1,\"name\":\"Home\",\"item\":\"https:\\\/\\\/kibrisdakik.com\\\/\"},{\"@type\":\"ListItem\",\"position\":2,\"name\":\"&quot;E\u015fitlik temelinde bir anla\u015fmaya var\u0131z\u201d\"}]},{\"@type\":\"WebSite\",\"@id\":\"https:\\\/\\\/kibrisdakik.com\\\/#website\",\"url\":\"https:\\\/\\\/kibrisdakik.com\\\/\",\"name\":\"\",\"description\":\"Tam vaktinde haber\",\"potentialAction\":[{\"@type\":\"SearchAction\",\"target\":{\"@type\":\"EntryPoint\",\"urlTemplate\":\"https:\\\/\\\/kibrisdakik.com\\\/?s={search_term_string}\"},\"query-input\":{\"@type\":\"PropertyValueSpecification\",\"valueRequired\":true,\"valueName\":\"search_term_string\"}}],\"inLanguage\":\"tr\"},{\"@type\":\"Person\",\"@id\":\"https:\\\/\\\/kibrisdakik.com\\\/#\\\/schema\\\/person\\\/9cd9d437bbb44f72b73ba127e06d8e79\",\"name\":\"admin\",\"image\":{\"@type\":\"ImageObject\",\"inLanguage\":\"tr\",\"@id\":\"https:\\\/\\\/secure.gravatar.com\\\/avatar\\\/ccc17943b9d660506c869530f897617f7cb1c21a4bf30023f252596d83e1f007?s=96&d=mm&r=g\",\"url\":\"https:\\\/\\\/secure.gravatar.com\\\/avatar\\\/ccc17943b9d660506c869530f897617f7cb1c21a4bf30023f252596d83e1f007?s=96&d=mm&r=g\",\"contentUrl\":\"https:\\\/\\\/secure.gravatar.com\\\/avatar\\\/ccc17943b9d660506c869530f897617f7cb1c21a4bf30023f252596d83e1f007?s=96&d=mm&r=g\",\"caption\":\"admin\"},\"sameAs\":[\"https:\\\/\\\/kibrisdakik.com\"],\"url\":\"https:\\\/\\\/kibrisdakik.com\\\/?author=1\"}]}<\/script>\n<!-- \/ Yoast SEO plugin. -->","yoast_head_json":{"title":"&quot;E\u015fitlik temelinde bir anla\u015fmaya var\u0131z\u201d -","robots":{"index":"index","follow":"follow","max-snippet":"max-snippet:-1","max-image-preview":"max-image-preview:large","max-video-preview":"max-video-preview:-1"},"canonical":"https:\/\/kibrisdakik.com\/?p=41446","og_locale":"tr_TR","og_type":"article","og_title":"&quot;E\u015fitlik temelinde bir anla\u015fmaya var\u0131z\u201d -","og_description":"12 May\u0131s D\u00fcnya Hem\u015fireler G\u00fcn\u00fc nedeniyle d\u00fczenlenen etkinlikte konu\u015fan Cumhurba\u015fkan\u0131 Tatar, \u201cE\u015fitlik temelinde bir anla\u015fmaya var\u0131z.&#8221; ifadesini kulland\u0131. &nbsp; K\u0131br\u0131s T\u00fcrk Hem\u015fireler ve Ebeler Sendikas\u0131\u2019n\u0131n uluslararas\u0131 bir platformda K\u0131br\u0131s T\u00fcrk halk\u0131n\u0131 temsil etmesinden gurur duydu\u011funu ifade eden Cumhurba\u015fkan\u0131 Tatar, sivil toplum \u00f6rg\u00fctlerinin de K\u0131br\u0131s T\u00fcrk halk\u0131n\u0131n m\u00fccadelesine \u00f6nemli katk\u0131 sa\u011flad\u0131\u011f\u0131n\u0131 vurgulad\u0131. &nbsp; Tatar, \u201cBiz K\u0131br\u0131s\u2019ta","og_url":"https:\/\/kibrisdakik.com\/?p=41446","article_published_time":"2024-05-13T10:19:36+00:00","og_image":[{"width":710,"height":370,"url":"https:\/\/kibrisdakik.com\/wp-content\/uploads\/2024\/05\/esitlik-temelinde-bir-anlasmaya-variz-1715594138.webp.webp","type":"image\/webp"}],"author":"admin","twitter_card":"summary_large_image","twitter_misc":{"Yazan:":"admin","Tahmini okuma s\u00fcresi":"2 dakika"},"schema":{"@context":"https:\/\/schema.org","@graph":[{"@type":"Article","@id":"https:\/\/kibrisdakik.com\/?p=41446#article","isPartOf":{"@id":"https:\/\/kibrisdakik.com\/?p=41446"},"author":{"name":"admin","@id":"https:\/\/kibrisdakik.com\/#\/schema\/person\/9cd9d437bbb44f72b73ba127e06d8e79"},"headline":"&quot;E\u015fitlik temelinde bir anla\u015fmaya var\u0131z\u201d","datePublished":"2024-05-13T10:19:36+00:00","mainEntityOfPage":{"@id":"https:\/\/kibrisdakik.com\/?p=41446"},"wordCount":324,"commentCount":0,"image":{"@id":"https:\/\/kibrisdakik.com\/?p=41446#primaryimage"},"thumbnailUrl":"https:\/\/kibrisdakik.com\/wp-content\/uploads\/2024\/05\/esitlik-temelinde-bir-anlasmaya-variz-1715594138.webp.webp","articleSection":["Spor"],"inLanguage":"tr","potentialAction":[{"@type":"CommentAction","name":"Comment","target":["https:\/\/kibrisdakik.com\/?p=41446#respond"]}]},{"@type":"WebPage","@id":"https:\/\/kibrisdakik.com\/?p=41446","url":"https:\/\/kibrisdakik.com\/?p=41446","name":"&quot;E\u015fitlik temelinde bir anla\u015fmaya var\u0131z\u201d -","isPartOf":{"@id":"https:\/\/kibrisdakik.com\/#website"},"primaryImageOfPage":{"@id":"https:\/\/kibrisdakik.com\/?p=41446#primaryimage"},"image":{"@id":"https:\/\/kibrisdakik.com\/?p=41446#primaryimage"},"thumbnailUrl":"https:\/\/kibrisdakik.com\/wp-content\/uploads\/2024\/05\/esitlik-temelinde-bir-anlasmaya-variz-1715594138.webp.webp","datePublished":"2024-05-13T10:19:36+00:00","author":{"@id":"https:\/\/kibrisdakik.com\/#\/schema\/person\/9cd9d437bbb44f72b73ba127e06d8e79"},"breadcrumb":{"@id":"https:\/\/kibrisdakik.com\/?p=41446#breadcrumb"},"inLanguage":"tr","potentialAction":[{"@type":"ReadAction","target":["https:\/\/kibrisdakik.com\/?p=41446"]}]},{"@type":"ImageObject","inLanguage":"tr","@id":"https:\/\/kibrisdakik.com\/?p=41446#primaryimage","url":"https:\/\/kibrisdakik.com\/wp-content\/uploads\/2024\/05\/esitlik-temelinde-bir-anlasmaya-variz-1715594138.webp.webp","contentUrl":"https:\/\/kibrisdakik.com\/wp-content\/uploads\/2024\/05\/esitlik-temelinde-bir-anlasmaya-variz-1715594138.webp.webp","width":710,"height":370},{"@type":"BreadcrumbList","@id":"https:\/\/kibrisdakik.com\/?p=41446#breadcrumb","itemListElement":[{"@type":"ListItem","position":1,"name":"Home","item":"https:\/\/kibrisdakik.com\/"},{"@type":"ListItem","position":2,"name":"&quot;E\u015fitlik temelinde bir anla\u015fmaya var\u0131z\u201d"}]},{"@type":"WebSite","@id":"https:\/\/kibrisdakik.com\/#website","url":"https:\/\/kibrisdakik.com\/","name":"","description":"Tam vaktinde haber","potentialAction":[{"@type":"SearchAction","target":{"@type":"EntryPoint","urlTemplate":"https:\/\/kibrisdakik.com\/?s={search_term_string}"},"query-input":{"@type":"PropertyValueSpecification","valueRequired":true,"valueName":"search_term_string"}}],"inLanguage":"tr"},{"@type":"Person","@id":"https:\/\/kibrisdakik.com\/#\/schema\/person\/9cd9d437bbb44f72b73ba127e06d8e79","name":"admin","image":{"@type":"ImageObject","inLanguage":"tr","@id":"https:\/\/secure.gravatar.com\/avatar\/ccc17943b9d660506c869530f897617f7cb1c21a4bf30023f252596d83e1f007?s=96&d=mm&r=g","url":"https:\/\/secure.gravatar.com\/avatar\/ccc17943b9d660506c869530f897617f7cb1c21a4bf30023f252596d83e1f007?s=96&d=mm&r=g","contentUrl":"https:\/\/secure.gravatar.com\/avatar\/ccc17943b9d660506c869530f897617f7cb1c21a4bf30023f252596d83e1f007?s=96&d=mm&r=g","caption":"admin"},"sameAs":["https:\/\/kibrisdakik.com"],"url":"https:\/\/kibrisdakik.com\/?author=1"}]}},"_links":{"self":[{"href":"https:\/\/kibrisdakik.com\/index.php?rest_route=\/wp\/v2\/posts\/41446","targetHints":{"allow":["GET"]}}],"collection":[{"href":"https:\/\/kibrisdakik.com\/index.php?rest_route=\/wp\/v2\/posts"}],"about":[{"href":"https:\/\/kibrisdakik.com\/index.php?rest_route=\/wp\/v2\/types\/post"}],"author":[{"embeddable":true,"href":"https:\/\/kibrisdakik.com\/index.php?rest_route=\/wp\/v2\/users\/1"}],"replies":[{"embeddable":true,"href":"https:\/\/kibrisdakik.com\/index.php?rest_route=%2Fwp%2Fv2%2Fcomments&post=41446"}],"version-history":[{"count":0,"href":"https:\/\/kibrisdakik.com\/index.php?rest_route=\/wp\/v2\/posts\/41446\/revisions"}],"wp:featuredmedia":[{"embeddable":true,"href":"https:\/\/kibrisdakik.com\/index.php?rest_route=\/wp\/v2\/media\/41447"}],"wp:attachment":[{"href":"https:\/\/kibrisdakik.com\/index.php?rest_route=%2Fwp%2Fv2%2Fmedia&parent=41446"}],"wp:term":[{"taxonomy":"category","embeddable":true,"href":"https:\/\/kibrisdakik.com\/index.php?rest_route=%2Fwp%2Fv2%2Fcategories&post=41446"},{"taxonomy":"post_tag","embeddable":true,"href":"https:\/\/kibrisdakik.com\/index.php?rest_route=%2Fwp%2Fv2%2Ftags&post=41446"}],"curies":[{"name":"wp","href":"https:\/\/api.w.org\/{rel}","templated":true}]}}