{"id":41462,"date":"2024-05-13T12:54:48","date_gmt":"2024-05-13T12:54:48","guid":{"rendered":"https:\/\/kibrisdakik.com\/index.php\/2024\/05\/13\/meclis-baskani-tore-turkiye-azerbaycan-turkiye-kktc-ve-azerbaycan-kktc-parlamentolar-arasi-dostluk-gruplari-heyetini-kabul-etti\/"},"modified":"2024-05-13T12:54:48","modified_gmt":"2024-05-13T12:54:48","slug":"meclis-baskani-tore-turkiye-azerbaycan-turkiye-kktc-ve-azerbaycan-kktc-parlamentolar-arasi-dostluk-gruplari-heyetini-kabul-etti","status":"publish","type":"post","link":"https:\/\/kibrisdakik.com\/?p=41462","title":{"rendered":"Meclis Ba\u015fkan\u0131 T\u00f6re, T\u00fcrkiye \u2013 Azerbaycan, T\u00fcrkiye \u2013 KKTC ve Azerbaycan \u2013 KKTC Parlamentolar Aras\u0131 Dostluk Gruplar\u0131 heyetini kabul etti"},"content":{"rendered":"<p><\/p>\n<div>\n<div class=\"mariselle-image-container center\">\n                <img loading=\"lazy\" decoding=\"async\" width=\"2560\" height=\"1706\" class=\"lazy-image\" alt=\"\" sizes=\"auto, (max-width: 2560px) 100vw, 2560px\" src=\"https:\/\/brtk.net\/wp-content\/uploads\/2024\/05\/13\/slskslk-1.jpeg?ver=ce74cdfe6808e62468771934feddcdec\" srcset=\"https:\/\/brtk.net\/wp-content\/uploads\/2024\/05\/13\/slskslk-1.jpeg?ver=ce74cdfe6808e62468771934feddcdec 2560w, https:\/\/brtk.net\/wp-content\/uploads\/2024\/05\/13\/slskslk-1-300x200.jpeg?ver=c676339590b92440b45590053be3b054 300w, https:\/\/brtk.net\/wp-content\/uploads\/2024\/05\/13\/slskslk-1-1024x682.jpeg?ver=8d6d2b538d9d6771e6e59d8a5850233f 1024w, https:\/\/brtk.net\/wp-content\/uploads\/2024\/05\/13\/slskslk-1-768x512.jpeg?ver=8d6d2b538d9d6771e6e59d8a5850233f 768w, https:\/\/brtk.net\/wp-content\/uploads\/2024\/05\/13\/slskslk-1-1536x1024.jpeg?ver=63a2998328d5c423fea95f6329c88d5f 1536w, https:\/\/brtk.net\/wp-content\/uploads\/2024\/05\/13\/slskslk-1-2048x1365.jpeg?ver=bc1953625a4ae5865b0dab77bb2cb5a6 2048w\"\/>                            <\/div>\n<p>Meclis Ba\u015fkan\u0131 Zorlu T\u00f6re, T\u00fcrkiye \u2013 Azerbaycan, T\u00fcrkiye \u2013 <a href=\"https:\/\/brtk.net\/\"\/><a href=\"https:\/\/brtk.net\/\"\/><a href=\"https:\/\/brtk.net\/\"\/><a href=\"https:\/\/brtk.net\/\"\/><a href=\"https:\/\/brtk.net\/\"\/><a href=\"https:\/\/brtk.net\/\"\/><a href=\"https:\/\/brtk.net\/\"\/><a href=\"https:\/\/brtk.net\/\"\/><a href=\"https:\/\/brtk.net\/\"\/><a href=\"https:\/\/brtk.net\/\"\/><a href=\"https:\/\/brtk.net\/\">KKTC<\/a> ve Azerbaycan \u2013 <a href=\"https:\/\/brtk.net\/\"\/><a href=\"https:\/\/brtk.net\/\"\/><a href=\"https:\/\/brtk.net\/\"\/><a href=\"https:\/\/brtk.net\/\"\/><a href=\"https:\/\/brtk.net\/\"\/><a href=\"https:\/\/brtk.net\/\"\/><a href=\"https:\/\/brtk.net\/\"\/><a href=\"https:\/\/brtk.net\/\"\/><a href=\"https:\/\/brtk.net\/\"\/><a href=\"https:\/\/brtk.net\/\"\/><a href=\"https:\/\/brtk.net\/\">KKTC<\/a> Parlamentolar Aras\u0131 Dostluk Gruplar\u0131 ve beraberlerindeki heyeti kabul ederek g\u00f6r\u00fc\u015ft\u00fc.<\/p>\n<p>\u015eeref Salonu\u2019nda ger\u00e7ekle\u015fen g\u00f6r\u00fc\u015fmede, Azerbaycan Milli Meclisi <a href=\"https:\/\/brtk.net\/\"\/><a href=\"https:\/\/brtk.net\/\"\/><a href=\"https:\/\/brtk.net\/\"\/><a href=\"https:\/\/brtk.net\/\"\/><a href=\"https:\/\/brtk.net\/\"\/><a href=\"https:\/\/brtk.net\/\"\/><a href=\"https:\/\/brtk.net\/\"\/><a href=\"https:\/\/brtk.net\/\"\/><a href=\"https:\/\/brtk.net\/\"\/><a href=\"https:\/\/brtk.net\/\"\/><a href=\"https:\/\/brtk.net\/\">KKTC<\/a> Parlamentolar Aras\u0131 Dostluk Grubu Ba\u015fkan\u0131 Cavan\u015fir Feyziyev, T\u00fcrkiye\u2013 Azerbaycan Parlamentolar Aras\u0131 Dostluk Grubu Ba\u015fkan\u0131 \u015eamil Ayr\u0131m, T\u00fcrkiye \u2013 Parlamentolar Aras\u0131 Dostluk Grubu Ba\u015fkan\u0131 Orhan Erdem ile Azerbaycan \u2013 T\u00fcrkiye Parlamentolar Aras\u0131 Dostluk Grubu Ba\u015fkan\u0131 Ehliman Emiraslanov ve beraberlerindeki heyetler ile <a href=\"https:\/\/brtk.net\/\"\/><a href=\"https:\/\/brtk.net\/\"\/><a href=\"https:\/\/brtk.net\/\"\/><a href=\"https:\/\/brtk.net\/\"\/><a href=\"https:\/\/brtk.net\/\"\/><a href=\"https:\/\/brtk.net\/\"\/><a href=\"https:\/\/brtk.net\/\"\/><a href=\"https:\/\/brtk.net\/\"\/><a href=\"https:\/\/brtk.net\/\"\/><a href=\"https:\/\/brtk.net\/\"\/><a href=\"https:\/\/brtk.net\/\">KKTC<\/a> Cumhuriyet Meclisi Ba\u015fkan Yard\u0131mc\u0131s\u0131 Fazilet \u00d6zdenefe, Meclis Ba\u015fkanl\u0131k Divan\u0131na \u00fcye Milletvekilleri ve <a href=\"https:\/\/brtk.net\/\"\/><a href=\"https:\/\/brtk.net\/\"\/><a href=\"https:\/\/brtk.net\/\"\/><a href=\"https:\/\/brtk.net\/\"\/><a href=\"https:\/\/brtk.net\/\"\/><a href=\"https:\/\/brtk.net\/\"\/><a href=\"https:\/\/brtk.net\/\"\/><a href=\"https:\/\/brtk.net\/\"\/><a href=\"https:\/\/brtk.net\/\"\/><a href=\"https:\/\/brtk.net\/\"\/><a href=\"https:\/\/brtk.net\/\">KKTC<\/a>-TC Dostluk Grubu heyeti \u00fcyeleri yer ald\u0131.<\/p>\n<div class=\"mariselle-image-container center\">\n                <img loading=\"lazy\" decoding=\"async\" width=\"2028\" height=\"946\" class=\"lazy-image\" alt=\"\" sizes=\"auto, (max-width: 2028px) 100vw, 2028px\" src=\"https:\/\/brtk.net\/wp-content\/uploads\/2024\/05\/13\/jhkhkjhkh-1.jpeg?ver=da876f376b260cc8a988fa580c4004ec\" srcset=\"https:\/\/brtk.net\/wp-content\/uploads\/2024\/05\/13\/jhkhkjhkh-1.jpeg?ver=da876f376b260cc8a988fa580c4004ec 2028w, https:\/\/brtk.net\/wp-content\/uploads\/2024\/05\/13\/jhkhkjhkh-1-300x140.jpeg?ver=da876f376b260cc8a988fa580c4004ec 300w, https:\/\/brtk.net\/wp-content\/uploads\/2024\/05\/13\/jhkhkjhkh-1-1024x478.jpeg?ver=f41eebcbc2230749e3c184747ca26393 1024w, https:\/\/brtk.net\/wp-content\/uploads\/2024\/05\/13\/jhkhkjhkh-1-768x358.jpeg?ver=f41eebcbc2230749e3c184747ca26393 768w, https:\/\/brtk.net\/wp-content\/uploads\/2024\/05\/13\/jhkhkjhkh-1-1536x716.jpeg?ver=f41eebcbc2230749e3c184747ca26393 1536w\"\/>                            <\/div>\n<p>Meclis Ba\u015fkan\u0131 Zorlu T\u00f6re, kabulde yapt\u0131\u011f\u0131 konu\u015fmada heyeti bir araya gelmekten b\u00fcy\u00fck memnuniyet duydu\u011funu ifade etti.<\/p>\n<p>\u201c146 y\u0131l sonra b\u00fcy\u00fck karde\u015fimizden sonra ikinci karde\u015fimize kavu\u015ftuk.\u201d diye konu\u015fan T\u00f6re, ayn\u0131 milletin mensuplar\u0131 olmaktan \u015feref duydu\u011funu dile getirdi.<\/p>\n<p>T\u00f6re, \u201cUlu \u00d6nder Mustafa Kemal Atat\u00fcrk\u2019\u00fcn \u2018Ne Mutlu T\u00fcrk\u00fcm Diyene\u2019 ifadesi, bizi birbirimize ba\u011flayan en \u00f6nemli ifade \u015feklidir\u201d diye konu\u015ftu.<\/p>\n<p>T\u00f6re, Azerbaycan ile milli birlik ve beraberliklerinin, dostluklar\u0131n\u0131n ebediyen devam edece\u011fini vurgulad\u0131, \u201cAzerbaycan bizim can\u0131m\u0131z, karde\u015fimiz. Azerbaycan bize, di\u011fer T\u00fcrk devlerine de kap\u0131 a\u00e7acakt\u0131r. \u00d6yle \u00fcmit ediyorum.\u201d dedi.<\/p>\n<p>\u201c146 y\u0131l sonra Azerbaycanl\u0131 karde\u015flerimiz burada. Bunu kutluyoruz. B\u00f6yle bir karar ald\u0131\u011f\u0131n\u0131z i\u00e7in sizleri tebrik ediyoruz.\u201d ifadelerine yer veren T\u00f6re, ziyaretin resmi bir ziyaret oldu\u011funu da dikkat \u00e7ekti.<\/p>\n<p>Azerbaycan Milli Meclisi <a href=\"https:\/\/brtk.net\/\"\/><a href=\"https:\/\/brtk.net\/\"\/><a href=\"https:\/\/brtk.net\/\"\/><a href=\"https:\/\/brtk.net\/\"\/><a href=\"https:\/\/brtk.net\/\"\/><a href=\"https:\/\/brtk.net\/\"\/><a href=\"https:\/\/brtk.net\/\"\/><a href=\"https:\/\/brtk.net\/\"\/><a href=\"https:\/\/brtk.net\/\"\/><a href=\"https:\/\/brtk.net\/\"\/><a href=\"https:\/\/brtk.net\/\">KKTC<\/a> Parlamentolar Aras\u0131 Dostluk Grubu Ba\u015fkan\u0131 Cavan\u015fir Feyziyev ise, uzun y\u0131llardan sonra ilk resmi ziyaretin ger\u00e7ekle\u015fti\u011fini belirtti.<\/p>\n<p>Feyziyev, t\u00fcm Azerbaycanl\u0131lar\u0131n <a href=\"https:\/\/brtk.net\/\"\/><a href=\"https:\/\/brtk.net\/\"\/><a href=\"https:\/\/brtk.net\/\"\/><a href=\"https:\/\/brtk.net\/\"\/><a href=\"https:\/\/brtk.net\/\"\/><a href=\"https:\/\/brtk.net\/\"\/><a href=\"https:\/\/brtk.net\/\"\/><a href=\"https:\/\/brtk.net\/\"\/><a href=\"https:\/\/brtk.net\/\"\/><a href=\"https:\/\/brtk.net\/\"\/><a href=\"https:\/\/brtk.net\/\">KKTC<\/a> ile her zaman iyi ili\u015fkiler i\u00e7inde oldu\u011funu ifade etti.<\/p>\n<p>\u201cBu bizim ilk resmi ziyaretimizdir. Hepimiz \u015feref duyuyoruz\u201d diye konu\u015fan Feyziyev, dostluk guruplar\u0131n\u0131n bug\u00fcn burada bir araya gelmesinin \u00f6nemine dikkat \u00e7ekti.<\/p>\n<p>Azerbaycan Milli Meclisi ile <a href=\"https:\/\/brtk.net\/\"\/><a href=\"https:\/\/brtk.net\/\"\/><a href=\"https:\/\/brtk.net\/\"\/><a href=\"https:\/\/brtk.net\/\"\/><a href=\"https:\/\/brtk.net\/\"\/><a href=\"https:\/\/brtk.net\/\"\/><a href=\"https:\/\/brtk.net\/\"\/><a href=\"https:\/\/brtk.net\/\"\/><a href=\"https:\/\/brtk.net\/\"\/><a href=\"https:\/\/brtk.net\/\"\/><a href=\"https:\/\/brtk.net\/\">KKTC<\/a> aras\u0131nda dostluk grubunun olu\u015fturulmas\u0131n\u0131n diplomatik anlamda ilk resmi temas oldu\u011funa de\u011finen Feyziyev, \u201cEminim ki bu son olmayacak. Bug\u00fcn ger\u00e7ekle\u015ftirdi\u011fimiz ziyaret, di\u011fer karde\u015f devletlerimizin de dostluk guruplar\u0131n\u0131n olu\u015fturulmas\u0131na vesile olacakt\u0131r\u201d dedi.<\/p>\n<p>Feyziyev, <a href=\"https:\/\/brtk.net\/\"\/><a href=\"https:\/\/brtk.net\/\"\/><a href=\"https:\/\/brtk.net\/\"\/><a href=\"https:\/\/brtk.net\/\"\/><a href=\"https:\/\/brtk.net\/\"\/><a href=\"https:\/\/brtk.net\/\"\/><a href=\"https:\/\/brtk.net\/\"\/><a href=\"https:\/\/brtk.net\/\"\/><a href=\"https:\/\/brtk.net\/\"\/><a href=\"https:\/\/brtk.net\/\"\/><a href=\"https:\/\/brtk.net\/\">KKTC<\/a>\u2019nin gelecekte daha ba\u011f\u0131m\u0131z bir devlet ve Birle\u015fmi\u015f Milletler kar\u015f\u0131s\u0131nda bayra\u011f\u0131n\u0131n b\u00fcy\u00fck bir onurla dalgalanmas\u0131 temennisinde bulundu.<\/p>\n<p>T\u00fcrkiye \u2013 Parlamentolar Aras\u0131 Dostluk Grubu Ba\u015fkan\u0131 Orhan Erdem de, \u201cBir hayalimiz ger\u00e7ek oldu\u201d diyerek, gerekli \u00e7abay\u0131 g\u00f6stermeye devam edeceklerini ifade etti.<\/p>\n<p>\u00dc\u00e7 \u00fclkenin cumhurba\u015fkanlar\u0131n\u0131n, meclis ba\u015fkanlar\u0131n\u0131n bu birliktelikte b\u00fcy\u00fck eme\u011fi oldu\u011funu kaydeden Erdem, karde\u015fliklerinin g\u00fc\u00e7lenmesini temenni etti.<\/p>\n<p>D\u00fcnyada hukukun, insan haklar\u0131n\u0131n yerle bir oldu\u011fu bir d\u00f6nem ya\u015fand\u0131\u011f\u0131n\u0131 dile getiren Erdem, Gazze\u2019de, Karaba\u011f\u2019da ya\u015fananlara, <a href=\"https:\/\/brtk.net\/\"\/><a href=\"https:\/\/brtk.net\/\"\/><a href=\"https:\/\/brtk.net\/\"\/><a href=\"https:\/\/brtk.net\/\"\/><a href=\"https:\/\/brtk.net\/\"\/><a href=\"https:\/\/brtk.net\/\"\/><a href=\"https:\/\/brtk.net\/\"\/><a href=\"https:\/\/brtk.net\/\"\/><a href=\"https:\/\/brtk.net\/\"\/><a href=\"https:\/\/brtk.net\/\"\/><a href=\"https:\/\/brtk.net\/\">KKTC<\/a>\u2019nin hakl\u0131 davas\u0131na d\u00fcnyan\u0131n seyirci kald\u0131\u011f\u0131n\u0131 ifade etti.<\/p>\n<p>Erdem, birliktelik ve karde\u015flikle bunlar\u0131 yeneceklerini s\u00f6yledi.<\/p>\n<p> Azerbaycan \u2013 T\u00fcrkiye Parlamentolar Aras\u0131 Dostluk Grubu Ba\u015fkan\u0131 Ehliman Emiraslanov da, dostluk guruplar\u0131 olarak daha s\u0131k g\u00f6r\u00fc\u015feceklerini dile getirdi.<\/p>\n<p>Dostluk gruplar\u0131n\u0131n olu\u015fmas\u0131 i\u00e7in uzun s\u00fcredir \u00e7al\u0131\u015ft\u0131klar\u0131n\u0131 kaydeden Emiraslanov, bundan sonraki s\u00fcre\u00e7lerde de \u00e7ok \u00e7al\u0131\u015fmaya devam edeceklerini vurgulad\u0131.<\/p>\n<p>Emiraslanov, dostluk grubunun di\u011fer T\u00fcrk devletleriyle de olu\u015fturulmas\u0131 temennisinde bulundu.<\/p>\n<p>T\u00fcrkiye\u2013 Azerbaycan Parlamentolar Aras\u0131 Dostluk Grubu Ba\u015fkan\u0131 \u015eamil Ayr\u0131m da, \u201cBug\u00fcn tarihi bir g\u00fcnd\u00fcr\u201d diyerek s\u00f6zlerine ba\u015flad\u0131.<\/p>\n<p>Burada bulunmalar\u0131n\u0131n kendileri i\u00e7in \u00e7ok \u00f6nemli oldu\u011funu ve tarihe not d\u00fc\u015f\u00fcld\u00fc\u011f\u00fcn\u00fc ifade eden Ayr\u0131m, \u201c146 sonra Can Azerbaycan K\u0131br\u0131s\u2019ta. Bug\u00fcn burada olmaktan \u00e7ok mutluyuz\u201d diye konu\u015ftu.<\/p>\n<p>K\u0131br\u0131s\u2019\u0131n ge\u00e7mi\u015fte zor g\u00fcnlerden ge\u00e7ti\u011fini bildiklerini ifade eden Ayr\u0131m, <a href=\"https:\/\/brtk.net\/\"\/><a href=\"https:\/\/brtk.net\/\"\/><a href=\"https:\/\/brtk.net\/\"\/><a href=\"https:\/\/brtk.net\/\"\/><a href=\"https:\/\/brtk.net\/\"\/><a href=\"https:\/\/brtk.net\/\"\/><a href=\"https:\/\/brtk.net\/\"\/><a href=\"https:\/\/brtk.net\/\"\/><a href=\"https:\/\/brtk.net\/\"\/><a href=\"https:\/\/brtk.net\/\"\/><a href=\"https:\/\/brtk.net\/\">KKTC<\/a>\u2019nin uluslararas\u0131 arenada hala daha temsil edilemedi\u011fini belirtti.<\/p>\n<p><a href=\"https:\/\/brtk.net\/\"\/><a href=\"https:\/\/brtk.net\/\"\/><a href=\"https:\/\/brtk.net\/\"\/><a href=\"https:\/\/brtk.net\/\"\/><a href=\"https:\/\/brtk.net\/\"\/><a href=\"https:\/\/brtk.net\/\"\/><a href=\"https:\/\/brtk.net\/\"\/><a href=\"https:\/\/brtk.net\/\"\/><a href=\"https:\/\/brtk.net\/\"\/><a href=\"https:\/\/brtk.net\/\"\/><a href=\"https:\/\/brtk.net\/\">KKTC<\/a>\u2019nin ad\u0131m ad\u0131m tan\u0131n\u0131rl\u0131\u011f\u0131n\u0131n sa\u011flanmas\u0131n\u0131 hedeflediklerini kaydeden Ayr\u0131m, parlamentolar aras\u0131 ili\u015fkilerin geli\u015ftirilmesinin \u00f6nemine dikkat \u00e7ekti.<\/p>\n<\/p><\/div>\n<p><script async\n                    defer\n                    crossorigin=\"anonymous\"\n                    src=\"https:\/\/connect.facebook.net\/tr_TR\/sdk.js#xfbml=1&#038;version=v3.3\"\n            ><\/script><\/p>\n","protected":false},"excerpt":{"rendered":"<p>Meclis Ba\u015fkan\u0131 Zorlu T\u00f6re, T\u00fcrkiye \u2013 Azerbaycan, T\u00fcrkiye \u2013 KKTC ve Azerbaycan \u2013 KKTC Parlamentolar Aras\u0131 Dostluk Gruplar\u0131 ve beraberlerindeki heyeti kabul ederek g\u00f6r\u00fc\u015ft\u00fc. \u015eeref Salonu\u2019nda ger\u00e7ekle\u015fen g\u00f6r\u00fc\u015fmede, Azerbaycan Milli Meclisi KKTC Parlamentolar Aras\u0131 Dostluk Grubu Ba\u015fkan\u0131 Cavan\u015fir Feyziyev, T\u00fcrkiye\u2013 Azerbaycan Parlamentolar Aras\u0131 Dostluk Grubu Ba\u015fkan\u0131 \u015eamil Ayr\u0131m, T\u00fcrkiye \u2013 Parlamentolar Aras\u0131 Dostluk Grubu Ba\u015fkan\u0131<\/p>\n","protected":false},"author":1,"featured_media":41463,"comment_status":"open","ping_status":"open","sticky":false,"template":"","format":"standard","meta":{"footnotes":""},"categories":[1],"tags":[],"class_list":["post-41462","post","type-post","status-publish","format-standard","has-post-thumbnail","hentry","category-gundem"],"yoast_head":"<!-- This site is optimized with the Yoast SEO plugin v27.5 - https:\/\/yoast.com\/product\/yoast-seo-wordpress\/ -->\n<title>Meclis Ba\u015fkan\u0131 T\u00f6re, T\u00fcrkiye \u2013 Azerbaycan, T\u00fcrkiye \u2013 KKTC ve Azerbaycan \u2013 KKTC Parlamentolar Aras\u0131 Dostluk Gruplar\u0131 heyetini kabul etti -<\/title>\n<meta name=\"robots\" content=\"index, follow, max-snippet:-1, max-image-preview:large, max-video-preview:-1\" \/>\n<link rel=\"canonical\" href=\"https:\/\/kibrisdakik.com\/?p=41462\" \/>\n<meta property=\"og:locale\" content=\"tr_TR\" \/>\n<meta property=\"og:type\" content=\"article\" \/>\n<meta property=\"og:title\" content=\"Meclis Ba\u015fkan\u0131 T\u00f6re, T\u00fcrkiye \u2013 Azerbaycan, T\u00fcrkiye \u2013 KKTC ve Azerbaycan \u2013 KKTC Parlamentolar Aras\u0131 Dostluk Gruplar\u0131 heyetini kabul etti -\" \/>\n<meta property=\"og:description\" content=\"Meclis Ba\u015fkan\u0131 Zorlu T\u00f6re, T\u00fcrkiye \u2013 Azerbaycan, T\u00fcrkiye \u2013 KKTC ve Azerbaycan \u2013 KKTC Parlamentolar Aras\u0131 Dostluk Gruplar\u0131 ve beraberlerindeki heyeti kabul ederek g\u00f6r\u00fc\u015ft\u00fc. \u015eeref Salonu\u2019nda ger\u00e7ekle\u015fen g\u00f6r\u00fc\u015fmede, Azerbaycan Milli Meclisi KKTC Parlamentolar Aras\u0131 Dostluk Grubu Ba\u015fkan\u0131 Cavan\u015fir Feyziyev, T\u00fcrkiye\u2013 Azerbaycan Parlamentolar Aras\u0131 Dostluk Grubu Ba\u015fkan\u0131 \u015eamil Ayr\u0131m, T\u00fcrkiye \u2013 Parlamentolar Aras\u0131 Dostluk Grubu Ba\u015fkan\u0131\" \/>\n<meta property=\"og:url\" content=\"https:\/\/kibrisdakik.com\/?p=41462\" \/>\n<meta property=\"article:published_time\" content=\"2024-05-13T12:54:48+00:00\" \/>\n<meta property=\"og:image\" content=\"https:\/\/kibrisdakik.com\/wp-content\/uploads\/2024\/05\/jhkhkjhkh-1-740x420.jpeg\" \/>\n\t<meta property=\"og:image:width\" content=\"2028\" \/>\n\t<meta property=\"og:image:height\" content=\"946\" \/>\n\t<meta property=\"og:image:type\" content=\"image\/jpeg\" \/>\n<meta name=\"author\" content=\"admin\" \/>\n<meta name=\"twitter:card\" content=\"summary_large_image\" \/>\n<meta name=\"twitter:label1\" content=\"Yazan:\" \/>\n\t<meta name=\"twitter:data1\" content=\"admin\" \/>\n\t<meta name=\"twitter:label2\" content=\"Tahmini okuma s\u00fcresi\" \/>\n\t<meta name=\"twitter:data2\" content=\"3 dakika\" \/>\n<script type=\"application\/ld+json\" class=\"yoast-schema-graph\">{\"@context\":\"https:\\\/\\\/schema.org\",\"@graph\":[{\"@type\":\"Article\",\"@id\":\"https:\\\/\\\/kibrisdakik.com\\\/?p=41462#article\",\"isPartOf\":{\"@id\":\"https:\\\/\\\/kibrisdakik.com\\\/?p=41462\"},\"author\":{\"name\":\"admin\",\"@id\":\"https:\\\/\\\/kibrisdakik.com\\\/#\\\/schema\\\/person\\\/9cd9d437bbb44f72b73ba127e06d8e79\"},\"headline\":\"Meclis Ba\u015fkan\u0131 T\u00f6re, T\u00fcrkiye \u2013 Azerbaycan, T\u00fcrkiye \u2013 KKTC ve Azerbaycan \u2013 KKTC Parlamentolar Aras\u0131 Dostluk Gruplar\u0131 heyetini kabul etti\",\"datePublished\":\"2024-05-13T12:54:48+00:00\",\"mainEntityOfPage\":{\"@id\":\"https:\\\/\\\/kibrisdakik.com\\\/?p=41462\"},\"wordCount\":716,\"commentCount\":0,\"image\":{\"@id\":\"https:\\\/\\\/kibrisdakik.com\\\/?p=41462#primaryimage\"},\"thumbnailUrl\":\"https:\\\/\\\/kibrisdakik.com\\\/wp-content\\\/uploads\\\/2024\\\/05\\\/jhkhkjhkh-1-740x420.jpeg\",\"articleSection\":[\"G\u00fcndem\"],\"inLanguage\":\"tr\",\"potentialAction\":[{\"@type\":\"CommentAction\",\"name\":\"Comment\",\"target\":[\"https:\\\/\\\/kibrisdakik.com\\\/?p=41462#respond\"]}]},{\"@type\":\"WebPage\",\"@id\":\"https:\\\/\\\/kibrisdakik.com\\\/?p=41462\",\"url\":\"https:\\\/\\\/kibrisdakik.com\\\/?p=41462\",\"name\":\"Meclis Ba\u015fkan\u0131 T\u00f6re, T\u00fcrkiye \u2013 Azerbaycan, T\u00fcrkiye \u2013 KKTC ve Azerbaycan \u2013 KKTC Parlamentolar Aras\u0131 Dostluk Gruplar\u0131 heyetini kabul etti -\",\"isPartOf\":{\"@id\":\"https:\\\/\\\/kibrisdakik.com\\\/#website\"},\"primaryImageOfPage\":{\"@id\":\"https:\\\/\\\/kibrisdakik.com\\\/?p=41462#primaryimage\"},\"image\":{\"@id\":\"https:\\\/\\\/kibrisdakik.com\\\/?p=41462#primaryimage\"},\"thumbnailUrl\":\"https:\\\/\\\/kibrisdakik.com\\\/wp-content\\\/uploads\\\/2024\\\/05\\\/jhkhkjhkh-1-740x420.jpeg\",\"datePublished\":\"2024-05-13T12:54:48+00:00\",\"author\":{\"@id\":\"https:\\\/\\\/kibrisdakik.com\\\/#\\\/schema\\\/person\\\/9cd9d437bbb44f72b73ba127e06d8e79\"},\"breadcrumb\":{\"@id\":\"https:\\\/\\\/kibrisdakik.com\\\/?p=41462#breadcrumb\"},\"inLanguage\":\"tr\",\"potentialAction\":[{\"@type\":\"ReadAction\",\"target\":[\"https:\\\/\\\/kibrisdakik.com\\\/?p=41462\"]}]},{\"@type\":\"ImageObject\",\"inLanguage\":\"tr\",\"@id\":\"https:\\\/\\\/kibrisdakik.com\\\/?p=41462#primaryimage\",\"url\":\"https:\\\/\\\/kibrisdakik.com\\\/wp-content\\\/uploads\\\/2024\\\/05\\\/jhkhkjhkh-1-740x420.jpeg\",\"contentUrl\":\"https:\\\/\\\/kibrisdakik.com\\\/wp-content\\\/uploads\\\/2024\\\/05\\\/jhkhkjhkh-1-740x420.jpeg\",\"width\":2028,\"height\":946},{\"@type\":\"BreadcrumbList\",\"@id\":\"https:\\\/\\\/kibrisdakik.com\\\/?p=41462#breadcrumb\",\"itemListElement\":[{\"@type\":\"ListItem\",\"position\":1,\"name\":\"Home\",\"item\":\"https:\\\/\\\/kibrisdakik.com\\\/\"},{\"@type\":\"ListItem\",\"position\":2,\"name\":\"Meclis Ba\u015fkan\u0131 T\u00f6re, T\u00fcrkiye \u2013 Azerbaycan, T\u00fcrkiye \u2013 KKTC ve Azerbaycan \u2013 KKTC Parlamentolar Aras\u0131 Dostluk Gruplar\u0131 heyetini kabul etti\"}]},{\"@type\":\"WebSite\",\"@id\":\"https:\\\/\\\/kibrisdakik.com\\\/#website\",\"url\":\"https:\\\/\\\/kibrisdakik.com\\\/\",\"name\":\"\",\"description\":\"Tam vaktinde haber\",\"potentialAction\":[{\"@type\":\"SearchAction\",\"target\":{\"@type\":\"EntryPoint\",\"urlTemplate\":\"https:\\\/\\\/kibrisdakik.com\\\/?s={search_term_string}\"},\"query-input\":{\"@type\":\"PropertyValueSpecification\",\"valueRequired\":true,\"valueName\":\"search_term_string\"}}],\"inLanguage\":\"tr\"},{\"@type\":\"Person\",\"@id\":\"https:\\\/\\\/kibrisdakik.com\\\/#\\\/schema\\\/person\\\/9cd9d437bbb44f72b73ba127e06d8e79\",\"name\":\"admin\",\"image\":{\"@type\":\"ImageObject\",\"inLanguage\":\"tr\",\"@id\":\"https:\\\/\\\/secure.gravatar.com\\\/avatar\\\/ccc17943b9d660506c869530f897617f7cb1c21a4bf30023f252596d83e1f007?s=96&d=mm&r=g\",\"url\":\"https:\\\/\\\/secure.gravatar.com\\\/avatar\\\/ccc17943b9d660506c869530f897617f7cb1c21a4bf30023f252596d83e1f007?s=96&d=mm&r=g\",\"contentUrl\":\"https:\\\/\\\/secure.gravatar.com\\\/avatar\\\/ccc17943b9d660506c869530f897617f7cb1c21a4bf30023f252596d83e1f007?s=96&d=mm&r=g\",\"caption\":\"admin\"},\"sameAs\":[\"https:\\\/\\\/kibrisdakik.com\"],\"url\":\"https:\\\/\\\/kibrisdakik.com\\\/?author=1\"}]}<\/script>\n<!-- \/ Yoast SEO plugin. -->","yoast_head_json":{"title":"Meclis Ba\u015fkan\u0131 T\u00f6re, T\u00fcrkiye \u2013 Azerbaycan, T\u00fcrkiye \u2013 KKTC ve Azerbaycan \u2013 KKTC Parlamentolar Aras\u0131 Dostluk Gruplar\u0131 heyetini kabul etti -","robots":{"index":"index","follow":"follow","max-snippet":"max-snippet:-1","max-image-preview":"max-image-preview:large","max-video-preview":"max-video-preview:-1"},"canonical":"https:\/\/kibrisdakik.com\/?p=41462","og_locale":"tr_TR","og_type":"article","og_title":"Meclis Ba\u015fkan\u0131 T\u00f6re, T\u00fcrkiye \u2013 Azerbaycan, T\u00fcrkiye \u2013 KKTC ve Azerbaycan \u2013 KKTC Parlamentolar Aras\u0131 Dostluk Gruplar\u0131 heyetini kabul etti -","og_description":"Meclis Ba\u015fkan\u0131 Zorlu T\u00f6re, T\u00fcrkiye \u2013 Azerbaycan, T\u00fcrkiye \u2013 KKTC ve Azerbaycan \u2013 KKTC Parlamentolar Aras\u0131 Dostluk Gruplar\u0131 ve beraberlerindeki heyeti kabul ederek g\u00f6r\u00fc\u015ft\u00fc. \u015eeref Salonu\u2019nda ger\u00e7ekle\u015fen g\u00f6r\u00fc\u015fmede, Azerbaycan Milli Meclisi KKTC Parlamentolar Aras\u0131 Dostluk Grubu Ba\u015fkan\u0131 Cavan\u015fir Feyziyev, T\u00fcrkiye\u2013 Azerbaycan Parlamentolar Aras\u0131 Dostluk Grubu Ba\u015fkan\u0131 \u015eamil Ayr\u0131m, T\u00fcrkiye \u2013 Parlamentolar Aras\u0131 Dostluk Grubu Ba\u015fkan\u0131","og_url":"https:\/\/kibrisdakik.com\/?p=41462","article_published_time":"2024-05-13T12:54:48+00:00","og_image":[{"width":2028,"height":946,"url":"https:\/\/kibrisdakik.com\/wp-content\/uploads\/2024\/05\/jhkhkjhkh-1-740x420.jpeg","type":"image\/jpeg"}],"author":"admin","twitter_card":"summary_large_image","twitter_misc":{"Yazan:":"admin","Tahmini okuma s\u00fcresi":"3 dakika"},"schema":{"@context":"https:\/\/schema.org","@graph":[{"@type":"Article","@id":"https:\/\/kibrisdakik.com\/?p=41462#article","isPartOf":{"@id":"https:\/\/kibrisdakik.com\/?p=41462"},"author":{"name":"admin","@id":"https:\/\/kibrisdakik.com\/#\/schema\/person\/9cd9d437bbb44f72b73ba127e06d8e79"},"headline":"Meclis Ba\u015fkan\u0131 T\u00f6re, T\u00fcrkiye \u2013 Azerbaycan, T\u00fcrkiye \u2013 KKTC ve Azerbaycan \u2013 KKTC Parlamentolar Aras\u0131 Dostluk Gruplar\u0131 heyetini kabul etti","datePublished":"2024-05-13T12:54:48+00:00","mainEntityOfPage":{"@id":"https:\/\/kibrisdakik.com\/?p=41462"},"wordCount":716,"commentCount":0,"image":{"@id":"https:\/\/kibrisdakik.com\/?p=41462#primaryimage"},"thumbnailUrl":"https:\/\/kibrisdakik.com\/wp-content\/uploads\/2024\/05\/jhkhkjhkh-1-740x420.jpeg","articleSection":["G\u00fcndem"],"inLanguage":"tr","potentialAction":[{"@type":"CommentAction","name":"Comment","target":["https:\/\/kibrisdakik.com\/?p=41462#respond"]}]},{"@type":"WebPage","@id":"https:\/\/kibrisdakik.com\/?p=41462","url":"https:\/\/kibrisdakik.com\/?p=41462","name":"Meclis Ba\u015fkan\u0131 T\u00f6re, T\u00fcrkiye \u2013 Azerbaycan, T\u00fcrkiye \u2013 KKTC ve Azerbaycan \u2013 KKTC Parlamentolar Aras\u0131 Dostluk Gruplar\u0131 heyetini kabul etti -","isPartOf":{"@id":"https:\/\/kibrisdakik.com\/#website"},"primaryImageOfPage":{"@id":"https:\/\/kibrisdakik.com\/?p=41462#primaryimage"},"image":{"@id":"https:\/\/kibrisdakik.com\/?p=41462#primaryimage"},"thumbnailUrl":"https:\/\/kibrisdakik.com\/wp-content\/uploads\/2024\/05\/jhkhkjhkh-1-740x420.jpeg","datePublished":"2024-05-13T12:54:48+00:00","author":{"@id":"https:\/\/kibrisdakik.com\/#\/schema\/person\/9cd9d437bbb44f72b73ba127e06d8e79"},"breadcrumb":{"@id":"https:\/\/kibrisdakik.com\/?p=41462#breadcrumb"},"inLanguage":"tr","potentialAction":[{"@type":"ReadAction","target":["https:\/\/kibrisdakik.com\/?p=41462"]}]},{"@type":"ImageObject","inLanguage":"tr","@id":"https:\/\/kibrisdakik.com\/?p=41462#primaryimage","url":"https:\/\/kibrisdakik.com\/wp-content\/uploads\/2024\/05\/jhkhkjhkh-1-740x420.jpeg","contentUrl":"https:\/\/kibrisdakik.com\/wp-content\/uploads\/2024\/05\/jhkhkjhkh-1-740x420.jpeg","width":2028,"height":946},{"@type":"BreadcrumbList","@id":"https:\/\/kibrisdakik.com\/?p=41462#breadcrumb","itemListElement":[{"@type":"ListItem","position":1,"name":"Home","item":"https:\/\/kibrisdakik.com\/"},{"@type":"ListItem","position":2,"name":"Meclis Ba\u015fkan\u0131 T\u00f6re, T\u00fcrkiye \u2013 Azerbaycan, T\u00fcrkiye \u2013 KKTC ve Azerbaycan \u2013 KKTC Parlamentolar Aras\u0131 Dostluk Gruplar\u0131 heyetini kabul etti"}]},{"@type":"WebSite","@id":"https:\/\/kibrisdakik.com\/#website","url":"https:\/\/kibrisdakik.com\/","name":"","description":"Tam vaktinde haber","potentialAction":[{"@type":"SearchAction","target":{"@type":"EntryPoint","urlTemplate":"https:\/\/kibrisdakik.com\/?s={search_term_string}"},"query-input":{"@type":"PropertyValueSpecification","valueRequired":true,"valueName":"search_term_string"}}],"inLanguage":"tr"},{"@type":"Person","@id":"https:\/\/kibrisdakik.com\/#\/schema\/person\/9cd9d437bbb44f72b73ba127e06d8e79","name":"admin","image":{"@type":"ImageObject","inLanguage":"tr","@id":"https:\/\/secure.gravatar.com\/avatar\/ccc17943b9d660506c869530f897617f7cb1c21a4bf30023f252596d83e1f007?s=96&d=mm&r=g","url":"https:\/\/secure.gravatar.com\/avatar\/ccc17943b9d660506c869530f897617f7cb1c21a4bf30023f252596d83e1f007?s=96&d=mm&r=g","contentUrl":"https:\/\/secure.gravatar.com\/avatar\/ccc17943b9d660506c869530f897617f7cb1c21a4bf30023f252596d83e1f007?s=96&d=mm&r=g","caption":"admin"},"sameAs":["https:\/\/kibrisdakik.com"],"url":"https:\/\/kibrisdakik.com\/?author=1"}]}},"_links":{"self":[{"href":"https:\/\/kibrisdakik.com\/index.php?rest_route=\/wp\/v2\/posts\/41462","targetHints":{"allow":["GET"]}}],"collection":[{"href":"https:\/\/kibrisdakik.com\/index.php?rest_route=\/wp\/v2\/posts"}],"about":[{"href":"https:\/\/kibrisdakik.com\/index.php?rest_route=\/wp\/v2\/types\/post"}],"author":[{"embeddable":true,"href":"https:\/\/kibrisdakik.com\/index.php?rest_route=\/wp\/v2\/users\/1"}],"replies":[{"embeddable":true,"href":"https:\/\/kibrisdakik.com\/index.php?rest_route=%2Fwp%2Fv2%2Fcomments&post=41462"}],"version-history":[{"count":0,"href":"https:\/\/kibrisdakik.com\/index.php?rest_route=\/wp\/v2\/posts\/41462\/revisions"}],"wp:featuredmedia":[{"embeddable":true,"href":"https:\/\/kibrisdakik.com\/index.php?rest_route=\/wp\/v2\/media\/41463"}],"wp:attachment":[{"href":"https:\/\/kibrisdakik.com\/index.php?rest_route=%2Fwp%2Fv2%2Fmedia&parent=41462"}],"wp:term":[{"taxonomy":"category","embeddable":true,"href":"https:\/\/kibrisdakik.com\/index.php?rest_route=%2Fwp%2Fv2%2Fcategories&post=41462"},{"taxonomy":"post_tag","embeddable":true,"href":"https:\/\/kibrisdakik.com\/index.php?rest_route=%2Fwp%2Fv2%2Ftags&post=41462"}],"curies":[{"name":"wp","href":"https:\/\/api.w.org\/{rel}","templated":true}]}}