{"id":41470,"date":"2024-05-13T13:55:20","date_gmt":"2024-05-13T13:55:20","guid":{"rendered":"https:\/\/kibrisdakik.com\/index.php\/2024\/05\/13\/basbakan-ustel-parlamentolar-arasi-dostluk-gruplari-heyetini-kabul-etti\/"},"modified":"2024-05-13T13:55:20","modified_gmt":"2024-05-13T13:55:20","slug":"basbakan-ustel-parlamentolar-arasi-dostluk-gruplari-heyetini-kabul-etti","status":"publish","type":"post","link":"https:\/\/kibrisdakik.com\/?p=41470","title":{"rendered":"Ba\u015fbakan \u00dcstel, parlamentolar aras\u0131 dostluk gruplar\u0131 heyetini kabul etti"},"content":{"rendered":"<p><\/p>\n<div>\n<div class=\"mariselle-image-container center\">\n                <img loading=\"lazy\" decoding=\"async\" width=\"1159\" height=\"766\" class=\"lazy-image\" alt=\"\" sizes=\"auto, (max-width: 1159px) 100vw, 1159px\" src=\"https:\/\/brtk.net\/wp-content\/uploads\/2024\/05\/13\/sasdkska.jpg?ver=bfa1be47ecd8e3779822cf6716534be2\" srcset=\"https:\/\/brtk.net\/wp-content\/uploads\/2024\/05\/13\/sasdkska.jpg?ver=bfa1be47ecd8e3779822cf6716534be2 1159w, https:\/\/brtk.net\/wp-content\/uploads\/2024\/05\/13\/sasdkska-300x198.jpg?ver=bfa1be47ecd8e3779822cf6716534be2 300w, https:\/\/brtk.net\/wp-content\/uploads\/2024\/05\/13\/sasdkska-1024x677.jpg?ver=536b3b015ca356d73d689c7a327ccc3c 1024w, https:\/\/brtk.net\/wp-content\/uploads\/2024\/05\/13\/sasdkska-768x508.jpg?ver=536b3b015ca356d73d689c7a327ccc3c 768w\"\/>                            <\/div>\n<p>Ba\u015fbakan \u00dcnal \u00dcstel, T\u00fcrkiye \u2013 Azerbaycan, T\u00fcrkiye \u2013 <a href=\"https:\/\/brtk.net\/\"\/><a href=\"https:\/\/brtk.net\/\"\/><a href=\"https:\/\/brtk.net\/\">KKTC<\/a> ve Azerbaycan \u2013 <a href=\"https:\/\/brtk.net\/\"\/><a href=\"https:\/\/brtk.net\/\"\/><a href=\"https:\/\/brtk.net\/\">KKTC<\/a> Parlamentolar Aras\u0131 Dostluk Gruplar\u0131 ve beraberlerindeki heyeti kabul etti.<\/p>\n<p><a href=\"https:\/\/brtk.net\/\"\/><a href=\"https:\/\/brtk.net\/\"\/><a href=\"https:\/\/brtk.net\/\">KKTC<\/a> -Azerbaycan  Parlamentolar Aras\u0131 Dostluk Grubu Ba\u015fkan\u0131 Cavan\u015fir Feyziyev, kabulde, ama\u00e7lar\u0131n\u0131n, ili\u015fkileri s\u0131kla\u015ft\u0131rmak, her alanda yak\u0131nla\u015fmay\u0131 sa\u011flamak oldu\u011funu kaydetti.<\/p>\n<p>Feyziyev, Azerbaycan olarak K\u0131br\u0131s T\u00fcrk halk\u0131n\u0131n yan\u0131nda olduklar\u0131n\u0131 ve aralar\u0131ndaki ba\u011flar ile deste\u011fin artaca\u011f\u0131na i\u015faret etti.  <\/p>\n<div class=\"mariselle-image-container center\">\n                <img loading=\"lazy\" decoding=\"async\" width=\"950\" height=\"600\" class=\"lazy-image\" alt=\"\" sizes=\"auto, (max-width: 950px) 100vw, 950px\" src=\"https:\/\/brtk.net\/wp-content\/uploads\/2024\/05\/13\/aslsdksakd.jpg?ver=8aaa51ebb3186644baaed148b82600fc\" srcset=\"https:\/\/brtk.net\/wp-content\/uploads\/2024\/05\/13\/aslsdksakd.jpg?ver=8aaa51ebb3186644baaed148b82600fc 950w, https:\/\/brtk.net\/wp-content\/uploads\/2024\/05\/13\/aslsdksakd-300x189.jpg?ver=fe244d7f6fdada285491e64f34683938 300w, https:\/\/brtk.net\/wp-content\/uploads\/2024\/05\/13\/aslsdksakd-768x485.jpg?ver=fe244d7f6fdada285491e64f34683938 768w\"\/>                            <\/div>\n<p>\nBa\u015fbakan \u00dcnal \u00dcstel de, heyetleri <a href=\"https:\/\/brtk.net\/\"\/><a href=\"https:\/\/brtk.net\/\"\/><a href=\"https:\/\/brtk.net\/\">KKTC<\/a>\u2019de g\u00f6rmekten b\u00fcy\u00fck memnuniyet duydu\u011funu ifade ederek, bug\u00fcn\u00fc \u201ctarihi bir g\u00fcn\u201d olarak niteledi.<\/p>\n<p>TC Cumhurba\u015fkan\u0131 Recep Tayyip Erdo\u011fan\u2019\u0131n giri\u015fimleriyle g\u00f6zlemci \u00fcye olduklar\u0131 T\u00fcrk Devletleri Te\u015fkilat\u0131 sonras\u0131 ilk ziyareti Azerbaycan\u2019a yapt\u0131klar\u0131n\u0131, Cumhurba\u015fkanlar\u0131n\u0131n g\u00f6r\u00fc\u015ft\u00fc\u011f\u00fcn\u00fc, ekonomik, k\u00fclt\u00fcrel, sosyal turizm alanlar\u0131nda i\u015fbirlikleri i\u00e7in g\u00f6r\u00fc\u015ft\u00fcklerini ve sonras\u0131nda kar\u015f\u0131l\u0131kl\u0131 ziyaretler yapt\u0131klar\u0131n\u0131 anlatan \u00dcstel, Karaba\u011f m\u00fccadelesine benzer bir m\u00fccadelenin de K\u0131br\u0131s\u2019ta verildi\u011fini kaydetti.<\/p>\n<p>\u201c\u00dc\u00e7 devlet bir millet olarak aram\u0131zdaki ba\u011flar\u0131 g\u00fc\u00e7lendirece\u011fiz\u201d diyen \u00dcstel, Milli Azerbaycan Meclisinin ald\u0131\u011f\u0131 dostluk grubu karar\u0131n\u0131n kendileri i\u00e7in bir milat ve tarihi bir karar oldu\u011funu vurgulad\u0131.<\/p>\n<p>\u00dcstel, aralar\u0131ndaki ba\u011flar\u0131 g\u00fc\u00e7lendireceklerini, k\u00fclt\u00fcrel, sosyal, turizm alan\u0131nda Azerbaycan ile ili\u015fkileri geli\u015ftirmek i\u00e7in \u00e7al\u0131\u015fmalar ve g\u00f6r\u00fc\u015fmeler yapacaklar\u0131n\u0131 ifade etti.<\/p>\n<\/p><\/div>\n<p><script async\n                    defer\n                    crossorigin=\"anonymous\"\n                    src=\"https:\/\/connect.facebook.net\/tr_TR\/sdk.js#xfbml=1&#038;version=v3.3\"\n            ><\/script><\/p>\n","protected":false},"excerpt":{"rendered":"<p>Ba\u015fbakan \u00dcnal \u00dcstel, T\u00fcrkiye \u2013 Azerbaycan, T\u00fcrkiye \u2013 KKTC ve Azerbaycan \u2013 KKTC Parlamentolar Aras\u0131 Dostluk Gruplar\u0131 ve beraberlerindeki heyeti kabul etti. KKTC -Azerbaycan Parlamentolar Aras\u0131 Dostluk Grubu Ba\u015fkan\u0131 Cavan\u015fir Feyziyev, kabulde, ama\u00e7lar\u0131n\u0131n, ili\u015fkileri s\u0131kla\u015ft\u0131rmak, her alanda yak\u0131nla\u015fmay\u0131 sa\u011flamak oldu\u011funu kaydetti. Feyziyev, Azerbaycan olarak K\u0131br\u0131s T\u00fcrk halk\u0131n\u0131n yan\u0131nda olduklar\u0131n\u0131 ve aralar\u0131ndaki ba\u011flar ile deste\u011fin artaca\u011f\u0131na<\/p>\n","protected":false},"author":1,"featured_media":41471,"comment_status":"open","ping_status":"open","sticky":false,"template":"","format":"standard","meta":{"footnotes":""},"categories":[1],"tags":[],"class_list":["post-41470","post","type-post","status-publish","format-standard","has-post-thumbnail","hentry","category-gundem"],"yoast_head":"<!-- This site is optimized with the Yoast SEO plugin v27.5 - https:\/\/yoast.com\/product\/yoast-seo-wordpress\/ -->\n<title>Ba\u015fbakan \u00dcstel, parlamentolar aras\u0131 dostluk gruplar\u0131 heyetini kabul etti -<\/title>\n<meta name=\"robots\" content=\"index, follow, max-snippet:-1, max-image-preview:large, max-video-preview:-1\" \/>\n<link rel=\"canonical\" href=\"https:\/\/kibrisdakik.com\/?p=41470\" \/>\n<meta property=\"og:locale\" content=\"tr_TR\" \/>\n<meta property=\"og:type\" content=\"article\" \/>\n<meta property=\"og:title\" content=\"Ba\u015fbakan \u00dcstel, parlamentolar aras\u0131 dostluk gruplar\u0131 heyetini kabul etti -\" \/>\n<meta property=\"og:description\" content=\"Ba\u015fbakan \u00dcnal \u00dcstel, T\u00fcrkiye \u2013 Azerbaycan, T\u00fcrkiye \u2013 KKTC ve Azerbaycan \u2013 KKTC Parlamentolar Aras\u0131 Dostluk Gruplar\u0131 ve beraberlerindeki heyeti kabul etti. KKTC -Azerbaycan Parlamentolar Aras\u0131 Dostluk Grubu Ba\u015fkan\u0131 Cavan\u015fir Feyziyev, kabulde, ama\u00e7lar\u0131n\u0131n, ili\u015fkileri s\u0131kla\u015ft\u0131rmak, her alanda yak\u0131nla\u015fmay\u0131 sa\u011flamak oldu\u011funu kaydetti. Feyziyev, Azerbaycan olarak K\u0131br\u0131s T\u00fcrk halk\u0131n\u0131n yan\u0131nda olduklar\u0131n\u0131 ve aralar\u0131ndaki ba\u011flar ile deste\u011fin artaca\u011f\u0131na\" \/>\n<meta property=\"og:url\" content=\"https:\/\/kibrisdakik.com\/?p=41470\" \/>\n<meta property=\"article:published_time\" content=\"2024-05-13T13:55:20+00:00\" \/>\n<meta property=\"og:image\" content=\"https:\/\/kibrisdakik.com\/wp-content\/uploads\/2024\/05\/aslsdksakd-740x420.jpg\" \/>\n\t<meta property=\"og:image:width\" content=\"950\" \/>\n\t<meta property=\"og:image:height\" content=\"600\" \/>\n\t<meta property=\"og:image:type\" content=\"image\/jpeg\" \/>\n<meta name=\"author\" content=\"admin\" \/>\n<meta name=\"twitter:card\" content=\"summary_large_image\" \/>\n<meta name=\"twitter:label1\" content=\"Yazan:\" \/>\n\t<meta name=\"twitter:data1\" content=\"admin\" \/>\n\t<meta name=\"twitter:label2\" content=\"Tahmini okuma s\u00fcresi\" \/>\n\t<meta name=\"twitter:data2\" content=\"1 dakika\" \/>\n<script type=\"application\/ld+json\" class=\"yoast-schema-graph\">{\"@context\":\"https:\\\/\\\/schema.org\",\"@graph\":[{\"@type\":\"Article\",\"@id\":\"https:\\\/\\\/kibrisdakik.com\\\/?p=41470#article\",\"isPartOf\":{\"@id\":\"https:\\\/\\\/kibrisdakik.com\\\/?p=41470\"},\"author\":{\"name\":\"admin\",\"@id\":\"https:\\\/\\\/kibrisdakik.com\\\/#\\\/schema\\\/person\\\/9cd9d437bbb44f72b73ba127e06d8e79\"},\"headline\":\"Ba\u015fbakan \u00dcstel, parlamentolar aras\u0131 dostluk gruplar\u0131 heyetini kabul etti\",\"datePublished\":\"2024-05-13T13:55:20+00:00\",\"mainEntityOfPage\":{\"@id\":\"https:\\\/\\\/kibrisdakik.com\\\/?p=41470\"},\"wordCount\":262,\"commentCount\":0,\"image\":{\"@id\":\"https:\\\/\\\/kibrisdakik.com\\\/?p=41470#primaryimage\"},\"thumbnailUrl\":\"https:\\\/\\\/kibrisdakik.com\\\/wp-content\\\/uploads\\\/2024\\\/05\\\/aslsdksakd-740x420.jpg\",\"articleSection\":[\"G\u00fcndem\"],\"inLanguage\":\"tr\",\"potentialAction\":[{\"@type\":\"CommentAction\",\"name\":\"Comment\",\"target\":[\"https:\\\/\\\/kibrisdakik.com\\\/?p=41470#respond\"]}]},{\"@type\":\"WebPage\",\"@id\":\"https:\\\/\\\/kibrisdakik.com\\\/?p=41470\",\"url\":\"https:\\\/\\\/kibrisdakik.com\\\/?p=41470\",\"name\":\"Ba\u015fbakan \u00dcstel, parlamentolar aras\u0131 dostluk gruplar\u0131 heyetini kabul etti -\",\"isPartOf\":{\"@id\":\"https:\\\/\\\/kibrisdakik.com\\\/#website\"},\"primaryImageOfPage\":{\"@id\":\"https:\\\/\\\/kibrisdakik.com\\\/?p=41470#primaryimage\"},\"image\":{\"@id\":\"https:\\\/\\\/kibrisdakik.com\\\/?p=41470#primaryimage\"},\"thumbnailUrl\":\"https:\\\/\\\/kibrisdakik.com\\\/wp-content\\\/uploads\\\/2024\\\/05\\\/aslsdksakd-740x420.jpg\",\"datePublished\":\"2024-05-13T13:55:20+00:00\",\"author\":{\"@id\":\"https:\\\/\\\/kibrisdakik.com\\\/#\\\/schema\\\/person\\\/9cd9d437bbb44f72b73ba127e06d8e79\"},\"breadcrumb\":{\"@id\":\"https:\\\/\\\/kibrisdakik.com\\\/?p=41470#breadcrumb\"},\"inLanguage\":\"tr\",\"potentialAction\":[{\"@type\":\"ReadAction\",\"target\":[\"https:\\\/\\\/kibrisdakik.com\\\/?p=41470\"]}]},{\"@type\":\"ImageObject\",\"inLanguage\":\"tr\",\"@id\":\"https:\\\/\\\/kibrisdakik.com\\\/?p=41470#primaryimage\",\"url\":\"https:\\\/\\\/kibrisdakik.com\\\/wp-content\\\/uploads\\\/2024\\\/05\\\/aslsdksakd-740x420.jpg\",\"contentUrl\":\"https:\\\/\\\/kibrisdakik.com\\\/wp-content\\\/uploads\\\/2024\\\/05\\\/aslsdksakd-740x420.jpg\",\"width\":950,\"height\":600},{\"@type\":\"BreadcrumbList\",\"@id\":\"https:\\\/\\\/kibrisdakik.com\\\/?p=41470#breadcrumb\",\"itemListElement\":[{\"@type\":\"ListItem\",\"position\":1,\"name\":\"Home\",\"item\":\"https:\\\/\\\/kibrisdakik.com\\\/\"},{\"@type\":\"ListItem\",\"position\":2,\"name\":\"Ba\u015fbakan \u00dcstel, parlamentolar aras\u0131 dostluk gruplar\u0131 heyetini kabul etti\"}]},{\"@type\":\"WebSite\",\"@id\":\"https:\\\/\\\/kibrisdakik.com\\\/#website\",\"url\":\"https:\\\/\\\/kibrisdakik.com\\\/\",\"name\":\"\",\"description\":\"Tam vaktinde haber\",\"potentialAction\":[{\"@type\":\"SearchAction\",\"target\":{\"@type\":\"EntryPoint\",\"urlTemplate\":\"https:\\\/\\\/kibrisdakik.com\\\/?s={search_term_string}\"},\"query-input\":{\"@type\":\"PropertyValueSpecification\",\"valueRequired\":true,\"valueName\":\"search_term_string\"}}],\"inLanguage\":\"tr\"},{\"@type\":\"Person\",\"@id\":\"https:\\\/\\\/kibrisdakik.com\\\/#\\\/schema\\\/person\\\/9cd9d437bbb44f72b73ba127e06d8e79\",\"name\":\"admin\",\"image\":{\"@type\":\"ImageObject\",\"inLanguage\":\"tr\",\"@id\":\"https:\\\/\\\/secure.gravatar.com\\\/avatar\\\/ccc17943b9d660506c869530f897617f7cb1c21a4bf30023f252596d83e1f007?s=96&d=mm&r=g\",\"url\":\"https:\\\/\\\/secure.gravatar.com\\\/avatar\\\/ccc17943b9d660506c869530f897617f7cb1c21a4bf30023f252596d83e1f007?s=96&d=mm&r=g\",\"contentUrl\":\"https:\\\/\\\/secure.gravatar.com\\\/avatar\\\/ccc17943b9d660506c869530f897617f7cb1c21a4bf30023f252596d83e1f007?s=96&d=mm&r=g\",\"caption\":\"admin\"},\"sameAs\":[\"https:\\\/\\\/kibrisdakik.com\"],\"url\":\"https:\\\/\\\/kibrisdakik.com\\\/?author=1\"}]}<\/script>\n<!-- \/ Yoast SEO plugin. -->","yoast_head_json":{"title":"Ba\u015fbakan \u00dcstel, parlamentolar aras\u0131 dostluk gruplar\u0131 heyetini kabul etti -","robots":{"index":"index","follow":"follow","max-snippet":"max-snippet:-1","max-image-preview":"max-image-preview:large","max-video-preview":"max-video-preview:-1"},"canonical":"https:\/\/kibrisdakik.com\/?p=41470","og_locale":"tr_TR","og_type":"article","og_title":"Ba\u015fbakan \u00dcstel, parlamentolar aras\u0131 dostluk gruplar\u0131 heyetini kabul etti -","og_description":"Ba\u015fbakan \u00dcnal \u00dcstel, T\u00fcrkiye \u2013 Azerbaycan, T\u00fcrkiye \u2013 KKTC ve Azerbaycan \u2013 KKTC Parlamentolar Aras\u0131 Dostluk Gruplar\u0131 ve beraberlerindeki heyeti kabul etti. KKTC -Azerbaycan Parlamentolar Aras\u0131 Dostluk Grubu Ba\u015fkan\u0131 Cavan\u015fir Feyziyev, kabulde, ama\u00e7lar\u0131n\u0131n, ili\u015fkileri s\u0131kla\u015ft\u0131rmak, her alanda yak\u0131nla\u015fmay\u0131 sa\u011flamak oldu\u011funu kaydetti. Feyziyev, Azerbaycan olarak K\u0131br\u0131s T\u00fcrk halk\u0131n\u0131n yan\u0131nda olduklar\u0131n\u0131 ve aralar\u0131ndaki ba\u011flar ile deste\u011fin artaca\u011f\u0131na","og_url":"https:\/\/kibrisdakik.com\/?p=41470","article_published_time":"2024-05-13T13:55:20+00:00","og_image":[{"width":950,"height":600,"url":"https:\/\/kibrisdakik.com\/wp-content\/uploads\/2024\/05\/aslsdksakd-740x420.jpg","type":"image\/jpeg"}],"author":"admin","twitter_card":"summary_large_image","twitter_misc":{"Yazan:":"admin","Tahmini okuma s\u00fcresi":"1 dakika"},"schema":{"@context":"https:\/\/schema.org","@graph":[{"@type":"Article","@id":"https:\/\/kibrisdakik.com\/?p=41470#article","isPartOf":{"@id":"https:\/\/kibrisdakik.com\/?p=41470"},"author":{"name":"admin","@id":"https:\/\/kibrisdakik.com\/#\/schema\/person\/9cd9d437bbb44f72b73ba127e06d8e79"},"headline":"Ba\u015fbakan \u00dcstel, parlamentolar aras\u0131 dostluk gruplar\u0131 heyetini kabul etti","datePublished":"2024-05-13T13:55:20+00:00","mainEntityOfPage":{"@id":"https:\/\/kibrisdakik.com\/?p=41470"},"wordCount":262,"commentCount":0,"image":{"@id":"https:\/\/kibrisdakik.com\/?p=41470#primaryimage"},"thumbnailUrl":"https:\/\/kibrisdakik.com\/wp-content\/uploads\/2024\/05\/aslsdksakd-740x420.jpg","articleSection":["G\u00fcndem"],"inLanguage":"tr","potentialAction":[{"@type":"CommentAction","name":"Comment","target":["https:\/\/kibrisdakik.com\/?p=41470#respond"]}]},{"@type":"WebPage","@id":"https:\/\/kibrisdakik.com\/?p=41470","url":"https:\/\/kibrisdakik.com\/?p=41470","name":"Ba\u015fbakan \u00dcstel, parlamentolar aras\u0131 dostluk gruplar\u0131 heyetini kabul etti -","isPartOf":{"@id":"https:\/\/kibrisdakik.com\/#website"},"primaryImageOfPage":{"@id":"https:\/\/kibrisdakik.com\/?p=41470#primaryimage"},"image":{"@id":"https:\/\/kibrisdakik.com\/?p=41470#primaryimage"},"thumbnailUrl":"https:\/\/kibrisdakik.com\/wp-content\/uploads\/2024\/05\/aslsdksakd-740x420.jpg","datePublished":"2024-05-13T13:55:20+00:00","author":{"@id":"https:\/\/kibrisdakik.com\/#\/schema\/person\/9cd9d437bbb44f72b73ba127e06d8e79"},"breadcrumb":{"@id":"https:\/\/kibrisdakik.com\/?p=41470#breadcrumb"},"inLanguage":"tr","potentialAction":[{"@type":"ReadAction","target":["https:\/\/kibrisdakik.com\/?p=41470"]}]},{"@type":"ImageObject","inLanguage":"tr","@id":"https:\/\/kibrisdakik.com\/?p=41470#primaryimage","url":"https:\/\/kibrisdakik.com\/wp-content\/uploads\/2024\/05\/aslsdksakd-740x420.jpg","contentUrl":"https:\/\/kibrisdakik.com\/wp-content\/uploads\/2024\/05\/aslsdksakd-740x420.jpg","width":950,"height":600},{"@type":"BreadcrumbList","@id":"https:\/\/kibrisdakik.com\/?p=41470#breadcrumb","itemListElement":[{"@type":"ListItem","position":1,"name":"Home","item":"https:\/\/kibrisdakik.com\/"},{"@type":"ListItem","position":2,"name":"Ba\u015fbakan \u00dcstel, parlamentolar aras\u0131 dostluk gruplar\u0131 heyetini kabul etti"}]},{"@type":"WebSite","@id":"https:\/\/kibrisdakik.com\/#website","url":"https:\/\/kibrisdakik.com\/","name":"","description":"Tam vaktinde haber","potentialAction":[{"@type":"SearchAction","target":{"@type":"EntryPoint","urlTemplate":"https:\/\/kibrisdakik.com\/?s={search_term_string}"},"query-input":{"@type":"PropertyValueSpecification","valueRequired":true,"valueName":"search_term_string"}}],"inLanguage":"tr"},{"@type":"Person","@id":"https:\/\/kibrisdakik.com\/#\/schema\/person\/9cd9d437bbb44f72b73ba127e06d8e79","name":"admin","image":{"@type":"ImageObject","inLanguage":"tr","@id":"https:\/\/secure.gravatar.com\/avatar\/ccc17943b9d660506c869530f897617f7cb1c21a4bf30023f252596d83e1f007?s=96&d=mm&r=g","url":"https:\/\/secure.gravatar.com\/avatar\/ccc17943b9d660506c869530f897617f7cb1c21a4bf30023f252596d83e1f007?s=96&d=mm&r=g","contentUrl":"https:\/\/secure.gravatar.com\/avatar\/ccc17943b9d660506c869530f897617f7cb1c21a4bf30023f252596d83e1f007?s=96&d=mm&r=g","caption":"admin"},"sameAs":["https:\/\/kibrisdakik.com"],"url":"https:\/\/kibrisdakik.com\/?author=1"}]}},"_links":{"self":[{"href":"https:\/\/kibrisdakik.com\/index.php?rest_route=\/wp\/v2\/posts\/41470","targetHints":{"allow":["GET"]}}],"collection":[{"href":"https:\/\/kibrisdakik.com\/index.php?rest_route=\/wp\/v2\/posts"}],"about":[{"href":"https:\/\/kibrisdakik.com\/index.php?rest_route=\/wp\/v2\/types\/post"}],"author":[{"embeddable":true,"href":"https:\/\/kibrisdakik.com\/index.php?rest_route=\/wp\/v2\/users\/1"}],"replies":[{"embeddable":true,"href":"https:\/\/kibrisdakik.com\/index.php?rest_route=%2Fwp%2Fv2%2Fcomments&post=41470"}],"version-history":[{"count":0,"href":"https:\/\/kibrisdakik.com\/index.php?rest_route=\/wp\/v2\/posts\/41470\/revisions"}],"wp:featuredmedia":[{"embeddable":true,"href":"https:\/\/kibrisdakik.com\/index.php?rest_route=\/wp\/v2\/media\/41471"}],"wp:attachment":[{"href":"https:\/\/kibrisdakik.com\/index.php?rest_route=%2Fwp%2Fv2%2Fmedia&parent=41470"}],"wp:term":[{"taxonomy":"category","embeddable":true,"href":"https:\/\/kibrisdakik.com\/index.php?rest_route=%2Fwp%2Fv2%2Fcategories&post=41470"},{"taxonomy":"post_tag","embeddable":true,"href":"https:\/\/kibrisdakik.com\/index.php?rest_route=%2Fwp%2Fv2%2Ftags&post=41470"}],"curies":[{"name":"wp","href":"https:\/\/api.w.org\/{rel}","templated":true}]}}