{"id":41478,"date":"2024-05-13T14:48:30","date_gmt":"2024-05-13T14:48:30","guid":{"rendered":"https:\/\/kibrisdakik.com\/index.php\/2024\/05\/13\/yildirim-yangina-neden-oldu-51-donumluk-arazideki-bicilmemis-ekin-yandi-2\/"},"modified":"2024-05-13T14:48:30","modified_gmt":"2024-05-13T14:48:30","slug":"yildirim-yangina-neden-oldu-51-donumluk-arazideki-bicilmemis-ekin-yandi-2","status":"publish","type":"post","link":"https:\/\/kibrisdakik.com\/?p=41478","title":{"rendered":"Y\u0131ld\u0131r\u0131m yang\u0131na neden oldu\u2026 51 d\u00f6n\u00fcml\u00fck arazideki bi\u00e7ilmemi\u015f ekin yand\u0131"},"content":{"rendered":"<p><\/p>\n<div>\n<div class=\"mariselle-image-container center\">\n                <img loading=\"lazy\" decoding=\"async\" width=\"275\" height=\"183\" class=\"lazy-image\" alt=\"\" src=\"https:\/\/brtk.net\/wp-content\/uploads\/2024\/05\/13\/images81.jpg?ver=3cb13fdd09452c01e132ca2106bce5d9\"\/>                            <\/div>\n<p>Ge\u00e7itkale Havaliman\u0131\u2019n\u0131n g\u00fcney k\u0131sm\u0131ndaki arazide d\u00fcn 16.00 saatlerinde yang\u0131n \u00e7\u0131kt\u0131. Polis Bas\u0131n B\u00fclteni\u2019nde yang\u0131n\u0131n muhtemelen y\u0131ld\u0131r\u0131m d\u00fc\u015fmesi sonucu meydana geldi\u011fi kaydedildi. \u0130tfaiye ekipleri taraf\u0131ndan s\u00f6nd\u00fcr\u00fclen yang\u0131n nedeniyle 51 d\u00f6n\u00fcml\u00fck arazideki bi\u00e7ilmemi\u015f ekin yand\u0131.<\/p>\n<p>-Mangaldan u\u00e7an k\u00f6z, damdaki \u015filte ve koltuklar\u0131 yakt\u0131<\/p>\n<p>Lefko\u015fa\u2019da d\u00fcn 18.30 s\u0131ralar\u0131nda bir apartman dairesinin dam\u0131nda, muhtemelen s\u00f6nmemi\u015f \u015fekilde b\u0131rak\u0131lan mangaldan u\u00e7an k\u00f6z\u00fcn damda bulunan \u015filte ve koltuklar\u0131n \u00fczerine at\u0131lmas\u0131yla yang\u0131n \u00e7\u0131kt\u0131.<\/p>\n<p>Yang\u0131n itfaiye ekipleri taraf\u0131ndan s\u00f6nd\u00fcr\u00fcld\u00fc. Yang\u0131nda \u015filte ve koltuk yan\u0131nda, 2 su deposu g\u00fcne\u015fli\u011fi, muhtelif e\u015fyalar, su borular\u0131 ve kablolar yand\u0131.<\/p>\n<p>-Mangal k\u00f6z\u00fc Girne\u2019de de yang\u0131na neden oldu<\/p>\n<p>Girne\u2019de d\u00fcn 19.00 s\u0131ralar\u0131nda ya\u015fanan ba\u015fka bir olayda ise, balkonda yak\u0131lan mangaldan at\u0131lan k\u0131v\u0131lc\u0131mlar\u0131n bah\u00e7edeki kuru ot ve tahtalar\u0131n \u00fczerine d\u00fc\u015fmesi sonucu yang\u0131n \u00e7\u0131kt\u0131. Yang\u0131n itfaiye ekipleri taraf\u0131ndan s\u00f6nd\u00fcr\u00fcl\u00fcrken, evin depo olarak kullan\u0131lan b\u00f6l\u00fcm\u00fcnde muhafaza edilen 3 kanepe, al\u00fcminyum panjur, 2 ah\u015fap pencere, 2 ah\u015fap korni\u015f ve muhtelif beyaz e\u015fya ile ev aletleri yand\u0131.<\/p>\n<p>-Park halindeki iki ara\u00e7 yand\u0131<\/p>\n<p>Lefko\u015fa\u2019da  02.00 s\u0131ralar\u0131nda, bir apartman\u0131n \u00f6n\u00fcnde park halinde duran Mehmet Altun\u00e7ay\u2019a ait ara\u00e7, muhtemelen motor b\u00f6l\u00fcm\u00fcndeki elektrik aksamlar\u0131n\u0131n k\u0131sa devre yapmas\u0131 sonucu yand\u0131. Yang\u0131n itfaiye ekipleri taraf\u0131ndan s\u00f6nd\u00fcr\u00fcld\u00fc.<\/p>\n<p>Yine bu sabaha kar\u015f\u0131 Lefko\u015fa\u2019da park halinde bulunan bir di\u011fer ara\u00e7ta da yang\u0131n \u00e7\u0131kt\u0131. Yang\u0131n b\u00f6lge sakinleri taraf\u0131ndan s\u00f6nd\u00fcr\u00fcld\u00fc.<\/p>\n<\/p><\/div>\n<p><script async\n                    defer\n                    crossorigin=\"anonymous\"\n                    src=\"https:\/\/connect.facebook.net\/tr_TR\/sdk.js#xfbml=1&#038;version=v3.3\"\n            ><\/script><\/p>\n","protected":false},"excerpt":{"rendered":"<p>Ge\u00e7itkale Havaliman\u0131\u2019n\u0131n g\u00fcney k\u0131sm\u0131ndaki arazide d\u00fcn 16.00 saatlerinde yang\u0131n \u00e7\u0131kt\u0131. Polis Bas\u0131n B\u00fclteni\u2019nde yang\u0131n\u0131n muhtemelen y\u0131ld\u0131r\u0131m d\u00fc\u015fmesi sonucu meydana geldi\u011fi kaydedildi. \u0130tfaiye ekipleri taraf\u0131ndan s\u00f6nd\u00fcr\u00fclen yang\u0131n nedeniyle 51 d\u00f6n\u00fcml\u00fck arazideki bi\u00e7ilmemi\u015f ekin yand\u0131. -Mangaldan u\u00e7an k\u00f6z, damdaki \u015filte ve koltuklar\u0131 yakt\u0131 Lefko\u015fa\u2019da d\u00fcn 18.30 s\u0131ralar\u0131nda bir apartman dairesinin dam\u0131nda, muhtemelen s\u00f6nmemi\u015f \u015fekilde b\u0131rak\u0131lan mangaldan u\u00e7an<\/p>\n","protected":false},"author":1,"featured_media":41479,"comment_status":"open","ping_status":"open","sticky":false,"template":"","format":"standard","meta":{"footnotes":""},"categories":[1],"tags":[],"class_list":["post-41478","post","type-post","status-publish","format-standard","has-post-thumbnail","hentry","category-gundem"],"yoast_head":"<!-- This site is optimized with the Yoast SEO plugin v27.4 - https:\/\/yoast.com\/product\/yoast-seo-wordpress\/ -->\n<title>Y\u0131ld\u0131r\u0131m yang\u0131na neden oldu\u2026 51 d\u00f6n\u00fcml\u00fck arazideki bi\u00e7ilmemi\u015f ekin yand\u0131 -<\/title>\n<meta name=\"robots\" content=\"index, follow, max-snippet:-1, max-image-preview:large, max-video-preview:-1\" \/>\n<link rel=\"canonical\" href=\"https:\/\/kibrisdakik.com\/?p=41478\" \/>\n<meta property=\"og:locale\" content=\"tr_TR\" \/>\n<meta property=\"og:type\" content=\"article\" \/>\n<meta property=\"og:title\" content=\"Y\u0131ld\u0131r\u0131m yang\u0131na neden oldu\u2026 51 d\u00f6n\u00fcml\u00fck arazideki bi\u00e7ilmemi\u015f ekin yand\u0131 -\" \/>\n<meta property=\"og:description\" content=\"Ge\u00e7itkale Havaliman\u0131\u2019n\u0131n g\u00fcney k\u0131sm\u0131ndaki arazide d\u00fcn 16.00 saatlerinde yang\u0131n \u00e7\u0131kt\u0131. Polis Bas\u0131n B\u00fclteni\u2019nde yang\u0131n\u0131n muhtemelen y\u0131ld\u0131r\u0131m d\u00fc\u015fmesi sonucu meydana geldi\u011fi kaydedildi. \u0130tfaiye ekipleri taraf\u0131ndan s\u00f6nd\u00fcr\u00fclen yang\u0131n nedeniyle 51 d\u00f6n\u00fcml\u00fck arazideki bi\u00e7ilmemi\u015f ekin yand\u0131. -Mangaldan u\u00e7an k\u00f6z, damdaki \u015filte ve koltuklar\u0131 yakt\u0131 Lefko\u015fa\u2019da d\u00fcn 18.30 s\u0131ralar\u0131nda bir apartman dairesinin dam\u0131nda, muhtemelen s\u00f6nmemi\u015f \u015fekilde b\u0131rak\u0131lan mangaldan u\u00e7an\" \/>\n<meta property=\"og:url\" content=\"https:\/\/kibrisdakik.com\/?p=41478\" \/>\n<meta property=\"article:published_time\" content=\"2024-05-13T14:48:30+00:00\" \/>\n<meta property=\"og:image\" content=\"https:\/\/kibrisdakik.com\/wp-content\/uploads\/2024\/05\/images81.jpg\" \/>\n\t<meta property=\"og:image:width\" content=\"275\" \/>\n\t<meta property=\"og:image:height\" content=\"183\" \/>\n\t<meta property=\"og:image:type\" content=\"image\/jpeg\" \/>\n<meta name=\"author\" content=\"admin\" \/>\n<meta name=\"twitter:card\" content=\"summary_large_image\" \/>\n<meta name=\"twitter:label1\" content=\"Yazan:\" \/>\n\t<meta name=\"twitter:data1\" content=\"admin\" \/>\n\t<meta name=\"twitter:label2\" content=\"Tahmini okuma s\u00fcresi\" \/>\n\t<meta name=\"twitter:data2\" content=\"2 dakika\" \/>\n<script type=\"application\/ld+json\" class=\"yoast-schema-graph\">{\"@context\":\"https:\\\/\\\/schema.org\",\"@graph\":[{\"@type\":\"Article\",\"@id\":\"https:\\\/\\\/kibrisdakik.com\\\/?p=41478#article\",\"isPartOf\":{\"@id\":\"https:\\\/\\\/kibrisdakik.com\\\/?p=41478\"},\"author\":{\"name\":\"admin\",\"@id\":\"https:\\\/\\\/kibrisdakik.com\\\/#\\\/schema\\\/person\\\/9cd9d437bbb44f72b73ba127e06d8e79\"},\"headline\":\"Y\u0131ld\u0131r\u0131m yang\u0131na neden oldu\u2026 51 d\u00f6n\u00fcml\u00fck arazideki bi\u00e7ilmemi\u015f ekin yand\u0131\",\"datePublished\":\"2024-05-13T14:48:30+00:00\",\"mainEntityOfPage\":{\"@id\":\"https:\\\/\\\/kibrisdakik.com\\\/?p=41478\"},\"wordCount\":326,\"commentCount\":0,\"image\":{\"@id\":\"https:\\\/\\\/kibrisdakik.com\\\/?p=41478#primaryimage\"},\"thumbnailUrl\":\"https:\\\/\\\/kibrisdakik.com\\\/wp-content\\\/uploads\\\/2024\\\/05\\\/images81.jpg\",\"articleSection\":[\"G\u00fcndem\"],\"inLanguage\":\"tr\",\"potentialAction\":[{\"@type\":\"CommentAction\",\"name\":\"Comment\",\"target\":[\"https:\\\/\\\/kibrisdakik.com\\\/?p=41478#respond\"]}]},{\"@type\":\"WebPage\",\"@id\":\"https:\\\/\\\/kibrisdakik.com\\\/?p=41478\",\"url\":\"https:\\\/\\\/kibrisdakik.com\\\/?p=41478\",\"name\":\"Y\u0131ld\u0131r\u0131m yang\u0131na neden oldu\u2026 51 d\u00f6n\u00fcml\u00fck arazideki bi\u00e7ilmemi\u015f ekin yand\u0131 -\",\"isPartOf\":{\"@id\":\"https:\\\/\\\/kibrisdakik.com\\\/#website\"},\"primaryImageOfPage\":{\"@id\":\"https:\\\/\\\/kibrisdakik.com\\\/?p=41478#primaryimage\"},\"image\":{\"@id\":\"https:\\\/\\\/kibrisdakik.com\\\/?p=41478#primaryimage\"},\"thumbnailUrl\":\"https:\\\/\\\/kibrisdakik.com\\\/wp-content\\\/uploads\\\/2024\\\/05\\\/images81.jpg\",\"datePublished\":\"2024-05-13T14:48:30+00:00\",\"author\":{\"@id\":\"https:\\\/\\\/kibrisdakik.com\\\/#\\\/schema\\\/person\\\/9cd9d437bbb44f72b73ba127e06d8e79\"},\"breadcrumb\":{\"@id\":\"https:\\\/\\\/kibrisdakik.com\\\/?p=41478#breadcrumb\"},\"inLanguage\":\"tr\",\"potentialAction\":[{\"@type\":\"ReadAction\",\"target\":[\"https:\\\/\\\/kibrisdakik.com\\\/?p=41478\"]}]},{\"@type\":\"ImageObject\",\"inLanguage\":\"tr\",\"@id\":\"https:\\\/\\\/kibrisdakik.com\\\/?p=41478#primaryimage\",\"url\":\"https:\\\/\\\/kibrisdakik.com\\\/wp-content\\\/uploads\\\/2024\\\/05\\\/images81.jpg\",\"contentUrl\":\"https:\\\/\\\/kibrisdakik.com\\\/wp-content\\\/uploads\\\/2024\\\/05\\\/images81.jpg\",\"width\":275,\"height\":183},{\"@type\":\"BreadcrumbList\",\"@id\":\"https:\\\/\\\/kibrisdakik.com\\\/?p=41478#breadcrumb\",\"itemListElement\":[{\"@type\":\"ListItem\",\"position\":1,\"name\":\"Home\",\"item\":\"https:\\\/\\\/kibrisdakik.com\\\/\"},{\"@type\":\"ListItem\",\"position\":2,\"name\":\"Y\u0131ld\u0131r\u0131m yang\u0131na neden oldu\u2026 51 d\u00f6n\u00fcml\u00fck arazideki bi\u00e7ilmemi\u015f ekin yand\u0131\"}]},{\"@type\":\"WebSite\",\"@id\":\"https:\\\/\\\/kibrisdakik.com\\\/#website\",\"url\":\"https:\\\/\\\/kibrisdakik.com\\\/\",\"name\":\"\",\"description\":\"Tam vaktinde haber\",\"potentialAction\":[{\"@type\":\"SearchAction\",\"target\":{\"@type\":\"EntryPoint\",\"urlTemplate\":\"https:\\\/\\\/kibrisdakik.com\\\/?s={search_term_string}\"},\"query-input\":{\"@type\":\"PropertyValueSpecification\",\"valueRequired\":true,\"valueName\":\"search_term_string\"}}],\"inLanguage\":\"tr\"},{\"@type\":\"Person\",\"@id\":\"https:\\\/\\\/kibrisdakik.com\\\/#\\\/schema\\\/person\\\/9cd9d437bbb44f72b73ba127e06d8e79\",\"name\":\"admin\",\"image\":{\"@type\":\"ImageObject\",\"inLanguage\":\"tr\",\"@id\":\"https:\\\/\\\/secure.gravatar.com\\\/avatar\\\/ccc17943b9d660506c869530f897617f7cb1c21a4bf30023f252596d83e1f007?s=96&d=mm&r=g\",\"url\":\"https:\\\/\\\/secure.gravatar.com\\\/avatar\\\/ccc17943b9d660506c869530f897617f7cb1c21a4bf30023f252596d83e1f007?s=96&d=mm&r=g\",\"contentUrl\":\"https:\\\/\\\/secure.gravatar.com\\\/avatar\\\/ccc17943b9d660506c869530f897617f7cb1c21a4bf30023f252596d83e1f007?s=96&d=mm&r=g\",\"caption\":\"admin\"},\"sameAs\":[\"https:\\\/\\\/kibrisdakik.com\"],\"url\":\"https:\\\/\\\/kibrisdakik.com\\\/?author=1\"}]}<\/script>\n<!-- \/ Yoast SEO plugin. -->","yoast_head_json":{"title":"Y\u0131ld\u0131r\u0131m yang\u0131na neden oldu\u2026 51 d\u00f6n\u00fcml\u00fck arazideki bi\u00e7ilmemi\u015f ekin yand\u0131 -","robots":{"index":"index","follow":"follow","max-snippet":"max-snippet:-1","max-image-preview":"max-image-preview:large","max-video-preview":"max-video-preview:-1"},"canonical":"https:\/\/kibrisdakik.com\/?p=41478","og_locale":"tr_TR","og_type":"article","og_title":"Y\u0131ld\u0131r\u0131m yang\u0131na neden oldu\u2026 51 d\u00f6n\u00fcml\u00fck arazideki bi\u00e7ilmemi\u015f ekin yand\u0131 -","og_description":"Ge\u00e7itkale Havaliman\u0131\u2019n\u0131n g\u00fcney k\u0131sm\u0131ndaki arazide d\u00fcn 16.00 saatlerinde yang\u0131n \u00e7\u0131kt\u0131. Polis Bas\u0131n B\u00fclteni\u2019nde yang\u0131n\u0131n muhtemelen y\u0131ld\u0131r\u0131m d\u00fc\u015fmesi sonucu meydana geldi\u011fi kaydedildi. \u0130tfaiye ekipleri taraf\u0131ndan s\u00f6nd\u00fcr\u00fclen yang\u0131n nedeniyle 51 d\u00f6n\u00fcml\u00fck arazideki bi\u00e7ilmemi\u015f ekin yand\u0131. -Mangaldan u\u00e7an k\u00f6z, damdaki \u015filte ve koltuklar\u0131 yakt\u0131 Lefko\u015fa\u2019da d\u00fcn 18.30 s\u0131ralar\u0131nda bir apartman dairesinin dam\u0131nda, muhtemelen s\u00f6nmemi\u015f \u015fekilde b\u0131rak\u0131lan mangaldan u\u00e7an","og_url":"https:\/\/kibrisdakik.com\/?p=41478","article_published_time":"2024-05-13T14:48:30+00:00","og_image":[{"width":275,"height":183,"url":"https:\/\/kibrisdakik.com\/wp-content\/uploads\/2024\/05\/images81.jpg","type":"image\/jpeg"}],"author":"admin","twitter_card":"summary_large_image","twitter_misc":{"Yazan:":"admin","Tahmini okuma s\u00fcresi":"2 dakika"},"schema":{"@context":"https:\/\/schema.org","@graph":[{"@type":"Article","@id":"https:\/\/kibrisdakik.com\/?p=41478#article","isPartOf":{"@id":"https:\/\/kibrisdakik.com\/?p=41478"},"author":{"name":"admin","@id":"https:\/\/kibrisdakik.com\/#\/schema\/person\/9cd9d437bbb44f72b73ba127e06d8e79"},"headline":"Y\u0131ld\u0131r\u0131m yang\u0131na neden oldu\u2026 51 d\u00f6n\u00fcml\u00fck arazideki bi\u00e7ilmemi\u015f ekin yand\u0131","datePublished":"2024-05-13T14:48:30+00:00","mainEntityOfPage":{"@id":"https:\/\/kibrisdakik.com\/?p=41478"},"wordCount":326,"commentCount":0,"image":{"@id":"https:\/\/kibrisdakik.com\/?p=41478#primaryimage"},"thumbnailUrl":"https:\/\/kibrisdakik.com\/wp-content\/uploads\/2024\/05\/images81.jpg","articleSection":["G\u00fcndem"],"inLanguage":"tr","potentialAction":[{"@type":"CommentAction","name":"Comment","target":["https:\/\/kibrisdakik.com\/?p=41478#respond"]}]},{"@type":"WebPage","@id":"https:\/\/kibrisdakik.com\/?p=41478","url":"https:\/\/kibrisdakik.com\/?p=41478","name":"Y\u0131ld\u0131r\u0131m yang\u0131na neden oldu\u2026 51 d\u00f6n\u00fcml\u00fck arazideki bi\u00e7ilmemi\u015f ekin yand\u0131 -","isPartOf":{"@id":"https:\/\/kibrisdakik.com\/#website"},"primaryImageOfPage":{"@id":"https:\/\/kibrisdakik.com\/?p=41478#primaryimage"},"image":{"@id":"https:\/\/kibrisdakik.com\/?p=41478#primaryimage"},"thumbnailUrl":"https:\/\/kibrisdakik.com\/wp-content\/uploads\/2024\/05\/images81.jpg","datePublished":"2024-05-13T14:48:30+00:00","author":{"@id":"https:\/\/kibrisdakik.com\/#\/schema\/person\/9cd9d437bbb44f72b73ba127e06d8e79"},"breadcrumb":{"@id":"https:\/\/kibrisdakik.com\/?p=41478#breadcrumb"},"inLanguage":"tr","potentialAction":[{"@type":"ReadAction","target":["https:\/\/kibrisdakik.com\/?p=41478"]}]},{"@type":"ImageObject","inLanguage":"tr","@id":"https:\/\/kibrisdakik.com\/?p=41478#primaryimage","url":"https:\/\/kibrisdakik.com\/wp-content\/uploads\/2024\/05\/images81.jpg","contentUrl":"https:\/\/kibrisdakik.com\/wp-content\/uploads\/2024\/05\/images81.jpg","width":275,"height":183},{"@type":"BreadcrumbList","@id":"https:\/\/kibrisdakik.com\/?p=41478#breadcrumb","itemListElement":[{"@type":"ListItem","position":1,"name":"Home","item":"https:\/\/kibrisdakik.com\/"},{"@type":"ListItem","position":2,"name":"Y\u0131ld\u0131r\u0131m yang\u0131na neden oldu\u2026 51 d\u00f6n\u00fcml\u00fck arazideki bi\u00e7ilmemi\u015f ekin yand\u0131"}]},{"@type":"WebSite","@id":"https:\/\/kibrisdakik.com\/#website","url":"https:\/\/kibrisdakik.com\/","name":"","description":"Tam vaktinde haber","potentialAction":[{"@type":"SearchAction","target":{"@type":"EntryPoint","urlTemplate":"https:\/\/kibrisdakik.com\/?s={search_term_string}"},"query-input":{"@type":"PropertyValueSpecification","valueRequired":true,"valueName":"search_term_string"}}],"inLanguage":"tr"},{"@type":"Person","@id":"https:\/\/kibrisdakik.com\/#\/schema\/person\/9cd9d437bbb44f72b73ba127e06d8e79","name":"admin","image":{"@type":"ImageObject","inLanguage":"tr","@id":"https:\/\/secure.gravatar.com\/avatar\/ccc17943b9d660506c869530f897617f7cb1c21a4bf30023f252596d83e1f007?s=96&d=mm&r=g","url":"https:\/\/secure.gravatar.com\/avatar\/ccc17943b9d660506c869530f897617f7cb1c21a4bf30023f252596d83e1f007?s=96&d=mm&r=g","contentUrl":"https:\/\/secure.gravatar.com\/avatar\/ccc17943b9d660506c869530f897617f7cb1c21a4bf30023f252596d83e1f007?s=96&d=mm&r=g","caption":"admin"},"sameAs":["https:\/\/kibrisdakik.com"],"url":"https:\/\/kibrisdakik.com\/?author=1"}]}},"_links":{"self":[{"href":"https:\/\/kibrisdakik.com\/index.php?rest_route=\/wp\/v2\/posts\/41478","targetHints":{"allow":["GET"]}}],"collection":[{"href":"https:\/\/kibrisdakik.com\/index.php?rest_route=\/wp\/v2\/posts"}],"about":[{"href":"https:\/\/kibrisdakik.com\/index.php?rest_route=\/wp\/v2\/types\/post"}],"author":[{"embeddable":true,"href":"https:\/\/kibrisdakik.com\/index.php?rest_route=\/wp\/v2\/users\/1"}],"replies":[{"embeddable":true,"href":"https:\/\/kibrisdakik.com\/index.php?rest_route=%2Fwp%2Fv2%2Fcomments&post=41478"}],"version-history":[{"count":0,"href":"https:\/\/kibrisdakik.com\/index.php?rest_route=\/wp\/v2\/posts\/41478\/revisions"}],"wp:featuredmedia":[{"embeddable":true,"href":"https:\/\/kibrisdakik.com\/index.php?rest_route=\/wp\/v2\/media\/41479"}],"wp:attachment":[{"href":"https:\/\/kibrisdakik.com\/index.php?rest_route=%2Fwp%2Fv2%2Fmedia&parent=41478"}],"wp:term":[{"taxonomy":"category","embeddable":true,"href":"https:\/\/kibrisdakik.com\/index.php?rest_route=%2Fwp%2Fv2%2Fcategories&post=41478"},{"taxonomy":"post_tag","embeddable":true,"href":"https:\/\/kibrisdakik.com\/index.php?rest_route=%2Fwp%2Fv2%2Ftags&post=41478"}],"curies":[{"name":"wp","href":"https:\/\/api.w.org\/{rel}","templated":true}]}}